{"id":43175,"date":"2020-06-13T11:18:35","date_gmt":"2020-06-13T14:18:35","guid":{"rendered":"http:\/\/www.noticiasradioreflejos.com.ar\/noticias\/?p=43175"},"modified":"2020-06-13T11:18:35","modified_gmt":"2020-06-13T14:18:35","slug":"soledad-davis-y-nico-mendez-se-suman-en-mi-vida-en-cuarentena","status":"publish","type":"post","link":"https:\/\/www.noticiasradioreflejos.com.ar\/2021\/soledad-davis-y-nico-mendez-se-suman-en-mi-vida-en-cuarentena\/","title":{"rendered":"Soledad Davis y Nico M\u00e9ndez se suman en \u201cMi Vida en Cuarentena\u201d."},"content":{"rendered":"<p>Del distrito de Tornquist han sido seleccionados 4 personas en el concurso \u201cMi Vida en Cuarentena\u201d.<\/p>\n<p><strong>Davis Gabriela Soledad<\/strong> de Saldungaray en Artes Esc\u00e9nicas\u00a0 y <strong>Pablo Nicol\u00e1s M\u00e9ndez<\/strong> en M\u00fasica con su Banda \u00abMedia Pinta Rock\u00bb acompa\u00f1an en la lista de seccionados, a las artistas\u00a0Antonela Pelorosso y Micaela Labrador que publicamos en nota anterior.<!--more--><\/p>\n<p>Soledad Davis, directora de baile de la<strong> Pe\u00f1a \u00abHuinca Malal\u00bb del Club Porte\u00f1o de Saldungaray<\/strong> es otro de los seleccionados del Distrito de Tornquist en el concurso provincial.<\/p>\n<p>A su vez, Nicol\u00e1s M\u00e9ndez de la ciudad de Tornquist obtuvo su contra prestaci\u00f3n en m\u00fasica junto a su banda \u00abMedia Pinta Rock\u00bb, integrada por:<\/p>\n<p><strong>Javier Di Clemente (arm\u00f3nica y voz)<\/strong><br \/>\n<strong>Willy Blanco (Guitarra electrica)<\/strong><br \/>\n<strong>Juan Vigil (Guitarra Ac\u00fastica) <\/strong><br \/>\n<strong>Nicol\u00e1s M\u00e9ndez (Bajo y coros)<\/strong><br \/>\n<strong>Mat\u00edas Chuliver (Teclado y coros)<\/strong><br \/>\n<strong>Mart\u00edn Rosatelli (Bateria y Coros)<\/strong><br \/>\n<strong>Vanesa M\u00e9ndez (Coros)<\/strong><\/p>\n<p><strong>Media Pinta Rock<\/strong><br \/>\nFacebook: Media Pinta Rock<br \/>\nInstagram: <a href=\"https:\/\/www.instagram.com\/mediapintarock\/?fbclid=IwAR2grpiJXHf6B3_Y4iM_VbNyI4R0Conra7vPknDjMm5BI2INE3ptJ5QxcHg\" target=\"_blank\" rel=\"nofollow noopener\" data-lynx-mode=\"hover\" data-lynx-uri=\"https:\/\/l.facebook.com\/l.php?u=https%3A%2F%2Fwww.instagram.com%2Fmediapintarock%2F%3Ffbclid%3DIwAR2grpiJXHf6B3_Y4iM_VbNyI4R0Conra7vPknDjMm5BI2INE3ptJ5QxcHg&amp;h=AT3FmPW1yvqJvwnjmWVcz2AaWezb2e13bsDx8CtTTa2srgSD0Cnu0Ft2K08bOpXJ6nicvUWq7wzG1TtVrNG0Pef-WKnKs_6iwp3kkYKAtFg7VlVEF4zz3-Y66ib88KU67g\">https:\/\/www.instagram.com\/mediapintarock\/<\/a>.<\/p>\n<p>De Esta manera suman 4 los seleccionados Micaela Labrador de Villa Ventana, Antonela Pelorosso de Sierra de la Ventana, Soledad Davis de Saldungaray y Nicol\u00e1s M\u00e9ndez de Tornquist.<\/p>\n<p><strong>Video Presentaci\u00f3n de Soledad Davis.<\/strong><br \/>\n<iframe loading=\"lazy\" src=\"https:\/\/www.youtube.com\/embed\/pNew7qEmSRo\" width=\"560\" height=\"315\" frameborder=\"0\" allowfullscreen=\"allowfullscreen\"><\/iframe><\/p>\n<p><iframe loading=\"lazy\" src=\"https:\/\/www.youtube.com\/embed\/8-r8BL7dN3w\" width=\"560\" height=\"315\" frameborder=\"0\" allowfullscreen=\"allowfullscreen\"><\/iframe><\/p>\n<p><strong>Videos de Nico M\u00e9ndez y Media Pinta Rock<\/strong><br \/>\n<iframe loading=\"lazy\" src=\"https:\/\/www.youtube.com\/embed\/n0h0DmRbFcc\" width=\"560\" height=\"315\" frameborder=\"0\" allowfullscreen=\"allowfullscreen\"><\/iframe><\/p>\n<p><iframe loading=\"lazy\" width=\"560\" height=\"315\" src=\"https:\/\/www.youtube.com\/embed\/wMww8U1acGM\" frameborder=\"0\" allow=\"accelerometer; autoplay; encrypted-media; gyroscope; picture-in-picture\" allowfullscreen><\/iframe><\/p>\n","protected":false},"excerpt":{"rendered":"<p>Del distrito de Tornquist han sido seleccionados 4 personas en el concurso \u201cMi Vida en Cuarentena\u201d. Davis Gabriela Soledad de Saldungaray en Artes Esc\u00e9nicas\u00a0 y Pablo Nicol\u00e1s M\u00e9ndez en M\u00fasica con su Banda \u00abMedia Pinta Rock\u00bb acompa\u00f1an en la lista de seccionados, a las artistas\u00a0Antonela Pelorosso y Micaela Labrador que publicamos en nota anterior.<\/p>\n","protected":false},"author":3,"featured_media":0,"comment_status":"closed","ping_status":"open","sticky":false,"template":"","format":"standard","meta":{"footnotes":""},"categories":[35],"tags":[],"class_list":["post-43175","post","type-post","status-publish","format-standard","hentry","category-cultura"],"yoast_head":"<!-- This site is optimized with the Yoast SEO plugin v25.9 - https:\/\/yoast.com\/wordpress\/plugins\/seo\/ -->\n<title>Soledad Davis y Nico M\u00e9ndez se suman en \u201cMi Vida en Cuarentena\u201d. - Noticias Radio Reflejos<\/title>\n<meta name=\"robots\" content=\"index, follow, max-snippet:-1, max-image-preview:large, max-video-preview:-1\" \/>\n<link rel=\"canonical\" href=\"https:\/\/www.noticiasradioreflejos.com.ar\/2021\/soledad-davis-y-nico-mendez-se-suman-en-mi-vida-en-cuarentena\/\" \/>\n<meta property=\"og:locale\" content=\"es_ES\" \/>\n<meta property=\"og:type\" content=\"article\" \/>\n<meta property=\"og:title\" content=\"Soledad Davis y Nico M\u00e9ndez se suman en \u201cMi Vida en Cuarentena\u201d. - Noticias Radio Reflejos\" \/>\n<meta property=\"og:description\" content=\"Del distrito de Tornquist han sido seleccionados 4 personas en el concurso \u201cMi Vida en Cuarentena\u201d. Davis Gabriela Soledad de Saldungaray en Artes Esc\u00e9nicas\u00a0 y Pablo Nicol\u00e1s M\u00e9ndez en M\u00fasica con su Banda \u00abMedia Pinta Rock\u00bb acompa\u00f1an en la lista de seccionados, a las artistas\u00a0Antonela Pelorosso y Micaela Labrador que publicamos en nota anterior.\" \/>\n<meta property=\"og:url\" content=\"https:\/\/www.noticiasradioreflejos.com.ar\/2021\/soledad-davis-y-nico-mendez-se-suman-en-mi-vida-en-cuarentena\/\" \/>\n<meta property=\"og:site_name\" content=\"Noticias Radio Reflejos\" \/>\n<meta property=\"article:published_time\" content=\"2020-06-13T14:18:35+00:00\" \/>\n<meta property=\"og:image\" content=\"https:\/\/www.noticiasradioreflejos.com.ar\/2021\/wp-content\/uploads\/2021\/07\/logosol300x200.png\" \/>\n\t<meta property=\"og:image:width\" content=\"300\" \/>\n\t<meta property=\"og:image:height\" content=\"200\" \/>\n\t<meta property=\"og:image:type\" content=\"image\/png\" \/>\n<meta name=\"author\" content=\"Arnaldo Botto\" \/>\n<meta name=\"twitter:card\" content=\"summary_large_image\" \/>\n<script type=\"application\/ld+json\" class=\"yoast-schema-graph\">{\"@context\":\"https:\/\/schema.org\",\"@graph\":[{\"@type\":\"WebPage\",\"@id\":\"https:\/\/www.noticiasradioreflejos.com.ar\/2021\/soledad-davis-y-nico-mendez-se-suman-en-mi-vida-en-cuarentena\/\",\"url\":\"https:\/\/www.noticiasradioreflejos.com.ar\/2021\/soledad-davis-y-nico-mendez-se-suman-en-mi-vida-en-cuarentena\/\",\"name\":\"Soledad Davis y Nico M\u00e9ndez se suman en \u201cMi Vida en Cuarentena\u201d. - Noticias Radio Reflejos\",\"isPartOf\":{\"@id\":\"https:\/\/www.noticiasradioreflejos.com.ar\/2021\/#website\"},\"datePublished\":\"2020-06-13T14:18:35+00:00\",\"author\":{\"@id\":\"https:\/\/www.noticiasradioreflejos.com.ar\/2021\/#\/schema\/person\/ad82545263dcc5ec0996818884fd5fb1\"},\"breadcrumb\":{\"@id\":\"https:\/\/www.noticiasradioreflejos.com.ar\/2021\/soledad-davis-y-nico-mendez-se-suman-en-mi-vida-en-cuarentena\/#breadcrumb\"},\"inLanguage\":\"es\",\"potentialAction\":[{\"@type\":\"ReadAction\",\"target\":[\"https:\/\/www.noticiasradioreflejos.com.ar\/2021\/soledad-davis-y-nico-mendez-se-suman-en-mi-vida-en-cuarentena\/\"]}]},{\"@type\":\"BreadcrumbList\",\"@id\":\"https:\/\/www.noticiasradioreflejos.com.ar\/2021\/soledad-davis-y-nico-mendez-se-suman-en-mi-vida-en-cuarentena\/#breadcrumb\",\"itemListElement\":[{\"@type\":\"ListItem\",\"position\":1,\"name\":\"Portada\",\"item\":\"https:\/\/www.noticiasradioreflejos.com.ar\/2021\/\"},{\"@type\":\"ListItem\",\"position\":2,\"name\":\"Soledad Davis y Nico M\u00e9ndez se suman en \u201cMi Vida en Cuarentena\u201d.\"}]},{\"@type\":\"WebSite\",\"@id\":\"https:\/\/www.noticiasradioreflejos.com.ar\/2021\/#website\",\"url\":\"https:\/\/www.noticiasradioreflejos.com.ar\/2021\/\",\"name\":\"Noticias Radio Reflejos\",\"description\":\"Las noticias de mi comarca\",\"potentialAction\":[{\"@type\":\"SearchAction\",\"target\":{\"@type\":\"EntryPoint\",\"urlTemplate\":\"https:\/\/www.noticiasradioreflejos.com.ar\/2021\/?s={search_term_string}\"},\"query-input\":{\"@type\":\"PropertyValueSpecification\",\"valueRequired\":true,\"valueName\":\"search_term_string\"}}],\"inLanguage\":\"es\"},{\"@type\":\"Person\",\"@id\":\"https:\/\/www.noticiasradioreflejos.com.ar\/2021\/#\/schema\/person\/ad82545263dcc5ec0996818884fd5fb1\",\"name\":\"Arnaldo Botto\",\"image\":{\"@type\":\"ImageObject\",\"inLanguage\":\"es\",\"@id\":\"https:\/\/www.noticiasradioreflejos.com.ar\/2021\/#\/schema\/person\/image\/\",\"url\":\"https:\/\/secure.gravatar.com\/avatar\/55cb5e37c1efa326397366e6974cb338056df65cb50e7d64d1cf314e87504837?s=96&d=mm&r=g\",\"contentUrl\":\"https:\/\/secure.gravatar.com\/avatar\/55cb5e37c1efa326397366e6974cb338056df65cb50e7d64d1cf314e87504837?s=96&d=mm&r=g\",\"caption\":\"Arnaldo Botto\"},\"url\":\"https:\/\/www.noticiasradioreflejos.com.ar\/2021\/author\/arnaldo\/\"}]}<\/script>\n<!-- \/ Yoast SEO plugin. -->","yoast_head_json":{"title":"Soledad Davis y Nico M\u00e9ndez se suman en \u201cMi Vida en Cuarentena\u201d. - Noticias Radio Reflejos","robots":{"index":"index","follow":"follow","max-snippet":"max-snippet:-1","max-image-preview":"max-image-preview:large","max-video-preview":"max-video-preview:-1"},"canonical":"https:\/\/www.noticiasradioreflejos.com.ar\/2021\/soledad-davis-y-nico-mendez-se-suman-en-mi-vida-en-cuarentena\/","og_locale":"es_ES","og_type":"article","og_title":"Soledad Davis y Nico M\u00e9ndez se suman en \u201cMi Vida en Cuarentena\u201d. - Noticias Radio Reflejos","og_description":"Del distrito de Tornquist han sido seleccionados 4 personas en el concurso \u201cMi Vida en Cuarentena\u201d. Davis Gabriela Soledad de Saldungaray en Artes Esc\u00e9nicas\u00a0 y Pablo Nicol\u00e1s M\u00e9ndez en M\u00fasica con su Banda \u00abMedia Pinta Rock\u00bb acompa\u00f1an en la lista de seccionados, a las artistas\u00a0Antonela Pelorosso y Micaela Labrador que publicamos en nota anterior.","og_url":"https:\/\/www.noticiasradioreflejos.com.ar\/2021\/soledad-davis-y-nico-mendez-se-suman-en-mi-vida-en-cuarentena\/","og_site_name":"Noticias Radio Reflejos","article_published_time":"2020-06-13T14:18:35+00:00","og_image":[{"width":300,"height":200,"url":"https:\/\/www.noticiasradioreflejos.com.ar\/2021\/wp-content\/uploads\/2021\/07\/logosol300x200.png","type":"image\/png"}],"author":"Arnaldo Botto","twitter_card":"summary_large_image","schema":{"@context":"https:\/\/schema.org","@graph":[{"@type":"WebPage","@id":"https:\/\/www.noticiasradioreflejos.com.ar\/2021\/soledad-davis-y-nico-mendez-se-suman-en-mi-vida-en-cuarentena\/","url":"https:\/\/www.noticiasradioreflejos.com.ar\/2021\/soledad-davis-y-nico-mendez-se-suman-en-mi-vida-en-cuarentena\/","name":"Soledad Davis y Nico M\u00e9ndez se suman en \u201cMi Vida en Cuarentena\u201d. - Noticias Radio Reflejos","isPartOf":{"@id":"https:\/\/www.noticiasradioreflejos.com.ar\/2021\/#website"},"datePublished":"2020-06-13T14:18:35+00:00","author":{"@id":"https:\/\/www.noticiasradioreflejos.com.ar\/2021\/#\/schema\/person\/ad82545263dcc5ec0996818884fd5fb1"},"breadcrumb":{"@id":"https:\/\/www.noticiasradioreflejos.com.ar\/2021\/soledad-davis-y-nico-mendez-se-suman-en-mi-vida-en-cuarentena\/#breadcrumb"},"inLanguage":"es","potentialAction":[{"@type":"ReadAction","target":["https:\/\/www.noticiasradioreflejos.com.ar\/2021\/soledad-davis-y-nico-mendez-se-suman-en-mi-vida-en-cuarentena\/"]}]},{"@type":"BreadcrumbList","@id":"https:\/\/www.noticiasradioreflejos.com.ar\/2021\/soledad-davis-y-nico-mendez-se-suman-en-mi-vida-en-cuarentena\/#breadcrumb","itemListElement":[{"@type":"ListItem","position":1,"name":"Portada","item":"https:\/\/www.noticiasradioreflejos.com.ar\/2021\/"},{"@type":"ListItem","position":2,"name":"Soledad Davis y Nico M\u00e9ndez se suman en \u201cMi Vida en Cuarentena\u201d."}]},{"@type":"WebSite","@id":"https:\/\/www.noticiasradioreflejos.com.ar\/2021\/#website","url":"https:\/\/www.noticiasradioreflejos.com.ar\/2021\/","name":"Noticias Radio Reflejos","description":"Las noticias de mi comarca","potentialAction":[{"@type":"SearchAction","target":{"@type":"EntryPoint","urlTemplate":"https:\/\/www.noticiasradioreflejos.com.ar\/2021\/?s={search_term_string}"},"query-input":{"@type":"PropertyValueSpecification","valueRequired":true,"valueName":"search_term_string"}}],"inLanguage":"es"},{"@type":"Person","@id":"https:\/\/www.noticiasradioreflejos.com.ar\/2021\/#\/schema\/person\/ad82545263dcc5ec0996818884fd5fb1","name":"Arnaldo Botto","image":{"@type":"ImageObject","inLanguage":"es","@id":"https:\/\/www.noticiasradioreflejos.com.ar\/2021\/#\/schema\/person\/image\/","url":"https:\/\/secure.gravatar.com\/avatar\/55cb5e37c1efa326397366e6974cb338056df65cb50e7d64d1cf314e87504837?s=96&d=mm&r=g","contentUrl":"https:\/\/secure.gravatar.com\/avatar\/55cb5e37c1efa326397366e6974cb338056df65cb50e7d64d1cf314e87504837?s=96&d=mm&r=g","caption":"Arnaldo Botto"},"url":"https:\/\/www.noticiasradioreflejos.com.ar\/2021\/author\/arnaldo\/"}]}},"_links":{"self":[{"href":"https:\/\/www.noticiasradioreflejos.com.ar\/2021\/wp-json\/wp\/v2\/posts\/43175","targetHints":{"allow":["GET"]}}],"collection":[{"href":"https:\/\/www.noticiasradioreflejos.com.ar\/2021\/wp-json\/wp\/v2\/posts"}],"about":[{"href":"https:\/\/www.noticiasradioreflejos.com.ar\/2021\/wp-json\/wp\/v2\/types\/post"}],"author":[{"embeddable":true,"href":"https:\/\/www.noticiasradioreflejos.com.ar\/2021\/wp-json\/wp\/v2\/users\/3"}],"replies":[{"embeddable":true,"href":"https:\/\/www.noticiasradioreflejos.com.ar\/2021\/wp-json\/wp\/v2\/comments?post=43175"}],"version-history":[{"count":0,"href":"https:\/\/www.noticiasradioreflejos.com.ar\/2021\/wp-json\/wp\/v2\/posts\/43175\/revisions"}],"wp:attachment":[{"href":"https:\/\/www.noticiasradioreflejos.com.ar\/2021\/wp-json\/wp\/v2\/media?parent=43175"}],"wp:term":[{"taxonomy":"category","embeddable":true,"href":"https:\/\/www.noticiasradioreflejos.com.ar\/2021\/wp-json\/wp\/v2\/categories?post=43175"},{"taxonomy":"post_tag","embeddable":true,"href":"https:\/\/www.noticiasradioreflejos.com.ar\/2021\/wp-json\/wp\/v2\/tags?post=43175"}],"curies":[{"name":"wp","href":"https:\/\/api.w.org\/{rel}","templated":true}]}}