{"id":43162,"date":"2020-06-12T20:56:11","date_gmt":"2020-06-12T23:56:11","guid":{"rendered":"http:\/\/www.noticiasradioreflejos.com.ar\/noticias\/?p=43162"},"modified":"2020-06-12T20:56:11","modified_gmt":"2020-06-12T23:56:11","slug":"el-presidente-visito-la-rioja-y-suspendio-la-visita-a-catamarca-por-protocolo-de-prevencion","status":"publish","type":"post","link":"https:\/\/www.noticiasradioreflejos.com.ar\/2021\/el-presidente-visito-la-rioja-y-suspendio-la-visita-a-catamarca-por-protocolo-de-prevencion\/","title":{"rendered":"El Presidente visit\u00f3 La Rioja y suspendi\u00f3 la visita a Catamarca por protocolo de prevenci\u00f3n"},"content":{"rendered":"<p>El presidente Alberto Fern\u00e1ndez visit\u00f3 hoy La Rioja, donde reivindic\u00f3 la decisi\u00f3n del gobierno de \u00abrescatar\u00bb a la cerealera Vicentin y preservar para el pa\u00eds recursos del agro, pero suspendi\u00f3 su viaje a Catamarca tras confirmarse el resultado positivo de coronavirus del intendente bonaerense Mart\u00edn Insaurralde, quien hab\u00eda estado d\u00edas atr\u00e1s junto al ministro de Desarrollo Social, Daniel Arroyo, integrante de la comitiva que acompa\u00f1\u00f3 al jefe de Estado.<!--more--><br \/>\n\u00abNo estamos quit\u00e1ndole la empresa a nadie, estamos rescatando una empresa que, si sigue as\u00ed, va a dejar de existir o va a quedar en manos de capitales que no son argentinos\u00bb, afirm\u00f3 el Presidente en un acto en La Rioja y apunt\u00f3: \u00abLa historia muestra que frente a la pandemia, el capital propio es muy importante\u00bb.<\/p>\n<p>El jefe de Estado se refiri\u00f3 as\u00ed a la situaci\u00f3n del Grupo Vicentin, cerealera en concurso de acreedores y cesaci\u00f3n de pagos, que fue intervenida esta semana por el gobierno nacional.<\/p>\n<p>\u00abEsto no es un acto heroico, ni una epopeya; es un acto de racionalidad econ\u00f3mica y de necesidad econ\u00f3mica, que es garantizar que ese polo cerealero no se siga extranjerizando\u00bb, advirti\u00f3 Fern\u00e1ndez, junto al gobernador riojano, Ricardo Quintela, con quien encabez\u00f3 la reapertura de una f\u00e1brica de hilados y firm\u00f3 convenios en las \u00e1reas de desarrollo social, educaci\u00f3n, salud, obras p\u00fablicas, y h\u00e1bitat.<\/p>\n<p>Con su paso por La Rioja, Fern\u00e1ndez retom\u00f3 su agenda federal, que semanalmente lo lleva a distintos distritos del pa\u00eds, pero debi\u00f3 suspender la visita a Catamarca porque se activ\u00f3 el protocolo de prevenci\u00f3n en la comitiva y como forma de preservar a una provincia donde no se registraron contagios de coronavirus.<\/p>\n<p>\u00abQueridos catamarque\u00f1os y catamarque\u00f1as yo estoy aqu\u00ed en La Rioja, a punto de despegar para Catamarca, cuando nos enteramos que un querido amigo nuestro, Mart\u00edn Insaurralde, se ha contagiado de coronavirus. Hace unos d\u00edas atr\u00e1s estuvo Daniel Arroyo con \u00e9l y el riesgo del contagio existe\u00bb, reconoci\u00f3 el Presidente, en un video que difundi\u00f3 antes de cancelar la segunda parte del viaje.<\/p>\n<p>Explic\u00f3 que su decisi\u00f3n busca \u00abpreservar la salud y la vida de los catamarque\u00f1os\u00bb que, dijo, \u00abgracias a Dios y la Virgen, hasta ac\u00e1 no han tenido ning\u00fan contagio\u00bb de Covid-19, desde el inicio de la pandemia.<\/p>\n<p>Alberto Fern\u00e1ndez regres\u00f3 al aeroparque Jorge Newbery, procedente de La Rioja, minutos despu\u00e9s de las 19.<\/p>\n<p>\u00abEs lo correcto, es lo que debe hacer porque es el que primero nos debe cuida a todos\u00bb, asever\u00f3 el ministro de Comunicaci\u00f3n de Catamarca, Guillermo Andrada, quien adem\u00e1s indic\u00f3 que la decisi\u00f3n fue conversada entre el Presidente y el gobernador Ra\u00fal Jalil.<\/p>\n<p>Adem\u00e1s de Arroyo, quien est\u00e1 en viaje a Buenos Aires por su cuenta para cumplir 14 d\u00edas de aislamiento, acompa\u00f1aron al Presidente los ministros del Interior, Eduardo de Pedro; y de Desarrollo Territorial y H\u00e1bitat, Mar\u00eda Eugenia Bielsa, adem\u00e1s de los secretarios General de la Presidencia, Julio Vitobello, y de Promoci\u00f3n Tur\u00edstica, Yanina Mart\u00ednez.<\/p>\n<p>Desde el Gobierno resaltaron sin embargo que la situaci\u00f3n de Arroyo es \u00abde bajo riesgo\u00bb y que \u00abdurante todo el viaje de la delegaci\u00f3n presidencial se implementaron las medidas de prevenci\u00f3n sanitarias\u00bb, como establecen los protocolos.<\/p>\n<p>El infect\u00f3logo Pedro Cahn, integrante del consejo de expertos que asesora a Fern\u00e1ndez, respald\u00f3 la decisi\u00f3n de suspender la visita a Catamarca, pero descart\u00f3 que exista una \u00abrelaci\u00f3n\u00bb entre el positivo de Insaurralde y la salud presidencial.<\/p>\n<p>\u00abEs una medida prudente\u00bb, sostuvo el m\u00e9dico, en di\u00e1logo con la se\u00f1al de noticias C5N, en el que asegur\u00f3 que el jefe de Estado tiene permanentes \u00abcontroles m\u00e9dicos\u00bb y una \u00abUnidad M\u00e9dica Presidencial que habr\u00e1 tomado los recaudos correspondientes\u00bb.<\/p>\n<p>Esta tarde, a trav\u00e9s de la red social Twitter, Insaurralde confirm\u00f3: \u00abDi positivo de coronavirus. Como sociedad, hoy atravesamos el momento m\u00e1s dif\u00edcil porque nos acercamos al pico de contagios. Les pido que se cuiden y que tratemos de minimizar el riesgo entre todos y todas. Por favor, qu\u00e9dense en sus casas todo lo que puedan\u00bb.<\/p>\n<p>Insaurralde, quien es paciente de riesgo por haber padecido c\u00e1ncer tiempo atr\u00e1s, manifest\u00f3 que seguir\u00e1 trabajando desde su casa \u00aba trav\u00e9s del sistema Zoom\u00bb porque, en principio, \u00abse siente bien\u00bb y s\u00f3lo presenta unas \u00abl\u00edneas de fiebre\u00bb, pero la noticia oblig\u00f3 a adoptar estrictas medidas de prevenci\u00f3n y aislamiento de todos los funcionarios municipales, provinciales y nacionales que hayan tenido contacto con \u00e9l en los \u00faltimos d\u00edas.<\/p>\n<p>En su estad\u00eda en La Rioja, el Presidente firm\u00f3 varios convenios, como la adhesi\u00f3n provincial al programa de asistencia nacional ante la emergencia por el coronavirus, la construcci\u00f3n del nuevo hospital Chilecito Fffir-Fonplata y la reactivaci\u00f3n de obras paralizadas y la ejecuci\u00f3n de proyectos nuevos por una inversi\u00f3n de de 15.758 millones de pesos.<\/p>\n<p>Esos trabajos implicar\u00e1n la ejecuci\u00f3n del plan Argentina Hace en 19 municipios de La Rioja, con la licitaci\u00f3n del programa de renovaci\u00f3n urbana y desag\u00fces pluviales para la ciudad capital, y la puesta en marcha de obras h\u00eddricas y de saneamiento a trav\u00e9s de Enohsa en cinco localidades.<\/p>\n<p>La cartera de Desarrollo Social rubric\u00f3 tambi\u00e9n convenios para la adhesi\u00f3n y participaci\u00f3n de La Rioja en el programa de Promoci\u00f3n de Microcr\u00e9ditos para el Desarrollo de la Econom\u00eda Social y para la inclusi\u00f3n en el plan Potenciar Trabajo.<\/p>\n","protected":false},"excerpt":{"rendered":"<p>El presidente Alberto Fern\u00e1ndez visit\u00f3 hoy La Rioja, donde reivindic\u00f3 la decisi\u00f3n del gobierno de \u00abrescatar\u00bb a la cerealera Vicentin y preservar para el pa\u00eds recursos del agro, pero suspendi\u00f3 su viaje a Catamarca tras confirmarse el resultado positivo de coronavirus del intendente bonaerense Mart\u00edn Insaurralde, quien hab\u00eda estado d\u00edas atr\u00e1s junto al ministro de [&hellip;]<\/p>\n","protected":false},"author":3,"featured_media":0,"comment_status":"closed","ping_status":"open","sticky":false,"template":"","format":"standard","meta":{"footnotes":""},"categories":[24],"tags":[],"class_list":["post-43162","post","type-post","status-publish","format-standard","hentry","category-politica"],"yoast_head":"<!-- This site is optimized with the Yoast SEO plugin v25.9 - https:\/\/yoast.com\/wordpress\/plugins\/seo\/ -->\n<title>El Presidente visit\u00f3 La Rioja y suspendi\u00f3 la visita a Catamarca por protocolo de prevenci\u00f3n - Noticias Radio Reflejos<\/title>\n<meta name=\"robots\" content=\"index, follow, max-snippet:-1, max-image-preview:large, max-video-preview:-1\" \/>\n<link rel=\"canonical\" href=\"https:\/\/www.noticiasradioreflejos.com.ar\/2021\/el-presidente-visito-la-rioja-y-suspendio-la-visita-a-catamarca-por-protocolo-de-prevencion\/\" \/>\n<meta property=\"og:locale\" content=\"es_ES\" \/>\n<meta property=\"og:type\" content=\"article\" \/>\n<meta property=\"og:title\" content=\"El Presidente visit\u00f3 La Rioja y suspendi\u00f3 la visita a Catamarca por protocolo de prevenci\u00f3n - Noticias Radio Reflejos\" \/>\n<meta property=\"og:description\" content=\"El presidente Alberto Fern\u00e1ndez visit\u00f3 hoy La Rioja, donde reivindic\u00f3 la decisi\u00f3n del gobierno de \u00abrescatar\u00bb a la cerealera Vicentin y preservar para el pa\u00eds recursos del agro, pero suspendi\u00f3 su viaje a Catamarca tras confirmarse el resultado positivo de coronavirus del intendente bonaerense Mart\u00edn Insaurralde, quien hab\u00eda estado d\u00edas atr\u00e1s junto al ministro de [&hellip;]\" \/>\n<meta property=\"og:url\" content=\"https:\/\/www.noticiasradioreflejos.com.ar\/2021\/el-presidente-visito-la-rioja-y-suspendio-la-visita-a-catamarca-por-protocolo-de-prevencion\/\" \/>\n<meta property=\"og:site_name\" content=\"Noticias Radio Reflejos\" \/>\n<meta property=\"article:published_time\" content=\"2020-06-12T23:56:11+00:00\" \/>\n<meta property=\"og:image\" content=\"https:\/\/www.noticiasradioreflejos.com.ar\/2021\/wp-content\/uploads\/2021\/07\/logosol300x200.png\" \/>\n\t<meta property=\"og:image:width\" content=\"300\" \/>\n\t<meta property=\"og:image:height\" content=\"200\" \/>\n\t<meta property=\"og:image:type\" content=\"image\/png\" \/>\n<meta name=\"author\" content=\"Arnaldo Botto\" \/>\n<meta name=\"twitter:card\" content=\"summary_large_image\" \/>\n<script type=\"application\/ld+json\" class=\"yoast-schema-graph\">{\"@context\":\"https:\/\/schema.org\",\"@graph\":[{\"@type\":\"WebPage\",\"@id\":\"https:\/\/www.noticiasradioreflejos.com.ar\/2021\/el-presidente-visito-la-rioja-y-suspendio-la-visita-a-catamarca-por-protocolo-de-prevencion\/\",\"url\":\"https:\/\/www.noticiasradioreflejos.com.ar\/2021\/el-presidente-visito-la-rioja-y-suspendio-la-visita-a-catamarca-por-protocolo-de-prevencion\/\",\"name\":\"El Presidente visit\u00f3 La Rioja y suspendi\u00f3 la visita a Catamarca por protocolo de prevenci\u00f3n - Noticias Radio Reflejos\",\"isPartOf\":{\"@id\":\"https:\/\/www.noticiasradioreflejos.com.ar\/2021\/#website\"},\"datePublished\":\"2020-06-12T23:56:11+00:00\",\"author\":{\"@id\":\"https:\/\/www.noticiasradioreflejos.com.ar\/2021\/#\/schema\/person\/ad82545263dcc5ec0996818884fd5fb1\"},\"breadcrumb\":{\"@id\":\"https:\/\/www.noticiasradioreflejos.com.ar\/2021\/el-presidente-visito-la-rioja-y-suspendio-la-visita-a-catamarca-por-protocolo-de-prevencion\/#breadcrumb\"},\"inLanguage\":\"es\",\"potentialAction\":[{\"@type\":\"ReadAction\",\"target\":[\"https:\/\/www.noticiasradioreflejos.com.ar\/2021\/el-presidente-visito-la-rioja-y-suspendio-la-visita-a-catamarca-por-protocolo-de-prevencion\/\"]}]},{\"@type\":\"BreadcrumbList\",\"@id\":\"https:\/\/www.noticiasradioreflejos.com.ar\/2021\/el-presidente-visito-la-rioja-y-suspendio-la-visita-a-catamarca-por-protocolo-de-prevencion\/#breadcrumb\",\"itemListElement\":[{\"@type\":\"ListItem\",\"position\":1,\"name\":\"Portada\",\"item\":\"https:\/\/www.noticiasradioreflejos.com.ar\/2021\/\"},{\"@type\":\"ListItem\",\"position\":2,\"name\":\"El Presidente visit\u00f3 La Rioja y suspendi\u00f3 la visita a Catamarca por protocolo de prevenci\u00f3n\"}]},{\"@type\":\"WebSite\",\"@id\":\"https:\/\/www.noticiasradioreflejos.com.ar\/2021\/#website\",\"url\":\"https:\/\/www.noticiasradioreflejos.com.ar\/2021\/\",\"name\":\"Noticias Radio Reflejos\",\"description\":\"Las noticias de mi comarca\",\"potentialAction\":[{\"@type\":\"SearchAction\",\"target\":{\"@type\":\"EntryPoint\",\"urlTemplate\":\"https:\/\/www.noticiasradioreflejos.com.ar\/2021\/?s={search_term_string}\"},\"query-input\":{\"@type\":\"PropertyValueSpecification\",\"valueRequired\":true,\"valueName\":\"search_term_string\"}}],\"inLanguage\":\"es\"},{\"@type\":\"Person\",\"@id\":\"https:\/\/www.noticiasradioreflejos.com.ar\/2021\/#\/schema\/person\/ad82545263dcc5ec0996818884fd5fb1\",\"name\":\"Arnaldo Botto\",\"image\":{\"@type\":\"ImageObject\",\"inLanguage\":\"es\",\"@id\":\"https:\/\/www.noticiasradioreflejos.com.ar\/2021\/#\/schema\/person\/image\/\",\"url\":\"https:\/\/secure.gravatar.com\/avatar\/55cb5e37c1efa326397366e6974cb338056df65cb50e7d64d1cf314e87504837?s=96&d=mm&r=g\",\"contentUrl\":\"https:\/\/secure.gravatar.com\/avatar\/55cb5e37c1efa326397366e6974cb338056df65cb50e7d64d1cf314e87504837?s=96&d=mm&r=g\",\"caption\":\"Arnaldo Botto\"},\"url\":\"https:\/\/www.noticiasradioreflejos.com.ar\/2021\/author\/arnaldo\/\"}]}<\/script>\n<!-- \/ Yoast SEO plugin. -->","yoast_head_json":{"title":"El Presidente visit\u00f3 La Rioja y suspendi\u00f3 la visita a Catamarca por protocolo de prevenci\u00f3n - Noticias Radio Reflejos","robots":{"index":"index","follow":"follow","max-snippet":"max-snippet:-1","max-image-preview":"max-image-preview:large","max-video-preview":"max-video-preview:-1"},"canonical":"https:\/\/www.noticiasradioreflejos.com.ar\/2021\/el-presidente-visito-la-rioja-y-suspendio-la-visita-a-catamarca-por-protocolo-de-prevencion\/","og_locale":"es_ES","og_type":"article","og_title":"El Presidente visit\u00f3 La Rioja y suspendi\u00f3 la visita a Catamarca por protocolo de prevenci\u00f3n - Noticias Radio Reflejos","og_description":"El presidente Alberto Fern\u00e1ndez visit\u00f3 hoy La Rioja, donde reivindic\u00f3 la decisi\u00f3n del gobierno de \u00abrescatar\u00bb a la cerealera Vicentin y preservar para el pa\u00eds recursos del agro, pero suspendi\u00f3 su viaje a Catamarca tras confirmarse el resultado positivo de coronavirus del intendente bonaerense Mart\u00edn Insaurralde, quien hab\u00eda estado d\u00edas atr\u00e1s junto al ministro de [&hellip;]","og_url":"https:\/\/www.noticiasradioreflejos.com.ar\/2021\/el-presidente-visito-la-rioja-y-suspendio-la-visita-a-catamarca-por-protocolo-de-prevencion\/","og_site_name":"Noticias Radio Reflejos","article_published_time":"2020-06-12T23:56:11+00:00","og_image":[{"width":300,"height":200,"url":"https:\/\/www.noticiasradioreflejos.com.ar\/2021\/wp-content\/uploads\/2021\/07\/logosol300x200.png","type":"image\/png"}],"author":"Arnaldo Botto","twitter_card":"summary_large_image","schema":{"@context":"https:\/\/schema.org","@graph":[{"@type":"WebPage","@id":"https:\/\/www.noticiasradioreflejos.com.ar\/2021\/el-presidente-visito-la-rioja-y-suspendio-la-visita-a-catamarca-por-protocolo-de-prevencion\/","url":"https:\/\/www.noticiasradioreflejos.com.ar\/2021\/el-presidente-visito-la-rioja-y-suspendio-la-visita-a-catamarca-por-protocolo-de-prevencion\/","name":"El Presidente visit\u00f3 La Rioja y suspendi\u00f3 la visita a Catamarca por protocolo de prevenci\u00f3n - Noticias Radio Reflejos","isPartOf":{"@id":"https:\/\/www.noticiasradioreflejos.com.ar\/2021\/#website"},"datePublished":"2020-06-12T23:56:11+00:00","author":{"@id":"https:\/\/www.noticiasradioreflejos.com.ar\/2021\/#\/schema\/person\/ad82545263dcc5ec0996818884fd5fb1"},"breadcrumb":{"@id":"https:\/\/www.noticiasradioreflejos.com.ar\/2021\/el-presidente-visito-la-rioja-y-suspendio-la-visita-a-catamarca-por-protocolo-de-prevencion\/#breadcrumb"},"inLanguage":"es","potentialAction":[{"@type":"ReadAction","target":["https:\/\/www.noticiasradioreflejos.com.ar\/2021\/el-presidente-visito-la-rioja-y-suspendio-la-visita-a-catamarca-por-protocolo-de-prevencion\/"]}]},{"@type":"BreadcrumbList","@id":"https:\/\/www.noticiasradioreflejos.com.ar\/2021\/el-presidente-visito-la-rioja-y-suspendio-la-visita-a-catamarca-por-protocolo-de-prevencion\/#breadcrumb","itemListElement":[{"@type":"ListItem","position":1,"name":"Portada","item":"https:\/\/www.noticiasradioreflejos.com.ar\/2021\/"},{"@type":"ListItem","position":2,"name":"El Presidente visit\u00f3 La Rioja y suspendi\u00f3 la visita a Catamarca por protocolo de prevenci\u00f3n"}]},{"@type":"WebSite","@id":"https:\/\/www.noticiasradioreflejos.com.ar\/2021\/#website","url":"https:\/\/www.noticiasradioreflejos.com.ar\/2021\/","name":"Noticias Radio Reflejos","description":"Las noticias de mi comarca","potentialAction":[{"@type":"SearchAction","target":{"@type":"EntryPoint","urlTemplate":"https:\/\/www.noticiasradioreflejos.com.ar\/2021\/?s={search_term_string}"},"query-input":{"@type":"PropertyValueSpecification","valueRequired":true,"valueName":"search_term_string"}}],"inLanguage":"es"},{"@type":"Person","@id":"https:\/\/www.noticiasradioreflejos.com.ar\/2021\/#\/schema\/person\/ad82545263dcc5ec0996818884fd5fb1","name":"Arnaldo Botto","image":{"@type":"ImageObject","inLanguage":"es","@id":"https:\/\/www.noticiasradioreflejos.com.ar\/2021\/#\/schema\/person\/image\/","url":"https:\/\/secure.gravatar.com\/avatar\/55cb5e37c1efa326397366e6974cb338056df65cb50e7d64d1cf314e87504837?s=96&d=mm&r=g","contentUrl":"https:\/\/secure.gravatar.com\/avatar\/55cb5e37c1efa326397366e6974cb338056df65cb50e7d64d1cf314e87504837?s=96&d=mm&r=g","caption":"Arnaldo Botto"},"url":"https:\/\/www.noticiasradioreflejos.com.ar\/2021\/author\/arnaldo\/"}]}},"_links":{"self":[{"href":"https:\/\/www.noticiasradioreflejos.com.ar\/2021\/wp-json\/wp\/v2\/posts\/43162","targetHints":{"allow":["GET"]}}],"collection":[{"href":"https:\/\/www.noticiasradioreflejos.com.ar\/2021\/wp-json\/wp\/v2\/posts"}],"about":[{"href":"https:\/\/www.noticiasradioreflejos.com.ar\/2021\/wp-json\/wp\/v2\/types\/post"}],"author":[{"embeddable":true,"href":"https:\/\/www.noticiasradioreflejos.com.ar\/2021\/wp-json\/wp\/v2\/users\/3"}],"replies":[{"embeddable":true,"href":"https:\/\/www.noticiasradioreflejos.com.ar\/2021\/wp-json\/wp\/v2\/comments?post=43162"}],"version-history":[{"count":0,"href":"https:\/\/www.noticiasradioreflejos.com.ar\/2021\/wp-json\/wp\/v2\/posts\/43162\/revisions"}],"wp:attachment":[{"href":"https:\/\/www.noticiasradioreflejos.com.ar\/2021\/wp-json\/wp\/v2\/media?parent=43162"}],"wp:term":[{"taxonomy":"category","embeddable":true,"href":"https:\/\/www.noticiasradioreflejos.com.ar\/2021\/wp-json\/wp\/v2\/categories?post=43162"},{"taxonomy":"post_tag","embeddable":true,"href":"https:\/\/www.noticiasradioreflejos.com.ar\/2021\/wp-json\/wp\/v2\/tags?post=43162"}],"curies":[{"name":"wp","href":"https:\/\/api.w.org\/{rel}","templated":true}]}}