{"id":43101,"date":"2020-06-11T13:43:44","date_gmt":"2020-06-11T16:43:44","guid":{"rendered":"http:\/\/www.noticiasradioreflejos.com.ar\/noticias\/?p=43101"},"modified":"2020-06-11T13:43:44","modified_gmt":"2020-06-11T16:43:44","slug":"el-43-de-las-camas-de-terapia-intensiva-de-la-provincia-de-buenos-aires-estan-ocupadas","status":"publish","type":"post","link":"https:\/\/www.noticiasradioreflejos.com.ar\/2021\/el-43-de-las-camas-de-terapia-intensiva-de-la-provincia-de-buenos-aires-estan-ocupadas\/","title":{"rendered":"El 43% de las camas de terapia intensiva de la provincia de Buenos Aires est\u00e1n ocupadas"},"content":{"rendered":"<p>El director de Hospitales de la provincia de Buenos Aires, Juan Riera, asegur\u00f3 hoy que \u00abest\u00e1n ocupadas un 43% de las camas de terapia intensiva\u00bb del sistema sanitario bonaerense y explic\u00f3 que desde el gobierno se trabaja para evitar la \u00absaturaci\u00f3n\u00bb de los hospitales mediante la derivaci\u00f3n de pacientes.<br \/>\n\u00abHace un mes ten\u00edamos un 30% de las camas de terapia ocupadas, hoy estamos en 43%\u00bb, dijo el funcionario en declaraciones a FM Futurock.<!--more--><br \/>\nLuego, el director provincial detall\u00f3 que esas camas est\u00e1n ocupadas por pacientes no s\u00f3lo contagiados de Covid-19 sino tambi\u00e9n por aquellos que padecen otras enfermedades como neumon\u00edas.<\/p>\n<p>Riera detall\u00f3 que el 5% de los infectados con coronavirus requieren de internaci\u00f3n en terapia intensiva y advirti\u00f3 que se prev\u00e9 que \u00ablos hospitales del conurbano van a tener un 100% de ocupaci\u00f3n de camas en alg\u00fan momento\u00bb.<\/p>\n<p>\u00abTenemos que tener los elementos de derivaci\u00f3n y los mecanismos muy aceitados para que los hospitales y cl\u00ednicas privadas que tengan camas disponibles puedan absorber esa demanda\u00bb, a\u00f1adi\u00f3, y apunt\u00f3 que el objetivo cuando se genere un colapso en alg\u00fan centro sanitario es \u00abcompensar con otros efectores de salud\u00bb para evitar desbordes.<\/p>\n<p>\u00abCon el incremento de casos que tenemos, relajar la cuarentena no tiene l\u00f3gica\u00bb, analiz\u00f3 Riera, quien expuso que \u00abse debe seguir en el estatus que estamos y extremar medidas para que no haya cirulaci\u00f3n viral mientras se siguen detectando focos y bloque\u00e1ndolos mediante aislamiento\u00bb.<br \/>\nImprimir Descargar Copiar<br \/>\nAgregar a mis carpetas<br \/>\n Volver<\/p>\n","protected":false},"excerpt":{"rendered":"<p>El director de Hospitales de la provincia de Buenos Aires, Juan Riera, asegur\u00f3 hoy que \u00abest\u00e1n ocupadas un 43% de las camas de terapia intensiva\u00bb del sistema sanitario bonaerense y explic\u00f3 que desde el gobierno se trabaja para evitar la \u00absaturaci\u00f3n\u00bb de los hospitales mediante la derivaci\u00f3n de pacientes. \u00abHace un mes ten\u00edamos un 30% [&hellip;]<\/p>\n","protected":false},"author":3,"featured_media":0,"comment_status":"closed","ping_status":"open","sticky":false,"template":"","format":"standard","meta":{"footnotes":""},"categories":[30],"tags":[],"class_list":["post-43101","post","type-post","status-publish","format-standard","hentry","category-salud"],"yoast_head":"<!-- This site is optimized with the Yoast SEO plugin v25.9 - https:\/\/yoast.com\/wordpress\/plugins\/seo\/ -->\n<title>El 43% de las camas de terapia intensiva de la provincia de Buenos Aires est\u00e1n ocupadas - Noticias Radio Reflejos<\/title>\n<meta name=\"robots\" content=\"index, follow, max-snippet:-1, max-image-preview:large, max-video-preview:-1\" \/>\n<link rel=\"canonical\" href=\"https:\/\/www.noticiasradioreflejos.com.ar\/2021\/el-43-de-las-camas-de-terapia-intensiva-de-la-provincia-de-buenos-aires-estan-ocupadas\/\" \/>\n<meta property=\"og:locale\" content=\"es_ES\" \/>\n<meta property=\"og:type\" content=\"article\" \/>\n<meta property=\"og:title\" content=\"El 43% de las camas de terapia intensiva de la provincia de Buenos Aires est\u00e1n ocupadas - Noticias Radio Reflejos\" \/>\n<meta property=\"og:description\" content=\"El director de Hospitales de la provincia de Buenos Aires, Juan Riera, asegur\u00f3 hoy que \u00abest\u00e1n ocupadas un 43% de las camas de terapia intensiva\u00bb del sistema sanitario bonaerense y explic\u00f3 que desde el gobierno se trabaja para evitar la \u00absaturaci\u00f3n\u00bb de los hospitales mediante la derivaci\u00f3n de pacientes. \u00abHace un mes ten\u00edamos un 30% [&hellip;]\" \/>\n<meta property=\"og:url\" content=\"https:\/\/www.noticiasradioreflejos.com.ar\/2021\/el-43-de-las-camas-de-terapia-intensiva-de-la-provincia-de-buenos-aires-estan-ocupadas\/\" \/>\n<meta property=\"og:site_name\" content=\"Noticias Radio Reflejos\" \/>\n<meta property=\"article:published_time\" content=\"2020-06-11T16:43:44+00:00\" \/>\n<meta property=\"og:image\" content=\"https:\/\/www.noticiasradioreflejos.com.ar\/2021\/wp-content\/uploads\/2021\/07\/logosol300x200.png\" \/>\n\t<meta property=\"og:image:width\" content=\"300\" \/>\n\t<meta property=\"og:image:height\" content=\"200\" \/>\n\t<meta property=\"og:image:type\" content=\"image\/png\" \/>\n<meta name=\"author\" content=\"Arnaldo Botto\" \/>\n<meta name=\"twitter:card\" content=\"summary_large_image\" \/>\n<script type=\"application\/ld+json\" class=\"yoast-schema-graph\">{\"@context\":\"https:\/\/schema.org\",\"@graph\":[{\"@type\":\"WebPage\",\"@id\":\"https:\/\/www.noticiasradioreflejos.com.ar\/2021\/el-43-de-las-camas-de-terapia-intensiva-de-la-provincia-de-buenos-aires-estan-ocupadas\/\",\"url\":\"https:\/\/www.noticiasradioreflejos.com.ar\/2021\/el-43-de-las-camas-de-terapia-intensiva-de-la-provincia-de-buenos-aires-estan-ocupadas\/\",\"name\":\"El 43% de las camas de terapia intensiva de la provincia de Buenos Aires est\u00e1n ocupadas - Noticias Radio Reflejos\",\"isPartOf\":{\"@id\":\"https:\/\/www.noticiasradioreflejos.com.ar\/2021\/#website\"},\"datePublished\":\"2020-06-11T16:43:44+00:00\",\"author\":{\"@id\":\"https:\/\/www.noticiasradioreflejos.com.ar\/2021\/#\/schema\/person\/ad82545263dcc5ec0996818884fd5fb1\"},\"breadcrumb\":{\"@id\":\"https:\/\/www.noticiasradioreflejos.com.ar\/2021\/el-43-de-las-camas-de-terapia-intensiva-de-la-provincia-de-buenos-aires-estan-ocupadas\/#breadcrumb\"},\"inLanguage\":\"es\",\"potentialAction\":[{\"@type\":\"ReadAction\",\"target\":[\"https:\/\/www.noticiasradioreflejos.com.ar\/2021\/el-43-de-las-camas-de-terapia-intensiva-de-la-provincia-de-buenos-aires-estan-ocupadas\/\"]}]},{\"@type\":\"BreadcrumbList\",\"@id\":\"https:\/\/www.noticiasradioreflejos.com.ar\/2021\/el-43-de-las-camas-de-terapia-intensiva-de-la-provincia-de-buenos-aires-estan-ocupadas\/#breadcrumb\",\"itemListElement\":[{\"@type\":\"ListItem\",\"position\":1,\"name\":\"Portada\",\"item\":\"https:\/\/www.noticiasradioreflejos.com.ar\/2021\/\"},{\"@type\":\"ListItem\",\"position\":2,\"name\":\"El 43% de las camas de terapia intensiva de la provincia de Buenos Aires est\u00e1n ocupadas\"}]},{\"@type\":\"WebSite\",\"@id\":\"https:\/\/www.noticiasradioreflejos.com.ar\/2021\/#website\",\"url\":\"https:\/\/www.noticiasradioreflejos.com.ar\/2021\/\",\"name\":\"Noticias Radio Reflejos\",\"description\":\"Las noticias de mi comarca\",\"potentialAction\":[{\"@type\":\"SearchAction\",\"target\":{\"@type\":\"EntryPoint\",\"urlTemplate\":\"https:\/\/www.noticiasradioreflejos.com.ar\/2021\/?s={search_term_string}\"},\"query-input\":{\"@type\":\"PropertyValueSpecification\",\"valueRequired\":true,\"valueName\":\"search_term_string\"}}],\"inLanguage\":\"es\"},{\"@type\":\"Person\",\"@id\":\"https:\/\/www.noticiasradioreflejos.com.ar\/2021\/#\/schema\/person\/ad82545263dcc5ec0996818884fd5fb1\",\"name\":\"Arnaldo Botto\",\"image\":{\"@type\":\"ImageObject\",\"inLanguage\":\"es\",\"@id\":\"https:\/\/www.noticiasradioreflejos.com.ar\/2021\/#\/schema\/person\/image\/\",\"url\":\"https:\/\/secure.gravatar.com\/avatar\/55cb5e37c1efa326397366e6974cb338056df65cb50e7d64d1cf314e87504837?s=96&d=mm&r=g\",\"contentUrl\":\"https:\/\/secure.gravatar.com\/avatar\/55cb5e37c1efa326397366e6974cb338056df65cb50e7d64d1cf314e87504837?s=96&d=mm&r=g\",\"caption\":\"Arnaldo Botto\"},\"url\":\"https:\/\/www.noticiasradioreflejos.com.ar\/2021\/author\/arnaldo\/\"}]}<\/script>\n<!-- \/ Yoast SEO plugin. -->","yoast_head_json":{"title":"El 43% de las camas de terapia intensiva de la provincia de Buenos Aires est\u00e1n ocupadas - Noticias Radio Reflejos","robots":{"index":"index","follow":"follow","max-snippet":"max-snippet:-1","max-image-preview":"max-image-preview:large","max-video-preview":"max-video-preview:-1"},"canonical":"https:\/\/www.noticiasradioreflejos.com.ar\/2021\/el-43-de-las-camas-de-terapia-intensiva-de-la-provincia-de-buenos-aires-estan-ocupadas\/","og_locale":"es_ES","og_type":"article","og_title":"El 43% de las camas de terapia intensiva de la provincia de Buenos Aires est\u00e1n ocupadas - Noticias Radio Reflejos","og_description":"El director de Hospitales de la provincia de Buenos Aires, Juan Riera, asegur\u00f3 hoy que \u00abest\u00e1n ocupadas un 43% de las camas de terapia intensiva\u00bb del sistema sanitario bonaerense y explic\u00f3 que desde el gobierno se trabaja para evitar la \u00absaturaci\u00f3n\u00bb de los hospitales mediante la derivaci\u00f3n de pacientes. \u00abHace un mes ten\u00edamos un 30% [&hellip;]","og_url":"https:\/\/www.noticiasradioreflejos.com.ar\/2021\/el-43-de-las-camas-de-terapia-intensiva-de-la-provincia-de-buenos-aires-estan-ocupadas\/","og_site_name":"Noticias Radio Reflejos","article_published_time":"2020-06-11T16:43:44+00:00","og_image":[{"width":300,"height":200,"url":"https:\/\/www.noticiasradioreflejos.com.ar\/2021\/wp-content\/uploads\/2021\/07\/logosol300x200.png","type":"image\/png"}],"author":"Arnaldo Botto","twitter_card":"summary_large_image","schema":{"@context":"https:\/\/schema.org","@graph":[{"@type":"WebPage","@id":"https:\/\/www.noticiasradioreflejos.com.ar\/2021\/el-43-de-las-camas-de-terapia-intensiva-de-la-provincia-de-buenos-aires-estan-ocupadas\/","url":"https:\/\/www.noticiasradioreflejos.com.ar\/2021\/el-43-de-las-camas-de-terapia-intensiva-de-la-provincia-de-buenos-aires-estan-ocupadas\/","name":"El 43% de las camas de terapia intensiva de la provincia de Buenos Aires est\u00e1n ocupadas - Noticias Radio Reflejos","isPartOf":{"@id":"https:\/\/www.noticiasradioreflejos.com.ar\/2021\/#website"},"datePublished":"2020-06-11T16:43:44+00:00","author":{"@id":"https:\/\/www.noticiasradioreflejos.com.ar\/2021\/#\/schema\/person\/ad82545263dcc5ec0996818884fd5fb1"},"breadcrumb":{"@id":"https:\/\/www.noticiasradioreflejos.com.ar\/2021\/el-43-de-las-camas-de-terapia-intensiva-de-la-provincia-de-buenos-aires-estan-ocupadas\/#breadcrumb"},"inLanguage":"es","potentialAction":[{"@type":"ReadAction","target":["https:\/\/www.noticiasradioreflejos.com.ar\/2021\/el-43-de-las-camas-de-terapia-intensiva-de-la-provincia-de-buenos-aires-estan-ocupadas\/"]}]},{"@type":"BreadcrumbList","@id":"https:\/\/www.noticiasradioreflejos.com.ar\/2021\/el-43-de-las-camas-de-terapia-intensiva-de-la-provincia-de-buenos-aires-estan-ocupadas\/#breadcrumb","itemListElement":[{"@type":"ListItem","position":1,"name":"Portada","item":"https:\/\/www.noticiasradioreflejos.com.ar\/2021\/"},{"@type":"ListItem","position":2,"name":"El 43% de las camas de terapia intensiva de la provincia de Buenos Aires est\u00e1n ocupadas"}]},{"@type":"WebSite","@id":"https:\/\/www.noticiasradioreflejos.com.ar\/2021\/#website","url":"https:\/\/www.noticiasradioreflejos.com.ar\/2021\/","name":"Noticias Radio Reflejos","description":"Las noticias de mi comarca","potentialAction":[{"@type":"SearchAction","target":{"@type":"EntryPoint","urlTemplate":"https:\/\/www.noticiasradioreflejos.com.ar\/2021\/?s={search_term_string}"},"query-input":{"@type":"PropertyValueSpecification","valueRequired":true,"valueName":"search_term_string"}}],"inLanguage":"es"},{"@type":"Person","@id":"https:\/\/www.noticiasradioreflejos.com.ar\/2021\/#\/schema\/person\/ad82545263dcc5ec0996818884fd5fb1","name":"Arnaldo Botto","image":{"@type":"ImageObject","inLanguage":"es","@id":"https:\/\/www.noticiasradioreflejos.com.ar\/2021\/#\/schema\/person\/image\/","url":"https:\/\/secure.gravatar.com\/avatar\/55cb5e37c1efa326397366e6974cb338056df65cb50e7d64d1cf314e87504837?s=96&d=mm&r=g","contentUrl":"https:\/\/secure.gravatar.com\/avatar\/55cb5e37c1efa326397366e6974cb338056df65cb50e7d64d1cf314e87504837?s=96&d=mm&r=g","caption":"Arnaldo Botto"},"url":"https:\/\/www.noticiasradioreflejos.com.ar\/2021\/author\/arnaldo\/"}]}},"_links":{"self":[{"href":"https:\/\/www.noticiasradioreflejos.com.ar\/2021\/wp-json\/wp\/v2\/posts\/43101","targetHints":{"allow":["GET"]}}],"collection":[{"href":"https:\/\/www.noticiasradioreflejos.com.ar\/2021\/wp-json\/wp\/v2\/posts"}],"about":[{"href":"https:\/\/www.noticiasradioreflejos.com.ar\/2021\/wp-json\/wp\/v2\/types\/post"}],"author":[{"embeddable":true,"href":"https:\/\/www.noticiasradioreflejos.com.ar\/2021\/wp-json\/wp\/v2\/users\/3"}],"replies":[{"embeddable":true,"href":"https:\/\/www.noticiasradioreflejos.com.ar\/2021\/wp-json\/wp\/v2\/comments?post=43101"}],"version-history":[{"count":0,"href":"https:\/\/www.noticiasradioreflejos.com.ar\/2021\/wp-json\/wp\/v2\/posts\/43101\/revisions"}],"wp:attachment":[{"href":"https:\/\/www.noticiasradioreflejos.com.ar\/2021\/wp-json\/wp\/v2\/media?parent=43101"}],"wp:term":[{"taxonomy":"category","embeddable":true,"href":"https:\/\/www.noticiasradioreflejos.com.ar\/2021\/wp-json\/wp\/v2\/categories?post=43101"},{"taxonomy":"post_tag","embeddable":true,"href":"https:\/\/www.noticiasradioreflejos.com.ar\/2021\/wp-json\/wp\/v2\/tags?post=43101"}],"curies":[{"name":"wp","href":"https:\/\/api.w.org\/{rel}","templated":true}]}}