{"id":43064,"date":"2020-06-10T17:34:45","date_gmt":"2020-06-10T20:34:45","guid":{"rendered":"http:\/\/www.noticiasradioreflejos.com.ar\/noticias\/?p=43064"},"modified":"2020-06-10T17:34:45","modified_gmt":"2020-06-10T20:34:45","slug":"cayo-81-el-uso-de-servicios-publicos-en-marzo-mes-en-el-que-se-puso-en-marcha-el-aislamiento","status":"publish","type":"post","link":"https:\/\/www.noticiasradioreflejos.com.ar\/2021\/cayo-81-el-uso-de-servicios-publicos-en-marzo-mes-en-el-que-se-puso-en-marcha-el-aislamiento\/","title":{"rendered":"Cay\u00f3 8,1% el uso de servicios p\u00fablicos en marzo, mes en el que se puso en marcha el aislamiento"},"content":{"rendered":"<p>El indicador sint\u00e9tico de servicios p\u00fablicos registr\u00f3 una ca\u00edda de 8,1% en marzo pasado, respecto del mismo mes del a\u00f1o anterior, afectado por el retroceso se que verific\u00f3 ensencialmente en el transporte y la circulaci\u00f3n de veh\u00edculos por los peajes a causa de la puesta en marcha de las medidas de aislamiento para morigerar el avance del coronavirus. Seg\u00fan un informe del Indec difundido hoy, en marzo se observ\u00f3 una reducci\u00f3n de 45,5% en el transporte de pasajero y del 15,1% en el transporte de carga respecto a doce meses atr\u00e1s.<!--more--><br \/>\nPor su parte, la cantidad de veh\u00edculos que circularon por los peajes se contrajo 32,7%, el servicio de correo postal tuvo una baja de 22,2% y la telefon\u00eda marc\u00f3 un descenso de 3,4%.<br \/>\nPor el contrario, en marzo la demanda de energ\u00eda el\u00e9ctrica, gas y agua registr\u00f3 una suba de 7,3% interanual, mientras que la recolecci\u00f3n de residuos tuvo una contracci\u00f3n de 10,5%.<br \/>\nEn t\u00e9rminos desestacionalizados, respecto a febrero pasado, en marzo la demanda de energ\u00eda el\u00e9ctrica, gas y agua registr\u00f3 una suba de 2,3%; la recolecci\u00f3n de residuos una variaci\u00f3n negativa de 4,4%; y el transporte en general marc\u00f3 una sensible merma de 42,5%.<\/p>\n","protected":false},"excerpt":{"rendered":"<p>El indicador sint\u00e9tico de servicios p\u00fablicos registr\u00f3 una ca\u00edda de 8,1% en marzo pasado, respecto del mismo mes del a\u00f1o anterior, afectado por el retroceso se que verific\u00f3 ensencialmente en el transporte y la circulaci\u00f3n de veh\u00edculos por los peajes a causa de la puesta en marcha de las medidas de aislamiento para morigerar el [&hellip;]<\/p>\n","protected":false},"author":3,"featured_media":0,"comment_status":"closed","ping_status":"open","sticky":false,"template":"","format":"standard","meta":{"footnotes":""},"categories":[36],"tags":[],"class_list":["post-43064","post","type-post","status-publish","format-standard","hentry","category-economia"],"yoast_head":"<!-- This site is optimized with the Yoast SEO plugin v25.9 - https:\/\/yoast.com\/wordpress\/plugins\/seo\/ -->\n<title>Cay\u00f3 8,1% el uso de servicios p\u00fablicos en marzo, mes en el que se puso en marcha el aislamiento - Noticias Radio Reflejos<\/title>\n<meta name=\"robots\" content=\"index, follow, max-snippet:-1, max-image-preview:large, max-video-preview:-1\" \/>\n<link rel=\"canonical\" href=\"https:\/\/www.noticiasradioreflejos.com.ar\/2021\/cayo-81-el-uso-de-servicios-publicos-en-marzo-mes-en-el-que-se-puso-en-marcha-el-aislamiento\/\" \/>\n<meta property=\"og:locale\" content=\"es_ES\" \/>\n<meta property=\"og:type\" content=\"article\" \/>\n<meta property=\"og:title\" content=\"Cay\u00f3 8,1% el uso de servicios p\u00fablicos en marzo, mes en el que se puso en marcha el aislamiento - Noticias Radio Reflejos\" \/>\n<meta property=\"og:description\" content=\"El indicador sint\u00e9tico de servicios p\u00fablicos registr\u00f3 una ca\u00edda de 8,1% en marzo pasado, respecto del mismo mes del a\u00f1o anterior, afectado por el retroceso se que verific\u00f3 ensencialmente en el transporte y la circulaci\u00f3n de veh\u00edculos por los peajes a causa de la puesta en marcha de las medidas de aislamiento para morigerar el [&hellip;]\" \/>\n<meta property=\"og:url\" content=\"https:\/\/www.noticiasradioreflejos.com.ar\/2021\/cayo-81-el-uso-de-servicios-publicos-en-marzo-mes-en-el-que-se-puso-en-marcha-el-aislamiento\/\" \/>\n<meta property=\"og:site_name\" content=\"Noticias Radio Reflejos\" \/>\n<meta property=\"article:published_time\" content=\"2020-06-10T20:34:45+00:00\" \/>\n<meta property=\"og:image\" content=\"https:\/\/www.noticiasradioreflejos.com.ar\/2021\/wp-content\/uploads\/2021\/07\/logosol300x200.png\" \/>\n\t<meta property=\"og:image:width\" content=\"300\" \/>\n\t<meta property=\"og:image:height\" content=\"200\" \/>\n\t<meta property=\"og:image:type\" content=\"image\/png\" \/>\n<meta name=\"author\" content=\"Arnaldo Botto\" \/>\n<meta name=\"twitter:card\" content=\"summary_large_image\" \/>\n<script type=\"application\/ld+json\" class=\"yoast-schema-graph\">{\"@context\":\"https:\/\/schema.org\",\"@graph\":[{\"@type\":\"WebPage\",\"@id\":\"https:\/\/www.noticiasradioreflejos.com.ar\/2021\/cayo-81-el-uso-de-servicios-publicos-en-marzo-mes-en-el-que-se-puso-en-marcha-el-aislamiento\/\",\"url\":\"https:\/\/www.noticiasradioreflejos.com.ar\/2021\/cayo-81-el-uso-de-servicios-publicos-en-marzo-mes-en-el-que-se-puso-en-marcha-el-aislamiento\/\",\"name\":\"Cay\u00f3 8,1% el uso de servicios p\u00fablicos en marzo, mes en el que se puso en marcha el aislamiento - Noticias Radio Reflejos\",\"isPartOf\":{\"@id\":\"https:\/\/www.noticiasradioreflejos.com.ar\/2021\/#website\"},\"datePublished\":\"2020-06-10T20:34:45+00:00\",\"author\":{\"@id\":\"https:\/\/www.noticiasradioreflejos.com.ar\/2021\/#\/schema\/person\/ad82545263dcc5ec0996818884fd5fb1\"},\"breadcrumb\":{\"@id\":\"https:\/\/www.noticiasradioreflejos.com.ar\/2021\/cayo-81-el-uso-de-servicios-publicos-en-marzo-mes-en-el-que-se-puso-en-marcha-el-aislamiento\/#breadcrumb\"},\"inLanguage\":\"es\",\"potentialAction\":[{\"@type\":\"ReadAction\",\"target\":[\"https:\/\/www.noticiasradioreflejos.com.ar\/2021\/cayo-81-el-uso-de-servicios-publicos-en-marzo-mes-en-el-que-se-puso-en-marcha-el-aislamiento\/\"]}]},{\"@type\":\"BreadcrumbList\",\"@id\":\"https:\/\/www.noticiasradioreflejos.com.ar\/2021\/cayo-81-el-uso-de-servicios-publicos-en-marzo-mes-en-el-que-se-puso-en-marcha-el-aislamiento\/#breadcrumb\",\"itemListElement\":[{\"@type\":\"ListItem\",\"position\":1,\"name\":\"Portada\",\"item\":\"https:\/\/www.noticiasradioreflejos.com.ar\/2021\/\"},{\"@type\":\"ListItem\",\"position\":2,\"name\":\"Cay\u00f3 8,1% el uso de servicios p\u00fablicos en marzo, mes en el que se puso en marcha el aislamiento\"}]},{\"@type\":\"WebSite\",\"@id\":\"https:\/\/www.noticiasradioreflejos.com.ar\/2021\/#website\",\"url\":\"https:\/\/www.noticiasradioreflejos.com.ar\/2021\/\",\"name\":\"Noticias Radio Reflejos\",\"description\":\"Las noticias de mi comarca\",\"potentialAction\":[{\"@type\":\"SearchAction\",\"target\":{\"@type\":\"EntryPoint\",\"urlTemplate\":\"https:\/\/www.noticiasradioreflejos.com.ar\/2021\/?s={search_term_string}\"},\"query-input\":{\"@type\":\"PropertyValueSpecification\",\"valueRequired\":true,\"valueName\":\"search_term_string\"}}],\"inLanguage\":\"es\"},{\"@type\":\"Person\",\"@id\":\"https:\/\/www.noticiasradioreflejos.com.ar\/2021\/#\/schema\/person\/ad82545263dcc5ec0996818884fd5fb1\",\"name\":\"Arnaldo Botto\",\"image\":{\"@type\":\"ImageObject\",\"inLanguage\":\"es\",\"@id\":\"https:\/\/www.noticiasradioreflejos.com.ar\/2021\/#\/schema\/person\/image\/\",\"url\":\"https:\/\/secure.gravatar.com\/avatar\/55cb5e37c1efa326397366e6974cb338056df65cb50e7d64d1cf314e87504837?s=96&d=mm&r=g\",\"contentUrl\":\"https:\/\/secure.gravatar.com\/avatar\/55cb5e37c1efa326397366e6974cb338056df65cb50e7d64d1cf314e87504837?s=96&d=mm&r=g\",\"caption\":\"Arnaldo Botto\"},\"url\":\"https:\/\/www.noticiasradioreflejos.com.ar\/2021\/author\/arnaldo\/\"}]}<\/script>\n<!-- \/ Yoast SEO plugin. -->","yoast_head_json":{"title":"Cay\u00f3 8,1% el uso de servicios p\u00fablicos en marzo, mes en el que se puso en marcha el aislamiento - Noticias Radio Reflejos","robots":{"index":"index","follow":"follow","max-snippet":"max-snippet:-1","max-image-preview":"max-image-preview:large","max-video-preview":"max-video-preview:-1"},"canonical":"https:\/\/www.noticiasradioreflejos.com.ar\/2021\/cayo-81-el-uso-de-servicios-publicos-en-marzo-mes-en-el-que-se-puso-en-marcha-el-aislamiento\/","og_locale":"es_ES","og_type":"article","og_title":"Cay\u00f3 8,1% el uso de servicios p\u00fablicos en marzo, mes en el que se puso en marcha el aislamiento - Noticias Radio Reflejos","og_description":"El indicador sint\u00e9tico de servicios p\u00fablicos registr\u00f3 una ca\u00edda de 8,1% en marzo pasado, respecto del mismo mes del a\u00f1o anterior, afectado por el retroceso se que verific\u00f3 ensencialmente en el transporte y la circulaci\u00f3n de veh\u00edculos por los peajes a causa de la puesta en marcha de las medidas de aislamiento para morigerar el [&hellip;]","og_url":"https:\/\/www.noticiasradioreflejos.com.ar\/2021\/cayo-81-el-uso-de-servicios-publicos-en-marzo-mes-en-el-que-se-puso-en-marcha-el-aislamiento\/","og_site_name":"Noticias Radio Reflejos","article_published_time":"2020-06-10T20:34:45+00:00","og_image":[{"width":300,"height":200,"url":"https:\/\/www.noticiasradioreflejos.com.ar\/2021\/wp-content\/uploads\/2021\/07\/logosol300x200.png","type":"image\/png"}],"author":"Arnaldo Botto","twitter_card":"summary_large_image","schema":{"@context":"https:\/\/schema.org","@graph":[{"@type":"WebPage","@id":"https:\/\/www.noticiasradioreflejos.com.ar\/2021\/cayo-81-el-uso-de-servicios-publicos-en-marzo-mes-en-el-que-se-puso-en-marcha-el-aislamiento\/","url":"https:\/\/www.noticiasradioreflejos.com.ar\/2021\/cayo-81-el-uso-de-servicios-publicos-en-marzo-mes-en-el-que-se-puso-en-marcha-el-aislamiento\/","name":"Cay\u00f3 8,1% el uso de servicios p\u00fablicos en marzo, mes en el que se puso en marcha el aislamiento - Noticias Radio Reflejos","isPartOf":{"@id":"https:\/\/www.noticiasradioreflejos.com.ar\/2021\/#website"},"datePublished":"2020-06-10T20:34:45+00:00","author":{"@id":"https:\/\/www.noticiasradioreflejos.com.ar\/2021\/#\/schema\/person\/ad82545263dcc5ec0996818884fd5fb1"},"breadcrumb":{"@id":"https:\/\/www.noticiasradioreflejos.com.ar\/2021\/cayo-81-el-uso-de-servicios-publicos-en-marzo-mes-en-el-que-se-puso-en-marcha-el-aislamiento\/#breadcrumb"},"inLanguage":"es","potentialAction":[{"@type":"ReadAction","target":["https:\/\/www.noticiasradioreflejos.com.ar\/2021\/cayo-81-el-uso-de-servicios-publicos-en-marzo-mes-en-el-que-se-puso-en-marcha-el-aislamiento\/"]}]},{"@type":"BreadcrumbList","@id":"https:\/\/www.noticiasradioreflejos.com.ar\/2021\/cayo-81-el-uso-de-servicios-publicos-en-marzo-mes-en-el-que-se-puso-en-marcha-el-aislamiento\/#breadcrumb","itemListElement":[{"@type":"ListItem","position":1,"name":"Portada","item":"https:\/\/www.noticiasradioreflejos.com.ar\/2021\/"},{"@type":"ListItem","position":2,"name":"Cay\u00f3 8,1% el uso de servicios p\u00fablicos en marzo, mes en el que se puso en marcha el aislamiento"}]},{"@type":"WebSite","@id":"https:\/\/www.noticiasradioreflejos.com.ar\/2021\/#website","url":"https:\/\/www.noticiasradioreflejos.com.ar\/2021\/","name":"Noticias Radio Reflejos","description":"Las noticias de mi comarca","potentialAction":[{"@type":"SearchAction","target":{"@type":"EntryPoint","urlTemplate":"https:\/\/www.noticiasradioreflejos.com.ar\/2021\/?s={search_term_string}"},"query-input":{"@type":"PropertyValueSpecification","valueRequired":true,"valueName":"search_term_string"}}],"inLanguage":"es"},{"@type":"Person","@id":"https:\/\/www.noticiasradioreflejos.com.ar\/2021\/#\/schema\/person\/ad82545263dcc5ec0996818884fd5fb1","name":"Arnaldo Botto","image":{"@type":"ImageObject","inLanguage":"es","@id":"https:\/\/www.noticiasradioreflejos.com.ar\/2021\/#\/schema\/person\/image\/","url":"https:\/\/secure.gravatar.com\/avatar\/55cb5e37c1efa326397366e6974cb338056df65cb50e7d64d1cf314e87504837?s=96&d=mm&r=g","contentUrl":"https:\/\/secure.gravatar.com\/avatar\/55cb5e37c1efa326397366e6974cb338056df65cb50e7d64d1cf314e87504837?s=96&d=mm&r=g","caption":"Arnaldo Botto"},"url":"https:\/\/www.noticiasradioreflejos.com.ar\/2021\/author\/arnaldo\/"}]}},"_links":{"self":[{"href":"https:\/\/www.noticiasradioreflejos.com.ar\/2021\/wp-json\/wp\/v2\/posts\/43064","targetHints":{"allow":["GET"]}}],"collection":[{"href":"https:\/\/www.noticiasradioreflejos.com.ar\/2021\/wp-json\/wp\/v2\/posts"}],"about":[{"href":"https:\/\/www.noticiasradioreflejos.com.ar\/2021\/wp-json\/wp\/v2\/types\/post"}],"author":[{"embeddable":true,"href":"https:\/\/www.noticiasradioreflejos.com.ar\/2021\/wp-json\/wp\/v2\/users\/3"}],"replies":[{"embeddable":true,"href":"https:\/\/www.noticiasradioreflejos.com.ar\/2021\/wp-json\/wp\/v2\/comments?post=43064"}],"version-history":[{"count":0,"href":"https:\/\/www.noticiasradioreflejos.com.ar\/2021\/wp-json\/wp\/v2\/posts\/43064\/revisions"}],"wp:attachment":[{"href":"https:\/\/www.noticiasradioreflejos.com.ar\/2021\/wp-json\/wp\/v2\/media?parent=43064"}],"wp:term":[{"taxonomy":"category","embeddable":true,"href":"https:\/\/www.noticiasradioreflejos.com.ar\/2021\/wp-json\/wp\/v2\/categories?post=43064"},{"taxonomy":"post_tag","embeddable":true,"href":"https:\/\/www.noticiasradioreflejos.com.ar\/2021\/wp-json\/wp\/v2\/tags?post=43064"}],"curies":[{"name":"wp","href":"https:\/\/api.w.org\/{rel}","templated":true}]}}