{"id":43052,"date":"2020-06-10T17:17:25","date_gmt":"2020-06-10T20:17:25","guid":{"rendered":"http:\/\/www.noticiasradioreflejos.com.ar\/noticias\/?p=43052"},"modified":"2020-06-10T17:17:25","modified_gmt":"2020-06-10T20:17:25","slug":"segundo-encuentro-docente-de-la-especialidad-de-policia-rural","status":"publish","type":"post","link":"https:\/\/www.noticiasradioreflejos.com.ar\/2021\/segundo-encuentro-docente-de-la-especialidad-de-policia-rural\/","title":{"rendered":"\u201cSegundo encuentro docente de la especialidad de Polic\u00eda Rural\u201d"},"content":{"rendered":"<p>En el d\u00eda de la fecha (09-06-2020) y por directivas del Sr. Superintendente de la Polic\u00eda de Seguridad Rural, Comisario General Fernando Arrubia, y dando cumplimiento a directivas emanadas del Ministerio de Seguridad, se llev\u00f3 a cabo en la localidad de Tres Arroyos, el \u201cSegundo encuentro docente de la especialidad de Polic\u00eda Rural\u201d,<!--more--><\/p>\n<p>con la finalidad de organizar la 3era. reedici\u00f3n y dictado del Curso de Seguridad y Prevenci\u00f3n Rural \u2013 Nivel 1 (virtual), en el cual se prevee contar con la participaci\u00f3n de Instituciones relacionadas a la actividad rural como: Inta, Senasa, Ministerio de Desarrollo Agrario, OPDS, IPCVA, Sociedad Rural Argentina, Carbap, Centro de Consignatarios de Productos del Pa\u00eds, (mercado de Liniers), contemplando asimismo el Nivel 2 del mismo y el dise\u00f1o de la curr\u00edcula para la Tecnicatura en Seguridad Rural que tendr\u00eda inicio el a\u00f1o 2021 en el Centro de Alto Estudios en Especialidad Policiales (CAEEP)\u00a0. De esta manera se planifica continuar con la actualizaci\u00f3n, perfeccionamiento y ampliaci\u00f3n de conocimiento operativos de la Polic\u00eda Rural a los fines de dar un mejor servicio a la comunidad del campo y en general a toda la sociedad.<br \/>\nParticip\u00f3 de la misma, en representaci\u00f3n de la Coordinaci\u00f3n Zonal de Seguridad Rural Bahia Blanca, el Comisario Inspector Sollberger Marco, Sub-Coordinador Zonal de Seguridad Rural Bah\u00eda Blanca.<br \/>\nParticipar\u00e1n de dicho curso, personal de los Comandos de Prevenci\u00f3n Rural a los fines de capacitarse y mejorar a\u00fan m\u00e1s la prestaci\u00f3n de servicio a la comunidad.<br \/>\n<a title=\"Nueva imagen (1)\" href=\"http:\/\/live.staticflickr.com\/65535\/49992241003_06eb9c88c2_s.jpg\" rel=\"\"><img loading=\"lazy\" decoding=\"async\" class=\"aligncenter\" title=\"Nueva imagen (1)\" src=\"http:\/\/live.staticflickr.com\/65535\/49992241003_006ba98660_o.jpg\" alt=\"Nueva imagen (1)\" width=\"556\" height=\"406\" \/><\/a><\/p>\n","protected":false},"excerpt":{"rendered":"<p>En el d\u00eda de la fecha (09-06-2020) y por directivas del Sr. Superintendente de la Polic\u00eda de Seguridad Rural, Comisario General Fernando Arrubia, y dando cumplimiento a directivas emanadas del Ministerio de Seguridad, se llev\u00f3 a cabo en la localidad de Tres Arroyos, el \u201cSegundo encuentro docente de la especialidad de Polic\u00eda Rural\u201d,<\/p>\n","protected":false},"author":3,"featured_media":0,"comment_status":"closed","ping_status":"open","sticky":false,"template":"","format":"standard","meta":{"footnotes":""},"categories":[29],"tags":[],"class_list":["post-43052","post","type-post","status-publish","format-standard","hentry","category-policiales"],"yoast_head":"<!-- This site is optimized with the Yoast SEO plugin v25.9 - https:\/\/yoast.com\/wordpress\/plugins\/seo\/ -->\n<title>\u201cSegundo encuentro docente de la especialidad de Polic\u00eda Rural\u201d - Noticias Radio Reflejos<\/title>\n<meta name=\"robots\" content=\"index, follow, max-snippet:-1, max-image-preview:large, max-video-preview:-1\" \/>\n<link rel=\"canonical\" href=\"https:\/\/www.noticiasradioreflejos.com.ar\/2021\/segundo-encuentro-docente-de-la-especialidad-de-policia-rural\/\" \/>\n<meta property=\"og:locale\" content=\"es_ES\" \/>\n<meta property=\"og:type\" content=\"article\" \/>\n<meta property=\"og:title\" content=\"\u201cSegundo encuentro docente de la especialidad de Polic\u00eda Rural\u201d - Noticias Radio Reflejos\" \/>\n<meta property=\"og:description\" content=\"En el d\u00eda de la fecha (09-06-2020) y por directivas del Sr. Superintendente de la Polic\u00eda de Seguridad Rural, Comisario General Fernando Arrubia, y dando cumplimiento a directivas emanadas del Ministerio de Seguridad, se llev\u00f3 a cabo en la localidad de Tres Arroyos, el \u201cSegundo encuentro docente de la especialidad de Polic\u00eda Rural\u201d,\" \/>\n<meta property=\"og:url\" content=\"https:\/\/www.noticiasradioreflejos.com.ar\/2021\/segundo-encuentro-docente-de-la-especialidad-de-policia-rural\/\" \/>\n<meta property=\"og:site_name\" content=\"Noticias Radio Reflejos\" \/>\n<meta property=\"article:published_time\" content=\"2020-06-10T20:17:25+00:00\" \/>\n<meta property=\"og:image\" content=\"http:\/\/live.staticflickr.com\/65535\/49992241003_006ba98660_o.jpg\" \/>\n<meta name=\"author\" content=\"Arnaldo Botto\" \/>\n<meta name=\"twitter:card\" content=\"summary_large_image\" \/>\n<script type=\"application\/ld+json\" class=\"yoast-schema-graph\">{\"@context\":\"https:\/\/schema.org\",\"@graph\":[{\"@type\":\"WebPage\",\"@id\":\"https:\/\/www.noticiasradioreflejos.com.ar\/2021\/segundo-encuentro-docente-de-la-especialidad-de-policia-rural\/\",\"url\":\"https:\/\/www.noticiasradioreflejos.com.ar\/2021\/segundo-encuentro-docente-de-la-especialidad-de-policia-rural\/\",\"name\":\"\u201cSegundo encuentro docente de la especialidad de Polic\u00eda Rural\u201d - Noticias Radio Reflejos\",\"isPartOf\":{\"@id\":\"https:\/\/www.noticiasradioreflejos.com.ar\/2021\/#website\"},\"primaryImageOfPage\":{\"@id\":\"https:\/\/www.noticiasradioreflejos.com.ar\/2021\/segundo-encuentro-docente-de-la-especialidad-de-policia-rural\/#primaryimage\"},\"image\":{\"@id\":\"https:\/\/www.noticiasradioreflejos.com.ar\/2021\/segundo-encuentro-docente-de-la-especialidad-de-policia-rural\/#primaryimage\"},\"thumbnailUrl\":\"http:\/\/live.staticflickr.com\/65535\/49992241003_006ba98660_o.jpg\",\"datePublished\":\"2020-06-10T20:17:25+00:00\",\"author\":{\"@id\":\"https:\/\/www.noticiasradioreflejos.com.ar\/2021\/#\/schema\/person\/ad82545263dcc5ec0996818884fd5fb1\"},\"breadcrumb\":{\"@id\":\"https:\/\/www.noticiasradioreflejos.com.ar\/2021\/segundo-encuentro-docente-de-la-especialidad-de-policia-rural\/#breadcrumb\"},\"inLanguage\":\"es\",\"potentialAction\":[{\"@type\":\"ReadAction\",\"target\":[\"https:\/\/www.noticiasradioreflejos.com.ar\/2021\/segundo-encuentro-docente-de-la-especialidad-de-policia-rural\/\"]}]},{\"@type\":\"ImageObject\",\"inLanguage\":\"es\",\"@id\":\"https:\/\/www.noticiasradioreflejos.com.ar\/2021\/segundo-encuentro-docente-de-la-especialidad-de-policia-rural\/#primaryimage\",\"url\":\"http:\/\/live.staticflickr.com\/65535\/49992241003_006ba98660_o.jpg\",\"contentUrl\":\"http:\/\/live.staticflickr.com\/65535\/49992241003_006ba98660_o.jpg\"},{\"@type\":\"BreadcrumbList\",\"@id\":\"https:\/\/www.noticiasradioreflejos.com.ar\/2021\/segundo-encuentro-docente-de-la-especialidad-de-policia-rural\/#breadcrumb\",\"itemListElement\":[{\"@type\":\"ListItem\",\"position\":1,\"name\":\"Portada\",\"item\":\"https:\/\/www.noticiasradioreflejos.com.ar\/2021\/\"},{\"@type\":\"ListItem\",\"position\":2,\"name\":\"\u201cSegundo encuentro docente de la especialidad de Polic\u00eda Rural\u201d\"}]},{\"@type\":\"WebSite\",\"@id\":\"https:\/\/www.noticiasradioreflejos.com.ar\/2021\/#website\",\"url\":\"https:\/\/www.noticiasradioreflejos.com.ar\/2021\/\",\"name\":\"Noticias Radio Reflejos\",\"description\":\"Las noticias de mi comarca\",\"potentialAction\":[{\"@type\":\"SearchAction\",\"target\":{\"@type\":\"EntryPoint\",\"urlTemplate\":\"https:\/\/www.noticiasradioreflejos.com.ar\/2021\/?s={search_term_string}\"},\"query-input\":{\"@type\":\"PropertyValueSpecification\",\"valueRequired\":true,\"valueName\":\"search_term_string\"}}],\"inLanguage\":\"es\"},{\"@type\":\"Person\",\"@id\":\"https:\/\/www.noticiasradioreflejos.com.ar\/2021\/#\/schema\/person\/ad82545263dcc5ec0996818884fd5fb1\",\"name\":\"Arnaldo Botto\",\"image\":{\"@type\":\"ImageObject\",\"inLanguage\":\"es\",\"@id\":\"https:\/\/www.noticiasradioreflejos.com.ar\/2021\/#\/schema\/person\/image\/\",\"url\":\"https:\/\/secure.gravatar.com\/avatar\/55cb5e37c1efa326397366e6974cb338056df65cb50e7d64d1cf314e87504837?s=96&d=mm&r=g\",\"contentUrl\":\"https:\/\/secure.gravatar.com\/avatar\/55cb5e37c1efa326397366e6974cb338056df65cb50e7d64d1cf314e87504837?s=96&d=mm&r=g\",\"caption\":\"Arnaldo Botto\"},\"url\":\"https:\/\/www.noticiasradioreflejos.com.ar\/2021\/author\/arnaldo\/\"}]}<\/script>\n<!-- \/ Yoast SEO plugin. -->","yoast_head_json":{"title":"\u201cSegundo encuentro docente de la especialidad de Polic\u00eda Rural\u201d - Noticias Radio Reflejos","robots":{"index":"index","follow":"follow","max-snippet":"max-snippet:-1","max-image-preview":"max-image-preview:large","max-video-preview":"max-video-preview:-1"},"canonical":"https:\/\/www.noticiasradioreflejos.com.ar\/2021\/segundo-encuentro-docente-de-la-especialidad-de-policia-rural\/","og_locale":"es_ES","og_type":"article","og_title":"\u201cSegundo encuentro docente de la especialidad de Polic\u00eda Rural\u201d - Noticias Radio Reflejos","og_description":"En el d\u00eda de la fecha (09-06-2020) y por directivas del Sr. Superintendente de la Polic\u00eda de Seguridad Rural, Comisario General Fernando Arrubia, y dando cumplimiento a directivas emanadas del Ministerio de Seguridad, se llev\u00f3 a cabo en la localidad de Tres Arroyos, el \u201cSegundo encuentro docente de la especialidad de Polic\u00eda Rural\u201d,","og_url":"https:\/\/www.noticiasradioreflejos.com.ar\/2021\/segundo-encuentro-docente-de-la-especialidad-de-policia-rural\/","og_site_name":"Noticias Radio Reflejos","article_published_time":"2020-06-10T20:17:25+00:00","og_image":[{"url":"http:\/\/live.staticflickr.com\/65535\/49992241003_006ba98660_o.jpg","type":"","width":"","height":""}],"author":"Arnaldo Botto","twitter_card":"summary_large_image","schema":{"@context":"https:\/\/schema.org","@graph":[{"@type":"WebPage","@id":"https:\/\/www.noticiasradioreflejos.com.ar\/2021\/segundo-encuentro-docente-de-la-especialidad-de-policia-rural\/","url":"https:\/\/www.noticiasradioreflejos.com.ar\/2021\/segundo-encuentro-docente-de-la-especialidad-de-policia-rural\/","name":"\u201cSegundo encuentro docente de la especialidad de Polic\u00eda Rural\u201d - Noticias Radio Reflejos","isPartOf":{"@id":"https:\/\/www.noticiasradioreflejos.com.ar\/2021\/#website"},"primaryImageOfPage":{"@id":"https:\/\/www.noticiasradioreflejos.com.ar\/2021\/segundo-encuentro-docente-de-la-especialidad-de-policia-rural\/#primaryimage"},"image":{"@id":"https:\/\/www.noticiasradioreflejos.com.ar\/2021\/segundo-encuentro-docente-de-la-especialidad-de-policia-rural\/#primaryimage"},"thumbnailUrl":"http:\/\/live.staticflickr.com\/65535\/49992241003_006ba98660_o.jpg","datePublished":"2020-06-10T20:17:25+00:00","author":{"@id":"https:\/\/www.noticiasradioreflejos.com.ar\/2021\/#\/schema\/person\/ad82545263dcc5ec0996818884fd5fb1"},"breadcrumb":{"@id":"https:\/\/www.noticiasradioreflejos.com.ar\/2021\/segundo-encuentro-docente-de-la-especialidad-de-policia-rural\/#breadcrumb"},"inLanguage":"es","potentialAction":[{"@type":"ReadAction","target":["https:\/\/www.noticiasradioreflejos.com.ar\/2021\/segundo-encuentro-docente-de-la-especialidad-de-policia-rural\/"]}]},{"@type":"ImageObject","inLanguage":"es","@id":"https:\/\/www.noticiasradioreflejos.com.ar\/2021\/segundo-encuentro-docente-de-la-especialidad-de-policia-rural\/#primaryimage","url":"http:\/\/live.staticflickr.com\/65535\/49992241003_006ba98660_o.jpg","contentUrl":"http:\/\/live.staticflickr.com\/65535\/49992241003_006ba98660_o.jpg"},{"@type":"BreadcrumbList","@id":"https:\/\/www.noticiasradioreflejos.com.ar\/2021\/segundo-encuentro-docente-de-la-especialidad-de-policia-rural\/#breadcrumb","itemListElement":[{"@type":"ListItem","position":1,"name":"Portada","item":"https:\/\/www.noticiasradioreflejos.com.ar\/2021\/"},{"@type":"ListItem","position":2,"name":"\u201cSegundo encuentro docente de la especialidad de Polic\u00eda Rural\u201d"}]},{"@type":"WebSite","@id":"https:\/\/www.noticiasradioreflejos.com.ar\/2021\/#website","url":"https:\/\/www.noticiasradioreflejos.com.ar\/2021\/","name":"Noticias Radio Reflejos","description":"Las noticias de mi comarca","potentialAction":[{"@type":"SearchAction","target":{"@type":"EntryPoint","urlTemplate":"https:\/\/www.noticiasradioreflejos.com.ar\/2021\/?s={search_term_string}"},"query-input":{"@type":"PropertyValueSpecification","valueRequired":true,"valueName":"search_term_string"}}],"inLanguage":"es"},{"@type":"Person","@id":"https:\/\/www.noticiasradioreflejos.com.ar\/2021\/#\/schema\/person\/ad82545263dcc5ec0996818884fd5fb1","name":"Arnaldo Botto","image":{"@type":"ImageObject","inLanguage":"es","@id":"https:\/\/www.noticiasradioreflejos.com.ar\/2021\/#\/schema\/person\/image\/","url":"https:\/\/secure.gravatar.com\/avatar\/55cb5e37c1efa326397366e6974cb338056df65cb50e7d64d1cf314e87504837?s=96&d=mm&r=g","contentUrl":"https:\/\/secure.gravatar.com\/avatar\/55cb5e37c1efa326397366e6974cb338056df65cb50e7d64d1cf314e87504837?s=96&d=mm&r=g","caption":"Arnaldo Botto"},"url":"https:\/\/www.noticiasradioreflejos.com.ar\/2021\/author\/arnaldo\/"}]}},"_links":{"self":[{"href":"https:\/\/www.noticiasradioreflejos.com.ar\/2021\/wp-json\/wp\/v2\/posts\/43052","targetHints":{"allow":["GET"]}}],"collection":[{"href":"https:\/\/www.noticiasradioreflejos.com.ar\/2021\/wp-json\/wp\/v2\/posts"}],"about":[{"href":"https:\/\/www.noticiasradioreflejos.com.ar\/2021\/wp-json\/wp\/v2\/types\/post"}],"author":[{"embeddable":true,"href":"https:\/\/www.noticiasradioreflejos.com.ar\/2021\/wp-json\/wp\/v2\/users\/3"}],"replies":[{"embeddable":true,"href":"https:\/\/www.noticiasradioreflejos.com.ar\/2021\/wp-json\/wp\/v2\/comments?post=43052"}],"version-history":[{"count":0,"href":"https:\/\/www.noticiasradioreflejos.com.ar\/2021\/wp-json\/wp\/v2\/posts\/43052\/revisions"}],"wp:attachment":[{"href":"https:\/\/www.noticiasradioreflejos.com.ar\/2021\/wp-json\/wp\/v2\/media?parent=43052"}],"wp:term":[{"taxonomy":"category","embeddable":true,"href":"https:\/\/www.noticiasradioreflejos.com.ar\/2021\/wp-json\/wp\/v2\/categories?post=43052"},{"taxonomy":"post_tag","embeddable":true,"href":"https:\/\/www.noticiasradioreflejos.com.ar\/2021\/wp-json\/wp\/v2\/tags?post=43052"}],"curies":[{"name":"wp","href":"https:\/\/api.w.org\/{rel}","templated":true}]}}