{"id":43040,"date":"2020-06-10T17:32:20","date_gmt":"2020-06-10T20:32:20","guid":{"rendered":"http:\/\/www.noticiasradioreflejos.com.ar\/noticias\/?p=43040"},"modified":"2020-06-10T17:32:20","modified_gmt":"2020-06-10T20:32:20","slug":"en-tornquist-hay-28-camas-tenemos-que-cuidarnos-porque-el-sistema-de-salud-colapsaria-con-muy-pocos-infectados-sergio-bordoni","status":"publish","type":"post","link":"https:\/\/www.noticiasradioreflejos.com.ar\/2021\/en-tornquist-hay-28-camas-tenemos-que-cuidarnos-porque-el-sistema-de-salud-colapsaria-con-muy-pocos-infectados-sergio-bordoni\/","title":{"rendered":"\u00bb En Tornquist hay 28 camas, tenemos que cuidarnos porque el sistema de salud colapsar\u00eda con muy pocos infectados\u00bb. Sergio Bordoni."},"content":{"rendered":"<p>El intendente de Tornquist\u00a0 Sergio Bordoni asegur\u00f3 esta ma\u00f1ana en FM Reflejos, que se abrir\u00e1n bares y restaurantes el pr\u00f3ximo fin de semana y que est\u00e1 firme la decisi\u00f3n de no dejar ingresar a\u00a0personas que pretendan ingresar y provengan de ciudades con circulaci\u00f3n de coronavirus.\u00a0Analizamos la fase 5 que comenz\u00f3 en el distrito y las futuras medidas para que el turismo pueda comenzar a funcionar en la regi\u00f3n. Comenzamos conversando sobre las actividades que se flexibilizar\u00e1n este fin de semana: \u00abTodav\u00eda no hemos recibido el decreto de Provincia, lo estamos esperando. Pero estamos convencidos de que con el protocolo de Naci\u00f3n, el cual lo vamos a estar evaluando pronto, podremos abrir bares y restaurantes en todo Tornquist\u00bb.<!--more--><\/p>\n<p>El Intendente comparti\u00f3 su opini\u00f3n acerca de las medidas flexibilizadoras tomadas por el Intendente de CABA, Horacio Rodr\u00edguez Larreta, durante el crecimiento de la curva de infectados: \u00abLo que pasa en Buenos Aires, en el AMBA, el Conurbano, ver tanta gente corriendo a la noche me caus\u00f3 una sensaci\u00f3n extra\u00f1a porque los casos siguen aumentando. Nosotros tenemos flexibilizaci\u00f3n en el interior porque no son las mismas condiciones que all\u00e1, pero sabr\u00e1n ellos por qu\u00e9 lo hacen. La gente se la jug\u00f3 porque no aguanta m\u00e1s estar encerrada\u00bb.<\/p>\n<p><a title=\"Comerciantes y Autoridades en Sierra (13)\" href=\"http:\/\/live.staticflickr.com\/65535\/49972840603_101b10bc8c_s.jpg\" rel=\"\"><img loading=\"lazy\" decoding=\"async\" class=\"alignleft\" style=\"float: left;\" title=\"Comerciantes y Autoridades en Sierra (13)\" src=\"http:\/\/live.staticflickr.com\/65535\/49972840603_101b10bc8c.jpg\" alt=\"Comerciantes y Autoridades en Sierra (13)\" width=\"500\" height=\"281\" \/><\/a>Con respecto a los enojos y reacciones de parte de los bahienses sobre las medidas de cierre del distrito tomada por las autoridades, Bordoni respondi\u00f3: \u00abtienen que entender que estamos muy cerca y que la gente que viaja a all\u00e1 es por razones de fuerza mayor. En Tornquist tenemos 28 camas, tenemos que cuidarnos porque el sistema de salud ac\u00e1 colapsar\u00eda con muy pocos infectados\u00bb.<\/p>\n<p>\u00abEstamos evaluando c\u00f3mo est\u00e1 funcionando la circulaci\u00f3n interna de nuestro distrito y ya mandamos la petici\u00f3n de poder abrir el turismo regional entre los partidos que no tienen casos, y que nosotros podamos viajar a aquellos lugares. Pero estamos haciendo todo paso a paso para mantener la seguridad de todos\u00bb, explic\u00f3 Sergio las cuestiones que se est\u00e1n analizando en el momento. Sostuvo que son riesgos que se tienen que tomar, porque la gente necesita trabajar pero asegurando que se est\u00e1 haciendo todo con criterio y cuidado.<\/p>\n<p>En la nota, el Intendente aclara que los locales que se abrir\u00e1n van a ser s\u00f3lo bares y restaurantes. Tambi\u00e9n explica que los visitantes que recibir\u00edamos, en un futuro cercano, no podr\u00edan alojarse en el distrito porque el rubro de hoteler\u00eda se encontrar\u00eda cerrado. Por lo tanto, los turistas que vengan de otros partidos, visitar\u00edan nuestros puntos tur\u00edsticos, y volver\u00edan a sus casas al finalizar el d\u00eda.<\/p>\n<p>Tambi\u00e9n conversamos sobre los supuestos dichos del Intendente de Bah\u00eda Blanca, H\u00e9ctor Gay, el cual habr\u00eda dicho que no se les iba a permitir la entrada a los tornquistenses a su distrito despu\u00e9s de las medidas tomadas por las autoridades de Tornquist. \u00abHabl\u00e9 con Gay y no fue tan as\u00ed, me explic\u00f3 que quienes lo entrevistaron le \u00abclavaron el pu\u00f1al\u00bb para decir las cosas de esa manera. Pero est\u00e1 todo bien y le aclar\u00e9 que si existen bahienses que necesitan venir al distrito por razones de fuerza mayor, van a tener las puertas abiertas. Pero no podemos permitir que vengan a vacacionar o a ver sus casas, en eso voy a ser inflexible hasta que dejen de aparecer casos en Bah\u00eda Blanca por 15 d\u00edas\u00bb, sentenci\u00f3 Sergio firmemente.<\/p>\n<p>Bordoni nos explic\u00f3 que flexibiliz\u00f3 los d\u00edas de caminata y extendi\u00f3 el horario de salida porque \u00abqueremos ver qu\u00e9 pasa si dentro de nuestro distrito hay circulaci\u00f3n, para evaluar si es posible la apertura a la regi\u00f3n\u00bb. Entre las otras medidas de la Fase 5 de cuarentena, se incluyen la apertura de restaurantes y bares y el horario de salida se extender\u00eda hasta la 1 de la madrugada. El resto de los comercios, estar\u00e1n abiertos hasta las 21.<\/p>\n<p>En caso de aparecer contagiados de COVID en el Hospital Municipal, el Intendente piensa en mover a los infectados a los hoteles locales e internarlos all\u00ed para mantenerlos aislados del resto de los pacientes. Nos cuenta en la nota que, en esta \u00e9poca del a\u00f1o, son muchos los enfermos que se acercan a la instituci\u00f3n para ser atendidos, y que de los 15 casos descartados de coronavirus, 4 ten\u00edan neumon\u00eda y fallecieron. \u00abCreo que tenemos que prestarle m\u00e1s atenci\u00f3n a la neumon\u00eda por ahora, que la podemos tratar y est\u00e1n apareciendo muchos casos\u00bb opin\u00f3.<\/p>\n<p>Al hablar del tema inspecciones en los comercios, Bordoni respondi\u00f3: \u00abDeber\u00edamos reforzar las inspecciones en los comercios, pero la misma gente que va y que atiende tiene la responsabilidad de cuidarse. El Estado no puede hacer todo. Si llega a haber un solo caso de COVID en el distrito, volvemos a Fase 1 y se van a cerrar todos los comercios. Si saben de alguien que no hace las cosas como corresponde, denuncien y nosotros actuaremos\u00bb.<\/p>\n<p>Finalmente, Sergio nos comunic\u00f3 que esta tarde se reunir\u00e1n las autoridades del distrito para analizar el decreto de Provincia: \u00abQuiero ser cauto al flexibilizar las actividades porque no quiero permitir algo que luego Provincia lo proh\u00edba. As\u00ed que estamos siendo pacientes para seguir avanzando en la fase 5\u00bb.<\/p>\n<p>Nota completa a continuaci\u00f3n:<br \/>\n<iframe loading=\"lazy\" src=\"https:\/\/w.soundcloud.com\/player\/?url=https%3A\/\/api.soundcloud.com\/tracks\/837685864&amp;color=%23ff5500&amp;auto_play=false&amp;hide_related=false&amp;show_comments=true&amp;show_user=true&amp;show_reposts=false&amp;show_teaser=true\" width=\"100%\" height=\"166\" frameborder=\"no\" scrolling=\"no\"><\/iframe><\/p>\n<div style=\"font-size: 10px; color: #cccccc; line-break: anywhere; word-break: normal; overflow: hidden; white-space: nowrap; text-overflow: ellipsis; font-family: Interstate,Lucida Grande,Lucida Sans Unicode,Lucida Sans,Garuda,Verdana,Tahoma,sans-serif; font-weight: 100;\"><a style=\"color: #cccccc; text-decoration: none;\" title=\"fmreflejos 103.7\" href=\"https:\/\/soundcloud.com\/fmreflejos-103-7\" target=\"_blank\" rel=\"noopener\">fmreflejos 103.7<\/a> \u00b7 <a style=\"color: #cccccc; text-decoration: none;\" title=\"Sergio Bordoni\" href=\"https:\/\/soundcloud.com\/fmreflejos-103-7\/sergio-bordoni-887416522\" target=\"_blank\" rel=\"noopener\">Sergio Bordoni<\/a><\/div>\n","protected":false},"excerpt":{"rendered":"<p>El intendente de Tornquist\u00a0 Sergio Bordoni asegur\u00f3 esta ma\u00f1ana en FM Reflejos, que se abrir\u00e1n bares y restaurantes el pr\u00f3ximo fin de semana y que est\u00e1 firme la decisi\u00f3n de no dejar ingresar a\u00a0personas que pretendan ingresar y provengan de ciudades con circulaci\u00f3n de coronavirus.\u00a0Analizamos la fase 5 que comenz\u00f3 en el distrito y las [&hellip;]<\/p>\n","protected":false},"author":3,"featured_media":0,"comment_status":"closed","ping_status":"open","sticky":false,"template":"","format":"standard","meta":{"footnotes":""},"categories":[24],"tags":[],"class_list":["post-43040","post","type-post","status-publish","format-standard","hentry","category-politica"],"yoast_head":"<!-- This site is optimized with the Yoast SEO plugin v25.9 - https:\/\/yoast.com\/wordpress\/plugins\/seo\/ -->\n<title>&quot; En Tornquist hay 28 camas, tenemos que cuidarnos porque el sistema de salud colapsar\u00eda con muy pocos infectados&quot;. Sergio Bordoni. - Noticias Radio Reflejos<\/title>\n<meta name=\"robots\" content=\"index, follow, max-snippet:-1, max-image-preview:large, max-video-preview:-1\" \/>\n<link rel=\"canonical\" href=\"https:\/\/www.noticiasradioreflejos.com.ar\/2021\/en-tornquist-hay-28-camas-tenemos-que-cuidarnos-porque-el-sistema-de-salud-colapsaria-con-muy-pocos-infectados-sergio-bordoni\/\" \/>\n<meta property=\"og:locale\" content=\"es_ES\" \/>\n<meta property=\"og:type\" content=\"article\" \/>\n<meta property=\"og:title\" content=\"&quot; En Tornquist hay 28 camas, tenemos que cuidarnos porque el sistema de salud colapsar\u00eda con muy pocos infectados&quot;. Sergio Bordoni. - Noticias Radio Reflejos\" \/>\n<meta property=\"og:description\" content=\"El intendente de Tornquist\u00a0 Sergio Bordoni asegur\u00f3 esta ma\u00f1ana en FM Reflejos, que se abrir\u00e1n bares y restaurantes el pr\u00f3ximo fin de semana y que est\u00e1 firme la decisi\u00f3n de no dejar ingresar a\u00a0personas que pretendan ingresar y provengan de ciudades con circulaci\u00f3n de coronavirus.\u00a0Analizamos la fase 5 que comenz\u00f3 en el distrito y las [&hellip;]\" \/>\n<meta property=\"og:url\" content=\"https:\/\/www.noticiasradioreflejos.com.ar\/2021\/en-tornquist-hay-28-camas-tenemos-que-cuidarnos-porque-el-sistema-de-salud-colapsaria-con-muy-pocos-infectados-sergio-bordoni\/\" \/>\n<meta property=\"og:site_name\" content=\"Noticias Radio Reflejos\" \/>\n<meta property=\"article:published_time\" content=\"2020-06-10T20:32:20+00:00\" \/>\n<meta property=\"og:image\" content=\"http:\/\/live.staticflickr.com\/65535\/49972840603_101b10bc8c.jpg\" \/>\n<meta name=\"author\" content=\"Arnaldo Botto\" \/>\n<meta name=\"twitter:card\" content=\"summary_large_image\" \/>\n<script type=\"application\/ld+json\" class=\"yoast-schema-graph\">{\"@context\":\"https:\/\/schema.org\",\"@graph\":[{\"@type\":\"WebPage\",\"@id\":\"https:\/\/www.noticiasradioreflejos.com.ar\/2021\/en-tornquist-hay-28-camas-tenemos-que-cuidarnos-porque-el-sistema-de-salud-colapsaria-con-muy-pocos-infectados-sergio-bordoni\/\",\"url\":\"https:\/\/www.noticiasradioreflejos.com.ar\/2021\/en-tornquist-hay-28-camas-tenemos-que-cuidarnos-porque-el-sistema-de-salud-colapsaria-con-muy-pocos-infectados-sergio-bordoni\/\",\"name\":\"\\\" En Tornquist hay 28 camas, tenemos que cuidarnos porque el sistema de salud colapsar\u00eda con muy pocos infectados\\\". Sergio Bordoni. - Noticias Radio Reflejos\",\"isPartOf\":{\"@id\":\"https:\/\/www.noticiasradioreflejos.com.ar\/2021\/#website\"},\"primaryImageOfPage\":{\"@id\":\"https:\/\/www.noticiasradioreflejos.com.ar\/2021\/en-tornquist-hay-28-camas-tenemos-que-cuidarnos-porque-el-sistema-de-salud-colapsaria-con-muy-pocos-infectados-sergio-bordoni\/#primaryimage\"},\"image\":{\"@id\":\"https:\/\/www.noticiasradioreflejos.com.ar\/2021\/en-tornquist-hay-28-camas-tenemos-que-cuidarnos-porque-el-sistema-de-salud-colapsaria-con-muy-pocos-infectados-sergio-bordoni\/#primaryimage\"},\"thumbnailUrl\":\"http:\/\/live.staticflickr.com\/65535\/49972840603_101b10bc8c.jpg\",\"datePublished\":\"2020-06-10T20:32:20+00:00\",\"author\":{\"@id\":\"https:\/\/www.noticiasradioreflejos.com.ar\/2021\/#\/schema\/person\/ad82545263dcc5ec0996818884fd5fb1\"},\"breadcrumb\":{\"@id\":\"https:\/\/www.noticiasradioreflejos.com.ar\/2021\/en-tornquist-hay-28-camas-tenemos-que-cuidarnos-porque-el-sistema-de-salud-colapsaria-con-muy-pocos-infectados-sergio-bordoni\/#breadcrumb\"},\"inLanguage\":\"es\",\"potentialAction\":[{\"@type\":\"ReadAction\",\"target\":[\"https:\/\/www.noticiasradioreflejos.com.ar\/2021\/en-tornquist-hay-28-camas-tenemos-que-cuidarnos-porque-el-sistema-de-salud-colapsaria-con-muy-pocos-infectados-sergio-bordoni\/\"]}]},{\"@type\":\"ImageObject\",\"inLanguage\":\"es\",\"@id\":\"https:\/\/www.noticiasradioreflejos.com.ar\/2021\/en-tornquist-hay-28-camas-tenemos-que-cuidarnos-porque-el-sistema-de-salud-colapsaria-con-muy-pocos-infectados-sergio-bordoni\/#primaryimage\",\"url\":\"http:\/\/live.staticflickr.com\/65535\/49972840603_101b10bc8c.jpg\",\"contentUrl\":\"http:\/\/live.staticflickr.com\/65535\/49972840603_101b10bc8c.jpg\"},{\"@type\":\"BreadcrumbList\",\"@id\":\"https:\/\/www.noticiasradioreflejos.com.ar\/2021\/en-tornquist-hay-28-camas-tenemos-que-cuidarnos-porque-el-sistema-de-salud-colapsaria-con-muy-pocos-infectados-sergio-bordoni\/#breadcrumb\",\"itemListElement\":[{\"@type\":\"ListItem\",\"position\":1,\"name\":\"Portada\",\"item\":\"https:\/\/www.noticiasradioreflejos.com.ar\/2021\/\"},{\"@type\":\"ListItem\",\"position\":2,\"name\":\"\u00bb En Tornquist hay 28 camas, tenemos que cuidarnos porque el sistema de salud colapsar\u00eda con muy pocos infectados\u00bb. Sergio Bordoni.\"}]},{\"@type\":\"WebSite\",\"@id\":\"https:\/\/www.noticiasradioreflejos.com.ar\/2021\/#website\",\"url\":\"https:\/\/www.noticiasradioreflejos.com.ar\/2021\/\",\"name\":\"Noticias Radio Reflejos\",\"description\":\"Las noticias de mi comarca\",\"potentialAction\":[{\"@type\":\"SearchAction\",\"target\":{\"@type\":\"EntryPoint\",\"urlTemplate\":\"https:\/\/www.noticiasradioreflejos.com.ar\/2021\/?s={search_term_string}\"},\"query-input\":{\"@type\":\"PropertyValueSpecification\",\"valueRequired\":true,\"valueName\":\"search_term_string\"}}],\"inLanguage\":\"es\"},{\"@type\":\"Person\",\"@id\":\"https:\/\/www.noticiasradioreflejos.com.ar\/2021\/#\/schema\/person\/ad82545263dcc5ec0996818884fd5fb1\",\"name\":\"Arnaldo Botto\",\"image\":{\"@type\":\"ImageObject\",\"inLanguage\":\"es\",\"@id\":\"https:\/\/www.noticiasradioreflejos.com.ar\/2021\/#\/schema\/person\/image\/\",\"url\":\"https:\/\/secure.gravatar.com\/avatar\/55cb5e37c1efa326397366e6974cb338056df65cb50e7d64d1cf314e87504837?s=96&d=mm&r=g\",\"contentUrl\":\"https:\/\/secure.gravatar.com\/avatar\/55cb5e37c1efa326397366e6974cb338056df65cb50e7d64d1cf314e87504837?s=96&d=mm&r=g\",\"caption\":\"Arnaldo Botto\"},\"url\":\"https:\/\/www.noticiasradioreflejos.com.ar\/2021\/author\/arnaldo\/\"}]}<\/script>\n<!-- \/ Yoast SEO plugin. -->","yoast_head_json":{"title":"\" En Tornquist hay 28 camas, tenemos que cuidarnos porque el sistema de salud colapsar\u00eda con muy pocos infectados\". Sergio Bordoni. - Noticias Radio Reflejos","robots":{"index":"index","follow":"follow","max-snippet":"max-snippet:-1","max-image-preview":"max-image-preview:large","max-video-preview":"max-video-preview:-1"},"canonical":"https:\/\/www.noticiasradioreflejos.com.ar\/2021\/en-tornquist-hay-28-camas-tenemos-que-cuidarnos-porque-el-sistema-de-salud-colapsaria-con-muy-pocos-infectados-sergio-bordoni\/","og_locale":"es_ES","og_type":"article","og_title":"\" En Tornquist hay 28 camas, tenemos que cuidarnos porque el sistema de salud colapsar\u00eda con muy pocos infectados\". Sergio Bordoni. - Noticias Radio Reflejos","og_description":"El intendente de Tornquist\u00a0 Sergio Bordoni asegur\u00f3 esta ma\u00f1ana en FM Reflejos, que se abrir\u00e1n bares y restaurantes el pr\u00f3ximo fin de semana y que est\u00e1 firme la decisi\u00f3n de no dejar ingresar a\u00a0personas que pretendan ingresar y provengan de ciudades con circulaci\u00f3n de coronavirus.\u00a0Analizamos la fase 5 que comenz\u00f3 en el distrito y las [&hellip;]","og_url":"https:\/\/www.noticiasradioreflejos.com.ar\/2021\/en-tornquist-hay-28-camas-tenemos-que-cuidarnos-porque-el-sistema-de-salud-colapsaria-con-muy-pocos-infectados-sergio-bordoni\/","og_site_name":"Noticias Radio Reflejos","article_published_time":"2020-06-10T20:32:20+00:00","og_image":[{"url":"http:\/\/live.staticflickr.com\/65535\/49972840603_101b10bc8c.jpg","type":"","width":"","height":""}],"author":"Arnaldo Botto","twitter_card":"summary_large_image","schema":{"@context":"https:\/\/schema.org","@graph":[{"@type":"WebPage","@id":"https:\/\/www.noticiasradioreflejos.com.ar\/2021\/en-tornquist-hay-28-camas-tenemos-que-cuidarnos-porque-el-sistema-de-salud-colapsaria-con-muy-pocos-infectados-sergio-bordoni\/","url":"https:\/\/www.noticiasradioreflejos.com.ar\/2021\/en-tornquist-hay-28-camas-tenemos-que-cuidarnos-porque-el-sistema-de-salud-colapsaria-con-muy-pocos-infectados-sergio-bordoni\/","name":"\" En Tornquist hay 28 camas, tenemos que cuidarnos porque el sistema de salud colapsar\u00eda con muy pocos infectados\". Sergio Bordoni. - Noticias Radio Reflejos","isPartOf":{"@id":"https:\/\/www.noticiasradioreflejos.com.ar\/2021\/#website"},"primaryImageOfPage":{"@id":"https:\/\/www.noticiasradioreflejos.com.ar\/2021\/en-tornquist-hay-28-camas-tenemos-que-cuidarnos-porque-el-sistema-de-salud-colapsaria-con-muy-pocos-infectados-sergio-bordoni\/#primaryimage"},"image":{"@id":"https:\/\/www.noticiasradioreflejos.com.ar\/2021\/en-tornquist-hay-28-camas-tenemos-que-cuidarnos-porque-el-sistema-de-salud-colapsaria-con-muy-pocos-infectados-sergio-bordoni\/#primaryimage"},"thumbnailUrl":"http:\/\/live.staticflickr.com\/65535\/49972840603_101b10bc8c.jpg","datePublished":"2020-06-10T20:32:20+00:00","author":{"@id":"https:\/\/www.noticiasradioreflejos.com.ar\/2021\/#\/schema\/person\/ad82545263dcc5ec0996818884fd5fb1"},"breadcrumb":{"@id":"https:\/\/www.noticiasradioreflejos.com.ar\/2021\/en-tornquist-hay-28-camas-tenemos-que-cuidarnos-porque-el-sistema-de-salud-colapsaria-con-muy-pocos-infectados-sergio-bordoni\/#breadcrumb"},"inLanguage":"es","potentialAction":[{"@type":"ReadAction","target":["https:\/\/www.noticiasradioreflejos.com.ar\/2021\/en-tornquist-hay-28-camas-tenemos-que-cuidarnos-porque-el-sistema-de-salud-colapsaria-con-muy-pocos-infectados-sergio-bordoni\/"]}]},{"@type":"ImageObject","inLanguage":"es","@id":"https:\/\/www.noticiasradioreflejos.com.ar\/2021\/en-tornquist-hay-28-camas-tenemos-que-cuidarnos-porque-el-sistema-de-salud-colapsaria-con-muy-pocos-infectados-sergio-bordoni\/#primaryimage","url":"http:\/\/live.staticflickr.com\/65535\/49972840603_101b10bc8c.jpg","contentUrl":"http:\/\/live.staticflickr.com\/65535\/49972840603_101b10bc8c.jpg"},{"@type":"BreadcrumbList","@id":"https:\/\/www.noticiasradioreflejos.com.ar\/2021\/en-tornquist-hay-28-camas-tenemos-que-cuidarnos-porque-el-sistema-de-salud-colapsaria-con-muy-pocos-infectados-sergio-bordoni\/#breadcrumb","itemListElement":[{"@type":"ListItem","position":1,"name":"Portada","item":"https:\/\/www.noticiasradioreflejos.com.ar\/2021\/"},{"@type":"ListItem","position":2,"name":"\u00bb En Tornquist hay 28 camas, tenemos que cuidarnos porque el sistema de salud colapsar\u00eda con muy pocos infectados\u00bb. Sergio Bordoni."}]},{"@type":"WebSite","@id":"https:\/\/www.noticiasradioreflejos.com.ar\/2021\/#website","url":"https:\/\/www.noticiasradioreflejos.com.ar\/2021\/","name":"Noticias Radio Reflejos","description":"Las noticias de mi comarca","potentialAction":[{"@type":"SearchAction","target":{"@type":"EntryPoint","urlTemplate":"https:\/\/www.noticiasradioreflejos.com.ar\/2021\/?s={search_term_string}"},"query-input":{"@type":"PropertyValueSpecification","valueRequired":true,"valueName":"search_term_string"}}],"inLanguage":"es"},{"@type":"Person","@id":"https:\/\/www.noticiasradioreflejos.com.ar\/2021\/#\/schema\/person\/ad82545263dcc5ec0996818884fd5fb1","name":"Arnaldo Botto","image":{"@type":"ImageObject","inLanguage":"es","@id":"https:\/\/www.noticiasradioreflejos.com.ar\/2021\/#\/schema\/person\/image\/","url":"https:\/\/secure.gravatar.com\/avatar\/55cb5e37c1efa326397366e6974cb338056df65cb50e7d64d1cf314e87504837?s=96&d=mm&r=g","contentUrl":"https:\/\/secure.gravatar.com\/avatar\/55cb5e37c1efa326397366e6974cb338056df65cb50e7d64d1cf314e87504837?s=96&d=mm&r=g","caption":"Arnaldo Botto"},"url":"https:\/\/www.noticiasradioreflejos.com.ar\/2021\/author\/arnaldo\/"}]}},"_links":{"self":[{"href":"https:\/\/www.noticiasradioreflejos.com.ar\/2021\/wp-json\/wp\/v2\/posts\/43040","targetHints":{"allow":["GET"]}}],"collection":[{"href":"https:\/\/www.noticiasradioreflejos.com.ar\/2021\/wp-json\/wp\/v2\/posts"}],"about":[{"href":"https:\/\/www.noticiasradioreflejos.com.ar\/2021\/wp-json\/wp\/v2\/types\/post"}],"author":[{"embeddable":true,"href":"https:\/\/www.noticiasradioreflejos.com.ar\/2021\/wp-json\/wp\/v2\/users\/3"}],"replies":[{"embeddable":true,"href":"https:\/\/www.noticiasradioreflejos.com.ar\/2021\/wp-json\/wp\/v2\/comments?post=43040"}],"version-history":[{"count":0,"href":"https:\/\/www.noticiasradioreflejos.com.ar\/2021\/wp-json\/wp\/v2\/posts\/43040\/revisions"}],"wp:attachment":[{"href":"https:\/\/www.noticiasradioreflejos.com.ar\/2021\/wp-json\/wp\/v2\/media?parent=43040"}],"wp:term":[{"taxonomy":"category","embeddable":true,"href":"https:\/\/www.noticiasradioreflejos.com.ar\/2021\/wp-json\/wp\/v2\/categories?post=43040"},{"taxonomy":"post_tag","embeddable":true,"href":"https:\/\/www.noticiasradioreflejos.com.ar\/2021\/wp-json\/wp\/v2\/tags?post=43040"}],"curies":[{"name":"wp","href":"https:\/\/api.w.org\/{rel}","templated":true}]}}