{"id":43035,"date":"2020-06-10T17:09:01","date_gmt":"2020-06-10T20:09:01","guid":{"rendered":"http:\/\/www.noticiasradioreflejos.com.ar\/noticias\/?p=43035"},"modified":"2020-06-10T17:09:01","modified_gmt":"2020-06-10T20:09:01","slug":"les-pedimos-a-los-distritos-donde-no-hay-casos-que-cierren-todo-claudio-manzano-desde-olavarria","status":"publish","type":"post","link":"https:\/\/www.noticiasradioreflejos.com.ar\/2021\/les-pedimos-a-los-distritos-donde-no-hay-casos-que-cierren-todo-claudio-manzano-desde-olavarria\/","title":{"rendered":"Coronavirus en Olavarr\u00eda &#8211;  \u00abLes pedimos a los distritos donde no hay casos que cierren todo\u00bb  &#8211; Claudio Manzano"},"content":{"rendered":"<p>\u00abNosotros, al comienzo de Marzo, tuvimos un par de casos de extranjeros que pasaban de viaje y fueron atendidos ac\u00e1 (Olavarr\u00eda). En ese momento se le ten\u00eda m\u00e1s respeto al virus que ahora\u00bb, empez\u00f3 Claudio comentando los primeros infectados de la ciudad al comienzo de la cuarentena. Afirma que luego de ese episodio, pasaron m\u00e1s de 60 d\u00edas sin casos, en los que Claudio asegura que el Intendente del partido hab\u00eda tomado buenas medidas en cuanto a lo sanitario: \u00abhizo un mont\u00f3n de trabajo, hizo las cosas bien dentro de lo que se esperaba\u00bb.<!--more--><\/p>\n<p>\u00abEl mi\u00e9rcoles pasado nos encontramos con el disparo de unos cuantos casos\u00bb transmiti\u00f3 al contarnos qu\u00e9 fue lo que ocurri\u00f3 la semana pasada. \u00abEl tema de la pandemia es mundial, y \u00bfpor qu\u00e9 no le va a pasar en Olavarr\u00eda?. En alg\u00fan momento los controles se empezaron a relajar y seguro se infiltraron los casos. Adem\u00e1s, qui\u00e9n sabe si no han surgido con la misma mentira de la gente, de decir voy &#8216;hasta un lugar y vuelvo&#8217; sin cuidarse\u00bb sostiene Claudio, con poca certeza y sin acusar a nadie, que estas ser\u00edan las razones de la llegada del virus a la localidad.<\/p>\n<p>El d\u00eda que se dispararon los casos fue el d\u00eda S\u00e1bado 6 con 21 casos ese mismo d\u00eda. Aparentemente, los infectados habr\u00edan recorrido la ciudad sin saber que se encontraban enfermos. \u00abPor suerte, los casos que hay ser\u00edan contactos estrechos y de baja edad\u00bb coment\u00f3 Claudio, seg\u00fan el informe que les llega a los habitantes de Olavarr\u00eda. Esto significar\u00eda que el virus no est\u00e1 circulando en la localidad. Adem\u00e1s, por la edad de los infectados, las camillas de los hospitales destinadas al Covid se ocuparon s\u00f3lo en un 2% y m\u00e1s de 30 contagiados est\u00e1n aislados en sus casas. Son buenas noticias para tal evento desafortunado. Claudio asegur\u00f3 que est\u00e1n llamando a cuarentena a la gente que tuvo contacto con los infectados, entre ellos, 2 personas trabajadoras de la salud.<\/p>\n<p>\u00abLos cuidados y el miedo con el que salimos hoy es distinto a los primeros d\u00edas de la pandemia y les pedimos a los distritos donde no hay casos que cierren todo\u00bb dijo, compartiendo su \u00f3ptica sobre la situaci\u00f3n actual. \u00abEl relajamiento es mortal\u00bb, sentenci\u00f3 finalmente. Tambi\u00e9n le pareci\u00f3 oportuno recordar la importancia de los cuidados que hay que tener: lavarse las manos, usar alcohol en gel, desinfectar las cosas que llevamos a casa y quedarnos en nuestros hogares lo m\u00e1s posible.<\/p>\n<p><strong>Nota completa a continuaci\u00f3n:<\/strong><br \/>\n<iframe loading=\"lazy\" src=\"https:\/\/w.soundcloud.com\/player\/?url=https%3A\/\/api.soundcloud.com\/tracks\/837653416&amp;color=%23ff5500&amp;auto_play=false&amp;hide_related=false&amp;show_comments=true&amp;show_user=true&amp;show_reposts=false&amp;show_teaser=true\" width=\"100%\" height=\"166\" frameborder=\"no\" scrolling=\"no\"><\/iframe><\/p>\n<div style=\"font-size: 10px; color: #cccccc; line-break: anywhere; word-break: normal; overflow: hidden; white-space: nowrap; text-overflow: ellipsis; font-family: Interstate,Lucida Grande,Lucida Sans Unicode,Lucida Sans,Garuda,Verdana,Tahoma,sans-serif; font-weight: 100;\"><a style=\"color: #cccccc; text-decoration: none;\" title=\"fmreflejos 103.7\" href=\"https:\/\/soundcloud.com\/fmreflejos-103-7\" target=\"_blank\" rel=\"noopener\">fmreflejos 103.7<\/a> \u00b7 <a style=\"color: #cccccc; text-decoration: none;\" title=\"Claudio Manzano\" href=\"https:\/\/soundcloud.com\/fmreflejos-103-7\/claudio-manzano-1\" target=\"_blank\" rel=\"noopener\">Claudio Manzano<\/a><\/div>\n","protected":false},"excerpt":{"rendered":"<p>\u00abNosotros, al comienzo de Marzo, tuvimos un par de casos de extranjeros que pasaban de viaje y fueron atendidos ac\u00e1 (Olavarr\u00eda). En ese momento se le ten\u00eda m\u00e1s respeto al virus que ahora\u00bb, empez\u00f3 Claudio comentando los primeros infectados de la ciudad al comienzo de la cuarentena. Afirma que luego de ese episodio, pasaron m\u00e1s [&hellip;]<\/p>\n","protected":false},"author":3,"featured_media":0,"comment_status":"closed","ping_status":"open","sticky":false,"template":"","format":"standard","meta":{"footnotes":""},"categories":[30],"tags":[],"class_list":["post-43035","post","type-post","status-publish","format-standard","hentry","category-salud"],"yoast_head":"<!-- This site is optimized with the Yoast SEO plugin v25.9 - https:\/\/yoast.com\/wordpress\/plugins\/seo\/ -->\n<title>Coronavirus en Olavarr\u00eda - &quot;Les pedimos a los distritos donde no hay casos que cierren todo&quot; - Claudio Manzano - Noticias Radio Reflejos<\/title>\n<meta name=\"robots\" content=\"index, follow, max-snippet:-1, max-image-preview:large, max-video-preview:-1\" \/>\n<link rel=\"canonical\" href=\"https:\/\/www.noticiasradioreflejos.com.ar\/2021\/les-pedimos-a-los-distritos-donde-no-hay-casos-que-cierren-todo-claudio-manzano-desde-olavarria\/\" \/>\n<meta property=\"og:locale\" content=\"es_ES\" \/>\n<meta property=\"og:type\" content=\"article\" \/>\n<meta property=\"og:title\" content=\"Coronavirus en Olavarr\u00eda - &quot;Les pedimos a los distritos donde no hay casos que cierren todo&quot; - Claudio Manzano - Noticias Radio Reflejos\" \/>\n<meta property=\"og:description\" content=\"\u00abNosotros, al comienzo de Marzo, tuvimos un par de casos de extranjeros que pasaban de viaje y fueron atendidos ac\u00e1 (Olavarr\u00eda). En ese momento se le ten\u00eda m\u00e1s respeto al virus que ahora\u00bb, empez\u00f3 Claudio comentando los primeros infectados de la ciudad al comienzo de la cuarentena. Afirma que luego de ese episodio, pasaron m\u00e1s [&hellip;]\" \/>\n<meta property=\"og:url\" content=\"https:\/\/www.noticiasradioreflejos.com.ar\/2021\/les-pedimos-a-los-distritos-donde-no-hay-casos-que-cierren-todo-claudio-manzano-desde-olavarria\/\" \/>\n<meta property=\"og:site_name\" content=\"Noticias Radio Reflejos\" \/>\n<meta property=\"article:published_time\" content=\"2020-06-10T20:09:01+00:00\" \/>\n<meta property=\"og:image\" content=\"https:\/\/www.noticiasradioreflejos.com.ar\/2021\/wp-content\/uploads\/2021\/07\/logosol300x200.png\" \/>\n\t<meta property=\"og:image:width\" content=\"300\" \/>\n\t<meta property=\"og:image:height\" content=\"200\" \/>\n\t<meta property=\"og:image:type\" content=\"image\/png\" \/>\n<meta name=\"author\" content=\"Arnaldo Botto\" \/>\n<meta name=\"twitter:card\" content=\"summary_large_image\" \/>\n<script type=\"application\/ld+json\" class=\"yoast-schema-graph\">{\"@context\":\"https:\/\/schema.org\",\"@graph\":[{\"@type\":\"WebPage\",\"@id\":\"https:\/\/www.noticiasradioreflejos.com.ar\/2021\/les-pedimos-a-los-distritos-donde-no-hay-casos-que-cierren-todo-claudio-manzano-desde-olavarria\/\",\"url\":\"https:\/\/www.noticiasradioreflejos.com.ar\/2021\/les-pedimos-a-los-distritos-donde-no-hay-casos-que-cierren-todo-claudio-manzano-desde-olavarria\/\",\"name\":\"Coronavirus en Olavarr\u00eda - \\\"Les pedimos a los distritos donde no hay casos que cierren todo\\\" - Claudio Manzano - Noticias Radio Reflejos\",\"isPartOf\":{\"@id\":\"https:\/\/www.noticiasradioreflejos.com.ar\/2021\/#website\"},\"datePublished\":\"2020-06-10T20:09:01+00:00\",\"author\":{\"@id\":\"https:\/\/www.noticiasradioreflejos.com.ar\/2021\/#\/schema\/person\/ad82545263dcc5ec0996818884fd5fb1\"},\"breadcrumb\":{\"@id\":\"https:\/\/www.noticiasradioreflejos.com.ar\/2021\/les-pedimos-a-los-distritos-donde-no-hay-casos-que-cierren-todo-claudio-manzano-desde-olavarria\/#breadcrumb\"},\"inLanguage\":\"es\",\"potentialAction\":[{\"@type\":\"ReadAction\",\"target\":[\"https:\/\/www.noticiasradioreflejos.com.ar\/2021\/les-pedimos-a-los-distritos-donde-no-hay-casos-que-cierren-todo-claudio-manzano-desde-olavarria\/\"]}]},{\"@type\":\"BreadcrumbList\",\"@id\":\"https:\/\/www.noticiasradioreflejos.com.ar\/2021\/les-pedimos-a-los-distritos-donde-no-hay-casos-que-cierren-todo-claudio-manzano-desde-olavarria\/#breadcrumb\",\"itemListElement\":[{\"@type\":\"ListItem\",\"position\":1,\"name\":\"Portada\",\"item\":\"https:\/\/www.noticiasradioreflejos.com.ar\/2021\/\"},{\"@type\":\"ListItem\",\"position\":2,\"name\":\"Coronavirus en Olavarr\u00eda &#8211; \u00abLes pedimos a los distritos donde no hay casos que cierren todo\u00bb &#8211; Claudio Manzano\"}]},{\"@type\":\"WebSite\",\"@id\":\"https:\/\/www.noticiasradioreflejos.com.ar\/2021\/#website\",\"url\":\"https:\/\/www.noticiasradioreflejos.com.ar\/2021\/\",\"name\":\"Noticias Radio Reflejos\",\"description\":\"Las noticias de mi comarca\",\"potentialAction\":[{\"@type\":\"SearchAction\",\"target\":{\"@type\":\"EntryPoint\",\"urlTemplate\":\"https:\/\/www.noticiasradioreflejos.com.ar\/2021\/?s={search_term_string}\"},\"query-input\":{\"@type\":\"PropertyValueSpecification\",\"valueRequired\":true,\"valueName\":\"search_term_string\"}}],\"inLanguage\":\"es\"},{\"@type\":\"Person\",\"@id\":\"https:\/\/www.noticiasradioreflejos.com.ar\/2021\/#\/schema\/person\/ad82545263dcc5ec0996818884fd5fb1\",\"name\":\"Arnaldo Botto\",\"image\":{\"@type\":\"ImageObject\",\"inLanguage\":\"es\",\"@id\":\"https:\/\/www.noticiasradioreflejos.com.ar\/2021\/#\/schema\/person\/image\/\",\"url\":\"https:\/\/secure.gravatar.com\/avatar\/55cb5e37c1efa326397366e6974cb338056df65cb50e7d64d1cf314e87504837?s=96&d=mm&r=g\",\"contentUrl\":\"https:\/\/secure.gravatar.com\/avatar\/55cb5e37c1efa326397366e6974cb338056df65cb50e7d64d1cf314e87504837?s=96&d=mm&r=g\",\"caption\":\"Arnaldo Botto\"},\"url\":\"https:\/\/www.noticiasradioreflejos.com.ar\/2021\/author\/arnaldo\/\"}]}<\/script>\n<!-- \/ Yoast SEO plugin. -->","yoast_head_json":{"title":"Coronavirus en Olavarr\u00eda - \"Les pedimos a los distritos donde no hay casos que cierren todo\" - Claudio Manzano - Noticias Radio Reflejos","robots":{"index":"index","follow":"follow","max-snippet":"max-snippet:-1","max-image-preview":"max-image-preview:large","max-video-preview":"max-video-preview:-1"},"canonical":"https:\/\/www.noticiasradioreflejos.com.ar\/2021\/les-pedimos-a-los-distritos-donde-no-hay-casos-que-cierren-todo-claudio-manzano-desde-olavarria\/","og_locale":"es_ES","og_type":"article","og_title":"Coronavirus en Olavarr\u00eda - \"Les pedimos a los distritos donde no hay casos que cierren todo\" - Claudio Manzano - Noticias Radio Reflejos","og_description":"\u00abNosotros, al comienzo de Marzo, tuvimos un par de casos de extranjeros que pasaban de viaje y fueron atendidos ac\u00e1 (Olavarr\u00eda). En ese momento se le ten\u00eda m\u00e1s respeto al virus que ahora\u00bb, empez\u00f3 Claudio comentando los primeros infectados de la ciudad al comienzo de la cuarentena. Afirma que luego de ese episodio, pasaron m\u00e1s [&hellip;]","og_url":"https:\/\/www.noticiasradioreflejos.com.ar\/2021\/les-pedimos-a-los-distritos-donde-no-hay-casos-que-cierren-todo-claudio-manzano-desde-olavarria\/","og_site_name":"Noticias Radio Reflejos","article_published_time":"2020-06-10T20:09:01+00:00","og_image":[{"width":300,"height":200,"url":"https:\/\/www.noticiasradioreflejos.com.ar\/2021\/wp-content\/uploads\/2021\/07\/logosol300x200.png","type":"image\/png"}],"author":"Arnaldo Botto","twitter_card":"summary_large_image","schema":{"@context":"https:\/\/schema.org","@graph":[{"@type":"WebPage","@id":"https:\/\/www.noticiasradioreflejos.com.ar\/2021\/les-pedimos-a-los-distritos-donde-no-hay-casos-que-cierren-todo-claudio-manzano-desde-olavarria\/","url":"https:\/\/www.noticiasradioreflejos.com.ar\/2021\/les-pedimos-a-los-distritos-donde-no-hay-casos-que-cierren-todo-claudio-manzano-desde-olavarria\/","name":"Coronavirus en Olavarr\u00eda - \"Les pedimos a los distritos donde no hay casos que cierren todo\" - Claudio Manzano - Noticias Radio Reflejos","isPartOf":{"@id":"https:\/\/www.noticiasradioreflejos.com.ar\/2021\/#website"},"datePublished":"2020-06-10T20:09:01+00:00","author":{"@id":"https:\/\/www.noticiasradioreflejos.com.ar\/2021\/#\/schema\/person\/ad82545263dcc5ec0996818884fd5fb1"},"breadcrumb":{"@id":"https:\/\/www.noticiasradioreflejos.com.ar\/2021\/les-pedimos-a-los-distritos-donde-no-hay-casos-que-cierren-todo-claudio-manzano-desde-olavarria\/#breadcrumb"},"inLanguage":"es","potentialAction":[{"@type":"ReadAction","target":["https:\/\/www.noticiasradioreflejos.com.ar\/2021\/les-pedimos-a-los-distritos-donde-no-hay-casos-que-cierren-todo-claudio-manzano-desde-olavarria\/"]}]},{"@type":"BreadcrumbList","@id":"https:\/\/www.noticiasradioreflejos.com.ar\/2021\/les-pedimos-a-los-distritos-donde-no-hay-casos-que-cierren-todo-claudio-manzano-desde-olavarria\/#breadcrumb","itemListElement":[{"@type":"ListItem","position":1,"name":"Portada","item":"https:\/\/www.noticiasradioreflejos.com.ar\/2021\/"},{"@type":"ListItem","position":2,"name":"Coronavirus en Olavarr\u00eda &#8211; \u00abLes pedimos a los distritos donde no hay casos que cierren todo\u00bb &#8211; Claudio Manzano"}]},{"@type":"WebSite","@id":"https:\/\/www.noticiasradioreflejos.com.ar\/2021\/#website","url":"https:\/\/www.noticiasradioreflejos.com.ar\/2021\/","name":"Noticias Radio Reflejos","description":"Las noticias de mi comarca","potentialAction":[{"@type":"SearchAction","target":{"@type":"EntryPoint","urlTemplate":"https:\/\/www.noticiasradioreflejos.com.ar\/2021\/?s={search_term_string}"},"query-input":{"@type":"PropertyValueSpecification","valueRequired":true,"valueName":"search_term_string"}}],"inLanguage":"es"},{"@type":"Person","@id":"https:\/\/www.noticiasradioreflejos.com.ar\/2021\/#\/schema\/person\/ad82545263dcc5ec0996818884fd5fb1","name":"Arnaldo Botto","image":{"@type":"ImageObject","inLanguage":"es","@id":"https:\/\/www.noticiasradioreflejos.com.ar\/2021\/#\/schema\/person\/image\/","url":"https:\/\/secure.gravatar.com\/avatar\/55cb5e37c1efa326397366e6974cb338056df65cb50e7d64d1cf314e87504837?s=96&d=mm&r=g","contentUrl":"https:\/\/secure.gravatar.com\/avatar\/55cb5e37c1efa326397366e6974cb338056df65cb50e7d64d1cf314e87504837?s=96&d=mm&r=g","caption":"Arnaldo Botto"},"url":"https:\/\/www.noticiasradioreflejos.com.ar\/2021\/author\/arnaldo\/"}]}},"_links":{"self":[{"href":"https:\/\/www.noticiasradioreflejos.com.ar\/2021\/wp-json\/wp\/v2\/posts\/43035","targetHints":{"allow":["GET"]}}],"collection":[{"href":"https:\/\/www.noticiasradioreflejos.com.ar\/2021\/wp-json\/wp\/v2\/posts"}],"about":[{"href":"https:\/\/www.noticiasradioreflejos.com.ar\/2021\/wp-json\/wp\/v2\/types\/post"}],"author":[{"embeddable":true,"href":"https:\/\/www.noticiasradioreflejos.com.ar\/2021\/wp-json\/wp\/v2\/users\/3"}],"replies":[{"embeddable":true,"href":"https:\/\/www.noticiasradioreflejos.com.ar\/2021\/wp-json\/wp\/v2\/comments?post=43035"}],"version-history":[{"count":0,"href":"https:\/\/www.noticiasradioreflejos.com.ar\/2021\/wp-json\/wp\/v2\/posts\/43035\/revisions"}],"wp:attachment":[{"href":"https:\/\/www.noticiasradioreflejos.com.ar\/2021\/wp-json\/wp\/v2\/media?parent=43035"}],"wp:term":[{"taxonomy":"category","embeddable":true,"href":"https:\/\/www.noticiasradioreflejos.com.ar\/2021\/wp-json\/wp\/v2\/categories?post=43035"},{"taxonomy":"post_tag","embeddable":true,"href":"https:\/\/www.noticiasradioreflejos.com.ar\/2021\/wp-json\/wp\/v2\/tags?post=43035"}],"curies":[{"name":"wp","href":"https:\/\/api.w.org\/{rel}","templated":true}]}}