{"id":43031,"date":"2020-06-10T13:00:55","date_gmt":"2020-06-10T16:00:55","guid":{"rendered":"http:\/\/www.noticiasradioreflejos.com.ar\/noticias\/?p=43031"},"modified":"2020-06-10T13:00:55","modified_gmt":"2020-06-10T16:00:55","slug":"70-aniversario-del-sindicato-de-luz-y-fuerza-de-cnel-suarez","status":"publish","type":"post","link":"https:\/\/www.noticiasradioreflejos.com.ar\/2021\/70-aniversario-del-sindicato-de-luz-y-fuerza-de-cnel-suarez\/","title":{"rendered":"70 Aniversario del Sindicato de Luz y Fuerza de Cnel Suarez."},"content":{"rendered":"<p><strong>70 a\u00f1os de Historia<\/strong><br \/>\nEn gestiones que se iniciaron ya en el a\u00f1o 1948 donde en nuestra ciudad la corriente continua era prestada por la \u201cUsina\u201d de Don Enrique Betnaza, en momentos en el que nuestro pa\u00eds viv\u00eda el renacimiento de una esperanza, que nac\u00eda de la base misma del pueblo, de una lucha por la dignificaci\u00f3n y justicia social, tantos a\u00f1os negada a los trabajadores, aqu\u00ed en nuestra ciudad un grupo de trabajadores de la energ\u00eda iniciaban charlas tendientes a la concreci\u00f3n de un nucleamiento que sirviera para objetivos locales y de la zona.-<!--more--><\/p>\n<p><a title=\"WhatsApp Image 2020-06-10 at 11.21.58 (1)\" href=\"http:\/\/live.staticflickr.com\/65535\/49992267287_aa6391752d_s.jpg\" rel=\"\"><img loading=\"lazy\" decoding=\"async\" class=\"alignleft\" style=\"float: left;\" title=\"WhatsApp Image 2020-06-10 at 11.21.58 (1)\" src=\"http:\/\/live.staticflickr.com\/65535\/49992267287_aa6391752d.jpg\" alt=\"WhatsApp Image 2020-06-10 at 11.21.58 (1)\" width=\"400\" height=\"500\" \/><\/a>Por ello el 10 de Junio del a\u00f1o 1950, estos hombres de trabajo decidieron fundar lo que es hoy un orgullo para todos los trabajadores y toda la comunidad, el Sindicato Regional de Trabajadores de Luz y Fuerza de Coronel Suarez.-<\/p>\n<p>Han pasado 70 a\u00f1os y hombres como Enrique Antonio Proverbio, Julio Cesar Rondina, Reynaldo Federico Canini, Ra\u00fal Eduardo Rondina, Alberto Wagner (Huanguel\u00e9n), Rodolfo Bettin, Alfredo Schaffner, R\u00f3mulo Fidani, Alejandro Parrilla (Tornquist), Adolfo Soule, Roberto Garc\u00eda, Marcelo Soule, Daniel Larrea, Arsenio Chazarreta, Martin Ullmann, Saturnino Otamendi, Antonio Carrea, Florentino Loursac y tantos otros forjaron una instituci\u00f3n que sin prisa pero sin pausa fue marcando rumbos en el quehacer pol\u00edtico-gremial de nuestra generaci\u00f3n.-<\/p>\n<p>Es as\u00ed como nos encuentra en la actualidad con sede propia en las ciudades de Huanguel\u00e9n, Casbas, Tornquist, Daireaux y pr\u00f3ximamente en la ciudad de P\u00faan. A ello debe sumarse nuestra Sede Central con nuevas obras como la construcci\u00f3n de nuevas oficinas, una amplia sala de reuniones y la remodelaci\u00f3n del sal\u00f3n de eventos, tambi\u00e9n realizamos obras en nuestro Campo Recreativo y Farmacia Sindical. No debemos olvidar los excelentes Servicios Sociales, Prestamos de Vivienda y Caja Mutual entre otras prestaciones para nuestros afiliados.-<\/p>\n<p>Desde su fundaci\u00f3n y a lo largo de todos estos a\u00f1os, se echaron las bases de un sindicalismo m\u00faltiple, con disciplina org\u00e1nica y militancia solidaria, inspirado en el Justicialismo y en la Doctrina Social de la Iglesia, trabajando unidos, pues sigue siendo la mejor y la \u00fanica garant\u00eda para que nuestros hijos puedan aspirar a un mundo m\u00e1s justo y m\u00e1s humano y es as\u00ed como lo so\u00f1aron aquellos esforzados trabajadores, luchadores gremiales que 70 a\u00f1os atr\u00e1s fundaron nuestro Sindicato.-<\/p>\n<p>Es un orgullo en este aniversario saludar a nuestras filiales de ARBOLEDAS, ARROYO CORTO, AZOPARDO, BONIFACIO, BORDENAVE, CASBAS, CURA MALAL, DAIREAUX, FELIPE SOLA, GARRE, GOYENA, HUANGUELEN, PUAN, LA COLINA, LAGO EPECUEN, PUEBLO SAN JOSE, SAAVEDRA, SALAZAR, SALDUNGARAY, SAN MIGUEL ARCANGEL, TORNQUIST, 17 DE AGOSTO Y CORONEL SUAREZ Y A TODOS LOS AFILIADOS A NUESTRO QUERIDO SINDICATO.-<\/p>\n<p>&nbsp;<\/p>\n<p><strong>ROBERTO E. GARCIA<\/strong><br \/>\n<strong> Secretario General<\/strong><\/p>\n","protected":false},"excerpt":{"rendered":"<p>70 a\u00f1os de Historia En gestiones que se iniciaron ya en el a\u00f1o 1948 donde en nuestra ciudad la corriente continua era prestada por la \u201cUsina\u201d de Don Enrique Betnaza, en momentos en el que nuestro pa\u00eds viv\u00eda el renacimiento de una esperanza, que nac\u00eda de la base misma del pueblo, de una lucha por [&hellip;]<\/p>\n","protected":false},"author":3,"featured_media":0,"comment_status":"closed","ping_status":"open","sticky":false,"template":"","format":"standard","meta":{"footnotes":""},"categories":[26],"tags":[],"class_list":["post-43031","post","type-post","status-publish","format-standard","hentry","category-sociedad"],"yoast_head":"<!-- This site is optimized with the Yoast SEO plugin v25.9 - https:\/\/yoast.com\/wordpress\/plugins\/seo\/ -->\n<title>70 Aniversario del Sindicato de Luz y Fuerza de Cnel Suarez. - Noticias Radio Reflejos<\/title>\n<meta name=\"robots\" content=\"index, follow, max-snippet:-1, max-image-preview:large, max-video-preview:-1\" \/>\n<link rel=\"canonical\" href=\"https:\/\/www.noticiasradioreflejos.com.ar\/2021\/70-aniversario-del-sindicato-de-luz-y-fuerza-de-cnel-suarez\/\" \/>\n<meta property=\"og:locale\" content=\"es_ES\" \/>\n<meta property=\"og:type\" content=\"article\" \/>\n<meta property=\"og:title\" content=\"70 Aniversario del Sindicato de Luz y Fuerza de Cnel Suarez. - Noticias Radio Reflejos\" \/>\n<meta property=\"og:description\" content=\"70 a\u00f1os de Historia En gestiones que se iniciaron ya en el a\u00f1o 1948 donde en nuestra ciudad la corriente continua era prestada por la \u201cUsina\u201d de Don Enrique Betnaza, en momentos en el que nuestro pa\u00eds viv\u00eda el renacimiento de una esperanza, que nac\u00eda de la base misma del pueblo, de una lucha por [&hellip;]\" \/>\n<meta property=\"og:url\" content=\"https:\/\/www.noticiasradioreflejos.com.ar\/2021\/70-aniversario-del-sindicato-de-luz-y-fuerza-de-cnel-suarez\/\" \/>\n<meta property=\"og:site_name\" content=\"Noticias Radio Reflejos\" \/>\n<meta property=\"article:published_time\" content=\"2020-06-10T16:00:55+00:00\" \/>\n<meta property=\"og:image\" content=\"http:\/\/live.staticflickr.com\/65535\/49992267287_aa6391752d.jpg\" \/>\n<meta name=\"author\" content=\"Arnaldo Botto\" \/>\n<meta name=\"twitter:card\" content=\"summary_large_image\" \/>\n<script type=\"application\/ld+json\" class=\"yoast-schema-graph\">{\"@context\":\"https:\/\/schema.org\",\"@graph\":[{\"@type\":\"WebPage\",\"@id\":\"https:\/\/www.noticiasradioreflejos.com.ar\/2021\/70-aniversario-del-sindicato-de-luz-y-fuerza-de-cnel-suarez\/\",\"url\":\"https:\/\/www.noticiasradioreflejos.com.ar\/2021\/70-aniversario-del-sindicato-de-luz-y-fuerza-de-cnel-suarez\/\",\"name\":\"70 Aniversario del Sindicato de Luz y Fuerza de Cnel Suarez. - Noticias Radio Reflejos\",\"isPartOf\":{\"@id\":\"https:\/\/www.noticiasradioreflejos.com.ar\/2021\/#website\"},\"primaryImageOfPage\":{\"@id\":\"https:\/\/www.noticiasradioreflejos.com.ar\/2021\/70-aniversario-del-sindicato-de-luz-y-fuerza-de-cnel-suarez\/#primaryimage\"},\"image\":{\"@id\":\"https:\/\/www.noticiasradioreflejos.com.ar\/2021\/70-aniversario-del-sindicato-de-luz-y-fuerza-de-cnel-suarez\/#primaryimage\"},\"thumbnailUrl\":\"http:\/\/live.staticflickr.com\/65535\/49992267287_aa6391752d.jpg\",\"datePublished\":\"2020-06-10T16:00:55+00:00\",\"author\":{\"@id\":\"https:\/\/www.noticiasradioreflejos.com.ar\/2021\/#\/schema\/person\/ad82545263dcc5ec0996818884fd5fb1\"},\"breadcrumb\":{\"@id\":\"https:\/\/www.noticiasradioreflejos.com.ar\/2021\/70-aniversario-del-sindicato-de-luz-y-fuerza-de-cnel-suarez\/#breadcrumb\"},\"inLanguage\":\"es\",\"potentialAction\":[{\"@type\":\"ReadAction\",\"target\":[\"https:\/\/www.noticiasradioreflejos.com.ar\/2021\/70-aniversario-del-sindicato-de-luz-y-fuerza-de-cnel-suarez\/\"]}]},{\"@type\":\"ImageObject\",\"inLanguage\":\"es\",\"@id\":\"https:\/\/www.noticiasradioreflejos.com.ar\/2021\/70-aniversario-del-sindicato-de-luz-y-fuerza-de-cnel-suarez\/#primaryimage\",\"url\":\"http:\/\/live.staticflickr.com\/65535\/49992267287_aa6391752d.jpg\",\"contentUrl\":\"http:\/\/live.staticflickr.com\/65535\/49992267287_aa6391752d.jpg\"},{\"@type\":\"BreadcrumbList\",\"@id\":\"https:\/\/www.noticiasradioreflejos.com.ar\/2021\/70-aniversario-del-sindicato-de-luz-y-fuerza-de-cnel-suarez\/#breadcrumb\",\"itemListElement\":[{\"@type\":\"ListItem\",\"position\":1,\"name\":\"Portada\",\"item\":\"https:\/\/www.noticiasradioreflejos.com.ar\/2021\/\"},{\"@type\":\"ListItem\",\"position\":2,\"name\":\"70 Aniversario del Sindicato de Luz y Fuerza de Cnel Suarez.\"}]},{\"@type\":\"WebSite\",\"@id\":\"https:\/\/www.noticiasradioreflejos.com.ar\/2021\/#website\",\"url\":\"https:\/\/www.noticiasradioreflejos.com.ar\/2021\/\",\"name\":\"Noticias Radio Reflejos\",\"description\":\"Las noticias de mi comarca\",\"potentialAction\":[{\"@type\":\"SearchAction\",\"target\":{\"@type\":\"EntryPoint\",\"urlTemplate\":\"https:\/\/www.noticiasradioreflejos.com.ar\/2021\/?s={search_term_string}\"},\"query-input\":{\"@type\":\"PropertyValueSpecification\",\"valueRequired\":true,\"valueName\":\"search_term_string\"}}],\"inLanguage\":\"es\"},{\"@type\":\"Person\",\"@id\":\"https:\/\/www.noticiasradioreflejos.com.ar\/2021\/#\/schema\/person\/ad82545263dcc5ec0996818884fd5fb1\",\"name\":\"Arnaldo Botto\",\"image\":{\"@type\":\"ImageObject\",\"inLanguage\":\"es\",\"@id\":\"https:\/\/www.noticiasradioreflejos.com.ar\/2021\/#\/schema\/person\/image\/\",\"url\":\"https:\/\/secure.gravatar.com\/avatar\/55cb5e37c1efa326397366e6974cb338056df65cb50e7d64d1cf314e87504837?s=96&d=mm&r=g\",\"contentUrl\":\"https:\/\/secure.gravatar.com\/avatar\/55cb5e37c1efa326397366e6974cb338056df65cb50e7d64d1cf314e87504837?s=96&d=mm&r=g\",\"caption\":\"Arnaldo Botto\"},\"url\":\"https:\/\/www.noticiasradioreflejos.com.ar\/2021\/author\/arnaldo\/\"}]}<\/script>\n<!-- \/ Yoast SEO plugin. -->","yoast_head_json":{"title":"70 Aniversario del Sindicato de Luz y Fuerza de Cnel Suarez. - Noticias Radio Reflejos","robots":{"index":"index","follow":"follow","max-snippet":"max-snippet:-1","max-image-preview":"max-image-preview:large","max-video-preview":"max-video-preview:-1"},"canonical":"https:\/\/www.noticiasradioreflejos.com.ar\/2021\/70-aniversario-del-sindicato-de-luz-y-fuerza-de-cnel-suarez\/","og_locale":"es_ES","og_type":"article","og_title":"70 Aniversario del Sindicato de Luz y Fuerza de Cnel Suarez. - Noticias Radio Reflejos","og_description":"70 a\u00f1os de Historia En gestiones que se iniciaron ya en el a\u00f1o 1948 donde en nuestra ciudad la corriente continua era prestada por la \u201cUsina\u201d de Don Enrique Betnaza, en momentos en el que nuestro pa\u00eds viv\u00eda el renacimiento de una esperanza, que nac\u00eda de la base misma del pueblo, de una lucha por [&hellip;]","og_url":"https:\/\/www.noticiasradioreflejos.com.ar\/2021\/70-aniversario-del-sindicato-de-luz-y-fuerza-de-cnel-suarez\/","og_site_name":"Noticias Radio Reflejos","article_published_time":"2020-06-10T16:00:55+00:00","og_image":[{"url":"http:\/\/live.staticflickr.com\/65535\/49992267287_aa6391752d.jpg","type":"","width":"","height":""}],"author":"Arnaldo Botto","twitter_card":"summary_large_image","schema":{"@context":"https:\/\/schema.org","@graph":[{"@type":"WebPage","@id":"https:\/\/www.noticiasradioreflejos.com.ar\/2021\/70-aniversario-del-sindicato-de-luz-y-fuerza-de-cnel-suarez\/","url":"https:\/\/www.noticiasradioreflejos.com.ar\/2021\/70-aniversario-del-sindicato-de-luz-y-fuerza-de-cnel-suarez\/","name":"70 Aniversario del Sindicato de Luz y Fuerza de Cnel Suarez. - Noticias Radio Reflejos","isPartOf":{"@id":"https:\/\/www.noticiasradioreflejos.com.ar\/2021\/#website"},"primaryImageOfPage":{"@id":"https:\/\/www.noticiasradioreflejos.com.ar\/2021\/70-aniversario-del-sindicato-de-luz-y-fuerza-de-cnel-suarez\/#primaryimage"},"image":{"@id":"https:\/\/www.noticiasradioreflejos.com.ar\/2021\/70-aniversario-del-sindicato-de-luz-y-fuerza-de-cnel-suarez\/#primaryimage"},"thumbnailUrl":"http:\/\/live.staticflickr.com\/65535\/49992267287_aa6391752d.jpg","datePublished":"2020-06-10T16:00:55+00:00","author":{"@id":"https:\/\/www.noticiasradioreflejos.com.ar\/2021\/#\/schema\/person\/ad82545263dcc5ec0996818884fd5fb1"},"breadcrumb":{"@id":"https:\/\/www.noticiasradioreflejos.com.ar\/2021\/70-aniversario-del-sindicato-de-luz-y-fuerza-de-cnel-suarez\/#breadcrumb"},"inLanguage":"es","potentialAction":[{"@type":"ReadAction","target":["https:\/\/www.noticiasradioreflejos.com.ar\/2021\/70-aniversario-del-sindicato-de-luz-y-fuerza-de-cnel-suarez\/"]}]},{"@type":"ImageObject","inLanguage":"es","@id":"https:\/\/www.noticiasradioreflejos.com.ar\/2021\/70-aniversario-del-sindicato-de-luz-y-fuerza-de-cnel-suarez\/#primaryimage","url":"http:\/\/live.staticflickr.com\/65535\/49992267287_aa6391752d.jpg","contentUrl":"http:\/\/live.staticflickr.com\/65535\/49992267287_aa6391752d.jpg"},{"@type":"BreadcrumbList","@id":"https:\/\/www.noticiasradioreflejos.com.ar\/2021\/70-aniversario-del-sindicato-de-luz-y-fuerza-de-cnel-suarez\/#breadcrumb","itemListElement":[{"@type":"ListItem","position":1,"name":"Portada","item":"https:\/\/www.noticiasradioreflejos.com.ar\/2021\/"},{"@type":"ListItem","position":2,"name":"70 Aniversario del Sindicato de Luz y Fuerza de Cnel Suarez."}]},{"@type":"WebSite","@id":"https:\/\/www.noticiasradioreflejos.com.ar\/2021\/#website","url":"https:\/\/www.noticiasradioreflejos.com.ar\/2021\/","name":"Noticias Radio Reflejos","description":"Las noticias de mi comarca","potentialAction":[{"@type":"SearchAction","target":{"@type":"EntryPoint","urlTemplate":"https:\/\/www.noticiasradioreflejos.com.ar\/2021\/?s={search_term_string}"},"query-input":{"@type":"PropertyValueSpecification","valueRequired":true,"valueName":"search_term_string"}}],"inLanguage":"es"},{"@type":"Person","@id":"https:\/\/www.noticiasradioreflejos.com.ar\/2021\/#\/schema\/person\/ad82545263dcc5ec0996818884fd5fb1","name":"Arnaldo Botto","image":{"@type":"ImageObject","inLanguage":"es","@id":"https:\/\/www.noticiasradioreflejos.com.ar\/2021\/#\/schema\/person\/image\/","url":"https:\/\/secure.gravatar.com\/avatar\/55cb5e37c1efa326397366e6974cb338056df65cb50e7d64d1cf314e87504837?s=96&d=mm&r=g","contentUrl":"https:\/\/secure.gravatar.com\/avatar\/55cb5e37c1efa326397366e6974cb338056df65cb50e7d64d1cf314e87504837?s=96&d=mm&r=g","caption":"Arnaldo Botto"},"url":"https:\/\/www.noticiasradioreflejos.com.ar\/2021\/author\/arnaldo\/"}]}},"_links":{"self":[{"href":"https:\/\/www.noticiasradioreflejos.com.ar\/2021\/wp-json\/wp\/v2\/posts\/43031","targetHints":{"allow":["GET"]}}],"collection":[{"href":"https:\/\/www.noticiasradioreflejos.com.ar\/2021\/wp-json\/wp\/v2\/posts"}],"about":[{"href":"https:\/\/www.noticiasradioreflejos.com.ar\/2021\/wp-json\/wp\/v2\/types\/post"}],"author":[{"embeddable":true,"href":"https:\/\/www.noticiasradioreflejos.com.ar\/2021\/wp-json\/wp\/v2\/users\/3"}],"replies":[{"embeddable":true,"href":"https:\/\/www.noticiasradioreflejos.com.ar\/2021\/wp-json\/wp\/v2\/comments?post=43031"}],"version-history":[{"count":0,"href":"https:\/\/www.noticiasradioreflejos.com.ar\/2021\/wp-json\/wp\/v2\/posts\/43031\/revisions"}],"wp:attachment":[{"href":"https:\/\/www.noticiasradioreflejos.com.ar\/2021\/wp-json\/wp\/v2\/media?parent=43031"}],"wp:term":[{"taxonomy":"category","embeddable":true,"href":"https:\/\/www.noticiasradioreflejos.com.ar\/2021\/wp-json\/wp\/v2\/categories?post=43031"},{"taxonomy":"post_tag","embeddable":true,"href":"https:\/\/www.noticiasradioreflejos.com.ar\/2021\/wp-json\/wp\/v2\/tags?post=43031"}],"curies":[{"name":"wp","href":"https:\/\/api.w.org\/{rel}","templated":true}]}}