{"id":43028,"date":"2020-06-10T10:35:27","date_gmt":"2020-06-10T13:35:27","guid":{"rendered":"http:\/\/www.noticiasradioreflejos.com.ar\/noticias\/?p=43028"},"modified":"2020-06-10T10:35:27","modified_gmt":"2020-06-10T13:35:27","slug":"con-medidas-para-proteger-pymes-turisticas-y-el-trabajo-de-guias-presentan-proyecto-de-emergencia","status":"publish","type":"post","link":"https:\/\/www.noticiasradioreflejos.com.ar\/2021\/con-medidas-para-proteger-pymes-turisticas-y-el-trabajo-de-guias-presentan-proyecto-de-emergencia\/","title":{"rendered":"Con medidas para proteger pymes tur\u00edsticas y el trabajo de gu\u00edas, presentan proyecto de emergencia."},"content":{"rendered":"<p>Un proyecto de ley tendiente a declarar la emergencia tur\u00edstica nacional en el marco de la pandemia del coronavirus fue presentado en la C\u00e1mara baja, con eje en el soporte financiero a las pymes del sector, la devoluci\u00f3n del dinero de pasajes cancelados y del impuesto Pa\u00eds, y la ayuda a gu\u00edas tur\u00edsticos.<!--more--><br \/>\nLa iniciativa -del diputado del Frente de Todos, Ramiro Fern\u00e1ndez Patri (Frente de Todos-Formosa)- se suma as\u00ed a una decena de proyectos presentados desde la llegada de la pandemia al pa\u00eds, con fuerte impacto en la actividad tur\u00edstica, producto de las restricciones impuestas en todo el mundo para evitar la propagaci\u00f3n del coronavirus.<br \/>\nEl proyecto, al que tuvo acceso T\u00e9lam, dispone la declaraci\u00f3n de la emergencia tur\u00edstica en todo el pa\u00eds desde la fecha de sanci\u00f3n y hasta un a\u00f1o despu\u00e9s de terminado el distanciamiento social, preventivo y obligatorio, y postula como autoridad de aplicaci\u00f3n al Ministerio de Turismo y Deportes.<br \/>\nEntre otros aspectos, la iniciativa prev\u00e9 ayuda financiera para las pymes del sector con el fin de favorecer la conservaci\u00f3n del empleo y la capacidad de pago,<br \/>\nTambi\u00e9n, promueve la suspensi\u00f3n de ejecuciones fiscales contra esas pymes, lo que incluye \u00abel tr\u00e1mite de las que se encuentren en curso, as\u00ed como la traba de medidas cautelares en el marco de aquellas\u00bb hasta el 31 de diciembre de 2020.<br \/>\nOtros beneficios contemplados por el proyecto son el diferimiento de impuestos nacionales que venzan hasta el 31 de diciembre y la suspensi\u00f3n de la caducidad de los planes de pago de impuestos nacionales\u00bb producidos entre el 12 de marzo y el 31 de octubre de este a\u00f1o.<br \/>\nAdem\u00e1s, la propuesta establece que las pymes tur\u00edsticas ser\u00e1n eximidas del pago del impuesto a los d\u00e9bitos y a los cr\u00e9ditos, y tendr\u00e1n financiamiento para la seguridad sanitaria, con pr\u00e9stamos a tasa cero, destinados a la adquisici\u00f3n de tecnolog\u00eda necesaria para protecci\u00f3n de trabajadores, usuarios y consumidores.<br \/>\nA su vez, la iniciativa del diputado Fern\u00e1ndez Patri tambi\u00e9n procura promover el turismo interno mediante una reducci\u00f3n del 50% del IVA en servicios de alojamiento hotelero, aplicable exclusivamente a los residentes en Argentina, hasta el 1 de marzo del 2021,<br \/>\nPor otro lado, tambi\u00e9n dispone que los turistas con viajes cancelados tendr\u00e1n derecho a la devoluci\u00f3n de lo abonado tanto en vuelos como en cruceros, y que las compa\u00f1\u00edas podr\u00e1n ofrecer otras opciones de compensaci\u00f3n, como vouchers para servicios similares, transferibles sin cargo hasta septiembre de 2022, condicionados a la aceptaci\u00f3n por parte del pasajero.<\/p>\n<p>Bajo ninguna circunstancia, indica la iniciativa, las empresas de transporte podr\u00e1n aplicar penalidades o diferencias tarifarias por la utilizaci\u00f3n de los vouchers y las \u00fanicas restricciones aceptadas para su utilizaci\u00f3n ser\u00e1n fechas de alta demanda, como vacaciones invernales, Semana Santa, carnavales y los \u00faltimos 10 d\u00edas de cada a\u00f1o.<\/p>\n","protected":false},"excerpt":{"rendered":"<p>Un proyecto de ley tendiente a declarar la emergencia tur\u00edstica nacional en el marco de la pandemia del coronavirus fue presentado en la C\u00e1mara baja, con eje en el soporte financiero a las pymes del sector, la devoluci\u00f3n del dinero de pasajes cancelados y del impuesto Pa\u00eds, y la ayuda a gu\u00edas tur\u00edsticos.<\/p>\n","protected":false},"author":3,"featured_media":0,"comment_status":"closed","ping_status":"open","sticky":false,"template":"","format":"standard","meta":{"footnotes":""},"categories":[33],"tags":[],"class_list":["post-43028","post","type-post","status-publish","format-standard","hentry","category-turismo"],"yoast_head":"<!-- This site is optimized with the Yoast SEO plugin v25.9 - https:\/\/yoast.com\/wordpress\/plugins\/seo\/ -->\n<title>Con medidas para proteger pymes tur\u00edsticas y el trabajo de gu\u00edas, presentan proyecto de emergencia. - Noticias Radio Reflejos<\/title>\n<meta name=\"robots\" content=\"index, follow, max-snippet:-1, max-image-preview:large, max-video-preview:-1\" \/>\n<link rel=\"canonical\" href=\"https:\/\/www.noticiasradioreflejos.com.ar\/2021\/con-medidas-para-proteger-pymes-turisticas-y-el-trabajo-de-guias-presentan-proyecto-de-emergencia\/\" \/>\n<meta property=\"og:locale\" content=\"es_ES\" \/>\n<meta property=\"og:type\" content=\"article\" \/>\n<meta property=\"og:title\" content=\"Con medidas para proteger pymes tur\u00edsticas y el trabajo de gu\u00edas, presentan proyecto de emergencia. - Noticias Radio Reflejos\" \/>\n<meta property=\"og:description\" content=\"Un proyecto de ley tendiente a declarar la emergencia tur\u00edstica nacional en el marco de la pandemia del coronavirus fue presentado en la C\u00e1mara baja, con eje en el soporte financiero a las pymes del sector, la devoluci\u00f3n del dinero de pasajes cancelados y del impuesto Pa\u00eds, y la ayuda a gu\u00edas tur\u00edsticos.\" \/>\n<meta property=\"og:url\" content=\"https:\/\/www.noticiasradioreflejos.com.ar\/2021\/con-medidas-para-proteger-pymes-turisticas-y-el-trabajo-de-guias-presentan-proyecto-de-emergencia\/\" \/>\n<meta property=\"og:site_name\" content=\"Noticias Radio Reflejos\" \/>\n<meta property=\"article:published_time\" content=\"2020-06-10T13:35:27+00:00\" \/>\n<meta property=\"og:image\" content=\"https:\/\/www.noticiasradioreflejos.com.ar\/2021\/wp-content\/uploads\/2021\/07\/logosol300x200.png\" \/>\n\t<meta property=\"og:image:width\" content=\"300\" \/>\n\t<meta property=\"og:image:height\" content=\"200\" \/>\n\t<meta property=\"og:image:type\" content=\"image\/png\" \/>\n<meta name=\"author\" content=\"Arnaldo Botto\" \/>\n<meta name=\"twitter:card\" content=\"summary_large_image\" \/>\n<script type=\"application\/ld+json\" class=\"yoast-schema-graph\">{\"@context\":\"https:\/\/schema.org\",\"@graph\":[{\"@type\":\"WebPage\",\"@id\":\"https:\/\/www.noticiasradioreflejos.com.ar\/2021\/con-medidas-para-proteger-pymes-turisticas-y-el-trabajo-de-guias-presentan-proyecto-de-emergencia\/\",\"url\":\"https:\/\/www.noticiasradioreflejos.com.ar\/2021\/con-medidas-para-proteger-pymes-turisticas-y-el-trabajo-de-guias-presentan-proyecto-de-emergencia\/\",\"name\":\"Con medidas para proteger pymes tur\u00edsticas y el trabajo de gu\u00edas, presentan proyecto de emergencia. - Noticias Radio Reflejos\",\"isPartOf\":{\"@id\":\"https:\/\/www.noticiasradioreflejos.com.ar\/2021\/#website\"},\"datePublished\":\"2020-06-10T13:35:27+00:00\",\"author\":{\"@id\":\"https:\/\/www.noticiasradioreflejos.com.ar\/2021\/#\/schema\/person\/ad82545263dcc5ec0996818884fd5fb1\"},\"breadcrumb\":{\"@id\":\"https:\/\/www.noticiasradioreflejos.com.ar\/2021\/con-medidas-para-proteger-pymes-turisticas-y-el-trabajo-de-guias-presentan-proyecto-de-emergencia\/#breadcrumb\"},\"inLanguage\":\"es\",\"potentialAction\":[{\"@type\":\"ReadAction\",\"target\":[\"https:\/\/www.noticiasradioreflejos.com.ar\/2021\/con-medidas-para-proteger-pymes-turisticas-y-el-trabajo-de-guias-presentan-proyecto-de-emergencia\/\"]}]},{\"@type\":\"BreadcrumbList\",\"@id\":\"https:\/\/www.noticiasradioreflejos.com.ar\/2021\/con-medidas-para-proteger-pymes-turisticas-y-el-trabajo-de-guias-presentan-proyecto-de-emergencia\/#breadcrumb\",\"itemListElement\":[{\"@type\":\"ListItem\",\"position\":1,\"name\":\"Portada\",\"item\":\"https:\/\/www.noticiasradioreflejos.com.ar\/2021\/\"},{\"@type\":\"ListItem\",\"position\":2,\"name\":\"Con medidas para proteger pymes tur\u00edsticas y el trabajo de gu\u00edas, presentan proyecto de emergencia.\"}]},{\"@type\":\"WebSite\",\"@id\":\"https:\/\/www.noticiasradioreflejos.com.ar\/2021\/#website\",\"url\":\"https:\/\/www.noticiasradioreflejos.com.ar\/2021\/\",\"name\":\"Noticias Radio Reflejos\",\"description\":\"Las noticias de mi comarca\",\"potentialAction\":[{\"@type\":\"SearchAction\",\"target\":{\"@type\":\"EntryPoint\",\"urlTemplate\":\"https:\/\/www.noticiasradioreflejos.com.ar\/2021\/?s={search_term_string}\"},\"query-input\":{\"@type\":\"PropertyValueSpecification\",\"valueRequired\":true,\"valueName\":\"search_term_string\"}}],\"inLanguage\":\"es\"},{\"@type\":\"Person\",\"@id\":\"https:\/\/www.noticiasradioreflejos.com.ar\/2021\/#\/schema\/person\/ad82545263dcc5ec0996818884fd5fb1\",\"name\":\"Arnaldo Botto\",\"image\":{\"@type\":\"ImageObject\",\"inLanguage\":\"es\",\"@id\":\"https:\/\/www.noticiasradioreflejos.com.ar\/2021\/#\/schema\/person\/image\/\",\"url\":\"https:\/\/secure.gravatar.com\/avatar\/55cb5e37c1efa326397366e6974cb338056df65cb50e7d64d1cf314e87504837?s=96&d=mm&r=g\",\"contentUrl\":\"https:\/\/secure.gravatar.com\/avatar\/55cb5e37c1efa326397366e6974cb338056df65cb50e7d64d1cf314e87504837?s=96&d=mm&r=g\",\"caption\":\"Arnaldo Botto\"},\"url\":\"https:\/\/www.noticiasradioreflejos.com.ar\/2021\/author\/arnaldo\/\"}]}<\/script>\n<!-- \/ Yoast SEO plugin. -->","yoast_head_json":{"title":"Con medidas para proteger pymes tur\u00edsticas y el trabajo de gu\u00edas, presentan proyecto de emergencia. - Noticias Radio Reflejos","robots":{"index":"index","follow":"follow","max-snippet":"max-snippet:-1","max-image-preview":"max-image-preview:large","max-video-preview":"max-video-preview:-1"},"canonical":"https:\/\/www.noticiasradioreflejos.com.ar\/2021\/con-medidas-para-proteger-pymes-turisticas-y-el-trabajo-de-guias-presentan-proyecto-de-emergencia\/","og_locale":"es_ES","og_type":"article","og_title":"Con medidas para proteger pymes tur\u00edsticas y el trabajo de gu\u00edas, presentan proyecto de emergencia. - Noticias Radio Reflejos","og_description":"Un proyecto de ley tendiente a declarar la emergencia tur\u00edstica nacional en el marco de la pandemia del coronavirus fue presentado en la C\u00e1mara baja, con eje en el soporte financiero a las pymes del sector, la devoluci\u00f3n del dinero de pasajes cancelados y del impuesto Pa\u00eds, y la ayuda a gu\u00edas tur\u00edsticos.","og_url":"https:\/\/www.noticiasradioreflejos.com.ar\/2021\/con-medidas-para-proteger-pymes-turisticas-y-el-trabajo-de-guias-presentan-proyecto-de-emergencia\/","og_site_name":"Noticias Radio Reflejos","article_published_time":"2020-06-10T13:35:27+00:00","og_image":[{"width":300,"height":200,"url":"https:\/\/www.noticiasradioreflejos.com.ar\/2021\/wp-content\/uploads\/2021\/07\/logosol300x200.png","type":"image\/png"}],"author":"Arnaldo Botto","twitter_card":"summary_large_image","schema":{"@context":"https:\/\/schema.org","@graph":[{"@type":"WebPage","@id":"https:\/\/www.noticiasradioreflejos.com.ar\/2021\/con-medidas-para-proteger-pymes-turisticas-y-el-trabajo-de-guias-presentan-proyecto-de-emergencia\/","url":"https:\/\/www.noticiasradioreflejos.com.ar\/2021\/con-medidas-para-proteger-pymes-turisticas-y-el-trabajo-de-guias-presentan-proyecto-de-emergencia\/","name":"Con medidas para proteger pymes tur\u00edsticas y el trabajo de gu\u00edas, presentan proyecto de emergencia. - Noticias Radio Reflejos","isPartOf":{"@id":"https:\/\/www.noticiasradioreflejos.com.ar\/2021\/#website"},"datePublished":"2020-06-10T13:35:27+00:00","author":{"@id":"https:\/\/www.noticiasradioreflejos.com.ar\/2021\/#\/schema\/person\/ad82545263dcc5ec0996818884fd5fb1"},"breadcrumb":{"@id":"https:\/\/www.noticiasradioreflejos.com.ar\/2021\/con-medidas-para-proteger-pymes-turisticas-y-el-trabajo-de-guias-presentan-proyecto-de-emergencia\/#breadcrumb"},"inLanguage":"es","potentialAction":[{"@type":"ReadAction","target":["https:\/\/www.noticiasradioreflejos.com.ar\/2021\/con-medidas-para-proteger-pymes-turisticas-y-el-trabajo-de-guias-presentan-proyecto-de-emergencia\/"]}]},{"@type":"BreadcrumbList","@id":"https:\/\/www.noticiasradioreflejos.com.ar\/2021\/con-medidas-para-proteger-pymes-turisticas-y-el-trabajo-de-guias-presentan-proyecto-de-emergencia\/#breadcrumb","itemListElement":[{"@type":"ListItem","position":1,"name":"Portada","item":"https:\/\/www.noticiasradioreflejos.com.ar\/2021\/"},{"@type":"ListItem","position":2,"name":"Con medidas para proteger pymes tur\u00edsticas y el trabajo de gu\u00edas, presentan proyecto de emergencia."}]},{"@type":"WebSite","@id":"https:\/\/www.noticiasradioreflejos.com.ar\/2021\/#website","url":"https:\/\/www.noticiasradioreflejos.com.ar\/2021\/","name":"Noticias Radio Reflejos","description":"Las noticias de mi comarca","potentialAction":[{"@type":"SearchAction","target":{"@type":"EntryPoint","urlTemplate":"https:\/\/www.noticiasradioreflejos.com.ar\/2021\/?s={search_term_string}"},"query-input":{"@type":"PropertyValueSpecification","valueRequired":true,"valueName":"search_term_string"}}],"inLanguage":"es"},{"@type":"Person","@id":"https:\/\/www.noticiasradioreflejos.com.ar\/2021\/#\/schema\/person\/ad82545263dcc5ec0996818884fd5fb1","name":"Arnaldo Botto","image":{"@type":"ImageObject","inLanguage":"es","@id":"https:\/\/www.noticiasradioreflejos.com.ar\/2021\/#\/schema\/person\/image\/","url":"https:\/\/secure.gravatar.com\/avatar\/55cb5e37c1efa326397366e6974cb338056df65cb50e7d64d1cf314e87504837?s=96&d=mm&r=g","contentUrl":"https:\/\/secure.gravatar.com\/avatar\/55cb5e37c1efa326397366e6974cb338056df65cb50e7d64d1cf314e87504837?s=96&d=mm&r=g","caption":"Arnaldo Botto"},"url":"https:\/\/www.noticiasradioreflejos.com.ar\/2021\/author\/arnaldo\/"}]}},"_links":{"self":[{"href":"https:\/\/www.noticiasradioreflejos.com.ar\/2021\/wp-json\/wp\/v2\/posts\/43028","targetHints":{"allow":["GET"]}}],"collection":[{"href":"https:\/\/www.noticiasradioreflejos.com.ar\/2021\/wp-json\/wp\/v2\/posts"}],"about":[{"href":"https:\/\/www.noticiasradioreflejos.com.ar\/2021\/wp-json\/wp\/v2\/types\/post"}],"author":[{"embeddable":true,"href":"https:\/\/www.noticiasradioreflejos.com.ar\/2021\/wp-json\/wp\/v2\/users\/3"}],"replies":[{"embeddable":true,"href":"https:\/\/www.noticiasradioreflejos.com.ar\/2021\/wp-json\/wp\/v2\/comments?post=43028"}],"version-history":[{"count":0,"href":"https:\/\/www.noticiasradioreflejos.com.ar\/2021\/wp-json\/wp\/v2\/posts\/43028\/revisions"}],"wp:attachment":[{"href":"https:\/\/www.noticiasradioreflejos.com.ar\/2021\/wp-json\/wp\/v2\/media?parent=43028"}],"wp:term":[{"taxonomy":"category","embeddable":true,"href":"https:\/\/www.noticiasradioreflejos.com.ar\/2021\/wp-json\/wp\/v2\/categories?post=43028"},{"taxonomy":"post_tag","embeddable":true,"href":"https:\/\/www.noticiasradioreflejos.com.ar\/2021\/wp-json\/wp\/v2\/tags?post=43028"}],"curies":[{"name":"wp","href":"https:\/\/api.w.org\/{rel}","templated":true}]}}