{"id":42995,"date":"2020-06-09T16:28:22","date_gmt":"2020-06-09T19:28:22","guid":{"rendered":"http:\/\/www.noticiasradioreflejos.com.ar\/noticias\/?p=42995"},"modified":"2020-06-09T16:28:22","modified_gmt":"2020-06-09T19:28:22","slug":"el-club-atletico-ventana-cumple-92-anos-entrevista-a-carlos-dana","status":"publish","type":"post","link":"https:\/\/www.noticiasradioreflejos.com.ar\/2021\/el-club-atletico-ventana-cumple-92-anos-entrevista-a-carlos-dana\/","title":{"rendered":"El Club Atl\u00e9tico Ventana cumple 92 a\u00f1os: Entrevista a Carlos Dana"},"content":{"rendered":"<p><a href=\"http:\/\/www.noticiasradioreflejos.com.ar\/noticias\/wp-content\/uploads\/2020\/06\/clubventanacamiseta.jpg\"><img loading=\"lazy\" decoding=\"async\" src=\"http:\/\/www.noticiasradioreflejos.com.ar\/noticias\/wp-content\/uploads\/2020\/06\/clubventanacamiseta-300x169.jpg\" alt=\"clubventanacamiseta\" width=\"300\" height=\"169\" class=\"alignleft size-medium wp-image-43000\" \/><\/a>En una emotiva nota y bajo el contexto del <strong>92\u00b0 cumplea\u00f1os del Club Atl\u00e9tico Ventana<\/strong>, conversamos con Carlos Dana, ex presidente del tricolor. Carlos nos cuenta un poco sobre la historia del club con an\u00e9cdotas emotivas y agradece a la comunidad de Sierra de la Ventana por ayudar a que el mismo siga creciendo. Adem\u00e1s, charlamos sobre los protocolos y las actividades que se puedan retomar en una futura apertura de las puertas del club.<!--more--><\/p>\n<p>\u00abCon un grupo de vecinos participamos activamente de lo que se llam\u00f3 la refundaci\u00f3n del Club Ventania\u00bb comenz\u00f3 Carlos cont\u00e1ndonos la historia del tricolor. A partir del 2007 hubo un impulso muy grande de muchos vecinos para empezar a remontar las actividades del club. \u00abLa historia del club es muy rica\u00bb expres\u00f3 gratamente.<\/p>\n<p>\u00abEl primer lugar donde funcion\u00f3 el club fue en un terreno en Villa la Arcadia, de espaldas al cerro and\u00e9n de las v\u00edas que luego se termin\u00f3 loteando para construir viviendas\u00bb nos cont\u00f3 y agreg\u00f3 que los primeros registros de los jugadores del tricolor fueron en 1929, con fotos de los mismos con el ferrocarril y\/o las sierras detr\u00e1s. \u00abSon fotos muy hermosas que atesora el club y d\u00e1 testimonio de la historia que tiene\u00bb.<\/p>\n<p>\u00abHoy en d\u00eda las instalaciones con las que cuenta el club, la magnitud y la calidad, es un lujo para toda la zona. Sobre todo por el esfuerzo del Estado y de los vecinos. Muy contento de ser parte de estos 12 a\u00f1os donde el club remont\u00f3 espectacularmente\u00bb dijo Carlos al compartir la emoci\u00f3n de pertenecer al Ventana.<\/p>\n<p>Hoy en d\u00eda el club se maneja con una base de datos de aproximadamente 600 socios, \u00abSiempre vamos a pedir que los vecinos colaboren, porque la gente que realmente es socia activa y paga las cuotas no s\u00e9 cu\u00e1nta es\u00bb. Adem\u00e1s, asegur\u00f3 que actualmente, entre las distintas actividades, hay alrededor de unos 200 chicos realizando deportes en el tricolor.<\/p>\n<p>\u00abLa historia tiene que ver que empez\u00f3 como un club de f\u00fatbol que fue tricampe\u00f3n, y despu\u00e9s de 50 a\u00f1os volvi\u00f3 la primera a levantar la copa. El f\u00fatbol en los 60 era otra cosa, en ese momento hab\u00eda poca fotograf\u00eda, todo queda en la retina de la gente que fue a la cancha y en los recortes de los diarios de la \u00e9poca\u00bb. Con el tiempo, los futbolistas del club han incrementado y mejorado su juego siendo protagonistas de varias finales tambi\u00e9n. \u00abEs una emoci\u00f3n enorme ver c\u00f3mo se crece y c\u00f3mo se colabora con la instituci\u00f3n. Siempre hay acci\u00f3n solidaria, el club ha estado organizando eventos, dando una mano en colectas, actos p\u00fablicos, etc. Es necesario que el club est\u00e9 y que la sociedad lo siga disfrutando\u00bb afirm\u00f3 Carlos con emoci\u00f3n en la garganta.<\/p>\n<p>\u00abHistoria y memoria\u00bb con las palabras que Carlos Dana utiliz\u00f3 para incentivar a la sociedad a seguir apostando al Ventana y aprovechar de las actividades que ofrece. \u00c9l sostiene que se deben tener grabados en la memoria todos esos momentos donde el club estuvo ausente &#8211; cuando el terreno del mismo fue rematado &#8211; para poder celebrar lo que se supo conseguir en su momento y lo que logr\u00f3 Sierra de la Ventana como localidad.<\/p>\n<p>A lo largo de la nota, Dana hace incapi\u00e9 en la familia del Club Ventana. Donde autoridades, profesores, socios, vecinos y tanto adultos como j\u00f3venes aportan d\u00eda a d\u00eda a que el mismo siga creciendo. \u00abSostener todo esto no s\u00f3lo cuesta dinero, sino esfuerzo, tiempo. La idea es que no se cansen las comisiones, sino que sean m\u00e1s fuertes y que los socios se den cuenta de que el deporte es muy importante para los m\u00e1s chicos. Un chico adentro del club, es un chico menos en la calle\u00bb sentenci\u00f3 Carlos con orgullo.<\/p>\n<p>Finalmente, conversamos con Dana sobre el post-pandemia del club y c\u00f3mo se retomar\u00e1n las actividades una vez levantada la cuarentena: \u00abEsta pandemia ha cambiado y cambiar\u00e1 todas las relaciones. Cambi\u00f3 la forma de educar, la forma de socializar. El club y la comisi\u00f3n directiva tiene un canal de comunicaci\u00f3n interno, que es por whatsapp. Ya se debe estar trabajando en los protocolos para retomar los entrenamientos de las disciplinas al aire libre. Respecto al f\u00fatbol, la AFA no ha dado pautas sobre c\u00f3mo empezar\u00bb.<\/p>\n<p><span style=\"text-decoration: underline;\"><strong>Resumen Hist\u00f3rico del Club Ventana, desde sus inicios hasta la actualidad<\/strong><\/span><\/p>\n<p>Hacia el a\u00f1o 1907, la localidad recibi\u00f3 el nombre de Sierra de la Ventana y contaba con una poblaci\u00f3n estimada en 100 habitantes. Se necesitaron 21 a\u00f1os, desde dicha fecha, para que el primer club surgiera. El 9 de Junio de 1928, el Sr. Rafael Francchini fund\u00f3 el Club Atl\u00e9tico Ventana. Eligi\u00f3 los colores de la bandera francesa como estandarte, debido a la Naci\u00f3n donde hab\u00eda nacido su madre.<br \/>\nEl Club ten\u00eda como \u00fanica actividad la pr\u00e1ctica del f\u00fatbol, la cual se desarrollaba en un predio en la localidad vecina de Villa La Arcadia. Para fines del a\u00f1o \u201950 y principios del \u201960, los equipos del club ingresaron a \u201cLa Liga de las Sierras\u201d, presentando las categor\u00edas \u201cmayor\u201d e \u201cintermedia\u201d. La \u201c\u00c9poca de Oro\u201d del Club Atl\u00e9tico Ventana tuvo lugar durante la d\u00e9cada del \u201860, fecha en que se obtuvo un tricampeonato. De la informaci\u00f3n recabada a trav\u00e9s de los registros, el \u00faltimo equipo de primera data del a\u00f1o 1988\/1989.<br \/>\nLa instituci\u00f3n, conformada por estatuto en 1982, contaba con un patrimonio que era la cuota social de sus asociados y los bienes que adquiriera por cualquier t\u00edtulo, la renta de los mismos, las donaciones y los legados.<br \/>\nEn el a\u00f1o 2003, se remata \u2013 por una deuda de impuestos &#8211; el predio de \u201cla canchita de f\u00fatbol\u201d , lugar donde ya se contaba con una peque\u00f1a edificaci\u00f3n de vestuarios y alambrado perimetral. El intendente de la localidad de Coronel Su\u00e1rez decidi\u00f3 no darle inter\u00e9s a los reclamos de la sociedad y el predio fue puesto a disposici\u00f3n de la justicia municipal. Con este remate desapareci\u00f3 la poca actividad con la que contaba el club, pero la localidad en esos a\u00f1os recibi\u00f3 un afluente de residentes muy importante, los cuales tra\u00edan nuevas ideas y la necesidad de que sus hijos realizaran actividades deportivas y sociales.<br \/>\nPor el 2004, la Municipalidad de Tornquist, gestion\u00f3 un terreno en Valle Hermoso y en 2008, un grupo de vecinos decidi\u00f3 refundar el club, formando una Comisi\u00f3n Directiva. Su presidente fue el Lic. Carlos Dana. El objetivo inicial de la nueva Comisi\u00f3n hizo hincapi\u00e9 en que los chicos tuvieran la posibilidad no s\u00f3lo de acercarse a las actividades culturales, sino tambi\u00e9n de realizar alg\u00fan deporte colectivo, dado que en la localidad solo contaban con golf y tenis. De a poco, se fueron acercando profesores, ex jugadores y se constituy\u00f3 la Escuela de F\u00fatbol. Tambi\u00e9n la pr\u00e1ctica del hockey fue creciendo y, en el 2010, se ingres\u00f3 a la Asociaci\u00f3n de Hockey del Sudoeste. Ya en el 2011, los equipos dieron sus primeros pasos representando al Tricolor. La bandera volv\u00eda a flamear.<br \/>\nEl deporte y la instituci\u00f3n continuaron creciendo. Se construy\u00f3 el Play\u00f3n deportivo en la sede y se ampli\u00f3 el sal\u00f3n, continu\u00e1ndolo con un quincho. Tambi\u00e9n se complet\u00f3 la obra del escenario y de los vestuarios, pensados para m\u00faltiples eventos culturales en la localidad.<br \/>\nDesde entonces, en la Sede Social se dictaron diferentes actividades deportivas y culturales: Pat\u00edn, Circo, Spinning, Boxeo, Artes Marciales, Salsa y Tenis, entre otros. La pr\u00e1ctica del Tenis en el play\u00f3n deportivo tuvo tambi\u00e9n una aceptaci\u00f3n muy buena, con la formaci\u00f3n de una escuela para dar clases a mayores y menores.<br \/>\nLa comisi\u00f3n directiva fue cambiando. El Dr. Gustavo D\u00edaz sucedi\u00f3 en la presidencia a Dana y procur\u00f3 continuar acercando la instituci\u00f3n a la comunidad.<br \/>\nA ra\u00edz de la iniciativa de un grupo de jugadores y simpatizantes, surgi\u00f3 la propuesta de ingresar a la Liga de F\u00fatbol de Coronel Pringles, sumando la categor\u00eda de menores. Para apoyar el ingreso a esta Liga, se construy\u00f3 la cancha de f\u00fatbol profesional y se ampli\u00f3 el comodato del predio deportivo, por 10 a\u00f1os m\u00e1s. Hoy en d\u00eda, el Club Atl\u00e9tico Ventana est\u00e1 representado en competencia con 4 categor\u00edas menores, Reserva y Primera divisi\u00f3n.<br \/>\nEn la actualidad, se renov\u00f3 la Comisi\u00f3n Directiva, siendo su presidente Gonzalo Reyes.<\/p>\n<p>Fuente: Tesis realizada por Melina Ianello para el CEPT No.12<\/p>\n<p>Entrevista completa a Carlos Dana a continuaci\u00f3n:<br \/>\n<iframe loading=\"lazy\" src=\"https:\/\/w.soundcloud.com\/player\/?url=https%3A\/\/api.soundcloud.com\/tracks\/836949142&amp;color=%23ff5500&amp;auto_play=false&amp;hide_related=false&amp;show_comments=true&amp;show_user=true&amp;show_reposts=false&amp;show_teaser=true\" width=\"100%\" height=\"166\" frameborder=\"no\" scrolling=\"no\"><\/iframe><\/p>\n<div style=\"font-size: 10px; color: #cccccc; line-break: anywhere; word-break: normal; overflow: hidden; white-space: nowrap; text-overflow: ellipsis; font-family: Interstate,Lucida Grande,Lucida Sans Unicode,Lucida Sans,Garuda,Verdana,Tahoma,sans-serif; font-weight: 100;\"><a style=\"color: #cccccc; text-decoration: none;\" title=\"fmreflejos 103.7\" href=\"https:\/\/soundcloud.com\/fmreflejos-103-7\" target=\"_blank\" rel=\"noopener\">fmreflejos 103.7<\/a> \u00b7 <a style=\"color: #cccccc; text-decoration: none;\" title=\"Carlos Dana 92 Aniversario CAV\" href=\"https:\/\/soundcloud.com\/fmreflejos-103-7\/carlos-dana-92-aniversario-cav\" target=\"_blank\" rel=\"noopener\">Carlos Dana 92 Aniversario CAV<\/a><\/div>\n","protected":false},"excerpt":{"rendered":"<p>En una emotiva nota y bajo el contexto del 92\u00b0 cumplea\u00f1os del Club Atl\u00e9tico Ventana, conversamos con Carlos Dana, ex presidente del tricolor. Carlos nos cuenta un poco sobre la historia del club con an\u00e9cdotas emotivas y agradece a la comunidad de Sierra de la Ventana por ayudar a que el mismo siga creciendo. Adem\u00e1s, [&hellip;]<\/p>\n","protected":false},"author":3,"featured_media":42999,"comment_status":"closed","ping_status":"open","sticky":false,"template":"","format":"standard","meta":{"footnotes":""},"categories":[27,26],"tags":[],"class_list":["post-42995","post","type-post","status-publish","format-standard","has-post-thumbnail","hentry","category-deportes","category-sociedad"],"yoast_head":"<!-- This site is optimized with the Yoast SEO plugin v25.9 - https:\/\/yoast.com\/wordpress\/plugins\/seo\/ -->\n<title>El Club Atl\u00e9tico Ventana cumple 92 a\u00f1os: Entrevista a Carlos Dana - Noticias Radio Reflejos<\/title>\n<meta name=\"robots\" content=\"index, follow, max-snippet:-1, max-image-preview:large, max-video-preview:-1\" \/>\n<link rel=\"canonical\" href=\"https:\/\/www.noticiasradioreflejos.com.ar\/2021\/el-club-atletico-ventana-cumple-92-anos-entrevista-a-carlos-dana\/\" \/>\n<meta property=\"og:locale\" content=\"es_ES\" \/>\n<meta property=\"og:type\" content=\"article\" \/>\n<meta property=\"og:title\" content=\"El Club Atl\u00e9tico Ventana cumple 92 a\u00f1os: Entrevista a Carlos Dana - Noticias Radio Reflejos\" \/>\n<meta property=\"og:description\" content=\"En una emotiva nota y bajo el contexto del 92\u00b0 cumplea\u00f1os del Club Atl\u00e9tico Ventana, conversamos con Carlos Dana, ex presidente del tricolor. Carlos nos cuenta un poco sobre la historia del club con an\u00e9cdotas emotivas y agradece a la comunidad de Sierra de la Ventana por ayudar a que el mismo siga creciendo. Adem\u00e1s, [&hellip;]\" \/>\n<meta property=\"og:url\" content=\"https:\/\/www.noticiasradioreflejos.com.ar\/2021\/el-club-atletico-ventana-cumple-92-anos-entrevista-a-carlos-dana\/\" \/>\n<meta property=\"og:site_name\" content=\"Noticias Radio Reflejos\" \/>\n<meta property=\"article:published_time\" content=\"2020-06-09T19:28:22+00:00\" \/>\n<meta property=\"og:image\" content=\"https:\/\/www.noticiasradioreflejos.com.ar\/2021\/wp-content\/uploads\/2020\/06\/clubatleticoventana.jpg\" \/>\n\t<meta property=\"og:image:width\" content=\"750\" \/>\n\t<meta property=\"og:image:height\" content=\"430\" \/>\n\t<meta property=\"og:image:type\" content=\"image\/jpeg\" \/>\n<meta name=\"author\" content=\"Arnaldo Botto\" \/>\n<meta name=\"twitter:card\" content=\"summary_large_image\" \/>\n<script type=\"application\/ld+json\" class=\"yoast-schema-graph\">{\"@context\":\"https:\/\/schema.org\",\"@graph\":[{\"@type\":\"WebPage\",\"@id\":\"https:\/\/www.noticiasradioreflejos.com.ar\/2021\/el-club-atletico-ventana-cumple-92-anos-entrevista-a-carlos-dana\/\",\"url\":\"https:\/\/www.noticiasradioreflejos.com.ar\/2021\/el-club-atletico-ventana-cumple-92-anos-entrevista-a-carlos-dana\/\",\"name\":\"El Club Atl\u00e9tico Ventana cumple 92 a\u00f1os: Entrevista a Carlos Dana - Noticias Radio Reflejos\",\"isPartOf\":{\"@id\":\"https:\/\/www.noticiasradioreflejos.com.ar\/2021\/#website\"},\"primaryImageOfPage\":{\"@id\":\"https:\/\/www.noticiasradioreflejos.com.ar\/2021\/el-club-atletico-ventana-cumple-92-anos-entrevista-a-carlos-dana\/#primaryimage\"},\"image\":{\"@id\":\"https:\/\/www.noticiasradioreflejos.com.ar\/2021\/el-club-atletico-ventana-cumple-92-anos-entrevista-a-carlos-dana\/#primaryimage\"},\"thumbnailUrl\":\"https:\/\/www.noticiasradioreflejos.com.ar\/2021\/wp-content\/uploads\/2020\/06\/clubatleticoventana.jpg\",\"datePublished\":\"2020-06-09T19:28:22+00:00\",\"author\":{\"@id\":\"https:\/\/www.noticiasradioreflejos.com.ar\/2021\/#\/schema\/person\/ad82545263dcc5ec0996818884fd5fb1\"},\"breadcrumb\":{\"@id\":\"https:\/\/www.noticiasradioreflejos.com.ar\/2021\/el-club-atletico-ventana-cumple-92-anos-entrevista-a-carlos-dana\/#breadcrumb\"},\"inLanguage\":\"es\",\"potentialAction\":[{\"@type\":\"ReadAction\",\"target\":[\"https:\/\/www.noticiasradioreflejos.com.ar\/2021\/el-club-atletico-ventana-cumple-92-anos-entrevista-a-carlos-dana\/\"]}]},{\"@type\":\"ImageObject\",\"inLanguage\":\"es\",\"@id\":\"https:\/\/www.noticiasradioreflejos.com.ar\/2021\/el-club-atletico-ventana-cumple-92-anos-entrevista-a-carlos-dana\/#primaryimage\",\"url\":\"https:\/\/www.noticiasradioreflejos.com.ar\/2021\/wp-content\/uploads\/2020\/06\/clubatleticoventana.jpg\",\"contentUrl\":\"https:\/\/www.noticiasradioreflejos.com.ar\/2021\/wp-content\/uploads\/2020\/06\/clubatleticoventana.jpg\",\"width\":750,\"height\":430},{\"@type\":\"BreadcrumbList\",\"@id\":\"https:\/\/www.noticiasradioreflejos.com.ar\/2021\/el-club-atletico-ventana-cumple-92-anos-entrevista-a-carlos-dana\/#breadcrumb\",\"itemListElement\":[{\"@type\":\"ListItem\",\"position\":1,\"name\":\"Portada\",\"item\":\"https:\/\/www.noticiasradioreflejos.com.ar\/2021\/\"},{\"@type\":\"ListItem\",\"position\":2,\"name\":\"El Club Atl\u00e9tico Ventana cumple 92 a\u00f1os: Entrevista a Carlos Dana\"}]},{\"@type\":\"WebSite\",\"@id\":\"https:\/\/www.noticiasradioreflejos.com.ar\/2021\/#website\",\"url\":\"https:\/\/www.noticiasradioreflejos.com.ar\/2021\/\",\"name\":\"Noticias Radio Reflejos\",\"description\":\"Las noticias de mi comarca\",\"potentialAction\":[{\"@type\":\"SearchAction\",\"target\":{\"@type\":\"EntryPoint\",\"urlTemplate\":\"https:\/\/www.noticiasradioreflejos.com.ar\/2021\/?s={search_term_string}\"},\"query-input\":{\"@type\":\"PropertyValueSpecification\",\"valueRequired\":true,\"valueName\":\"search_term_string\"}}],\"inLanguage\":\"es\"},{\"@type\":\"Person\",\"@id\":\"https:\/\/www.noticiasradioreflejos.com.ar\/2021\/#\/schema\/person\/ad82545263dcc5ec0996818884fd5fb1\",\"name\":\"Arnaldo Botto\",\"image\":{\"@type\":\"ImageObject\",\"inLanguage\":\"es\",\"@id\":\"https:\/\/www.noticiasradioreflejos.com.ar\/2021\/#\/schema\/person\/image\/\",\"url\":\"https:\/\/secure.gravatar.com\/avatar\/55cb5e37c1efa326397366e6974cb338056df65cb50e7d64d1cf314e87504837?s=96&d=mm&r=g\",\"contentUrl\":\"https:\/\/secure.gravatar.com\/avatar\/55cb5e37c1efa326397366e6974cb338056df65cb50e7d64d1cf314e87504837?s=96&d=mm&r=g\",\"caption\":\"Arnaldo Botto\"},\"url\":\"https:\/\/www.noticiasradioreflejos.com.ar\/2021\/author\/arnaldo\/\"}]}<\/script>\n<!-- \/ Yoast SEO plugin. -->","yoast_head_json":{"title":"El Club Atl\u00e9tico Ventana cumple 92 a\u00f1os: Entrevista a Carlos Dana - Noticias Radio Reflejos","robots":{"index":"index","follow":"follow","max-snippet":"max-snippet:-1","max-image-preview":"max-image-preview:large","max-video-preview":"max-video-preview:-1"},"canonical":"https:\/\/www.noticiasradioreflejos.com.ar\/2021\/el-club-atletico-ventana-cumple-92-anos-entrevista-a-carlos-dana\/","og_locale":"es_ES","og_type":"article","og_title":"El Club Atl\u00e9tico Ventana cumple 92 a\u00f1os: Entrevista a Carlos Dana - Noticias Radio Reflejos","og_description":"En una emotiva nota y bajo el contexto del 92\u00b0 cumplea\u00f1os del Club Atl\u00e9tico Ventana, conversamos con Carlos Dana, ex presidente del tricolor. Carlos nos cuenta un poco sobre la historia del club con an\u00e9cdotas emotivas y agradece a la comunidad de Sierra de la Ventana por ayudar a que el mismo siga creciendo. Adem\u00e1s, [&hellip;]","og_url":"https:\/\/www.noticiasradioreflejos.com.ar\/2021\/el-club-atletico-ventana-cumple-92-anos-entrevista-a-carlos-dana\/","og_site_name":"Noticias Radio Reflejos","article_published_time":"2020-06-09T19:28:22+00:00","og_image":[{"width":750,"height":430,"url":"https:\/\/www.noticiasradioreflejos.com.ar\/2021\/wp-content\/uploads\/2020\/06\/clubatleticoventana.jpg","type":"image\/jpeg"}],"author":"Arnaldo Botto","twitter_card":"summary_large_image","schema":{"@context":"https:\/\/schema.org","@graph":[{"@type":"WebPage","@id":"https:\/\/www.noticiasradioreflejos.com.ar\/2021\/el-club-atletico-ventana-cumple-92-anos-entrevista-a-carlos-dana\/","url":"https:\/\/www.noticiasradioreflejos.com.ar\/2021\/el-club-atletico-ventana-cumple-92-anos-entrevista-a-carlos-dana\/","name":"El Club Atl\u00e9tico Ventana cumple 92 a\u00f1os: Entrevista a Carlos Dana - Noticias Radio Reflejos","isPartOf":{"@id":"https:\/\/www.noticiasradioreflejos.com.ar\/2021\/#website"},"primaryImageOfPage":{"@id":"https:\/\/www.noticiasradioreflejos.com.ar\/2021\/el-club-atletico-ventana-cumple-92-anos-entrevista-a-carlos-dana\/#primaryimage"},"image":{"@id":"https:\/\/www.noticiasradioreflejos.com.ar\/2021\/el-club-atletico-ventana-cumple-92-anos-entrevista-a-carlos-dana\/#primaryimage"},"thumbnailUrl":"https:\/\/www.noticiasradioreflejos.com.ar\/2021\/wp-content\/uploads\/2020\/06\/clubatleticoventana.jpg","datePublished":"2020-06-09T19:28:22+00:00","author":{"@id":"https:\/\/www.noticiasradioreflejos.com.ar\/2021\/#\/schema\/person\/ad82545263dcc5ec0996818884fd5fb1"},"breadcrumb":{"@id":"https:\/\/www.noticiasradioreflejos.com.ar\/2021\/el-club-atletico-ventana-cumple-92-anos-entrevista-a-carlos-dana\/#breadcrumb"},"inLanguage":"es","potentialAction":[{"@type":"ReadAction","target":["https:\/\/www.noticiasradioreflejos.com.ar\/2021\/el-club-atletico-ventana-cumple-92-anos-entrevista-a-carlos-dana\/"]}]},{"@type":"ImageObject","inLanguage":"es","@id":"https:\/\/www.noticiasradioreflejos.com.ar\/2021\/el-club-atletico-ventana-cumple-92-anos-entrevista-a-carlos-dana\/#primaryimage","url":"https:\/\/www.noticiasradioreflejos.com.ar\/2021\/wp-content\/uploads\/2020\/06\/clubatleticoventana.jpg","contentUrl":"https:\/\/www.noticiasradioreflejos.com.ar\/2021\/wp-content\/uploads\/2020\/06\/clubatleticoventana.jpg","width":750,"height":430},{"@type":"BreadcrumbList","@id":"https:\/\/www.noticiasradioreflejos.com.ar\/2021\/el-club-atletico-ventana-cumple-92-anos-entrevista-a-carlos-dana\/#breadcrumb","itemListElement":[{"@type":"ListItem","position":1,"name":"Portada","item":"https:\/\/www.noticiasradioreflejos.com.ar\/2021\/"},{"@type":"ListItem","position":2,"name":"El Club Atl\u00e9tico Ventana cumple 92 a\u00f1os: Entrevista a Carlos Dana"}]},{"@type":"WebSite","@id":"https:\/\/www.noticiasradioreflejos.com.ar\/2021\/#website","url":"https:\/\/www.noticiasradioreflejos.com.ar\/2021\/","name":"Noticias Radio Reflejos","description":"Las noticias de mi comarca","potentialAction":[{"@type":"SearchAction","target":{"@type":"EntryPoint","urlTemplate":"https:\/\/www.noticiasradioreflejos.com.ar\/2021\/?s={search_term_string}"},"query-input":{"@type":"PropertyValueSpecification","valueRequired":true,"valueName":"search_term_string"}}],"inLanguage":"es"},{"@type":"Person","@id":"https:\/\/www.noticiasradioreflejos.com.ar\/2021\/#\/schema\/person\/ad82545263dcc5ec0996818884fd5fb1","name":"Arnaldo Botto","image":{"@type":"ImageObject","inLanguage":"es","@id":"https:\/\/www.noticiasradioreflejos.com.ar\/2021\/#\/schema\/person\/image\/","url":"https:\/\/secure.gravatar.com\/avatar\/55cb5e37c1efa326397366e6974cb338056df65cb50e7d64d1cf314e87504837?s=96&d=mm&r=g","contentUrl":"https:\/\/secure.gravatar.com\/avatar\/55cb5e37c1efa326397366e6974cb338056df65cb50e7d64d1cf314e87504837?s=96&d=mm&r=g","caption":"Arnaldo Botto"},"url":"https:\/\/www.noticiasradioreflejos.com.ar\/2021\/author\/arnaldo\/"}]}},"_links":{"self":[{"href":"https:\/\/www.noticiasradioreflejos.com.ar\/2021\/wp-json\/wp\/v2\/posts\/42995","targetHints":{"allow":["GET"]}}],"collection":[{"href":"https:\/\/www.noticiasradioreflejos.com.ar\/2021\/wp-json\/wp\/v2\/posts"}],"about":[{"href":"https:\/\/www.noticiasradioreflejos.com.ar\/2021\/wp-json\/wp\/v2\/types\/post"}],"author":[{"embeddable":true,"href":"https:\/\/www.noticiasradioreflejos.com.ar\/2021\/wp-json\/wp\/v2\/users\/3"}],"replies":[{"embeddable":true,"href":"https:\/\/www.noticiasradioreflejos.com.ar\/2021\/wp-json\/wp\/v2\/comments?post=42995"}],"version-history":[{"count":0,"href":"https:\/\/www.noticiasradioreflejos.com.ar\/2021\/wp-json\/wp\/v2\/posts\/42995\/revisions"}],"wp:featuredmedia":[{"embeddable":true,"href":"https:\/\/www.noticiasradioreflejos.com.ar\/2021\/wp-json\/wp\/v2\/media\/42999"}],"wp:attachment":[{"href":"https:\/\/www.noticiasradioreflejos.com.ar\/2021\/wp-json\/wp\/v2\/media?parent=42995"}],"wp:term":[{"taxonomy":"category","embeddable":true,"href":"https:\/\/www.noticiasradioreflejos.com.ar\/2021\/wp-json\/wp\/v2\/categories?post=42995"},{"taxonomy":"post_tag","embeddable":true,"href":"https:\/\/www.noticiasradioreflejos.com.ar\/2021\/wp-json\/wp\/v2\/tags?post=42995"}],"curies":[{"name":"wp","href":"https:\/\/api.w.org\/{rel}","templated":true}]}}