{"id":42993,"date":"2020-06-09T12:59:50","date_gmt":"2020-06-09T15:59:50","guid":{"rendered":"http:\/\/www.noticiasradioreflejos.com.ar\/noticias\/?p=42993"},"modified":"2020-06-09T12:59:50","modified_gmt":"2020-06-09T15:59:50","slug":"prorrogan-por-un-ano-los-vencimientos-de-los-certificados-de-discapacidad-que-caducan-en-2020","status":"publish","type":"post","link":"https:\/\/www.noticiasradioreflejos.com.ar\/2021\/prorrogan-por-un-ano-los-vencimientos-de-los-certificados-de-discapacidad-que-caducan-en-2020\/","title":{"rendered":"Prorrogan por un a\u00f1o los vencimientos de los certificados de discapacidad que caducan en 2020"},"content":{"rendered":"<p>La Agencia Nacional de Discapacidad (Andis) prorrog\u00f3 hoy por un a\u00f1o los Certificados \u00danicos de Discapacidad (CUD) y los S\u00edmbolos Internacionales de Acceso (como el permiso de libre tr\u00e1nsito y estacionamiento) ante la imposibilidad de realizar la renovaci\u00f3n mientras dure la pandemia de coronavirus.<!--more--><br \/>\nSeg\u00fan lo publicado en el Bolet\u00edn Oficial, a trav\u00e9s de la Resoluci\u00f3n 209\/2020, ser\u00e1 para aquellos certificados con vencimiento entre el 1\u00b0 de enero y el 31 de diciembre de este a\u00f1o.<br \/>\nLa medida contempla tambi\u00e9n la extensi\u00f3n por un a\u00f1o contado desde la fecha de su vencimiento de los S\u00edmbolos Internacionales de Acceso, que son utilizados por ejemplo para el libre tr\u00e1nsito y los lugares especiales de estacionamiento.<br \/>\nEn los considerandos, la normativa recuerda que la Ley 22.431 establece que la Agencia Nacional de Discapacidad certificar\u00e1 en cada caso la existencia de la discapacidad, su naturaleza y su grado, como as\u00ed tambi\u00e9n las posibilidades de rehabilitaci\u00f3n del afectado.<br \/>\nPor otro lado, indicar\u00e1, teniendo en cuenta la personalidad y los antecedentes del afectado, qu\u00e9 tipo de actividad laboral o profesional puede desempe\u00f1ar, a\u00f1adiendo que el certificado que se expida se denominar\u00e1 \u00abCertificado \u00danico de Discapacidad (CUD)\u201d.<br \/>\nEn este contexto, se se\u00f1ala que la Resoluci\u00f3n 63\/2020 ya hab\u00eda prorrogado por 90 d\u00edas corridos la vigencia de los plazos de vencimiento de los CUD y de aquellos emitidos por las provincias adheridas a la Ley 24.901 (NO CUD), cuyo vencimiento operase en los 90 d\u00edas posteriores a la publicaci\u00f3n de la normativa.<br \/>\nAsimismo, destac\u00f3 que por el referido acto se prorrog\u00f3, por 120 d\u00edas corridos, la vigencia de los CUD, y de los aquellos emitidos por las provincias adheridas NO CUD, y se determin\u00f3 para los vencimientos que hubieran operado en los 30 d\u00edas corridos anteriores a la publicaci\u00f3n de la misma.<\/p>\n","protected":false},"excerpt":{"rendered":"<p>La Agencia Nacional de Discapacidad (Andis) prorrog\u00f3 hoy por un a\u00f1o los Certificados \u00danicos de Discapacidad (CUD) y los S\u00edmbolos Internacionales de Acceso (como el permiso de libre tr\u00e1nsito y estacionamiento) ante la imposibilidad de realizar la renovaci\u00f3n mientras dure la pandemia de coronavirus.<\/p>\n","protected":false},"author":3,"featured_media":0,"comment_status":"closed","ping_status":"open","sticky":false,"template":"","format":"standard","meta":{"footnotes":""},"categories":[26],"tags":[],"class_list":["post-42993","post","type-post","status-publish","format-standard","hentry","category-sociedad"],"yoast_head":"<!-- This site is optimized with the Yoast SEO plugin v25.9 - https:\/\/yoast.com\/wordpress\/plugins\/seo\/ -->\n<title>Prorrogan por un a\u00f1o los vencimientos de los certificados de discapacidad que caducan en 2020 - Noticias Radio Reflejos<\/title>\n<meta name=\"robots\" content=\"index, follow, max-snippet:-1, max-image-preview:large, max-video-preview:-1\" \/>\n<link rel=\"canonical\" href=\"https:\/\/www.noticiasradioreflejos.com.ar\/2021\/prorrogan-por-un-ano-los-vencimientos-de-los-certificados-de-discapacidad-que-caducan-en-2020\/\" \/>\n<meta property=\"og:locale\" content=\"es_ES\" \/>\n<meta property=\"og:type\" content=\"article\" \/>\n<meta property=\"og:title\" content=\"Prorrogan por un a\u00f1o los vencimientos de los certificados de discapacidad que caducan en 2020 - Noticias Radio Reflejos\" \/>\n<meta property=\"og:description\" content=\"La Agencia Nacional de Discapacidad (Andis) prorrog\u00f3 hoy por un a\u00f1o los Certificados \u00danicos de Discapacidad (CUD) y los S\u00edmbolos Internacionales de Acceso (como el permiso de libre tr\u00e1nsito y estacionamiento) ante la imposibilidad de realizar la renovaci\u00f3n mientras dure la pandemia de coronavirus.\" \/>\n<meta property=\"og:url\" content=\"https:\/\/www.noticiasradioreflejos.com.ar\/2021\/prorrogan-por-un-ano-los-vencimientos-de-los-certificados-de-discapacidad-que-caducan-en-2020\/\" \/>\n<meta property=\"og:site_name\" content=\"Noticias Radio Reflejos\" \/>\n<meta property=\"article:published_time\" content=\"2020-06-09T15:59:50+00:00\" \/>\n<meta property=\"og:image\" content=\"https:\/\/www.noticiasradioreflejos.com.ar\/2021\/wp-content\/uploads\/2021\/07\/logosol300x200.png\" \/>\n\t<meta property=\"og:image:width\" content=\"300\" \/>\n\t<meta property=\"og:image:height\" content=\"200\" \/>\n\t<meta property=\"og:image:type\" content=\"image\/png\" \/>\n<meta name=\"author\" content=\"Arnaldo Botto\" \/>\n<meta name=\"twitter:card\" content=\"summary_large_image\" \/>\n<script type=\"application\/ld+json\" class=\"yoast-schema-graph\">{\"@context\":\"https:\/\/schema.org\",\"@graph\":[{\"@type\":\"WebPage\",\"@id\":\"https:\/\/www.noticiasradioreflejos.com.ar\/2021\/prorrogan-por-un-ano-los-vencimientos-de-los-certificados-de-discapacidad-que-caducan-en-2020\/\",\"url\":\"https:\/\/www.noticiasradioreflejos.com.ar\/2021\/prorrogan-por-un-ano-los-vencimientos-de-los-certificados-de-discapacidad-que-caducan-en-2020\/\",\"name\":\"Prorrogan por un a\u00f1o los vencimientos de los certificados de discapacidad que caducan en 2020 - Noticias Radio Reflejos\",\"isPartOf\":{\"@id\":\"https:\/\/www.noticiasradioreflejos.com.ar\/2021\/#website\"},\"datePublished\":\"2020-06-09T15:59:50+00:00\",\"author\":{\"@id\":\"https:\/\/www.noticiasradioreflejos.com.ar\/2021\/#\/schema\/person\/ad82545263dcc5ec0996818884fd5fb1\"},\"breadcrumb\":{\"@id\":\"https:\/\/www.noticiasradioreflejos.com.ar\/2021\/prorrogan-por-un-ano-los-vencimientos-de-los-certificados-de-discapacidad-que-caducan-en-2020\/#breadcrumb\"},\"inLanguage\":\"es\",\"potentialAction\":[{\"@type\":\"ReadAction\",\"target\":[\"https:\/\/www.noticiasradioreflejos.com.ar\/2021\/prorrogan-por-un-ano-los-vencimientos-de-los-certificados-de-discapacidad-que-caducan-en-2020\/\"]}]},{\"@type\":\"BreadcrumbList\",\"@id\":\"https:\/\/www.noticiasradioreflejos.com.ar\/2021\/prorrogan-por-un-ano-los-vencimientos-de-los-certificados-de-discapacidad-que-caducan-en-2020\/#breadcrumb\",\"itemListElement\":[{\"@type\":\"ListItem\",\"position\":1,\"name\":\"Portada\",\"item\":\"https:\/\/www.noticiasradioreflejos.com.ar\/2021\/\"},{\"@type\":\"ListItem\",\"position\":2,\"name\":\"Prorrogan por un a\u00f1o los vencimientos de los certificados de discapacidad que caducan en 2020\"}]},{\"@type\":\"WebSite\",\"@id\":\"https:\/\/www.noticiasradioreflejos.com.ar\/2021\/#website\",\"url\":\"https:\/\/www.noticiasradioreflejos.com.ar\/2021\/\",\"name\":\"Noticias Radio Reflejos\",\"description\":\"Las noticias de mi comarca\",\"potentialAction\":[{\"@type\":\"SearchAction\",\"target\":{\"@type\":\"EntryPoint\",\"urlTemplate\":\"https:\/\/www.noticiasradioreflejos.com.ar\/2021\/?s={search_term_string}\"},\"query-input\":{\"@type\":\"PropertyValueSpecification\",\"valueRequired\":true,\"valueName\":\"search_term_string\"}}],\"inLanguage\":\"es\"},{\"@type\":\"Person\",\"@id\":\"https:\/\/www.noticiasradioreflejos.com.ar\/2021\/#\/schema\/person\/ad82545263dcc5ec0996818884fd5fb1\",\"name\":\"Arnaldo Botto\",\"image\":{\"@type\":\"ImageObject\",\"inLanguage\":\"es\",\"@id\":\"https:\/\/www.noticiasradioreflejos.com.ar\/2021\/#\/schema\/person\/image\/\",\"url\":\"https:\/\/secure.gravatar.com\/avatar\/55cb5e37c1efa326397366e6974cb338056df65cb50e7d64d1cf314e87504837?s=96&d=mm&r=g\",\"contentUrl\":\"https:\/\/secure.gravatar.com\/avatar\/55cb5e37c1efa326397366e6974cb338056df65cb50e7d64d1cf314e87504837?s=96&d=mm&r=g\",\"caption\":\"Arnaldo Botto\"},\"url\":\"https:\/\/www.noticiasradioreflejos.com.ar\/2021\/author\/arnaldo\/\"}]}<\/script>\n<!-- \/ Yoast SEO plugin. -->","yoast_head_json":{"title":"Prorrogan por un a\u00f1o los vencimientos de los certificados de discapacidad que caducan en 2020 - Noticias Radio Reflejos","robots":{"index":"index","follow":"follow","max-snippet":"max-snippet:-1","max-image-preview":"max-image-preview:large","max-video-preview":"max-video-preview:-1"},"canonical":"https:\/\/www.noticiasradioreflejos.com.ar\/2021\/prorrogan-por-un-ano-los-vencimientos-de-los-certificados-de-discapacidad-que-caducan-en-2020\/","og_locale":"es_ES","og_type":"article","og_title":"Prorrogan por un a\u00f1o los vencimientos de los certificados de discapacidad que caducan en 2020 - Noticias Radio Reflejos","og_description":"La Agencia Nacional de Discapacidad (Andis) prorrog\u00f3 hoy por un a\u00f1o los Certificados \u00danicos de Discapacidad (CUD) y los S\u00edmbolos Internacionales de Acceso (como el permiso de libre tr\u00e1nsito y estacionamiento) ante la imposibilidad de realizar la renovaci\u00f3n mientras dure la pandemia de coronavirus.","og_url":"https:\/\/www.noticiasradioreflejos.com.ar\/2021\/prorrogan-por-un-ano-los-vencimientos-de-los-certificados-de-discapacidad-que-caducan-en-2020\/","og_site_name":"Noticias Radio Reflejos","article_published_time":"2020-06-09T15:59:50+00:00","og_image":[{"width":300,"height":200,"url":"https:\/\/www.noticiasradioreflejos.com.ar\/2021\/wp-content\/uploads\/2021\/07\/logosol300x200.png","type":"image\/png"}],"author":"Arnaldo Botto","twitter_card":"summary_large_image","schema":{"@context":"https:\/\/schema.org","@graph":[{"@type":"WebPage","@id":"https:\/\/www.noticiasradioreflejos.com.ar\/2021\/prorrogan-por-un-ano-los-vencimientos-de-los-certificados-de-discapacidad-que-caducan-en-2020\/","url":"https:\/\/www.noticiasradioreflejos.com.ar\/2021\/prorrogan-por-un-ano-los-vencimientos-de-los-certificados-de-discapacidad-que-caducan-en-2020\/","name":"Prorrogan por un a\u00f1o los vencimientos de los certificados de discapacidad que caducan en 2020 - Noticias Radio Reflejos","isPartOf":{"@id":"https:\/\/www.noticiasradioreflejos.com.ar\/2021\/#website"},"datePublished":"2020-06-09T15:59:50+00:00","author":{"@id":"https:\/\/www.noticiasradioreflejos.com.ar\/2021\/#\/schema\/person\/ad82545263dcc5ec0996818884fd5fb1"},"breadcrumb":{"@id":"https:\/\/www.noticiasradioreflejos.com.ar\/2021\/prorrogan-por-un-ano-los-vencimientos-de-los-certificados-de-discapacidad-que-caducan-en-2020\/#breadcrumb"},"inLanguage":"es","potentialAction":[{"@type":"ReadAction","target":["https:\/\/www.noticiasradioreflejos.com.ar\/2021\/prorrogan-por-un-ano-los-vencimientos-de-los-certificados-de-discapacidad-que-caducan-en-2020\/"]}]},{"@type":"BreadcrumbList","@id":"https:\/\/www.noticiasradioreflejos.com.ar\/2021\/prorrogan-por-un-ano-los-vencimientos-de-los-certificados-de-discapacidad-que-caducan-en-2020\/#breadcrumb","itemListElement":[{"@type":"ListItem","position":1,"name":"Portada","item":"https:\/\/www.noticiasradioreflejos.com.ar\/2021\/"},{"@type":"ListItem","position":2,"name":"Prorrogan por un a\u00f1o los vencimientos de los certificados de discapacidad que caducan en 2020"}]},{"@type":"WebSite","@id":"https:\/\/www.noticiasradioreflejos.com.ar\/2021\/#website","url":"https:\/\/www.noticiasradioreflejos.com.ar\/2021\/","name":"Noticias Radio Reflejos","description":"Las noticias de mi comarca","potentialAction":[{"@type":"SearchAction","target":{"@type":"EntryPoint","urlTemplate":"https:\/\/www.noticiasradioreflejos.com.ar\/2021\/?s={search_term_string}"},"query-input":{"@type":"PropertyValueSpecification","valueRequired":true,"valueName":"search_term_string"}}],"inLanguage":"es"},{"@type":"Person","@id":"https:\/\/www.noticiasradioreflejos.com.ar\/2021\/#\/schema\/person\/ad82545263dcc5ec0996818884fd5fb1","name":"Arnaldo Botto","image":{"@type":"ImageObject","inLanguage":"es","@id":"https:\/\/www.noticiasradioreflejos.com.ar\/2021\/#\/schema\/person\/image\/","url":"https:\/\/secure.gravatar.com\/avatar\/55cb5e37c1efa326397366e6974cb338056df65cb50e7d64d1cf314e87504837?s=96&d=mm&r=g","contentUrl":"https:\/\/secure.gravatar.com\/avatar\/55cb5e37c1efa326397366e6974cb338056df65cb50e7d64d1cf314e87504837?s=96&d=mm&r=g","caption":"Arnaldo Botto"},"url":"https:\/\/www.noticiasradioreflejos.com.ar\/2021\/author\/arnaldo\/"}]}},"_links":{"self":[{"href":"https:\/\/www.noticiasradioreflejos.com.ar\/2021\/wp-json\/wp\/v2\/posts\/42993","targetHints":{"allow":["GET"]}}],"collection":[{"href":"https:\/\/www.noticiasradioreflejos.com.ar\/2021\/wp-json\/wp\/v2\/posts"}],"about":[{"href":"https:\/\/www.noticiasradioreflejos.com.ar\/2021\/wp-json\/wp\/v2\/types\/post"}],"author":[{"embeddable":true,"href":"https:\/\/www.noticiasradioreflejos.com.ar\/2021\/wp-json\/wp\/v2\/users\/3"}],"replies":[{"embeddable":true,"href":"https:\/\/www.noticiasradioreflejos.com.ar\/2021\/wp-json\/wp\/v2\/comments?post=42993"}],"version-history":[{"count":0,"href":"https:\/\/www.noticiasradioreflejos.com.ar\/2021\/wp-json\/wp\/v2\/posts\/42993\/revisions"}],"wp:attachment":[{"href":"https:\/\/www.noticiasradioreflejos.com.ar\/2021\/wp-json\/wp\/v2\/media?parent=42993"}],"wp:term":[{"taxonomy":"category","embeddable":true,"href":"https:\/\/www.noticiasradioreflejos.com.ar\/2021\/wp-json\/wp\/v2\/categories?post=42993"},{"taxonomy":"post_tag","embeddable":true,"href":"https:\/\/www.noticiasradioreflejos.com.ar\/2021\/wp-json\/wp\/v2\/tags?post=42993"}],"curies":[{"name":"wp","href":"https:\/\/api.w.org\/{rel}","templated":true}]}}