{"id":42990,"date":"2020-06-09T12:45:25","date_gmt":"2020-06-09T15:45:25","guid":{"rendered":"http:\/\/www.noticiasradioreflejos.com.ar\/noticias\/?p=42990"},"modified":"2020-06-09T12:45:25","modified_gmt":"2020-06-09T15:45:25","slug":"promociona-tu-destino-concurso-para-estudiantes-y-jovenes-graduados-de-turismo","status":"publish","type":"post","link":"https:\/\/www.noticiasradioreflejos.com.ar\/2021\/promociona-tu-destino-concurso-para-estudiantes-y-jovenes-graduados-de-turismo\/","title":{"rendered":"\u201cPromocion\u00e1 tu destino\u201d, concurso para estudiantes y j\u00f3venes graduados de turismo"},"content":{"rendered":"<p>La Secretar\u00eda de Turismo, Producci\u00f3n, Comercio e Industria informa que con el fin de promover el intercambio y la discusi\u00f3n de ideas que contribuyan a la promoci\u00f3n de los destinos de Argentina, enfoc\u00e1ndose en el desarrollo sostenible, integraci\u00f3n regional, inclusi\u00f3n, seguridad y perspectiva de g\u00e9nero, el Ministerio de Turismo y Deporte de la Naci\u00f3n, lanz\u00f3 el concurso \u201cPromocion\u00e1 tu destino\u201d.<!--more--><br \/>\nEl desaf\u00edo est\u00e1 dirigido a estudiantes y profesionales de las carreras de turismo del pa\u00eds, que tengan entre 18 y 30 a\u00f1os, y tiene como objetivo recoger la visi\u00f3n sobre la promoci\u00f3n del turismo nacional. Para participar deber\u00e1n realizar una campa\u00f1a de promoci\u00f3n de un destino argentino. Se premiar\u00e1n las tres mejores propuestas.<br \/>\nLas campa\u00f1as que presenten los participantes deber\u00e1n cumplir con tres ejes transversales: el turismo en espacios rurales y de cercan\u00eda, perspectiva de g\u00e9nero, y caracter\u00edsticas de destino seguro.<br \/>\nLos ganadores tendr\u00e1n la posibilidad de presentar su campa\u00f1a de promoci\u00f3n en el marco de una Asamblea Ordinaria del Consejo Federal de Turismo y los premios del podio ser\u00e1n de 100 mil, 80 mil y 70 mil pesos.<br \/>\nLas inscripci\u00f3n se realizar\u00e1n desde el 22 de junio al 6 de julio de este a\u00f1o, quienes se inscriban podr\u00e1n enviar la propuesta hasta del equipo de trabajo, que puede ser integrado por 2 o 3 personas, hasta el 6 de agosto. Y los ganadores ser\u00e1n anunciados el 27 de septiembre, D\u00eda Mundial del Turismo.<br \/>\n<a href=\"https:\/\/www.argentina.gob.ar\/turismoydeportes\/promociona-tu-destino\">Bases y condiciones para participar.<\/a><\/p>\n","protected":false},"excerpt":{"rendered":"<p>La Secretar\u00eda de Turismo, Producci\u00f3n, Comercio e Industria informa que con el fin de promover el intercambio y la discusi\u00f3n de ideas que contribuyan a la promoci\u00f3n de los destinos de Argentina, enfoc\u00e1ndose en el desarrollo sostenible, integraci\u00f3n regional, inclusi\u00f3n, seguridad y perspectiva de g\u00e9nero, el Ministerio de Turismo y Deporte de la Naci\u00f3n, lanz\u00f3 [&hellip;]<\/p>\n","protected":false},"author":3,"featured_media":0,"comment_status":"closed","ping_status":"open","sticky":false,"template":"","format":"standard","meta":{"footnotes":""},"categories":[33],"tags":[],"class_list":["post-42990","post","type-post","status-publish","format-standard","hentry","category-turismo"],"yoast_head":"<!-- This site is optimized with the Yoast SEO plugin v25.9 - https:\/\/yoast.com\/wordpress\/plugins\/seo\/ -->\n<title>\u201cPromocion\u00e1 tu destino\u201d, concurso para estudiantes y j\u00f3venes graduados de turismo - Noticias Radio Reflejos<\/title>\n<meta name=\"robots\" content=\"index, follow, max-snippet:-1, max-image-preview:large, max-video-preview:-1\" \/>\n<link rel=\"canonical\" href=\"https:\/\/www.noticiasradioreflejos.com.ar\/2021\/promociona-tu-destino-concurso-para-estudiantes-y-jovenes-graduados-de-turismo\/\" \/>\n<meta property=\"og:locale\" content=\"es_ES\" \/>\n<meta property=\"og:type\" content=\"article\" \/>\n<meta property=\"og:title\" content=\"\u201cPromocion\u00e1 tu destino\u201d, concurso para estudiantes y j\u00f3venes graduados de turismo - Noticias Radio Reflejos\" \/>\n<meta property=\"og:description\" content=\"La Secretar\u00eda de Turismo, Producci\u00f3n, Comercio e Industria informa que con el fin de promover el intercambio y la discusi\u00f3n de ideas que contribuyan a la promoci\u00f3n de los destinos de Argentina, enfoc\u00e1ndose en el desarrollo sostenible, integraci\u00f3n regional, inclusi\u00f3n, seguridad y perspectiva de g\u00e9nero, el Ministerio de Turismo y Deporte de la Naci\u00f3n, lanz\u00f3 [&hellip;]\" \/>\n<meta property=\"og:url\" content=\"https:\/\/www.noticiasradioreflejos.com.ar\/2021\/promociona-tu-destino-concurso-para-estudiantes-y-jovenes-graduados-de-turismo\/\" \/>\n<meta property=\"og:site_name\" content=\"Noticias Radio Reflejos\" \/>\n<meta property=\"article:published_time\" content=\"2020-06-09T15:45:25+00:00\" \/>\n<meta property=\"og:image\" content=\"https:\/\/www.noticiasradioreflejos.com.ar\/2021\/wp-content\/uploads\/2021\/07\/logosol300x200.png\" \/>\n\t<meta property=\"og:image:width\" content=\"300\" \/>\n\t<meta property=\"og:image:height\" content=\"200\" \/>\n\t<meta property=\"og:image:type\" content=\"image\/png\" \/>\n<meta name=\"author\" content=\"Arnaldo Botto\" \/>\n<meta name=\"twitter:card\" content=\"summary_large_image\" \/>\n<script type=\"application\/ld+json\" class=\"yoast-schema-graph\">{\"@context\":\"https:\/\/schema.org\",\"@graph\":[{\"@type\":\"WebPage\",\"@id\":\"https:\/\/www.noticiasradioreflejos.com.ar\/2021\/promociona-tu-destino-concurso-para-estudiantes-y-jovenes-graduados-de-turismo\/\",\"url\":\"https:\/\/www.noticiasradioreflejos.com.ar\/2021\/promociona-tu-destino-concurso-para-estudiantes-y-jovenes-graduados-de-turismo\/\",\"name\":\"\u201cPromocion\u00e1 tu destino\u201d, concurso para estudiantes y j\u00f3venes graduados de turismo - Noticias Radio Reflejos\",\"isPartOf\":{\"@id\":\"https:\/\/www.noticiasradioreflejos.com.ar\/2021\/#website\"},\"datePublished\":\"2020-06-09T15:45:25+00:00\",\"author\":{\"@id\":\"https:\/\/www.noticiasradioreflejos.com.ar\/2021\/#\/schema\/person\/ad82545263dcc5ec0996818884fd5fb1\"},\"breadcrumb\":{\"@id\":\"https:\/\/www.noticiasradioreflejos.com.ar\/2021\/promociona-tu-destino-concurso-para-estudiantes-y-jovenes-graduados-de-turismo\/#breadcrumb\"},\"inLanguage\":\"es\",\"potentialAction\":[{\"@type\":\"ReadAction\",\"target\":[\"https:\/\/www.noticiasradioreflejos.com.ar\/2021\/promociona-tu-destino-concurso-para-estudiantes-y-jovenes-graduados-de-turismo\/\"]}]},{\"@type\":\"BreadcrumbList\",\"@id\":\"https:\/\/www.noticiasradioreflejos.com.ar\/2021\/promociona-tu-destino-concurso-para-estudiantes-y-jovenes-graduados-de-turismo\/#breadcrumb\",\"itemListElement\":[{\"@type\":\"ListItem\",\"position\":1,\"name\":\"Portada\",\"item\":\"https:\/\/www.noticiasradioreflejos.com.ar\/2021\/\"},{\"@type\":\"ListItem\",\"position\":2,\"name\":\"\u201cPromocion\u00e1 tu destino\u201d, concurso para estudiantes y j\u00f3venes graduados de turismo\"}]},{\"@type\":\"WebSite\",\"@id\":\"https:\/\/www.noticiasradioreflejos.com.ar\/2021\/#website\",\"url\":\"https:\/\/www.noticiasradioreflejos.com.ar\/2021\/\",\"name\":\"Noticias Radio Reflejos\",\"description\":\"Las noticias de mi comarca\",\"potentialAction\":[{\"@type\":\"SearchAction\",\"target\":{\"@type\":\"EntryPoint\",\"urlTemplate\":\"https:\/\/www.noticiasradioreflejos.com.ar\/2021\/?s={search_term_string}\"},\"query-input\":{\"@type\":\"PropertyValueSpecification\",\"valueRequired\":true,\"valueName\":\"search_term_string\"}}],\"inLanguage\":\"es\"},{\"@type\":\"Person\",\"@id\":\"https:\/\/www.noticiasradioreflejos.com.ar\/2021\/#\/schema\/person\/ad82545263dcc5ec0996818884fd5fb1\",\"name\":\"Arnaldo Botto\",\"image\":{\"@type\":\"ImageObject\",\"inLanguage\":\"es\",\"@id\":\"https:\/\/www.noticiasradioreflejos.com.ar\/2021\/#\/schema\/person\/image\/\",\"url\":\"https:\/\/secure.gravatar.com\/avatar\/55cb5e37c1efa326397366e6974cb338056df65cb50e7d64d1cf314e87504837?s=96&d=mm&r=g\",\"contentUrl\":\"https:\/\/secure.gravatar.com\/avatar\/55cb5e37c1efa326397366e6974cb338056df65cb50e7d64d1cf314e87504837?s=96&d=mm&r=g\",\"caption\":\"Arnaldo Botto\"},\"url\":\"https:\/\/www.noticiasradioreflejos.com.ar\/2021\/author\/arnaldo\/\"}]}<\/script>\n<!-- \/ Yoast SEO plugin. -->","yoast_head_json":{"title":"\u201cPromocion\u00e1 tu destino\u201d, concurso para estudiantes y j\u00f3venes graduados de turismo - Noticias Radio Reflejos","robots":{"index":"index","follow":"follow","max-snippet":"max-snippet:-1","max-image-preview":"max-image-preview:large","max-video-preview":"max-video-preview:-1"},"canonical":"https:\/\/www.noticiasradioreflejos.com.ar\/2021\/promociona-tu-destino-concurso-para-estudiantes-y-jovenes-graduados-de-turismo\/","og_locale":"es_ES","og_type":"article","og_title":"\u201cPromocion\u00e1 tu destino\u201d, concurso para estudiantes y j\u00f3venes graduados de turismo - Noticias Radio Reflejos","og_description":"La Secretar\u00eda de Turismo, Producci\u00f3n, Comercio e Industria informa que con el fin de promover el intercambio y la discusi\u00f3n de ideas que contribuyan a la promoci\u00f3n de los destinos de Argentina, enfoc\u00e1ndose en el desarrollo sostenible, integraci\u00f3n regional, inclusi\u00f3n, seguridad y perspectiva de g\u00e9nero, el Ministerio de Turismo y Deporte de la Naci\u00f3n, lanz\u00f3 [&hellip;]","og_url":"https:\/\/www.noticiasradioreflejos.com.ar\/2021\/promociona-tu-destino-concurso-para-estudiantes-y-jovenes-graduados-de-turismo\/","og_site_name":"Noticias Radio Reflejos","article_published_time":"2020-06-09T15:45:25+00:00","og_image":[{"width":300,"height":200,"url":"https:\/\/www.noticiasradioreflejos.com.ar\/2021\/wp-content\/uploads\/2021\/07\/logosol300x200.png","type":"image\/png"}],"author":"Arnaldo Botto","twitter_card":"summary_large_image","schema":{"@context":"https:\/\/schema.org","@graph":[{"@type":"WebPage","@id":"https:\/\/www.noticiasradioreflejos.com.ar\/2021\/promociona-tu-destino-concurso-para-estudiantes-y-jovenes-graduados-de-turismo\/","url":"https:\/\/www.noticiasradioreflejos.com.ar\/2021\/promociona-tu-destino-concurso-para-estudiantes-y-jovenes-graduados-de-turismo\/","name":"\u201cPromocion\u00e1 tu destino\u201d, concurso para estudiantes y j\u00f3venes graduados de turismo - Noticias Radio Reflejos","isPartOf":{"@id":"https:\/\/www.noticiasradioreflejos.com.ar\/2021\/#website"},"datePublished":"2020-06-09T15:45:25+00:00","author":{"@id":"https:\/\/www.noticiasradioreflejos.com.ar\/2021\/#\/schema\/person\/ad82545263dcc5ec0996818884fd5fb1"},"breadcrumb":{"@id":"https:\/\/www.noticiasradioreflejos.com.ar\/2021\/promociona-tu-destino-concurso-para-estudiantes-y-jovenes-graduados-de-turismo\/#breadcrumb"},"inLanguage":"es","potentialAction":[{"@type":"ReadAction","target":["https:\/\/www.noticiasradioreflejos.com.ar\/2021\/promociona-tu-destino-concurso-para-estudiantes-y-jovenes-graduados-de-turismo\/"]}]},{"@type":"BreadcrumbList","@id":"https:\/\/www.noticiasradioreflejos.com.ar\/2021\/promociona-tu-destino-concurso-para-estudiantes-y-jovenes-graduados-de-turismo\/#breadcrumb","itemListElement":[{"@type":"ListItem","position":1,"name":"Portada","item":"https:\/\/www.noticiasradioreflejos.com.ar\/2021\/"},{"@type":"ListItem","position":2,"name":"\u201cPromocion\u00e1 tu destino\u201d, concurso para estudiantes y j\u00f3venes graduados de turismo"}]},{"@type":"WebSite","@id":"https:\/\/www.noticiasradioreflejos.com.ar\/2021\/#website","url":"https:\/\/www.noticiasradioreflejos.com.ar\/2021\/","name":"Noticias Radio Reflejos","description":"Las noticias de mi comarca","potentialAction":[{"@type":"SearchAction","target":{"@type":"EntryPoint","urlTemplate":"https:\/\/www.noticiasradioreflejos.com.ar\/2021\/?s={search_term_string}"},"query-input":{"@type":"PropertyValueSpecification","valueRequired":true,"valueName":"search_term_string"}}],"inLanguage":"es"},{"@type":"Person","@id":"https:\/\/www.noticiasradioreflejos.com.ar\/2021\/#\/schema\/person\/ad82545263dcc5ec0996818884fd5fb1","name":"Arnaldo Botto","image":{"@type":"ImageObject","inLanguage":"es","@id":"https:\/\/www.noticiasradioreflejos.com.ar\/2021\/#\/schema\/person\/image\/","url":"https:\/\/secure.gravatar.com\/avatar\/55cb5e37c1efa326397366e6974cb338056df65cb50e7d64d1cf314e87504837?s=96&d=mm&r=g","contentUrl":"https:\/\/secure.gravatar.com\/avatar\/55cb5e37c1efa326397366e6974cb338056df65cb50e7d64d1cf314e87504837?s=96&d=mm&r=g","caption":"Arnaldo Botto"},"url":"https:\/\/www.noticiasradioreflejos.com.ar\/2021\/author\/arnaldo\/"}]}},"_links":{"self":[{"href":"https:\/\/www.noticiasradioreflejos.com.ar\/2021\/wp-json\/wp\/v2\/posts\/42990","targetHints":{"allow":["GET"]}}],"collection":[{"href":"https:\/\/www.noticiasradioreflejos.com.ar\/2021\/wp-json\/wp\/v2\/posts"}],"about":[{"href":"https:\/\/www.noticiasradioreflejos.com.ar\/2021\/wp-json\/wp\/v2\/types\/post"}],"author":[{"embeddable":true,"href":"https:\/\/www.noticiasradioreflejos.com.ar\/2021\/wp-json\/wp\/v2\/users\/3"}],"replies":[{"embeddable":true,"href":"https:\/\/www.noticiasradioreflejos.com.ar\/2021\/wp-json\/wp\/v2\/comments?post=42990"}],"version-history":[{"count":0,"href":"https:\/\/www.noticiasradioreflejos.com.ar\/2021\/wp-json\/wp\/v2\/posts\/42990\/revisions"}],"wp:attachment":[{"href":"https:\/\/www.noticiasradioreflejos.com.ar\/2021\/wp-json\/wp\/v2\/media?parent=42990"}],"wp:term":[{"taxonomy":"category","embeddable":true,"href":"https:\/\/www.noticiasradioreflejos.com.ar\/2021\/wp-json\/wp\/v2\/categories?post=42990"},{"taxonomy":"post_tag","embeddable":true,"href":"https:\/\/www.noticiasradioreflejos.com.ar\/2021\/wp-json\/wp\/v2\/tags?post=42990"}],"curies":[{"name":"wp","href":"https:\/\/api.w.org\/{rel}","templated":true}]}}