{"id":42988,"date":"2020-06-09T12:25:06","date_gmt":"2020-06-09T15:25:06","guid":{"rendered":"http:\/\/www.noticiasradioreflejos.com.ar\/noticias\/?p=42988"},"modified":"2020-06-09T12:25:06","modified_gmt":"2020-06-09T15:25:06","slug":"creacion-del-programa-de-apoyo-al-sistema-productivo-nacional","status":"publish","type":"post","link":"https:\/\/www.noticiasradioreflejos.com.ar\/2021\/creacion-del-programa-de-apoyo-al-sistema-productivo-nacional\/","title":{"rendered":"Creaci\u00f3n del Programa de Apoyo al Sistema Productivo Nacional."},"content":{"rendered":"<p>El Ministerio de Desarrollo Productivo destinar\u00e1 2300 millones de pesos para asistir a MiPyMEs, cooperativas, empresas e instituciones de investigaci\u00f3n y desarrollo que contribuyan a la emergencia sanitaria, de la siguiente forma:<!--more--><\/p>\n<div>\n<ul>\n<li>Dos l\u00edneas de cr\u00e9ditos directos\u00a0con una tasa anual fija del 12%:<br \/>\nPara cooperativas, MiPyMEs y grandes empresas con un m\u00ednimo de 12 meses de ventas comprobables que necesiten aumentar su capacidad de producci\u00f3n tanto para realizar aportes innovadores en el \u00e1rea de equipamiento, insumos m\u00e9dicos y sanitarios; como para brindar soluciones tecnol\u00f3gicas para ayudar a la prevenci\u00f3n, diagn\u00f3stico, tratamiento y otros aspectos relacionados con el Coronavirus. Cuentan con el respaldo de FONDEP. Complet\u00e1 el\u00a0<a href=\"https:\/\/www.argentina.gob.ar\/files\/creditosfondep-formularioxlsx\" target=\"_blank\" data-saferedirecturl=\"https:\/\/www.google.com\/url?q=https:\/\/www.argentina.gob.ar\/files\/creditosfondep-formularioxlsx&amp;source=gmail&amp;ust=1591801047948000&amp;usg=AFQjCNFHBzKYaO9Dr9CgH2XdxqZVENTq7g\" rel=\"noopener\">formulario<\/a>\u00a0y la\u00a0<a href=\"https:\/\/www.argentina.gob.ar\/sites\/default\/files\/declaracion_jurada_covid_19_-_creditos_directos.pdf\" target=\"_blank\" data-saferedirecturl=\"https:\/\/www.google.com\/url?q=https:\/\/www.argentina.gob.ar\/sites\/default\/files\/declaracion_jurada_covid_19_-_creditos_directos.pdf&amp;source=gmail&amp;ust=1591801047948000&amp;usg=AFQjCNEzCxNqC_Nu2cXIRtwEWwd_XE0ivQ\" rel=\"noopener\">declaraci\u00f3n jurada<\/a>, y\u00a0<a href=\"https:\/\/www.argentina.gob.ar\/sites\/default\/files\/creditos_fondep_-_tutorial.pdf\" target=\"_blank\" data-saferedirecturl=\"https:\/\/www.google.com\/url?q=https:\/\/www.argentina.gob.ar\/sites\/default\/files\/creditos_fondep_-_tutorial.pdf&amp;source=gmail&amp;ust=1591801047948000&amp;usg=AFQjCNFvoNXmTBm7E5TF9agGm-rplv69ew\" rel=\"noopener\">mir\u00e1 c\u00f3mo<\/a>\u00a0presentar la solicitud para acceder a los cr\u00e9ditos. Pod\u00e9s consultar m\u00e1s informaci\u00f3n en el\u00a0<a href=\"https:\/\/www.argentina.gob.ar\/sites\/default\/files\/creditos_-_preguntas_frecuentes_0.pdf\" target=\"_blank\" data-saferedirecturl=\"https:\/\/www.google.com\/url?q=https:\/\/www.argentina.gob.ar\/sites\/default\/files\/creditos_-_preguntas_frecuentes_0.pdf&amp;source=gmail&amp;ust=1591801047948000&amp;usg=AFQjCNH0CSBGl0FTWBIO75G83MxVcDRkRw\" rel=\"noopener\">Manual de Preguntas Frecuentes<\/a>.<\/p>\n<ul>\n<li>Cr\u00e9ditos destinados a capital de trabajo\u00a0de un monto m\u00e1ximo de 30 millones de pesos, sin poder superar el 40% de las ventas sin IVA del \u00faltimo ejercicio, con plazo de pago de 3 a\u00f1os y 6 meses de gracia.<\/li>\n<li>Cr\u00e9ditos destinados a inversiones productivas\u00a0de un monto m\u00e1ximo de 30 millones de pesos, con plazo de pago de hasta 5 a\u00f1os, con un a\u00f1o de gracia.<\/li>\n<\/ul>\n<\/li>\n<\/ul>\n<p><a href=\"https:\/\/www.argentina.gob.ar\/sites\/default\/files\/fondep_-_bases_y_condiciones_de_creditos_directos_.pdf\" target=\"_blank\" data-saferedirecturl=\"https:\/\/www.google.com\/url?q=https:\/\/www.argentina.gob.ar\/sites\/default\/files\/fondep_-_bases_y_condiciones_de_creditos_directos_.pdf&amp;source=gmail&amp;ust=1591801047948000&amp;usg=AFQjCNGqfP7hsSAGFUzZuEuOuN910-7Xcg\" rel=\"noopener\">BASES Y CONDICIONES<\/a><\/p>\n<ul>\n<li>Aportes No Reembolsables:<br \/>\nPara empresas, emprendedores, grupos asociativos e instituciones de I+D+i que no sean sujeto de cr\u00e9dito directo y necesiten incrementar su capacidad productiva para el desarrollo tanto de emprendimientos innovadores como nuevos servicios\/productos estrat\u00e9gicos que contribuyan a mitigar el Coronavirus.<br \/>\nEl monto m\u00e1ximo es de 10 millones de pesos con un plazo de hasta 6 meses de implementaci\u00f3n. Se requerir\u00e1 seguro de cauci\u00f3n. Complet\u00e1 el\u00a0<a href=\"https:\/\/www.argentina.gob.ar\/files\/formularioanr0xlsx\" target=\"_blank\" data-saferedirecturl=\"https:\/\/www.google.com\/url?q=https:\/\/www.argentina.gob.ar\/files\/formularioanr0xlsx&amp;source=gmail&amp;ust=1591801047948000&amp;usg=AFQjCNEkTUSdQ8MstOGq5fhd9AdztgaTWA\" rel=\"noopener\">formulario<\/a>\u00a0y la\u00a0<a href=\"https:\/\/www.argentina.gob.ar\/sites\/default\/files\/declaracion_jurada_-_anrs.pdf\" target=\"_blank\" data-saferedirecturl=\"https:\/\/www.google.com\/url?q=https:\/\/www.argentina.gob.ar\/sites\/default\/files\/declaracion_jurada_-_anrs.pdf&amp;source=gmail&amp;ust=1591801047948000&amp;usg=AFQjCNHtK7o55pOkeIieoiNwjDeYew5O1Q\" rel=\"noopener\">declaraci\u00f3n jurada<\/a>, y\u00a0<a href=\"https:\/\/www.argentina.gob.ar\/sites\/default\/files\/fondep_anr_-_tutorial_0.pdf\" target=\"_blank\" data-saferedirecturl=\"https:\/\/www.google.com\/url?q=https:\/\/www.argentina.gob.ar\/sites\/default\/files\/fondep_anr_-_tutorial_0.pdf&amp;source=gmail&amp;ust=1591801047948000&amp;usg=AFQjCNH1AYpZvRBqewZb6uaeje2Prn5Paw\" rel=\"noopener\">mir\u00e1 c\u00f3mo<\/a>\u00a0presentar la solicitud para acceder a los aportes.<br \/>\nSi necesit\u00e1s hacer este tr\u00e1mite en representaci\u00f3n de otra persona, consult\u00e1 c\u00f3mo hacer el\u00a0<a href=\"https:\/\/www.argentina.gob.ar\/sites\/default\/files\/tramite_de_apoderamiento_para_anr_fondep_0.pdf\" target=\"_blank\" data-saferedirecturl=\"https:\/\/www.google.com\/url?q=https:\/\/www.argentina.gob.ar\/sites\/default\/files\/tramite_de_apoderamiento_para_anr_fondep_0.pdf&amp;source=gmail&amp;ust=1591801047948000&amp;usg=AFQjCNFyVK_SKGE0XVaqVmlBrXOVO3f52A\" rel=\"noopener\">tr\u00e1mite de apoderamiento<\/a>.<br \/>\nPod\u00e9s consultar m\u00e1s informaci\u00f3n en el\u00a0<a href=\"https:\/\/www.argentina.gob.ar\/sites\/default\/files\/anr_-_preguntas_frecuentes_0.pdf\" target=\"_blank\" data-saferedirecturl=\"https:\/\/www.google.com\/url?q=https:\/\/www.argentina.gob.ar\/sites\/default\/files\/anr_-_preguntas_frecuentes_0.pdf&amp;source=gmail&amp;ust=1591801047948000&amp;usg=AFQjCNGiOW_XHi99ecxCkmHmnT4xbShnXQ\" rel=\"noopener\">Manual de Preguntas Frecuentes<\/a>.<\/li>\n<\/ul>\n<p><a href=\"https:\/\/www.argentina.gob.ar\/sites\/default\/files\/fondep_-_bases_y_condiciones_anrs.pdf\" target=\"_blank\" data-saferedirecturl=\"https:\/\/www.google.com\/url?q=https:\/\/www.argentina.gob.ar\/sites\/default\/files\/fondep_-_bases_y_condiciones_anrs.pdf&amp;source=gmail&amp;ust=1591801047948000&amp;usg=AFQjCNGbH7vYKP16_V7r2pRsdh4RkvBPiw\" rel=\"noopener\">BASES Y CONDICIONES<\/a><\/p>\n<ul>\n<li>L\u00ednea PAC Covid con apoyo del Banco Interamericano de Desarrollo (BID):\n<ul>\n<li>Para MiPyMEs y emprendedores que produzcan bienes, equipamientos, KITs de testeo, desarrollo de servicios tecnol\u00f3gicos y plataformas o mejoren de procesos para enfrentar la pandemia.<\/li>\n<li>Son Aportes No Reembolsables que cubrir\u00e1n el 100% del proyecto, con un monto m\u00e1ximo de 1.800.000 pesos. Para proyectos de gran impacto o asociativos, es decir de dos o m\u00e1s empresas, el m\u00e1ximo ser\u00e1 de 6 millones.<\/li>\n<li>Para acceder, es requisito tener seguro de cauci\u00f3n, contar con clave fiscal y estar adherido a la plataforma Tr\u00e1mites a Distancia (TAD).\u00a0<a href=\"https:\/\/www.argentina.gob.ar\/pac-covid-19\" target=\"_blank\" data-saferedirecturl=\"https:\/\/www.google.com\/url?q=https:\/\/www.argentina.gob.ar\/pac-covid-19&amp;source=gmail&amp;ust=1591801047948000&amp;usg=AFQjCNEzXZDUiUIxO-FFegYPKkiKgffeSQ\" rel=\"noopener\">Inici\u00e1 el tr\u00e1mite<\/a><\/li>\n<\/ul>\n<\/li>\n<\/ul>\n<p><a href=\"https:\/\/www.boletinoficial.gob.ar\/detalleAviso\/primera\/227340\/20200401\" target=\"_blank\" data-saferedirecturl=\"https:\/\/www.google.com\/url?q=https:\/\/www.boletinoficial.gob.ar\/detalleAviso\/primera\/227340\/20200401&amp;source=gmail&amp;ust=1591801047948000&amp;usg=AFQjCNHmWRvTzJlJSh_Rwj5fJ6UZ0HUqgg\" rel=\"noopener\">Resoluci\u00f3n 132\/2020<\/a><br \/>\n<a href=\"https:\/\/www.boletinoficial.gob.ar\/detalleAviso\/primera\/228396\/20200429\" target=\"_blank\" data-saferedirecturl=\"https:\/\/www.google.com\/url?q=https:\/\/www.boletinoficial.gob.ar\/detalleAviso\/primera\/228396\/20200429&amp;source=gmail&amp;ust=1591801047948000&amp;usg=AFQjCNFBQgspXDSyoLSxBN-iByoSqAFYiA\" rel=\"noopener\">Resoluci\u00f3n 53\/2020<\/a><\/p>\n<p><a href=\"https:\/\/www.argentina.gob.ar\/produccion\/medidas-pymes-covid#10\" target=\"_blank\" data-saferedirecturl=\"https:\/\/www.google.com\/url?q=https:\/\/www.argentina.gob.ar\/produccion\/medidas-pymes-covid%2310&amp;source=gmail&amp;ust=1591801047948000&amp;usg=AFQjCNFoVRp7w5Yr81moI8JpcY5wHl51Kw\" rel=\"noopener\">https:\/\/www.argentina.gob.ar\/<wbr \/>produccion\/medidas-pymes-<wbr \/>covid#10<\/a><\/p>\n<\/div>\n<div class=\"yj6qo\"><\/div>\n<div class=\"adL\"><\/div>\n","protected":false},"excerpt":{"rendered":"<p>El Ministerio de Desarrollo Productivo destinar\u00e1 2300 millones de pesos para asistir a MiPyMEs, cooperativas, empresas e instituciones de investigaci\u00f3n y desarrollo que contribuyan a la emergencia sanitaria, de la siguiente forma:<\/p>\n","protected":false},"author":3,"featured_media":0,"comment_status":"closed","ping_status":"open","sticky":false,"template":"","format":"standard","meta":{"footnotes":""},"categories":[36],"tags":[],"class_list":["post-42988","post","type-post","status-publish","format-standard","hentry","category-economia"],"yoast_head":"<!-- This site is optimized with the Yoast SEO plugin v25.9 - https:\/\/yoast.com\/wordpress\/plugins\/seo\/ -->\n<title>Creaci\u00f3n del Programa de Apoyo al Sistema Productivo Nacional. - Noticias Radio Reflejos<\/title>\n<meta name=\"robots\" content=\"index, follow, max-snippet:-1, max-image-preview:large, max-video-preview:-1\" \/>\n<link rel=\"canonical\" href=\"https:\/\/www.noticiasradioreflejos.com.ar\/2021\/creacion-del-programa-de-apoyo-al-sistema-productivo-nacional\/\" \/>\n<meta property=\"og:locale\" content=\"es_ES\" \/>\n<meta property=\"og:type\" content=\"article\" \/>\n<meta property=\"og:title\" content=\"Creaci\u00f3n del Programa de Apoyo al Sistema Productivo Nacional. - Noticias Radio Reflejos\" \/>\n<meta property=\"og:description\" content=\"El Ministerio de Desarrollo Productivo destinar\u00e1 2300 millones de pesos para asistir a MiPyMEs, cooperativas, empresas e instituciones de investigaci\u00f3n y desarrollo que contribuyan a la emergencia sanitaria, de la siguiente forma:\" \/>\n<meta property=\"og:url\" content=\"https:\/\/www.noticiasradioreflejos.com.ar\/2021\/creacion-del-programa-de-apoyo-al-sistema-productivo-nacional\/\" \/>\n<meta property=\"og:site_name\" content=\"Noticias Radio Reflejos\" \/>\n<meta property=\"article:published_time\" content=\"2020-06-09T15:25:06+00:00\" \/>\n<meta property=\"og:image\" content=\"https:\/\/www.noticiasradioreflejos.com.ar\/2021\/wp-content\/uploads\/2021\/07\/logosol300x200.png\" \/>\n\t<meta property=\"og:image:width\" content=\"300\" \/>\n\t<meta property=\"og:image:height\" content=\"200\" \/>\n\t<meta property=\"og:image:type\" content=\"image\/png\" \/>\n<meta name=\"author\" content=\"Arnaldo Botto\" \/>\n<meta name=\"twitter:card\" content=\"summary_large_image\" \/>\n<script type=\"application\/ld+json\" class=\"yoast-schema-graph\">{\"@context\":\"https:\/\/schema.org\",\"@graph\":[{\"@type\":\"WebPage\",\"@id\":\"https:\/\/www.noticiasradioreflejos.com.ar\/2021\/creacion-del-programa-de-apoyo-al-sistema-productivo-nacional\/\",\"url\":\"https:\/\/www.noticiasradioreflejos.com.ar\/2021\/creacion-del-programa-de-apoyo-al-sistema-productivo-nacional\/\",\"name\":\"Creaci\u00f3n del Programa de Apoyo al Sistema Productivo Nacional. - Noticias Radio Reflejos\",\"isPartOf\":{\"@id\":\"https:\/\/www.noticiasradioreflejos.com.ar\/2021\/#website\"},\"datePublished\":\"2020-06-09T15:25:06+00:00\",\"author\":{\"@id\":\"https:\/\/www.noticiasradioreflejos.com.ar\/2021\/#\/schema\/person\/ad82545263dcc5ec0996818884fd5fb1\"},\"breadcrumb\":{\"@id\":\"https:\/\/www.noticiasradioreflejos.com.ar\/2021\/creacion-del-programa-de-apoyo-al-sistema-productivo-nacional\/#breadcrumb\"},\"inLanguage\":\"es\",\"potentialAction\":[{\"@type\":\"ReadAction\",\"target\":[\"https:\/\/www.noticiasradioreflejos.com.ar\/2021\/creacion-del-programa-de-apoyo-al-sistema-productivo-nacional\/\"]}]},{\"@type\":\"BreadcrumbList\",\"@id\":\"https:\/\/www.noticiasradioreflejos.com.ar\/2021\/creacion-del-programa-de-apoyo-al-sistema-productivo-nacional\/#breadcrumb\",\"itemListElement\":[{\"@type\":\"ListItem\",\"position\":1,\"name\":\"Portada\",\"item\":\"https:\/\/www.noticiasradioreflejos.com.ar\/2021\/\"},{\"@type\":\"ListItem\",\"position\":2,\"name\":\"Creaci\u00f3n del Programa de Apoyo al Sistema Productivo Nacional.\"}]},{\"@type\":\"WebSite\",\"@id\":\"https:\/\/www.noticiasradioreflejos.com.ar\/2021\/#website\",\"url\":\"https:\/\/www.noticiasradioreflejos.com.ar\/2021\/\",\"name\":\"Noticias Radio Reflejos\",\"description\":\"Las noticias de mi comarca\",\"potentialAction\":[{\"@type\":\"SearchAction\",\"target\":{\"@type\":\"EntryPoint\",\"urlTemplate\":\"https:\/\/www.noticiasradioreflejos.com.ar\/2021\/?s={search_term_string}\"},\"query-input\":{\"@type\":\"PropertyValueSpecification\",\"valueRequired\":true,\"valueName\":\"search_term_string\"}}],\"inLanguage\":\"es\"},{\"@type\":\"Person\",\"@id\":\"https:\/\/www.noticiasradioreflejos.com.ar\/2021\/#\/schema\/person\/ad82545263dcc5ec0996818884fd5fb1\",\"name\":\"Arnaldo Botto\",\"image\":{\"@type\":\"ImageObject\",\"inLanguage\":\"es\",\"@id\":\"https:\/\/www.noticiasradioreflejos.com.ar\/2021\/#\/schema\/person\/image\/\",\"url\":\"https:\/\/secure.gravatar.com\/avatar\/55cb5e37c1efa326397366e6974cb338056df65cb50e7d64d1cf314e87504837?s=96&d=mm&r=g\",\"contentUrl\":\"https:\/\/secure.gravatar.com\/avatar\/55cb5e37c1efa326397366e6974cb338056df65cb50e7d64d1cf314e87504837?s=96&d=mm&r=g\",\"caption\":\"Arnaldo Botto\"},\"url\":\"https:\/\/www.noticiasradioreflejos.com.ar\/2021\/author\/arnaldo\/\"}]}<\/script>\n<!-- \/ Yoast SEO plugin. -->","yoast_head_json":{"title":"Creaci\u00f3n del Programa de Apoyo al Sistema Productivo Nacional. - Noticias Radio Reflejos","robots":{"index":"index","follow":"follow","max-snippet":"max-snippet:-1","max-image-preview":"max-image-preview:large","max-video-preview":"max-video-preview:-1"},"canonical":"https:\/\/www.noticiasradioreflejos.com.ar\/2021\/creacion-del-programa-de-apoyo-al-sistema-productivo-nacional\/","og_locale":"es_ES","og_type":"article","og_title":"Creaci\u00f3n del Programa de Apoyo al Sistema Productivo Nacional. - Noticias Radio Reflejos","og_description":"El Ministerio de Desarrollo Productivo destinar\u00e1 2300 millones de pesos para asistir a MiPyMEs, cooperativas, empresas e instituciones de investigaci\u00f3n y desarrollo que contribuyan a la emergencia sanitaria, de la siguiente forma:","og_url":"https:\/\/www.noticiasradioreflejos.com.ar\/2021\/creacion-del-programa-de-apoyo-al-sistema-productivo-nacional\/","og_site_name":"Noticias Radio Reflejos","article_published_time":"2020-06-09T15:25:06+00:00","og_image":[{"width":300,"height":200,"url":"https:\/\/www.noticiasradioreflejos.com.ar\/2021\/wp-content\/uploads\/2021\/07\/logosol300x200.png","type":"image\/png"}],"author":"Arnaldo Botto","twitter_card":"summary_large_image","schema":{"@context":"https:\/\/schema.org","@graph":[{"@type":"WebPage","@id":"https:\/\/www.noticiasradioreflejos.com.ar\/2021\/creacion-del-programa-de-apoyo-al-sistema-productivo-nacional\/","url":"https:\/\/www.noticiasradioreflejos.com.ar\/2021\/creacion-del-programa-de-apoyo-al-sistema-productivo-nacional\/","name":"Creaci\u00f3n del Programa de Apoyo al Sistema Productivo Nacional. - Noticias Radio Reflejos","isPartOf":{"@id":"https:\/\/www.noticiasradioreflejos.com.ar\/2021\/#website"},"datePublished":"2020-06-09T15:25:06+00:00","author":{"@id":"https:\/\/www.noticiasradioreflejos.com.ar\/2021\/#\/schema\/person\/ad82545263dcc5ec0996818884fd5fb1"},"breadcrumb":{"@id":"https:\/\/www.noticiasradioreflejos.com.ar\/2021\/creacion-del-programa-de-apoyo-al-sistema-productivo-nacional\/#breadcrumb"},"inLanguage":"es","potentialAction":[{"@type":"ReadAction","target":["https:\/\/www.noticiasradioreflejos.com.ar\/2021\/creacion-del-programa-de-apoyo-al-sistema-productivo-nacional\/"]}]},{"@type":"BreadcrumbList","@id":"https:\/\/www.noticiasradioreflejos.com.ar\/2021\/creacion-del-programa-de-apoyo-al-sistema-productivo-nacional\/#breadcrumb","itemListElement":[{"@type":"ListItem","position":1,"name":"Portada","item":"https:\/\/www.noticiasradioreflejos.com.ar\/2021\/"},{"@type":"ListItem","position":2,"name":"Creaci\u00f3n del Programa de Apoyo al Sistema Productivo Nacional."}]},{"@type":"WebSite","@id":"https:\/\/www.noticiasradioreflejos.com.ar\/2021\/#website","url":"https:\/\/www.noticiasradioreflejos.com.ar\/2021\/","name":"Noticias Radio Reflejos","description":"Las noticias de mi comarca","potentialAction":[{"@type":"SearchAction","target":{"@type":"EntryPoint","urlTemplate":"https:\/\/www.noticiasradioreflejos.com.ar\/2021\/?s={search_term_string}"},"query-input":{"@type":"PropertyValueSpecification","valueRequired":true,"valueName":"search_term_string"}}],"inLanguage":"es"},{"@type":"Person","@id":"https:\/\/www.noticiasradioreflejos.com.ar\/2021\/#\/schema\/person\/ad82545263dcc5ec0996818884fd5fb1","name":"Arnaldo Botto","image":{"@type":"ImageObject","inLanguage":"es","@id":"https:\/\/www.noticiasradioreflejos.com.ar\/2021\/#\/schema\/person\/image\/","url":"https:\/\/secure.gravatar.com\/avatar\/55cb5e37c1efa326397366e6974cb338056df65cb50e7d64d1cf314e87504837?s=96&d=mm&r=g","contentUrl":"https:\/\/secure.gravatar.com\/avatar\/55cb5e37c1efa326397366e6974cb338056df65cb50e7d64d1cf314e87504837?s=96&d=mm&r=g","caption":"Arnaldo Botto"},"url":"https:\/\/www.noticiasradioreflejos.com.ar\/2021\/author\/arnaldo\/"}]}},"_links":{"self":[{"href":"https:\/\/www.noticiasradioreflejos.com.ar\/2021\/wp-json\/wp\/v2\/posts\/42988","targetHints":{"allow":["GET"]}}],"collection":[{"href":"https:\/\/www.noticiasradioreflejos.com.ar\/2021\/wp-json\/wp\/v2\/posts"}],"about":[{"href":"https:\/\/www.noticiasradioreflejos.com.ar\/2021\/wp-json\/wp\/v2\/types\/post"}],"author":[{"embeddable":true,"href":"https:\/\/www.noticiasradioreflejos.com.ar\/2021\/wp-json\/wp\/v2\/users\/3"}],"replies":[{"embeddable":true,"href":"https:\/\/www.noticiasradioreflejos.com.ar\/2021\/wp-json\/wp\/v2\/comments?post=42988"}],"version-history":[{"count":0,"href":"https:\/\/www.noticiasradioreflejos.com.ar\/2021\/wp-json\/wp\/v2\/posts\/42988\/revisions"}],"wp:attachment":[{"href":"https:\/\/www.noticiasradioreflejos.com.ar\/2021\/wp-json\/wp\/v2\/media?parent=42988"}],"wp:term":[{"taxonomy":"category","embeddable":true,"href":"https:\/\/www.noticiasradioreflejos.com.ar\/2021\/wp-json\/wp\/v2\/categories?post=42988"},{"taxonomy":"post_tag","embeddable":true,"href":"https:\/\/www.noticiasradioreflejos.com.ar\/2021\/wp-json\/wp\/v2\/tags?post=42988"}],"curies":[{"name":"wp","href":"https:\/\/api.w.org\/{rel}","templated":true}]}}