{"id":42966,"date":"2020-06-09T07:28:39","date_gmt":"2020-06-09T10:28:39","guid":{"rendered":"http:\/\/www.noticiasradioreflejos.com.ar\/noticias\/?p=42966"},"modified":"2020-06-09T07:28:39","modified_gmt":"2020-06-09T10:28:39","slug":"definicion-de-caso-sospechoso-de-coronavirus","status":"publish","type":"post","link":"https:\/\/www.noticiasradioreflejos.com.ar\/2021\/definicion-de-caso-sospechoso-de-coronavirus\/","title":{"rendered":"Definici\u00f3n de caso sospechoso de coronavirus."},"content":{"rendered":"<p>Las autoridades del Ministerio de Salud de la Naci\u00f3n actualizaron hoy la definici\u00f3n de caso sospechoso de coronavirus y establecieron cuatro criterios para su identificaci\u00f3n, \u201ccon el objetivo de continuar sensibilizando la detecci\u00f3n temprana de casos de coronavirus en funci\u00f3n de la situaci\u00f3n epidemiol\u00f3gica\u201d. <!--more-->El primer criterio para determinar si una persona es caso sospechoso de Covid-19 incluye \u201ca toda persona con dos o m\u00e1s de los siguientes s\u00edntomas: fiebre de 37.5 C\u00ba o m\u00e1s, tos, dolor de garganta, dificultad respiratoria, falta de olfato o gusto sin otra enfermedad que explique completamente el cuadro cl\u00ednico\u201d, inform\u00f3 la cartera sanitaria.<\/p>\n<p>A estas caracter\u00edsticas, se le debe sumar el hecho de que esa persona haya estado en los \u00faltimos 14 d\u00edas en contacto con casos confirmados de Covid-19; tenga antecedente de viaje internacional; o un historial de viaje o residencia en nuestro pa\u00eds en zonas de transmisi\u00f3n local de Covid-19, ya sea comunitaria o por conglomerados.<\/p>\n<p>Tambi\u00e9n se considerar\u00e1 caso sospechoso de coronavirus \u201ca toda persona que presente dos o m\u00e1s de los s\u00edntomas descriptos y resida o trabaje en instituciones cerradas o de internaci\u00f3n prolongada como penitenciarias, residencias de adultos mayores, instituciones neuropsiqui\u00e1tricas, hogares de ni\u00f1as y ni\u00f1os; o sea personal esencial -Fuerzas de seguridad y Fuerzas Armadas, y quienes brinden asistencia a personas mayores-; y tambi\u00e9n a personas que residan en barrios populares o pueblos originarios\u201d.<\/p>\n<p>El segundo criterio para sospecha de Covid-19 incluye \u201ca toda persona que presente dos o m\u00e1s de los s\u00edntomas descriptos y requiera internaci\u00f3n, independientemente del nexo epidemiol\u00f3gico\u201d.<\/p>\n<p>El tercer criterio indica que \u201cdebe considerarse caso sospechoso a toda persona que sea contacto estrecho de caso confirmado de Covid-19 y presente uno o m\u00e1s de estos s\u00edntomas: fiebre (37.5\u00b0C o m\u00e1s), tos, odinofagia, dificultad respiratoria, anosmia\/disgeusia de reciente aparici\u00f3n\u201d.<\/p>\n<p>Finalmente, el cuarto criterio se\u00f1ala que debe sospecharse de Covid-19 en \u201ctodo paciente que presente anosmia\/disgeusia (falta de olfato o gusto), de reciente aparici\u00f3n y sin otra etiolog\u00eda definida y sin otros signos o s\u00edntomas\u201d.<\/p>\n<p>Y agregaron que \u201cen estos casos, ante la aparici\u00f3n de este \u00fanico s\u00edntoma, se indicar\u00e1 aislamiento durante 72 horas, indicando toma de muestra para diagn\u00f3stico por PCR, al tercer d\u00eda de iniciado s\u00edntomas\u201d.(telam)<\/p>\n","protected":false},"excerpt":{"rendered":"<p>Las autoridades del Ministerio de Salud de la Naci\u00f3n actualizaron hoy la definici\u00f3n de caso sospechoso de coronavirus y establecieron cuatro criterios para su identificaci\u00f3n, \u201ccon el objetivo de continuar sensibilizando la detecci\u00f3n temprana de casos de coronavirus en funci\u00f3n de la situaci\u00f3n epidemiol\u00f3gica\u201d.<\/p>\n","protected":false},"author":3,"featured_media":0,"comment_status":"closed","ping_status":"open","sticky":false,"template":"","format":"standard","meta":{"footnotes":""},"categories":[30],"tags":[],"class_list":["post-42966","post","type-post","status-publish","format-standard","hentry","category-salud"],"yoast_head":"<!-- This site is optimized with the Yoast SEO plugin v25.9 - https:\/\/yoast.com\/wordpress\/plugins\/seo\/ -->\n<title>Definici\u00f3n de caso sospechoso de coronavirus. - Noticias Radio Reflejos<\/title>\n<meta name=\"robots\" content=\"index, follow, max-snippet:-1, max-image-preview:large, max-video-preview:-1\" \/>\n<link rel=\"canonical\" href=\"https:\/\/www.noticiasradioreflejos.com.ar\/2021\/definicion-de-caso-sospechoso-de-coronavirus\/\" \/>\n<meta property=\"og:locale\" content=\"es_ES\" \/>\n<meta property=\"og:type\" content=\"article\" \/>\n<meta property=\"og:title\" content=\"Definici\u00f3n de caso sospechoso de coronavirus. - Noticias Radio Reflejos\" \/>\n<meta property=\"og:description\" content=\"Las autoridades del Ministerio de Salud de la Naci\u00f3n actualizaron hoy la definici\u00f3n de caso sospechoso de coronavirus y establecieron cuatro criterios para su identificaci\u00f3n, \u201ccon el objetivo de continuar sensibilizando la detecci\u00f3n temprana de casos de coronavirus en funci\u00f3n de la situaci\u00f3n epidemiol\u00f3gica\u201d.\" \/>\n<meta property=\"og:url\" content=\"https:\/\/www.noticiasradioreflejos.com.ar\/2021\/definicion-de-caso-sospechoso-de-coronavirus\/\" \/>\n<meta property=\"og:site_name\" content=\"Noticias Radio Reflejos\" \/>\n<meta property=\"article:published_time\" content=\"2020-06-09T10:28:39+00:00\" \/>\n<meta property=\"og:image\" content=\"https:\/\/www.noticiasradioreflejos.com.ar\/2021\/wp-content\/uploads\/2021\/07\/logosol300x200.png\" \/>\n\t<meta property=\"og:image:width\" content=\"300\" \/>\n\t<meta property=\"og:image:height\" content=\"200\" \/>\n\t<meta property=\"og:image:type\" content=\"image\/png\" \/>\n<meta name=\"author\" content=\"Arnaldo Botto\" \/>\n<meta name=\"twitter:card\" content=\"summary_large_image\" \/>\n<script type=\"application\/ld+json\" class=\"yoast-schema-graph\">{\"@context\":\"https:\/\/schema.org\",\"@graph\":[{\"@type\":\"WebPage\",\"@id\":\"https:\/\/www.noticiasradioreflejos.com.ar\/2021\/definicion-de-caso-sospechoso-de-coronavirus\/\",\"url\":\"https:\/\/www.noticiasradioreflejos.com.ar\/2021\/definicion-de-caso-sospechoso-de-coronavirus\/\",\"name\":\"Definici\u00f3n de caso sospechoso de coronavirus. - Noticias Radio Reflejos\",\"isPartOf\":{\"@id\":\"https:\/\/www.noticiasradioreflejos.com.ar\/2021\/#website\"},\"datePublished\":\"2020-06-09T10:28:39+00:00\",\"author\":{\"@id\":\"https:\/\/www.noticiasradioreflejos.com.ar\/2021\/#\/schema\/person\/ad82545263dcc5ec0996818884fd5fb1\"},\"breadcrumb\":{\"@id\":\"https:\/\/www.noticiasradioreflejos.com.ar\/2021\/definicion-de-caso-sospechoso-de-coronavirus\/#breadcrumb\"},\"inLanguage\":\"es\",\"potentialAction\":[{\"@type\":\"ReadAction\",\"target\":[\"https:\/\/www.noticiasradioreflejos.com.ar\/2021\/definicion-de-caso-sospechoso-de-coronavirus\/\"]}]},{\"@type\":\"BreadcrumbList\",\"@id\":\"https:\/\/www.noticiasradioreflejos.com.ar\/2021\/definicion-de-caso-sospechoso-de-coronavirus\/#breadcrumb\",\"itemListElement\":[{\"@type\":\"ListItem\",\"position\":1,\"name\":\"Portada\",\"item\":\"https:\/\/www.noticiasradioreflejos.com.ar\/2021\/\"},{\"@type\":\"ListItem\",\"position\":2,\"name\":\"Definici\u00f3n de caso sospechoso de coronavirus.\"}]},{\"@type\":\"WebSite\",\"@id\":\"https:\/\/www.noticiasradioreflejos.com.ar\/2021\/#website\",\"url\":\"https:\/\/www.noticiasradioreflejos.com.ar\/2021\/\",\"name\":\"Noticias Radio Reflejos\",\"description\":\"Las noticias de mi comarca\",\"potentialAction\":[{\"@type\":\"SearchAction\",\"target\":{\"@type\":\"EntryPoint\",\"urlTemplate\":\"https:\/\/www.noticiasradioreflejos.com.ar\/2021\/?s={search_term_string}\"},\"query-input\":{\"@type\":\"PropertyValueSpecification\",\"valueRequired\":true,\"valueName\":\"search_term_string\"}}],\"inLanguage\":\"es\"},{\"@type\":\"Person\",\"@id\":\"https:\/\/www.noticiasradioreflejos.com.ar\/2021\/#\/schema\/person\/ad82545263dcc5ec0996818884fd5fb1\",\"name\":\"Arnaldo Botto\",\"image\":{\"@type\":\"ImageObject\",\"inLanguage\":\"es\",\"@id\":\"https:\/\/www.noticiasradioreflejos.com.ar\/2021\/#\/schema\/person\/image\/\",\"url\":\"https:\/\/secure.gravatar.com\/avatar\/55cb5e37c1efa326397366e6974cb338056df65cb50e7d64d1cf314e87504837?s=96&d=mm&r=g\",\"contentUrl\":\"https:\/\/secure.gravatar.com\/avatar\/55cb5e37c1efa326397366e6974cb338056df65cb50e7d64d1cf314e87504837?s=96&d=mm&r=g\",\"caption\":\"Arnaldo Botto\"},\"url\":\"https:\/\/www.noticiasradioreflejos.com.ar\/2021\/author\/arnaldo\/\"}]}<\/script>\n<!-- \/ Yoast SEO plugin. -->","yoast_head_json":{"title":"Definici\u00f3n de caso sospechoso de coronavirus. - Noticias Radio Reflejos","robots":{"index":"index","follow":"follow","max-snippet":"max-snippet:-1","max-image-preview":"max-image-preview:large","max-video-preview":"max-video-preview:-1"},"canonical":"https:\/\/www.noticiasradioreflejos.com.ar\/2021\/definicion-de-caso-sospechoso-de-coronavirus\/","og_locale":"es_ES","og_type":"article","og_title":"Definici\u00f3n de caso sospechoso de coronavirus. - Noticias Radio Reflejos","og_description":"Las autoridades del Ministerio de Salud de la Naci\u00f3n actualizaron hoy la definici\u00f3n de caso sospechoso de coronavirus y establecieron cuatro criterios para su identificaci\u00f3n, \u201ccon el objetivo de continuar sensibilizando la detecci\u00f3n temprana de casos de coronavirus en funci\u00f3n de la situaci\u00f3n epidemiol\u00f3gica\u201d.","og_url":"https:\/\/www.noticiasradioreflejos.com.ar\/2021\/definicion-de-caso-sospechoso-de-coronavirus\/","og_site_name":"Noticias Radio Reflejos","article_published_time":"2020-06-09T10:28:39+00:00","og_image":[{"width":300,"height":200,"url":"https:\/\/www.noticiasradioreflejos.com.ar\/2021\/wp-content\/uploads\/2021\/07\/logosol300x200.png","type":"image\/png"}],"author":"Arnaldo Botto","twitter_card":"summary_large_image","schema":{"@context":"https:\/\/schema.org","@graph":[{"@type":"WebPage","@id":"https:\/\/www.noticiasradioreflejos.com.ar\/2021\/definicion-de-caso-sospechoso-de-coronavirus\/","url":"https:\/\/www.noticiasradioreflejos.com.ar\/2021\/definicion-de-caso-sospechoso-de-coronavirus\/","name":"Definici\u00f3n de caso sospechoso de coronavirus. - Noticias Radio Reflejos","isPartOf":{"@id":"https:\/\/www.noticiasradioreflejos.com.ar\/2021\/#website"},"datePublished":"2020-06-09T10:28:39+00:00","author":{"@id":"https:\/\/www.noticiasradioreflejos.com.ar\/2021\/#\/schema\/person\/ad82545263dcc5ec0996818884fd5fb1"},"breadcrumb":{"@id":"https:\/\/www.noticiasradioreflejos.com.ar\/2021\/definicion-de-caso-sospechoso-de-coronavirus\/#breadcrumb"},"inLanguage":"es","potentialAction":[{"@type":"ReadAction","target":["https:\/\/www.noticiasradioreflejos.com.ar\/2021\/definicion-de-caso-sospechoso-de-coronavirus\/"]}]},{"@type":"BreadcrumbList","@id":"https:\/\/www.noticiasradioreflejos.com.ar\/2021\/definicion-de-caso-sospechoso-de-coronavirus\/#breadcrumb","itemListElement":[{"@type":"ListItem","position":1,"name":"Portada","item":"https:\/\/www.noticiasradioreflejos.com.ar\/2021\/"},{"@type":"ListItem","position":2,"name":"Definici\u00f3n de caso sospechoso de coronavirus."}]},{"@type":"WebSite","@id":"https:\/\/www.noticiasradioreflejos.com.ar\/2021\/#website","url":"https:\/\/www.noticiasradioreflejos.com.ar\/2021\/","name":"Noticias Radio Reflejos","description":"Las noticias de mi comarca","potentialAction":[{"@type":"SearchAction","target":{"@type":"EntryPoint","urlTemplate":"https:\/\/www.noticiasradioreflejos.com.ar\/2021\/?s={search_term_string}"},"query-input":{"@type":"PropertyValueSpecification","valueRequired":true,"valueName":"search_term_string"}}],"inLanguage":"es"},{"@type":"Person","@id":"https:\/\/www.noticiasradioreflejos.com.ar\/2021\/#\/schema\/person\/ad82545263dcc5ec0996818884fd5fb1","name":"Arnaldo Botto","image":{"@type":"ImageObject","inLanguage":"es","@id":"https:\/\/www.noticiasradioreflejos.com.ar\/2021\/#\/schema\/person\/image\/","url":"https:\/\/secure.gravatar.com\/avatar\/55cb5e37c1efa326397366e6974cb338056df65cb50e7d64d1cf314e87504837?s=96&d=mm&r=g","contentUrl":"https:\/\/secure.gravatar.com\/avatar\/55cb5e37c1efa326397366e6974cb338056df65cb50e7d64d1cf314e87504837?s=96&d=mm&r=g","caption":"Arnaldo Botto"},"url":"https:\/\/www.noticiasradioreflejos.com.ar\/2021\/author\/arnaldo\/"}]}},"_links":{"self":[{"href":"https:\/\/www.noticiasradioreflejos.com.ar\/2021\/wp-json\/wp\/v2\/posts\/42966","targetHints":{"allow":["GET"]}}],"collection":[{"href":"https:\/\/www.noticiasradioreflejos.com.ar\/2021\/wp-json\/wp\/v2\/posts"}],"about":[{"href":"https:\/\/www.noticiasradioreflejos.com.ar\/2021\/wp-json\/wp\/v2\/types\/post"}],"author":[{"embeddable":true,"href":"https:\/\/www.noticiasradioreflejos.com.ar\/2021\/wp-json\/wp\/v2\/users\/3"}],"replies":[{"embeddable":true,"href":"https:\/\/www.noticiasradioreflejos.com.ar\/2021\/wp-json\/wp\/v2\/comments?post=42966"}],"version-history":[{"count":0,"href":"https:\/\/www.noticiasradioreflejos.com.ar\/2021\/wp-json\/wp\/v2\/posts\/42966\/revisions"}],"wp:attachment":[{"href":"https:\/\/www.noticiasradioreflejos.com.ar\/2021\/wp-json\/wp\/v2\/media?parent=42966"}],"wp:term":[{"taxonomy":"category","embeddable":true,"href":"https:\/\/www.noticiasradioreflejos.com.ar\/2021\/wp-json\/wp\/v2\/categories?post=42966"},{"taxonomy":"post_tag","embeddable":true,"href":"https:\/\/www.noticiasradioreflejos.com.ar\/2021\/wp-json\/wp\/v2\/tags?post=42966"}],"curies":[{"name":"wp","href":"https:\/\/api.w.org\/{rel}","templated":true}]}}