{"id":42936,"date":"2020-06-08T11:41:53","date_gmt":"2020-06-08T14:41:53","guid":{"rendered":"http:\/\/www.noticiasradioreflejos.com.ar\/noticias\/?p=42936"},"modified":"2020-06-08T11:41:53","modified_gmt":"2020-06-08T14:41:53","slug":"en-el-distrito-lo-veniamos-haciendo-bien","status":"publish","type":"post","link":"https:\/\/www.noticiasradioreflejos.com.ar\/2021\/en-el-distrito-lo-veniamos-haciendo-bien\/","title":{"rendered":"\u00abEn el distrito lo ven\u00edamos haciendo bien.\u00bb"},"content":{"rendered":"<p><strong>Carta de Oyente y Lector<\/strong><\/p>\n<p><strong>Querida radio:<\/strong> Hace mucho que vengo pensando como escribir esto, pero decid\u00ed escribirlo como me sale.<br \/>\nEstamos transitando un tiempo hist\u00f3rico, un tiempo de cuarentena. Este tiempo consiste en que todos hagamos lo m\u00ednimo posible para subsistir como comunidad hasta que el pase el peligro de contagio de una enfermedad sumamente complicada y moment\u00e1neamente sin vacuna. En el distrito lo ven\u00edamos haciendo bien.<!--more--><br \/>\nDigo lo ven\u00edamos porque hace un tiempo empec\u00e9 a ver turistas en el pueblo. Esa cara desconocida, con los ojos bien abiertos, viendo por primera vez lugares, que pregunta (esta vez tras un barbijo en algunos casos) donde queda tal o cual lado que quienes vivimos ac\u00e1 conocemos bien. Lo vi caminando, por mi barrio, La Cumbre. Se que otros lo vivieron tambi\u00e9n en otros barrios a trav\u00e9s de testimonios en distintas redes sociales.<br \/>\nY es ac\u00e1 donde me surgieron un mont\u00f3n de sentimientos que tratar\u00e9 de reflejar en los escaso p\u00e1rrafos a continuaci\u00f3n.<br \/>\nTodos sabemos y hemos vivido en carne propia un mont\u00f3n de injusticias y desigualdades en el pueblo, muchas veces muy dolorosas \u00bfpor qu\u00e9 replicamos esto permitiendo que turistas se alojen y vengan? por que hay un silencio c\u00f3mplice de los organismos oficiales y los principales colectivos p\u00fablicos y privados al respecto? porque otra vez quienes no cumplen las reglamentaciones de esta pandemia pueden sacar ventaja de quienes si lo hacemos poni\u00e9ndonos a todos en riesgo? sin duda la respuestas se encuentran en el individualismo y bajo la necesidad econ\u00f3mica, muchas veces fundada en el hecho de no entender que esta \u00e9poca extraordinaria necesita que vivamos con lo m\u00ednimo posible, y descartemos ciertos lujos a los que estamos acostumbrados.<br \/>\nporque mas all\u00e1 del ventajismo econ\u00f3mico de esta avivada criolla, est\u00e1 el riesgo en el que nos ponen a todos. alguien que viene de una ciudad como Bah\u00eda donde hay casos, puede hacer que volvamos atr\u00e1s en la cuarentena si trae coronavirus. pero peor a\u00fan, puede traer el virus para que exija a nuestro sistema de salud y a nuestro sistema de seguridad aun m\u00e1s y da\u00f1e el esfuerzo de polic\u00edas, bomberos y personal de la salita, que muchas veces no puede abrazar a sus hijos o los tiene viviendo en otro lado como medida preventiva.<br \/>\nMi esposa y mi hijo tienen ciertas dificultades respiratorias subyacentes que los hacen especialmente sensibles a cualquier enfermedad respiratoria. A\u00fan si no fuera as\u00ed, por amor los cuido y salimos lo menos posible y recortamos gastos a mas no poder, y aun as\u00ed la ayuda de la canasta b\u00e1sica que entregan en la escuela donde va mi hijo y la beneficencia familiar son indispensables para a llegar a fin de mes. panorama que se repite en otros vecinos serranos.<br \/>\nEs entonces que me pregunto: cuando seremos realmente solidarios y emp\u00e1ticos todos como vecinos y constructores de nuestro pueblo? cuando entenderemos que para ganar todos y que crezca el pueblo a veces es mejor relegar ciertas cosas individuales y hacerlo en silencio para cosechar todos mas frutos?<br \/>\ncreo que no es tiempo de florearnos en el logro de no tener contagios,sino que es momento de ser cr\u00edticos con las actitudes que pueden llegara romper ese hito colectivo. Es momento de no aflojar.<br \/>\nSi no aprendemos eso en esta cuarentena, habr\u00e1 sido un tiempo perdido como pueblo, y todos los veranos se escuchara ese rum-rum de fondo que dice \u00aby si el pueblo esta igual o peor que siempre\u00bb sin que se escuche la otra parte \u00abel pueblo lo hacemos entre todos\u00bb<\/p>\n<p><strong>Joaquin Serafini<\/strong><br \/>\n<strong> DNI 33369506<\/strong><br \/>\n<strong> Bo. La Cumbre<\/strong><\/p>\n","protected":false},"excerpt":{"rendered":"<p>Carta de Oyente y Lector Querida radio: Hace mucho que vengo pensando como escribir esto, pero decid\u00ed escribirlo como me sale. Estamos transitando un tiempo hist\u00f3rico, un tiempo de cuarentena. Este tiempo consiste en que todos hagamos lo m\u00ednimo posible para subsistir como comunidad hasta que el pase el peligro de contagio de una enfermedad [&hellip;]<\/p>\n","protected":false},"author":3,"featured_media":0,"comment_status":"closed","ping_status":"open","sticky":false,"template":"","format":"standard","meta":{"footnotes":""},"categories":[26],"tags":[],"class_list":["post-42936","post","type-post","status-publish","format-standard","hentry","category-sociedad"],"yoast_head":"<!-- This site is optimized with the Yoast SEO plugin v25.9 - https:\/\/yoast.com\/wordpress\/plugins\/seo\/ -->\n<title>&quot;En el distrito lo ven\u00edamos haciendo bien.&quot; - Noticias Radio Reflejos<\/title>\n<meta name=\"robots\" content=\"index, follow, max-snippet:-1, max-image-preview:large, max-video-preview:-1\" \/>\n<link rel=\"canonical\" href=\"https:\/\/www.noticiasradioreflejos.com.ar\/2021\/en-el-distrito-lo-veniamos-haciendo-bien\/\" \/>\n<meta property=\"og:locale\" content=\"es_ES\" \/>\n<meta property=\"og:type\" content=\"article\" \/>\n<meta property=\"og:title\" content=\"&quot;En el distrito lo ven\u00edamos haciendo bien.&quot; - Noticias Radio Reflejos\" \/>\n<meta property=\"og:description\" content=\"Carta de Oyente y Lector Querida radio: Hace mucho que vengo pensando como escribir esto, pero decid\u00ed escribirlo como me sale. Estamos transitando un tiempo hist\u00f3rico, un tiempo de cuarentena. Este tiempo consiste en que todos hagamos lo m\u00ednimo posible para subsistir como comunidad hasta que el pase el peligro de contagio de una enfermedad [&hellip;]\" \/>\n<meta property=\"og:url\" content=\"https:\/\/www.noticiasradioreflejos.com.ar\/2021\/en-el-distrito-lo-veniamos-haciendo-bien\/\" \/>\n<meta property=\"og:site_name\" content=\"Noticias Radio Reflejos\" \/>\n<meta property=\"article:published_time\" content=\"2020-06-08T14:41:53+00:00\" \/>\n<meta property=\"og:image\" content=\"https:\/\/www.noticiasradioreflejos.com.ar\/2021\/wp-content\/uploads\/2018\/04\/carta_lector_1.jpg\" \/>\n\t<meta property=\"og:image:width\" content=\"935\" \/>\n\t<meta property=\"og:image:height\" content=\"595\" \/>\n\t<meta property=\"og:image:type\" content=\"image\/jpeg\" \/>\n<meta name=\"author\" content=\"Arnaldo Botto\" \/>\n<meta name=\"twitter:card\" content=\"summary_large_image\" \/>\n<script type=\"application\/ld+json\" class=\"yoast-schema-graph\">{\"@context\":\"https:\/\/schema.org\",\"@graph\":[{\"@type\":\"WebPage\",\"@id\":\"https:\/\/www.noticiasradioreflejos.com.ar\/2021\/en-el-distrito-lo-veniamos-haciendo-bien\/\",\"url\":\"https:\/\/www.noticiasradioreflejos.com.ar\/2021\/en-el-distrito-lo-veniamos-haciendo-bien\/\",\"name\":\"\\\"En el distrito lo ven\u00edamos haciendo bien.\\\" - Noticias Radio Reflejos\",\"isPartOf\":{\"@id\":\"https:\/\/www.noticiasradioreflejos.com.ar\/2021\/#website\"},\"datePublished\":\"2020-06-08T14:41:53+00:00\",\"author\":{\"@id\":\"https:\/\/www.noticiasradioreflejos.com.ar\/2021\/#\/schema\/person\/ad82545263dcc5ec0996818884fd5fb1\"},\"breadcrumb\":{\"@id\":\"https:\/\/www.noticiasradioreflejos.com.ar\/2021\/en-el-distrito-lo-veniamos-haciendo-bien\/#breadcrumb\"},\"inLanguage\":\"es\",\"potentialAction\":[{\"@type\":\"ReadAction\",\"target\":[\"https:\/\/www.noticiasradioreflejos.com.ar\/2021\/en-el-distrito-lo-veniamos-haciendo-bien\/\"]}]},{\"@type\":\"BreadcrumbList\",\"@id\":\"https:\/\/www.noticiasradioreflejos.com.ar\/2021\/en-el-distrito-lo-veniamos-haciendo-bien\/#breadcrumb\",\"itemListElement\":[{\"@type\":\"ListItem\",\"position\":1,\"name\":\"Portada\",\"item\":\"https:\/\/www.noticiasradioreflejos.com.ar\/2021\/\"},{\"@type\":\"ListItem\",\"position\":2,\"name\":\"\u00abEn el distrito lo ven\u00edamos haciendo bien.\u00bb\"}]},{\"@type\":\"WebSite\",\"@id\":\"https:\/\/www.noticiasradioreflejos.com.ar\/2021\/#website\",\"url\":\"https:\/\/www.noticiasradioreflejos.com.ar\/2021\/\",\"name\":\"Noticias Radio Reflejos\",\"description\":\"Las noticias de mi comarca\",\"potentialAction\":[{\"@type\":\"SearchAction\",\"target\":{\"@type\":\"EntryPoint\",\"urlTemplate\":\"https:\/\/www.noticiasradioreflejos.com.ar\/2021\/?s={search_term_string}\"},\"query-input\":{\"@type\":\"PropertyValueSpecification\",\"valueRequired\":true,\"valueName\":\"search_term_string\"}}],\"inLanguage\":\"es\"},{\"@type\":\"Person\",\"@id\":\"https:\/\/www.noticiasradioreflejos.com.ar\/2021\/#\/schema\/person\/ad82545263dcc5ec0996818884fd5fb1\",\"name\":\"Arnaldo Botto\",\"image\":{\"@type\":\"ImageObject\",\"inLanguage\":\"es\",\"@id\":\"https:\/\/www.noticiasradioreflejos.com.ar\/2021\/#\/schema\/person\/image\/\",\"url\":\"https:\/\/secure.gravatar.com\/avatar\/55cb5e37c1efa326397366e6974cb338056df65cb50e7d64d1cf314e87504837?s=96&d=mm&r=g\",\"contentUrl\":\"https:\/\/secure.gravatar.com\/avatar\/55cb5e37c1efa326397366e6974cb338056df65cb50e7d64d1cf314e87504837?s=96&d=mm&r=g\",\"caption\":\"Arnaldo Botto\"},\"url\":\"https:\/\/www.noticiasradioreflejos.com.ar\/2021\/author\/arnaldo\/\"}]}<\/script>\n<!-- \/ Yoast SEO plugin. -->","yoast_head_json":{"title":"\"En el distrito lo ven\u00edamos haciendo bien.\" - Noticias Radio Reflejos","robots":{"index":"index","follow":"follow","max-snippet":"max-snippet:-1","max-image-preview":"max-image-preview:large","max-video-preview":"max-video-preview:-1"},"canonical":"https:\/\/www.noticiasradioreflejos.com.ar\/2021\/en-el-distrito-lo-veniamos-haciendo-bien\/","og_locale":"es_ES","og_type":"article","og_title":"\"En el distrito lo ven\u00edamos haciendo bien.\" - Noticias Radio Reflejos","og_description":"Carta de Oyente y Lector Querida radio: Hace mucho que vengo pensando como escribir esto, pero decid\u00ed escribirlo como me sale. Estamos transitando un tiempo hist\u00f3rico, un tiempo de cuarentena. Este tiempo consiste en que todos hagamos lo m\u00ednimo posible para subsistir como comunidad hasta que el pase el peligro de contagio de una enfermedad [&hellip;]","og_url":"https:\/\/www.noticiasradioreflejos.com.ar\/2021\/en-el-distrito-lo-veniamos-haciendo-bien\/","og_site_name":"Noticias Radio Reflejos","article_published_time":"2020-06-08T14:41:53+00:00","og_image":[{"width":935,"height":595,"url":"https:\/\/www.noticiasradioreflejos.com.ar\/2021\/wp-content\/uploads\/2018\/04\/carta_lector_1.jpg","type":"image\/jpeg"}],"author":"Arnaldo Botto","twitter_card":"summary_large_image","schema":{"@context":"https:\/\/schema.org","@graph":[{"@type":"WebPage","@id":"https:\/\/www.noticiasradioreflejos.com.ar\/2021\/en-el-distrito-lo-veniamos-haciendo-bien\/","url":"https:\/\/www.noticiasradioreflejos.com.ar\/2021\/en-el-distrito-lo-veniamos-haciendo-bien\/","name":"\"En el distrito lo ven\u00edamos haciendo bien.\" - Noticias Radio Reflejos","isPartOf":{"@id":"https:\/\/www.noticiasradioreflejos.com.ar\/2021\/#website"},"datePublished":"2020-06-08T14:41:53+00:00","author":{"@id":"https:\/\/www.noticiasradioreflejos.com.ar\/2021\/#\/schema\/person\/ad82545263dcc5ec0996818884fd5fb1"},"breadcrumb":{"@id":"https:\/\/www.noticiasradioreflejos.com.ar\/2021\/en-el-distrito-lo-veniamos-haciendo-bien\/#breadcrumb"},"inLanguage":"es","potentialAction":[{"@type":"ReadAction","target":["https:\/\/www.noticiasradioreflejos.com.ar\/2021\/en-el-distrito-lo-veniamos-haciendo-bien\/"]}]},{"@type":"BreadcrumbList","@id":"https:\/\/www.noticiasradioreflejos.com.ar\/2021\/en-el-distrito-lo-veniamos-haciendo-bien\/#breadcrumb","itemListElement":[{"@type":"ListItem","position":1,"name":"Portada","item":"https:\/\/www.noticiasradioreflejos.com.ar\/2021\/"},{"@type":"ListItem","position":2,"name":"\u00abEn el distrito lo ven\u00edamos haciendo bien.\u00bb"}]},{"@type":"WebSite","@id":"https:\/\/www.noticiasradioreflejos.com.ar\/2021\/#website","url":"https:\/\/www.noticiasradioreflejos.com.ar\/2021\/","name":"Noticias Radio Reflejos","description":"Las noticias de mi comarca","potentialAction":[{"@type":"SearchAction","target":{"@type":"EntryPoint","urlTemplate":"https:\/\/www.noticiasradioreflejos.com.ar\/2021\/?s={search_term_string}"},"query-input":{"@type":"PropertyValueSpecification","valueRequired":true,"valueName":"search_term_string"}}],"inLanguage":"es"},{"@type":"Person","@id":"https:\/\/www.noticiasradioreflejos.com.ar\/2021\/#\/schema\/person\/ad82545263dcc5ec0996818884fd5fb1","name":"Arnaldo Botto","image":{"@type":"ImageObject","inLanguage":"es","@id":"https:\/\/www.noticiasradioreflejos.com.ar\/2021\/#\/schema\/person\/image\/","url":"https:\/\/secure.gravatar.com\/avatar\/55cb5e37c1efa326397366e6974cb338056df65cb50e7d64d1cf314e87504837?s=96&d=mm&r=g","contentUrl":"https:\/\/secure.gravatar.com\/avatar\/55cb5e37c1efa326397366e6974cb338056df65cb50e7d64d1cf314e87504837?s=96&d=mm&r=g","caption":"Arnaldo Botto"},"url":"https:\/\/www.noticiasradioreflejos.com.ar\/2021\/author\/arnaldo\/"}]}},"_links":{"self":[{"href":"https:\/\/www.noticiasradioreflejos.com.ar\/2021\/wp-json\/wp\/v2\/posts\/42936","targetHints":{"allow":["GET"]}}],"collection":[{"href":"https:\/\/www.noticiasradioreflejos.com.ar\/2021\/wp-json\/wp\/v2\/posts"}],"about":[{"href":"https:\/\/www.noticiasradioreflejos.com.ar\/2021\/wp-json\/wp\/v2\/types\/post"}],"author":[{"embeddable":true,"href":"https:\/\/www.noticiasradioreflejos.com.ar\/2021\/wp-json\/wp\/v2\/users\/3"}],"replies":[{"embeddable":true,"href":"https:\/\/www.noticiasradioreflejos.com.ar\/2021\/wp-json\/wp\/v2\/comments?post=42936"}],"version-history":[{"count":0,"href":"https:\/\/www.noticiasradioreflejos.com.ar\/2021\/wp-json\/wp\/v2\/posts\/42936\/revisions"}],"wp:attachment":[{"href":"https:\/\/www.noticiasradioreflejos.com.ar\/2021\/wp-json\/wp\/v2\/media?parent=42936"}],"wp:term":[{"taxonomy":"category","embeddable":true,"href":"https:\/\/www.noticiasradioreflejos.com.ar\/2021\/wp-json\/wp\/v2\/categories?post=42936"},{"taxonomy":"post_tag","embeddable":true,"href":"https:\/\/www.noticiasradioreflejos.com.ar\/2021\/wp-json\/wp\/v2\/tags?post=42936"}],"curies":[{"name":"wp","href":"https:\/\/api.w.org\/{rel}","templated":true}]}}