{"id":42934,"date":"2020-06-08T11:27:49","date_gmt":"2020-06-08T14:27:49","guid":{"rendered":"http:\/\/www.noticiasradioreflejos.com.ar\/noticias\/?p=42934"},"modified":"2020-06-08T11:27:49","modified_gmt":"2020-06-08T14:27:49","slug":"el-gobierno-pone-en-marcha-un-plan-nacional-de-cuidado-de-trabajadores-de-la-salud","status":"publish","type":"post","link":"https:\/\/www.noticiasradioreflejos.com.ar\/2021\/el-gobierno-pone-en-marcha-un-plan-nacional-de-cuidado-de-trabajadores-de-la-salud\/","title":{"rendered":"El Gobierno pone en marcha un plan nacional de cuidado de trabajadores de la salud"},"content":{"rendered":"<p>El Ministerio de Salud de la Naci\u00f3n dispuso la puesta en marcha de un \u00abPlan nacional de cuidado de trabajadores y trabajadoras de la salud\u00bb en el marco del pandemia de coronavirus, con el objetivo de profundizar las medidas de prevenci\u00f3n y evitar la propagaci\u00f3n de contagios de Covid-19 en contextos laborales.<!--more--><br \/>\n\u00abPara garantizar los mejores resultados posibles en el acceso de la salud de los argentinos, se requieren esfuerzos extraordinarios en el cuidado de la salud de los trabajadores del Sistema de Salud, ya que existen evidencias que demuestran, en virtud de las caracter\u00edsticas de su trabajo y por sus niveles de exposici\u00f3n, que se ven incrementados los riesgos de contraer la infecci\u00f3n por COVID-19\u00bb, indica la resoluci\u00f3n 987\/2020 firmada por el ministro Gin\u00e9s Gonz\u00e1lez Garc\u00eda y publicada hoy en el Bolet\u00edn Oficial.<\/p>\n<p>Seg\u00fan datos recabados por el Sistema Nacional de Vigilancia en Salud, \u00abde 7134 casos confirmados de COVID-19 al 15 de mayo del corriente, en el 14,9 por ciento de los casos (1061) se identifica como fuente de contagio su trabajo en salud\u00bb.<\/p>\n<p>En ese marco, el Ministerio de Salud dispuso la puesta en marcha de \u00abprocedimientos de cuidado en el trabajo y acompa\u00f1ar a cada profesional con entrenamiento y capacitaci\u00f3n en el uso adecuado de los elementos de protecci\u00f3n personal es una pr\u00e1ctica recomendable para mitigar el riesgo de contagio\u00bb.<\/p>\n<p>El plan, que establece tres ejes para abordar la problem\u00e1tica, abarcar\u00e1 el universo de trabajadores\/as, voluntarios\/as que realicen sus tareas laborales en los planos de gesti\u00f3n, asistencia, docencia, investigaci\u00f3n, tareas auxiliares como tambi\u00e9n considerar acciones pro-activas para sus familiares.<\/p>\n<p>El primer eje se basa en la conformaci\u00f3n de un Equipo Nacional de Gesti\u00f3n de Crisis COVID-19 que involucre los diferentes niveles jurisdiccionales; el segundo en desarrollar ambientes para la capacitaci\u00f3n, entrenamiento y supervisi\u00f3n sobre los procesos reales de trabajo (bioseguridad, uso adecuado de equipos de protecci\u00f3n personal, entre otras) y el tercero apunta a la creaci\u00f3n de una estrategia para la \u00abcomunicaci\u00f3n y detecci\u00f3n de escenarios de riesgo y para el acompa\u00f1amiento del personal de la salud y sus familias\u00bb.<\/p>\n<p>Este \u00faltimo punto implica la \u00abvigilancia pasiva\u00bb (que se nutrir\u00e1 del registro del Sistema de Vigilancia Nacional en Salud) en la detecci\u00f3n de casos confirmados y sospechoso tanto internados como ambulatorios en los\/as trabajadores\/as de la salud, y la vigilancia activa (instrumentando dispositivos de monitoreo al ingreso del trabajador\/a de la salud a instituciones mediante encuestas auto-administradas).<\/p>\n<p>Seg\u00fan detalla hoy el Bolet\u00edn Oficial, a partir del an\u00e1lisis de los datos recabados de la vigilancia activa \u00abse definir\u00e1n grupos de riesgo y modos de intervenci\u00f3n articulando con las \u00e1reas de recursos humanos y salud ocupacional de cada instituci\u00f3n\u00bb.<\/p>\n<p>Adem\u00e1s, se crear\u00e1 una base de trabajadores y trabajadoras con enfermedades de riesgo, o mayores a 60 a\u00f1os, para incorporarlas a tareas de teletrabajo<\/p>\n","protected":false},"excerpt":{"rendered":"<p>El Ministerio de Salud de la Naci\u00f3n dispuso la puesta en marcha de un \u00abPlan nacional de cuidado de trabajadores y trabajadoras de la salud\u00bb en el marco del pandemia de coronavirus, con el objetivo de profundizar las medidas de prevenci\u00f3n y evitar la propagaci\u00f3n de contagios de Covid-19 en contextos laborales.<\/p>\n","protected":false},"author":3,"featured_media":0,"comment_status":"closed","ping_status":"open","sticky":false,"template":"","format":"standard","meta":{"footnotes":""},"categories":[24],"tags":[],"class_list":["post-42934","post","type-post","status-publish","format-standard","hentry","category-politica"],"yoast_head":"<!-- This site is optimized with the Yoast SEO plugin v25.9 - https:\/\/yoast.com\/wordpress\/plugins\/seo\/ -->\n<title>El Gobierno pone en marcha un plan nacional de cuidado de trabajadores de la salud - Noticias Radio Reflejos<\/title>\n<meta name=\"robots\" content=\"index, follow, max-snippet:-1, max-image-preview:large, max-video-preview:-1\" \/>\n<link rel=\"canonical\" href=\"https:\/\/www.noticiasradioreflejos.com.ar\/2021\/el-gobierno-pone-en-marcha-un-plan-nacional-de-cuidado-de-trabajadores-de-la-salud\/\" \/>\n<meta property=\"og:locale\" content=\"es_ES\" \/>\n<meta property=\"og:type\" content=\"article\" \/>\n<meta property=\"og:title\" content=\"El Gobierno pone en marcha un plan nacional de cuidado de trabajadores de la salud - Noticias Radio Reflejos\" \/>\n<meta property=\"og:description\" content=\"El Ministerio de Salud de la Naci\u00f3n dispuso la puesta en marcha de un \u00abPlan nacional de cuidado de trabajadores y trabajadoras de la salud\u00bb en el marco del pandemia de coronavirus, con el objetivo de profundizar las medidas de prevenci\u00f3n y evitar la propagaci\u00f3n de contagios de Covid-19 en contextos laborales.\" \/>\n<meta property=\"og:url\" content=\"https:\/\/www.noticiasradioreflejos.com.ar\/2021\/el-gobierno-pone-en-marcha-un-plan-nacional-de-cuidado-de-trabajadores-de-la-salud\/\" \/>\n<meta property=\"og:site_name\" content=\"Noticias Radio Reflejos\" \/>\n<meta property=\"article:published_time\" content=\"2020-06-08T14:27:49+00:00\" \/>\n<meta property=\"og:image\" content=\"https:\/\/www.noticiasradioreflejos.com.ar\/2021\/wp-content\/uploads\/2021\/07\/logosol300x200.png\" \/>\n\t<meta property=\"og:image:width\" content=\"300\" \/>\n\t<meta property=\"og:image:height\" content=\"200\" \/>\n\t<meta property=\"og:image:type\" content=\"image\/png\" \/>\n<meta name=\"author\" content=\"Arnaldo Botto\" \/>\n<meta name=\"twitter:card\" content=\"summary_large_image\" \/>\n<script type=\"application\/ld+json\" class=\"yoast-schema-graph\">{\"@context\":\"https:\/\/schema.org\",\"@graph\":[{\"@type\":\"WebPage\",\"@id\":\"https:\/\/www.noticiasradioreflejos.com.ar\/2021\/el-gobierno-pone-en-marcha-un-plan-nacional-de-cuidado-de-trabajadores-de-la-salud\/\",\"url\":\"https:\/\/www.noticiasradioreflejos.com.ar\/2021\/el-gobierno-pone-en-marcha-un-plan-nacional-de-cuidado-de-trabajadores-de-la-salud\/\",\"name\":\"El Gobierno pone en marcha un plan nacional de cuidado de trabajadores de la salud - Noticias Radio Reflejos\",\"isPartOf\":{\"@id\":\"https:\/\/www.noticiasradioreflejos.com.ar\/2021\/#website\"},\"datePublished\":\"2020-06-08T14:27:49+00:00\",\"author\":{\"@id\":\"https:\/\/www.noticiasradioreflejos.com.ar\/2021\/#\/schema\/person\/ad82545263dcc5ec0996818884fd5fb1\"},\"breadcrumb\":{\"@id\":\"https:\/\/www.noticiasradioreflejos.com.ar\/2021\/el-gobierno-pone-en-marcha-un-plan-nacional-de-cuidado-de-trabajadores-de-la-salud\/#breadcrumb\"},\"inLanguage\":\"es\",\"potentialAction\":[{\"@type\":\"ReadAction\",\"target\":[\"https:\/\/www.noticiasradioreflejos.com.ar\/2021\/el-gobierno-pone-en-marcha-un-plan-nacional-de-cuidado-de-trabajadores-de-la-salud\/\"]}]},{\"@type\":\"BreadcrumbList\",\"@id\":\"https:\/\/www.noticiasradioreflejos.com.ar\/2021\/el-gobierno-pone-en-marcha-un-plan-nacional-de-cuidado-de-trabajadores-de-la-salud\/#breadcrumb\",\"itemListElement\":[{\"@type\":\"ListItem\",\"position\":1,\"name\":\"Portada\",\"item\":\"https:\/\/www.noticiasradioreflejos.com.ar\/2021\/\"},{\"@type\":\"ListItem\",\"position\":2,\"name\":\"El Gobierno pone en marcha un plan nacional de cuidado de trabajadores de la salud\"}]},{\"@type\":\"WebSite\",\"@id\":\"https:\/\/www.noticiasradioreflejos.com.ar\/2021\/#website\",\"url\":\"https:\/\/www.noticiasradioreflejos.com.ar\/2021\/\",\"name\":\"Noticias Radio Reflejos\",\"description\":\"Las noticias de mi comarca\",\"potentialAction\":[{\"@type\":\"SearchAction\",\"target\":{\"@type\":\"EntryPoint\",\"urlTemplate\":\"https:\/\/www.noticiasradioreflejos.com.ar\/2021\/?s={search_term_string}\"},\"query-input\":{\"@type\":\"PropertyValueSpecification\",\"valueRequired\":true,\"valueName\":\"search_term_string\"}}],\"inLanguage\":\"es\"},{\"@type\":\"Person\",\"@id\":\"https:\/\/www.noticiasradioreflejos.com.ar\/2021\/#\/schema\/person\/ad82545263dcc5ec0996818884fd5fb1\",\"name\":\"Arnaldo Botto\",\"image\":{\"@type\":\"ImageObject\",\"inLanguage\":\"es\",\"@id\":\"https:\/\/www.noticiasradioreflejos.com.ar\/2021\/#\/schema\/person\/image\/\",\"url\":\"https:\/\/secure.gravatar.com\/avatar\/55cb5e37c1efa326397366e6974cb338056df65cb50e7d64d1cf314e87504837?s=96&d=mm&r=g\",\"contentUrl\":\"https:\/\/secure.gravatar.com\/avatar\/55cb5e37c1efa326397366e6974cb338056df65cb50e7d64d1cf314e87504837?s=96&d=mm&r=g\",\"caption\":\"Arnaldo Botto\"},\"url\":\"https:\/\/www.noticiasradioreflejos.com.ar\/2021\/author\/arnaldo\/\"}]}<\/script>\n<!-- \/ Yoast SEO plugin. -->","yoast_head_json":{"title":"El Gobierno pone en marcha un plan nacional de cuidado de trabajadores de la salud - Noticias Radio Reflejos","robots":{"index":"index","follow":"follow","max-snippet":"max-snippet:-1","max-image-preview":"max-image-preview:large","max-video-preview":"max-video-preview:-1"},"canonical":"https:\/\/www.noticiasradioreflejos.com.ar\/2021\/el-gobierno-pone-en-marcha-un-plan-nacional-de-cuidado-de-trabajadores-de-la-salud\/","og_locale":"es_ES","og_type":"article","og_title":"El Gobierno pone en marcha un plan nacional de cuidado de trabajadores de la salud - Noticias Radio Reflejos","og_description":"El Ministerio de Salud de la Naci\u00f3n dispuso la puesta en marcha de un \u00abPlan nacional de cuidado de trabajadores y trabajadoras de la salud\u00bb en el marco del pandemia de coronavirus, con el objetivo de profundizar las medidas de prevenci\u00f3n y evitar la propagaci\u00f3n de contagios de Covid-19 en contextos laborales.","og_url":"https:\/\/www.noticiasradioreflejos.com.ar\/2021\/el-gobierno-pone-en-marcha-un-plan-nacional-de-cuidado-de-trabajadores-de-la-salud\/","og_site_name":"Noticias Radio Reflejos","article_published_time":"2020-06-08T14:27:49+00:00","og_image":[{"width":300,"height":200,"url":"https:\/\/www.noticiasradioreflejos.com.ar\/2021\/wp-content\/uploads\/2021\/07\/logosol300x200.png","type":"image\/png"}],"author":"Arnaldo Botto","twitter_card":"summary_large_image","schema":{"@context":"https:\/\/schema.org","@graph":[{"@type":"WebPage","@id":"https:\/\/www.noticiasradioreflejos.com.ar\/2021\/el-gobierno-pone-en-marcha-un-plan-nacional-de-cuidado-de-trabajadores-de-la-salud\/","url":"https:\/\/www.noticiasradioreflejos.com.ar\/2021\/el-gobierno-pone-en-marcha-un-plan-nacional-de-cuidado-de-trabajadores-de-la-salud\/","name":"El Gobierno pone en marcha un plan nacional de cuidado de trabajadores de la salud - Noticias Radio Reflejos","isPartOf":{"@id":"https:\/\/www.noticiasradioreflejos.com.ar\/2021\/#website"},"datePublished":"2020-06-08T14:27:49+00:00","author":{"@id":"https:\/\/www.noticiasradioreflejos.com.ar\/2021\/#\/schema\/person\/ad82545263dcc5ec0996818884fd5fb1"},"breadcrumb":{"@id":"https:\/\/www.noticiasradioreflejos.com.ar\/2021\/el-gobierno-pone-en-marcha-un-plan-nacional-de-cuidado-de-trabajadores-de-la-salud\/#breadcrumb"},"inLanguage":"es","potentialAction":[{"@type":"ReadAction","target":["https:\/\/www.noticiasradioreflejos.com.ar\/2021\/el-gobierno-pone-en-marcha-un-plan-nacional-de-cuidado-de-trabajadores-de-la-salud\/"]}]},{"@type":"BreadcrumbList","@id":"https:\/\/www.noticiasradioreflejos.com.ar\/2021\/el-gobierno-pone-en-marcha-un-plan-nacional-de-cuidado-de-trabajadores-de-la-salud\/#breadcrumb","itemListElement":[{"@type":"ListItem","position":1,"name":"Portada","item":"https:\/\/www.noticiasradioreflejos.com.ar\/2021\/"},{"@type":"ListItem","position":2,"name":"El Gobierno pone en marcha un plan nacional de cuidado de trabajadores de la salud"}]},{"@type":"WebSite","@id":"https:\/\/www.noticiasradioreflejos.com.ar\/2021\/#website","url":"https:\/\/www.noticiasradioreflejos.com.ar\/2021\/","name":"Noticias Radio Reflejos","description":"Las noticias de mi comarca","potentialAction":[{"@type":"SearchAction","target":{"@type":"EntryPoint","urlTemplate":"https:\/\/www.noticiasradioreflejos.com.ar\/2021\/?s={search_term_string}"},"query-input":{"@type":"PropertyValueSpecification","valueRequired":true,"valueName":"search_term_string"}}],"inLanguage":"es"},{"@type":"Person","@id":"https:\/\/www.noticiasradioreflejos.com.ar\/2021\/#\/schema\/person\/ad82545263dcc5ec0996818884fd5fb1","name":"Arnaldo Botto","image":{"@type":"ImageObject","inLanguage":"es","@id":"https:\/\/www.noticiasradioreflejos.com.ar\/2021\/#\/schema\/person\/image\/","url":"https:\/\/secure.gravatar.com\/avatar\/55cb5e37c1efa326397366e6974cb338056df65cb50e7d64d1cf314e87504837?s=96&d=mm&r=g","contentUrl":"https:\/\/secure.gravatar.com\/avatar\/55cb5e37c1efa326397366e6974cb338056df65cb50e7d64d1cf314e87504837?s=96&d=mm&r=g","caption":"Arnaldo Botto"},"url":"https:\/\/www.noticiasradioreflejos.com.ar\/2021\/author\/arnaldo\/"}]}},"_links":{"self":[{"href":"https:\/\/www.noticiasradioreflejos.com.ar\/2021\/wp-json\/wp\/v2\/posts\/42934","targetHints":{"allow":["GET"]}}],"collection":[{"href":"https:\/\/www.noticiasradioreflejos.com.ar\/2021\/wp-json\/wp\/v2\/posts"}],"about":[{"href":"https:\/\/www.noticiasradioreflejos.com.ar\/2021\/wp-json\/wp\/v2\/types\/post"}],"author":[{"embeddable":true,"href":"https:\/\/www.noticiasradioreflejos.com.ar\/2021\/wp-json\/wp\/v2\/users\/3"}],"replies":[{"embeddable":true,"href":"https:\/\/www.noticiasradioreflejos.com.ar\/2021\/wp-json\/wp\/v2\/comments?post=42934"}],"version-history":[{"count":0,"href":"https:\/\/www.noticiasradioreflejos.com.ar\/2021\/wp-json\/wp\/v2\/posts\/42934\/revisions"}],"wp:attachment":[{"href":"https:\/\/www.noticiasradioreflejos.com.ar\/2021\/wp-json\/wp\/v2\/media?parent=42934"}],"wp:term":[{"taxonomy":"category","embeddable":true,"href":"https:\/\/www.noticiasradioreflejos.com.ar\/2021\/wp-json\/wp\/v2\/categories?post=42934"},{"taxonomy":"post_tag","embeddable":true,"href":"https:\/\/www.noticiasradioreflejos.com.ar\/2021\/wp-json\/wp\/v2\/tags?post=42934"}],"curies":[{"name":"wp","href":"https:\/\/api.w.org\/{rel}","templated":true}]}}