{"id":42931,"date":"2020-06-08T09:15:01","date_gmt":"2020-06-08T12:15:01","guid":{"rendered":"http:\/\/www.noticiasradioreflejos.com.ar\/noticias\/?p=42931"},"modified":"2020-06-08T09:15:01","modified_gmt":"2020-06-08T12:15:01","slug":"oficializan-el-aislamiento-y-la-nueva-modalidad-de-distanciamiento-social-hasta-el-28-de-junio","status":"publish","type":"post","link":"https:\/\/www.noticiasradioreflejos.com.ar\/2021\/oficializan-el-aislamiento-y-la-nueva-modalidad-de-distanciamiento-social-hasta-el-28-de-junio\/","title":{"rendered":"Oficializan el aislamiento y la nueva modalidad de distanciamiento social hasta el 28 de junio"},"content":{"rendered":"<p>El Gobierno oficializ\u00f3 hoy la pr\u00f3rroga del aislamiento social, preventivo y obligatorio hasta el 28 de junio en la ciudad de Buenos Aires, el conurbano bonaerense; y zonas de C\u00f3rdoba, Chaco, R\u00edo Negro y Chubut, en tanto para el resto del pa\u00eds dispuso para esta etapa el \u00abdistanciamiento\u00bb social, preventivo y obligatorio. La decisi\u00f3n se adopt\u00f3 a trav\u00e9s del Decreto de Necesidad y Urgencia (DNU) 520\/2020, firmado por el presidente Alberto Fern\u00e1ndez y todos sus ministros.<!--more--><br \/>\nRespecto al \u00abdistanciamiento social, preventivo y obligatorio\u00bb -que regir\u00e1 hasta el 28 de junio-, se establece que alcanzar\u00e1 \u00abtodas las personas que residan o transiten en los aglomerados urbanos y en los partidos y departamentos de las provincias argentinas en tanto estos verifiquen en forma positiva los par\u00e1metros epidemiol\u00f3gicos y sanitarios\u00bb.<\/p>\n<p>En este sentido, detalla que esos indicadores que deben darse son los siguientes: \u00abEl sistema de salud debe contar con capacidad suficiente y adecuada para dar respuesta a la demanda sanitaria; y el aglomerado urbano, departamento o partido no debe estar definido por la autoridad sanitaria nacional como aquellos que poseen `transmisi\u00f3n comunitaria` del virus SARS-CoV-2\u00bb.<\/p>\n<p>Adem\u00e1s, para que se pueda aplicar el \u00abdistanciamiento\u00bb en vez del \u00abaislamiento\u00bb, en esa zona el tiempo de duplicaci\u00f3n de casos confirmados de Covid-19 no debe ser inferior a 15 d\u00edas, determin\u00f3 la norma publicada hoy, en l\u00ednea con lo anunciado el jueves \u00faltimo por el presidente Alberto Fern\u00e1ndez.<\/p>\n<p>El distanciamiento social, la nueva modalidad que introduce este per\u00edodo y que convivir\u00e1 en el pa\u00eds con el aislamiento obligatorio en otras zonas, comprende a todos los departamentos de Catamarca, Corrientes, Entre R\u00edos, Formosa, Jujuy, La Pampa, La Rioja, Mendoza, Misiones, Neuqu\u00e9n, Salta, San Juan, San Luis, Santa Cruz, Santa Fe, Santiago del Estero, Tierra del Fuego, Ant\u00e1rtida e Islas del Atl\u00e1ntico Sur.<\/p>\n<p>Tambi\u00e9n, abarca a Tucum\u00e1n, Chaco (excepto el de San Fernando), Chubut (excepto Rawson), R\u00edo Negro (excepto los de Bariloche y General Roca) y C\u00f3rdoba (excepto la ciudad de C\u00f3rdoba y su aglomerado urbano).<\/p>\n<p>Asimismo, comprende a todos los partidos de la provincia de Buenos Aires, con excepci\u00f3n de los 40 que forman parte del \u00c1rea Metropolitana de Buenos Aires (Amba).<\/p>\n<p>El decreto se\u00f1ala que \u00abqueda prohibida la circulaci\u00f3n de las personas alcanzadas por la medida de \u00abdistanciamiento social, preventivo y obligatorio\u00bb por fuera del l\u00edmite del departamento o partido donde residan, salvo que posean el \u00abCertificado \u00danico Habilitante para Circulaci\u00f3n &#8211; Emergencia Covid-19\u00bb.<\/p>\n<p>Adem\u00e1s, establece que, \u00aben caso de detectar situaciones de riesgo de propagaci\u00f3n del virus SARS-CoV-2, se faculta a los gobernadores a disponer el aislamiento preventivo respecto de personas que ingresen a la provincia provenientes de otras jurisdicciones, previa intervenci\u00f3n de la autoridad sanitaria provincial y por un plazo m\u00e1ximo de 14 d\u00edas\u00bb.<\/p>\n<p>La norma indica que, \u00abdurante la vigencia del &#8216;distanciamiento social, preventivo y obligatorio&#8217;, las personas deber\u00e1n mantener entre ellas una distancia m\u00ednima de dos metros, utilizar tapabocas en espacios compartidos, higienizarse asiduamente las manos, toser en el pliegue del codo, desinfectar las superficies, ventilar los ambientes y dar estricto cumplimiento a los protocolos de actividades y a las recomendaciones e instrucciones de las autoridades sanitarias provinciales y nacional\u00bb.<\/p>\n<p>Tambi\u00e9n, que \u00absolo podr\u00e1n realizarse actividades econ\u00f3micas, industriales, comerciales o de servicios, en tanto posean un protocolo de funcionamiento aprobado por la autoridad sanitaria provincial que contemple la totalidad de las recomendaciones e instrucciones de la autoridad sanitaria nacional y restrinja el uso de las superficies cerradas hasta un m\u00e1ximo del 50%) de su capacidad\u00bb.<\/p>\n<p>Acerca de las actividades deportivas, art\u00edsticas y sociales, se dise\u00f1\u00f3 un protocolo con \u00abreglas de conducta\u00bb y no deben superar la concurrencia de mas de 10 personas.<\/p>\n<p>Sobre la evaluaci\u00f3n de reinicio de las clases presenciales, se se\u00f1ala que \u00abpermanecer\u00e1n suspendidas en todos los niveles y en todas sus modalidades hasta tanto se disponga el reinicio de las mismas en forma total o parcial, progresiva o alternada, y\/o por zonas geogr\u00e1ficas o niveles o secciones o modalidades, previa aprobaci\u00f3n de los protocolos correspondientes\u00bb.<\/p>\n","protected":false},"excerpt":{"rendered":"<p>El Gobierno oficializ\u00f3 hoy la pr\u00f3rroga del aislamiento social, preventivo y obligatorio hasta el 28 de junio en la ciudad de Buenos Aires, el conurbano bonaerense; y zonas de C\u00f3rdoba, Chaco, R\u00edo Negro y Chubut, en tanto para el resto del pa\u00eds dispuso para esta etapa el \u00abdistanciamiento\u00bb social, preventivo y obligatorio. La decisi\u00f3n se [&hellip;]<\/p>\n","protected":false},"author":3,"featured_media":0,"comment_status":"closed","ping_status":"open","sticky":false,"template":"","format":"standard","meta":{"footnotes":""},"categories":[25],"tags":[],"class_list":["post-42931","post","type-post","status-publish","format-standard","hentry","category-uncategorized"],"yoast_head":"<!-- This site is optimized with the Yoast SEO plugin v25.9 - https:\/\/yoast.com\/wordpress\/plugins\/seo\/ -->\n<title>Oficializan el aislamiento y la nueva modalidad de distanciamiento social hasta el 28 de junio - Noticias Radio Reflejos<\/title>\n<meta name=\"robots\" content=\"index, follow, max-snippet:-1, max-image-preview:large, max-video-preview:-1\" \/>\n<link rel=\"canonical\" href=\"https:\/\/www.noticiasradioreflejos.com.ar\/2021\/oficializan-el-aislamiento-y-la-nueva-modalidad-de-distanciamiento-social-hasta-el-28-de-junio\/\" \/>\n<meta property=\"og:locale\" content=\"es_ES\" \/>\n<meta property=\"og:type\" content=\"article\" \/>\n<meta property=\"og:title\" content=\"Oficializan el aislamiento y la nueva modalidad de distanciamiento social hasta el 28 de junio - Noticias Radio Reflejos\" \/>\n<meta property=\"og:description\" content=\"El Gobierno oficializ\u00f3 hoy la pr\u00f3rroga del aislamiento social, preventivo y obligatorio hasta el 28 de junio en la ciudad de Buenos Aires, el conurbano bonaerense; y zonas de C\u00f3rdoba, Chaco, R\u00edo Negro y Chubut, en tanto para el resto del pa\u00eds dispuso para esta etapa el \u00abdistanciamiento\u00bb social, preventivo y obligatorio. La decisi\u00f3n se [&hellip;]\" \/>\n<meta property=\"og:url\" content=\"https:\/\/www.noticiasradioreflejos.com.ar\/2021\/oficializan-el-aislamiento-y-la-nueva-modalidad-de-distanciamiento-social-hasta-el-28-de-junio\/\" \/>\n<meta property=\"og:site_name\" content=\"Noticias Radio Reflejos\" \/>\n<meta property=\"article:published_time\" content=\"2020-06-08T12:15:01+00:00\" \/>\n<meta property=\"og:image\" content=\"https:\/\/www.noticiasradioreflejos.com.ar\/2021\/wp-content\/uploads\/2021\/07\/logosol300x200.png\" \/>\n\t<meta property=\"og:image:width\" content=\"300\" \/>\n\t<meta property=\"og:image:height\" content=\"200\" \/>\n\t<meta property=\"og:image:type\" content=\"image\/png\" \/>\n<meta name=\"author\" content=\"Arnaldo Botto\" \/>\n<meta name=\"twitter:card\" content=\"summary_large_image\" \/>\n<script type=\"application\/ld+json\" class=\"yoast-schema-graph\">{\"@context\":\"https:\/\/schema.org\",\"@graph\":[{\"@type\":\"WebPage\",\"@id\":\"https:\/\/www.noticiasradioreflejos.com.ar\/2021\/oficializan-el-aislamiento-y-la-nueva-modalidad-de-distanciamiento-social-hasta-el-28-de-junio\/\",\"url\":\"https:\/\/www.noticiasradioreflejos.com.ar\/2021\/oficializan-el-aislamiento-y-la-nueva-modalidad-de-distanciamiento-social-hasta-el-28-de-junio\/\",\"name\":\"Oficializan el aislamiento y la nueva modalidad de distanciamiento social hasta el 28 de junio - Noticias Radio Reflejos\",\"isPartOf\":{\"@id\":\"https:\/\/www.noticiasradioreflejos.com.ar\/2021\/#website\"},\"datePublished\":\"2020-06-08T12:15:01+00:00\",\"author\":{\"@id\":\"https:\/\/www.noticiasradioreflejos.com.ar\/2021\/#\/schema\/person\/ad82545263dcc5ec0996818884fd5fb1\"},\"breadcrumb\":{\"@id\":\"https:\/\/www.noticiasradioreflejos.com.ar\/2021\/oficializan-el-aislamiento-y-la-nueva-modalidad-de-distanciamiento-social-hasta-el-28-de-junio\/#breadcrumb\"},\"inLanguage\":\"es\",\"potentialAction\":[{\"@type\":\"ReadAction\",\"target\":[\"https:\/\/www.noticiasradioreflejos.com.ar\/2021\/oficializan-el-aislamiento-y-la-nueva-modalidad-de-distanciamiento-social-hasta-el-28-de-junio\/\"]}]},{\"@type\":\"BreadcrumbList\",\"@id\":\"https:\/\/www.noticiasradioreflejos.com.ar\/2021\/oficializan-el-aislamiento-y-la-nueva-modalidad-de-distanciamiento-social-hasta-el-28-de-junio\/#breadcrumb\",\"itemListElement\":[{\"@type\":\"ListItem\",\"position\":1,\"name\":\"Portada\",\"item\":\"https:\/\/www.noticiasradioreflejos.com.ar\/2021\/\"},{\"@type\":\"ListItem\",\"position\":2,\"name\":\"Oficializan el aislamiento y la nueva modalidad de distanciamiento social hasta el 28 de junio\"}]},{\"@type\":\"WebSite\",\"@id\":\"https:\/\/www.noticiasradioreflejos.com.ar\/2021\/#website\",\"url\":\"https:\/\/www.noticiasradioreflejos.com.ar\/2021\/\",\"name\":\"Noticias Radio Reflejos\",\"description\":\"Las noticias de mi comarca\",\"potentialAction\":[{\"@type\":\"SearchAction\",\"target\":{\"@type\":\"EntryPoint\",\"urlTemplate\":\"https:\/\/www.noticiasradioreflejos.com.ar\/2021\/?s={search_term_string}\"},\"query-input\":{\"@type\":\"PropertyValueSpecification\",\"valueRequired\":true,\"valueName\":\"search_term_string\"}}],\"inLanguage\":\"es\"},{\"@type\":\"Person\",\"@id\":\"https:\/\/www.noticiasradioreflejos.com.ar\/2021\/#\/schema\/person\/ad82545263dcc5ec0996818884fd5fb1\",\"name\":\"Arnaldo Botto\",\"image\":{\"@type\":\"ImageObject\",\"inLanguage\":\"es\",\"@id\":\"https:\/\/www.noticiasradioreflejos.com.ar\/2021\/#\/schema\/person\/image\/\",\"url\":\"https:\/\/secure.gravatar.com\/avatar\/55cb5e37c1efa326397366e6974cb338056df65cb50e7d64d1cf314e87504837?s=96&d=mm&r=g\",\"contentUrl\":\"https:\/\/secure.gravatar.com\/avatar\/55cb5e37c1efa326397366e6974cb338056df65cb50e7d64d1cf314e87504837?s=96&d=mm&r=g\",\"caption\":\"Arnaldo Botto\"},\"url\":\"https:\/\/www.noticiasradioreflejos.com.ar\/2021\/author\/arnaldo\/\"}]}<\/script>\n<!-- \/ Yoast SEO plugin. -->","yoast_head_json":{"title":"Oficializan el aislamiento y la nueva modalidad de distanciamiento social hasta el 28 de junio - Noticias Radio Reflejos","robots":{"index":"index","follow":"follow","max-snippet":"max-snippet:-1","max-image-preview":"max-image-preview:large","max-video-preview":"max-video-preview:-1"},"canonical":"https:\/\/www.noticiasradioreflejos.com.ar\/2021\/oficializan-el-aislamiento-y-la-nueva-modalidad-de-distanciamiento-social-hasta-el-28-de-junio\/","og_locale":"es_ES","og_type":"article","og_title":"Oficializan el aislamiento y la nueva modalidad de distanciamiento social hasta el 28 de junio - Noticias Radio Reflejos","og_description":"El Gobierno oficializ\u00f3 hoy la pr\u00f3rroga del aislamiento social, preventivo y obligatorio hasta el 28 de junio en la ciudad de Buenos Aires, el conurbano bonaerense; y zonas de C\u00f3rdoba, Chaco, R\u00edo Negro y Chubut, en tanto para el resto del pa\u00eds dispuso para esta etapa el \u00abdistanciamiento\u00bb social, preventivo y obligatorio. La decisi\u00f3n se [&hellip;]","og_url":"https:\/\/www.noticiasradioreflejos.com.ar\/2021\/oficializan-el-aislamiento-y-la-nueva-modalidad-de-distanciamiento-social-hasta-el-28-de-junio\/","og_site_name":"Noticias Radio Reflejos","article_published_time":"2020-06-08T12:15:01+00:00","og_image":[{"width":300,"height":200,"url":"https:\/\/www.noticiasradioreflejos.com.ar\/2021\/wp-content\/uploads\/2021\/07\/logosol300x200.png","type":"image\/png"}],"author":"Arnaldo Botto","twitter_card":"summary_large_image","schema":{"@context":"https:\/\/schema.org","@graph":[{"@type":"WebPage","@id":"https:\/\/www.noticiasradioreflejos.com.ar\/2021\/oficializan-el-aislamiento-y-la-nueva-modalidad-de-distanciamiento-social-hasta-el-28-de-junio\/","url":"https:\/\/www.noticiasradioreflejos.com.ar\/2021\/oficializan-el-aislamiento-y-la-nueva-modalidad-de-distanciamiento-social-hasta-el-28-de-junio\/","name":"Oficializan el aislamiento y la nueva modalidad de distanciamiento social hasta el 28 de junio - Noticias Radio Reflejos","isPartOf":{"@id":"https:\/\/www.noticiasradioreflejos.com.ar\/2021\/#website"},"datePublished":"2020-06-08T12:15:01+00:00","author":{"@id":"https:\/\/www.noticiasradioreflejos.com.ar\/2021\/#\/schema\/person\/ad82545263dcc5ec0996818884fd5fb1"},"breadcrumb":{"@id":"https:\/\/www.noticiasradioreflejos.com.ar\/2021\/oficializan-el-aislamiento-y-la-nueva-modalidad-de-distanciamiento-social-hasta-el-28-de-junio\/#breadcrumb"},"inLanguage":"es","potentialAction":[{"@type":"ReadAction","target":["https:\/\/www.noticiasradioreflejos.com.ar\/2021\/oficializan-el-aislamiento-y-la-nueva-modalidad-de-distanciamiento-social-hasta-el-28-de-junio\/"]}]},{"@type":"BreadcrumbList","@id":"https:\/\/www.noticiasradioreflejos.com.ar\/2021\/oficializan-el-aislamiento-y-la-nueva-modalidad-de-distanciamiento-social-hasta-el-28-de-junio\/#breadcrumb","itemListElement":[{"@type":"ListItem","position":1,"name":"Portada","item":"https:\/\/www.noticiasradioreflejos.com.ar\/2021\/"},{"@type":"ListItem","position":2,"name":"Oficializan el aislamiento y la nueva modalidad de distanciamiento social hasta el 28 de junio"}]},{"@type":"WebSite","@id":"https:\/\/www.noticiasradioreflejos.com.ar\/2021\/#website","url":"https:\/\/www.noticiasradioreflejos.com.ar\/2021\/","name":"Noticias Radio Reflejos","description":"Las noticias de mi comarca","potentialAction":[{"@type":"SearchAction","target":{"@type":"EntryPoint","urlTemplate":"https:\/\/www.noticiasradioreflejos.com.ar\/2021\/?s={search_term_string}"},"query-input":{"@type":"PropertyValueSpecification","valueRequired":true,"valueName":"search_term_string"}}],"inLanguage":"es"},{"@type":"Person","@id":"https:\/\/www.noticiasradioreflejos.com.ar\/2021\/#\/schema\/person\/ad82545263dcc5ec0996818884fd5fb1","name":"Arnaldo Botto","image":{"@type":"ImageObject","inLanguage":"es","@id":"https:\/\/www.noticiasradioreflejos.com.ar\/2021\/#\/schema\/person\/image\/","url":"https:\/\/secure.gravatar.com\/avatar\/55cb5e37c1efa326397366e6974cb338056df65cb50e7d64d1cf314e87504837?s=96&d=mm&r=g","contentUrl":"https:\/\/secure.gravatar.com\/avatar\/55cb5e37c1efa326397366e6974cb338056df65cb50e7d64d1cf314e87504837?s=96&d=mm&r=g","caption":"Arnaldo Botto"},"url":"https:\/\/www.noticiasradioreflejos.com.ar\/2021\/author\/arnaldo\/"}]}},"_links":{"self":[{"href":"https:\/\/www.noticiasradioreflejos.com.ar\/2021\/wp-json\/wp\/v2\/posts\/42931","targetHints":{"allow":["GET"]}}],"collection":[{"href":"https:\/\/www.noticiasradioreflejos.com.ar\/2021\/wp-json\/wp\/v2\/posts"}],"about":[{"href":"https:\/\/www.noticiasradioreflejos.com.ar\/2021\/wp-json\/wp\/v2\/types\/post"}],"author":[{"embeddable":true,"href":"https:\/\/www.noticiasradioreflejos.com.ar\/2021\/wp-json\/wp\/v2\/users\/3"}],"replies":[{"embeddable":true,"href":"https:\/\/www.noticiasradioreflejos.com.ar\/2021\/wp-json\/wp\/v2\/comments?post=42931"}],"version-history":[{"count":0,"href":"https:\/\/www.noticiasradioreflejos.com.ar\/2021\/wp-json\/wp\/v2\/posts\/42931\/revisions"}],"wp:attachment":[{"href":"https:\/\/www.noticiasradioreflejos.com.ar\/2021\/wp-json\/wp\/v2\/media?parent=42931"}],"wp:term":[{"taxonomy":"category","embeddable":true,"href":"https:\/\/www.noticiasradioreflejos.com.ar\/2021\/wp-json\/wp\/v2\/categories?post=42931"},{"taxonomy":"post_tag","embeddable":true,"href":"https:\/\/www.noticiasradioreflejos.com.ar\/2021\/wp-json\/wp\/v2\/tags?post=42931"}],"curies":[{"name":"wp","href":"https:\/\/api.w.org\/{rel}","templated":true}]}}