{"id":42919,"date":"2020-06-07T18:06:36","date_gmt":"2020-06-07T21:06:36","guid":{"rendered":"http:\/\/www.noticiasradioreflejos.com.ar\/noticias\/?p=42919"},"modified":"2020-06-07T18:06:36","modified_gmt":"2020-06-07T21:06:36","slug":"en-julio-podrian-regresar-los-vuelos-a-bahia-blanca","status":"publish","type":"post","link":"https:\/\/www.noticiasradioreflejos.com.ar\/2021\/en-julio-podrian-regresar-los-vuelos-a-bahia-blanca\/","title":{"rendered":"En julio podr\u00edan regresar los vuelos a Bah\u00eda Blanca."},"content":{"rendered":"<p>Si bien est\u00e1n descartados los viajes al exterior en el corto plazo, en lo que se refiere al \u00e1mbito local ya se han enviado los protocolos. El ministro de Transporte, Mario Meoni, anticip\u00f3 que se analiza la posibilidad de permitir que los vuelos de cabotaje retornen durante el mes de julio.<!--more--><br \/>\nMeoni asegur\u00f3 que ya est\u00e1 \u00abtrabajando con Aerol\u00edneas Argentinas\u00bb para que el Ministerio de Salud \u00abvalide\u00bb el protocolo que la empresa present\u00f3 hace unas semanas y que \u00abpermitir\u00eda un cuidado extremo para cuando se levanten las restricciones\u00bb.<br \/>\nIncluso Meoni destac\u00f3 que tanto la ANAC (Administraci\u00f3n Nacional de Aviaci\u00f3n Civil) como las concesionarias de los aeropuertos, ya \u00abest\u00e1n trabajando en el mismo sentido\u00bb. <\/p>\n<p>En referencia al protocolo que se implementar\u00e1 para permitir el retorno de los vuelos de cabotaje, el ministro sostuvo que \u00ablos aviones solo podr\u00e1n ocuparse en un 70% de su capacidad, y se deber\u00e1n respetar el distanciamiento social, el uso de tapabocas y las medidas de higiene y ventilaci\u00f3n\u00bb.<\/p>\n<p>Por \u00faltimo, al ser consultado sobre la habilitaci\u00f3n de los vuelos internacionales, el titular de la cartera de Transporte descart\u00f3 que se produzca en el corto plazo, aunque inform\u00f3 que ya est\u00e1n trabajando en los nuevos protocolos.<\/p>\n<p>\u00abEs bastante complejo\u00bb que se pueda \u00abvolar desde la Argentina\u00bb hacia el exterior, debido a \u00ablas restricciones de cada pa\u00eds\u00bb, explic\u00f3 el funcionario, y aclar\u00f3 que todo depender\u00e1 del \u00abdestino\u00bb del viaje: \u00abBrasil, por ejemplo, ser\u00e1 complicado\u00bb.<\/p>\n","protected":false},"excerpt":{"rendered":"<p>Si bien est\u00e1n descartados los viajes al exterior en el corto plazo, en lo que se refiere al \u00e1mbito local ya se han enviado los protocolos. El ministro de Transporte, Mario Meoni, anticip\u00f3 que se analiza la posibilidad de permitir que los vuelos de cabotaje retornen durante el mes de julio.<\/p>\n","protected":false},"author":3,"featured_media":0,"comment_status":"closed","ping_status":"open","sticky":false,"template":"","format":"standard","meta":{"footnotes":""},"categories":[36],"tags":[],"class_list":["post-42919","post","type-post","status-publish","format-standard","hentry","category-economia"],"yoast_head":"<!-- This site is optimized with the Yoast SEO plugin v25.9 - https:\/\/yoast.com\/wordpress\/plugins\/seo\/ -->\n<title>En julio podr\u00edan regresar los vuelos a Bah\u00eda Blanca. - Noticias Radio Reflejos<\/title>\n<meta name=\"robots\" content=\"index, follow, max-snippet:-1, max-image-preview:large, max-video-preview:-1\" \/>\n<link rel=\"canonical\" href=\"https:\/\/www.noticiasradioreflejos.com.ar\/2021\/en-julio-podrian-regresar-los-vuelos-a-bahia-blanca\/\" \/>\n<meta property=\"og:locale\" content=\"es_ES\" \/>\n<meta property=\"og:type\" content=\"article\" \/>\n<meta property=\"og:title\" content=\"En julio podr\u00edan regresar los vuelos a Bah\u00eda Blanca. - Noticias Radio Reflejos\" \/>\n<meta property=\"og:description\" content=\"Si bien est\u00e1n descartados los viajes al exterior en el corto plazo, en lo que se refiere al \u00e1mbito local ya se han enviado los protocolos. El ministro de Transporte, Mario Meoni, anticip\u00f3 que se analiza la posibilidad de permitir que los vuelos de cabotaje retornen durante el mes de julio.\" \/>\n<meta property=\"og:url\" content=\"https:\/\/www.noticiasradioreflejos.com.ar\/2021\/en-julio-podrian-regresar-los-vuelos-a-bahia-blanca\/\" \/>\n<meta property=\"og:site_name\" content=\"Noticias Radio Reflejos\" \/>\n<meta property=\"article:published_time\" content=\"2020-06-07T21:06:36+00:00\" \/>\n<meta property=\"og:image\" content=\"https:\/\/www.noticiasradioreflejos.com.ar\/2021\/wp-content\/uploads\/2021\/07\/logosol300x200.png\" \/>\n\t<meta property=\"og:image:width\" content=\"300\" \/>\n\t<meta property=\"og:image:height\" content=\"200\" \/>\n\t<meta property=\"og:image:type\" content=\"image\/png\" \/>\n<meta name=\"author\" content=\"Arnaldo Botto\" \/>\n<meta name=\"twitter:card\" content=\"summary_large_image\" \/>\n<script type=\"application\/ld+json\" class=\"yoast-schema-graph\">{\"@context\":\"https:\/\/schema.org\",\"@graph\":[{\"@type\":\"WebPage\",\"@id\":\"https:\/\/www.noticiasradioreflejos.com.ar\/2021\/en-julio-podrian-regresar-los-vuelos-a-bahia-blanca\/\",\"url\":\"https:\/\/www.noticiasradioreflejos.com.ar\/2021\/en-julio-podrian-regresar-los-vuelos-a-bahia-blanca\/\",\"name\":\"En julio podr\u00edan regresar los vuelos a Bah\u00eda Blanca. - Noticias Radio Reflejos\",\"isPartOf\":{\"@id\":\"https:\/\/www.noticiasradioreflejos.com.ar\/2021\/#website\"},\"datePublished\":\"2020-06-07T21:06:36+00:00\",\"author\":{\"@id\":\"https:\/\/www.noticiasradioreflejos.com.ar\/2021\/#\/schema\/person\/ad82545263dcc5ec0996818884fd5fb1\"},\"breadcrumb\":{\"@id\":\"https:\/\/www.noticiasradioreflejos.com.ar\/2021\/en-julio-podrian-regresar-los-vuelos-a-bahia-blanca\/#breadcrumb\"},\"inLanguage\":\"es\",\"potentialAction\":[{\"@type\":\"ReadAction\",\"target\":[\"https:\/\/www.noticiasradioreflejos.com.ar\/2021\/en-julio-podrian-regresar-los-vuelos-a-bahia-blanca\/\"]}]},{\"@type\":\"BreadcrumbList\",\"@id\":\"https:\/\/www.noticiasradioreflejos.com.ar\/2021\/en-julio-podrian-regresar-los-vuelos-a-bahia-blanca\/#breadcrumb\",\"itemListElement\":[{\"@type\":\"ListItem\",\"position\":1,\"name\":\"Portada\",\"item\":\"https:\/\/www.noticiasradioreflejos.com.ar\/2021\/\"},{\"@type\":\"ListItem\",\"position\":2,\"name\":\"En julio podr\u00edan regresar los vuelos a Bah\u00eda Blanca.\"}]},{\"@type\":\"WebSite\",\"@id\":\"https:\/\/www.noticiasradioreflejos.com.ar\/2021\/#website\",\"url\":\"https:\/\/www.noticiasradioreflejos.com.ar\/2021\/\",\"name\":\"Noticias Radio Reflejos\",\"description\":\"Las noticias de mi comarca\",\"potentialAction\":[{\"@type\":\"SearchAction\",\"target\":{\"@type\":\"EntryPoint\",\"urlTemplate\":\"https:\/\/www.noticiasradioreflejos.com.ar\/2021\/?s={search_term_string}\"},\"query-input\":{\"@type\":\"PropertyValueSpecification\",\"valueRequired\":true,\"valueName\":\"search_term_string\"}}],\"inLanguage\":\"es\"},{\"@type\":\"Person\",\"@id\":\"https:\/\/www.noticiasradioreflejos.com.ar\/2021\/#\/schema\/person\/ad82545263dcc5ec0996818884fd5fb1\",\"name\":\"Arnaldo Botto\",\"image\":{\"@type\":\"ImageObject\",\"inLanguage\":\"es\",\"@id\":\"https:\/\/www.noticiasradioreflejos.com.ar\/2021\/#\/schema\/person\/image\/\",\"url\":\"https:\/\/secure.gravatar.com\/avatar\/55cb5e37c1efa326397366e6974cb338056df65cb50e7d64d1cf314e87504837?s=96&d=mm&r=g\",\"contentUrl\":\"https:\/\/secure.gravatar.com\/avatar\/55cb5e37c1efa326397366e6974cb338056df65cb50e7d64d1cf314e87504837?s=96&d=mm&r=g\",\"caption\":\"Arnaldo Botto\"},\"url\":\"https:\/\/www.noticiasradioreflejos.com.ar\/2021\/author\/arnaldo\/\"}]}<\/script>\n<!-- \/ Yoast SEO plugin. -->","yoast_head_json":{"title":"En julio podr\u00edan regresar los vuelos a Bah\u00eda Blanca. - Noticias Radio Reflejos","robots":{"index":"index","follow":"follow","max-snippet":"max-snippet:-1","max-image-preview":"max-image-preview:large","max-video-preview":"max-video-preview:-1"},"canonical":"https:\/\/www.noticiasradioreflejos.com.ar\/2021\/en-julio-podrian-regresar-los-vuelos-a-bahia-blanca\/","og_locale":"es_ES","og_type":"article","og_title":"En julio podr\u00edan regresar los vuelos a Bah\u00eda Blanca. - Noticias Radio Reflejos","og_description":"Si bien est\u00e1n descartados los viajes al exterior en el corto plazo, en lo que se refiere al \u00e1mbito local ya se han enviado los protocolos. El ministro de Transporte, Mario Meoni, anticip\u00f3 que se analiza la posibilidad de permitir que los vuelos de cabotaje retornen durante el mes de julio.","og_url":"https:\/\/www.noticiasradioreflejos.com.ar\/2021\/en-julio-podrian-regresar-los-vuelos-a-bahia-blanca\/","og_site_name":"Noticias Radio Reflejos","article_published_time":"2020-06-07T21:06:36+00:00","og_image":[{"width":300,"height":200,"url":"https:\/\/www.noticiasradioreflejos.com.ar\/2021\/wp-content\/uploads\/2021\/07\/logosol300x200.png","type":"image\/png"}],"author":"Arnaldo Botto","twitter_card":"summary_large_image","schema":{"@context":"https:\/\/schema.org","@graph":[{"@type":"WebPage","@id":"https:\/\/www.noticiasradioreflejos.com.ar\/2021\/en-julio-podrian-regresar-los-vuelos-a-bahia-blanca\/","url":"https:\/\/www.noticiasradioreflejos.com.ar\/2021\/en-julio-podrian-regresar-los-vuelos-a-bahia-blanca\/","name":"En julio podr\u00edan regresar los vuelos a Bah\u00eda Blanca. - Noticias Radio Reflejos","isPartOf":{"@id":"https:\/\/www.noticiasradioreflejos.com.ar\/2021\/#website"},"datePublished":"2020-06-07T21:06:36+00:00","author":{"@id":"https:\/\/www.noticiasradioreflejos.com.ar\/2021\/#\/schema\/person\/ad82545263dcc5ec0996818884fd5fb1"},"breadcrumb":{"@id":"https:\/\/www.noticiasradioreflejos.com.ar\/2021\/en-julio-podrian-regresar-los-vuelos-a-bahia-blanca\/#breadcrumb"},"inLanguage":"es","potentialAction":[{"@type":"ReadAction","target":["https:\/\/www.noticiasradioreflejos.com.ar\/2021\/en-julio-podrian-regresar-los-vuelos-a-bahia-blanca\/"]}]},{"@type":"BreadcrumbList","@id":"https:\/\/www.noticiasradioreflejos.com.ar\/2021\/en-julio-podrian-regresar-los-vuelos-a-bahia-blanca\/#breadcrumb","itemListElement":[{"@type":"ListItem","position":1,"name":"Portada","item":"https:\/\/www.noticiasradioreflejos.com.ar\/2021\/"},{"@type":"ListItem","position":2,"name":"En julio podr\u00edan regresar los vuelos a Bah\u00eda Blanca."}]},{"@type":"WebSite","@id":"https:\/\/www.noticiasradioreflejos.com.ar\/2021\/#website","url":"https:\/\/www.noticiasradioreflejos.com.ar\/2021\/","name":"Noticias Radio Reflejos","description":"Las noticias de mi comarca","potentialAction":[{"@type":"SearchAction","target":{"@type":"EntryPoint","urlTemplate":"https:\/\/www.noticiasradioreflejos.com.ar\/2021\/?s={search_term_string}"},"query-input":{"@type":"PropertyValueSpecification","valueRequired":true,"valueName":"search_term_string"}}],"inLanguage":"es"},{"@type":"Person","@id":"https:\/\/www.noticiasradioreflejos.com.ar\/2021\/#\/schema\/person\/ad82545263dcc5ec0996818884fd5fb1","name":"Arnaldo Botto","image":{"@type":"ImageObject","inLanguage":"es","@id":"https:\/\/www.noticiasradioreflejos.com.ar\/2021\/#\/schema\/person\/image\/","url":"https:\/\/secure.gravatar.com\/avatar\/55cb5e37c1efa326397366e6974cb338056df65cb50e7d64d1cf314e87504837?s=96&d=mm&r=g","contentUrl":"https:\/\/secure.gravatar.com\/avatar\/55cb5e37c1efa326397366e6974cb338056df65cb50e7d64d1cf314e87504837?s=96&d=mm&r=g","caption":"Arnaldo Botto"},"url":"https:\/\/www.noticiasradioreflejos.com.ar\/2021\/author\/arnaldo\/"}]}},"_links":{"self":[{"href":"https:\/\/www.noticiasradioreflejos.com.ar\/2021\/wp-json\/wp\/v2\/posts\/42919","targetHints":{"allow":["GET"]}}],"collection":[{"href":"https:\/\/www.noticiasradioreflejos.com.ar\/2021\/wp-json\/wp\/v2\/posts"}],"about":[{"href":"https:\/\/www.noticiasradioreflejos.com.ar\/2021\/wp-json\/wp\/v2\/types\/post"}],"author":[{"embeddable":true,"href":"https:\/\/www.noticiasradioreflejos.com.ar\/2021\/wp-json\/wp\/v2\/users\/3"}],"replies":[{"embeddable":true,"href":"https:\/\/www.noticiasradioreflejos.com.ar\/2021\/wp-json\/wp\/v2\/comments?post=42919"}],"version-history":[{"count":0,"href":"https:\/\/www.noticiasradioreflejos.com.ar\/2021\/wp-json\/wp\/v2\/posts\/42919\/revisions"}],"wp:attachment":[{"href":"https:\/\/www.noticiasradioreflejos.com.ar\/2021\/wp-json\/wp\/v2\/media?parent=42919"}],"wp:term":[{"taxonomy":"category","embeddable":true,"href":"https:\/\/www.noticiasradioreflejos.com.ar\/2021\/wp-json\/wp\/v2\/categories?post=42919"},{"taxonomy":"post_tag","embeddable":true,"href":"https:\/\/www.noticiasradioreflejos.com.ar\/2021\/wp-json\/wp\/v2\/tags?post=42919"}],"curies":[{"name":"wp","href":"https:\/\/api.w.org\/{rel}","templated":true}]}}