{"id":42915,"date":"2020-06-07T17:50:34","date_gmt":"2020-06-07T20:50:34","guid":{"rendered":"http:\/\/www.noticiasradioreflejos.com.ar\/noticias\/?p=42915"},"modified":"2020-06-07T17:50:34","modified_gmt":"2020-06-07T20:50:34","slug":"manana-comienzan-a-pagar-la-segunda-ronda-de-los-10-000-del-ingreso-familiar-de-emergencia","status":"publish","type":"post","link":"https:\/\/www.noticiasradioreflejos.com.ar\/2021\/manana-comienzan-a-pagar-la-segunda-ronda-de-los-10-000-del-ingreso-familiar-de-emergencia\/","title":{"rendered":"Ma\u00f1ana comienzan a pagar la segunda ronda de los $ 10.000 del Ingreso Familiar de Emergencia"},"content":{"rendered":"<p>La Administraci\u00f3n Nacional de la Seguridad Social (Anses) inform\u00f3 hoy que comenzar\u00e1 ma\u00f1ana a pagar los $ 10.000 de la segunda ronda del Ingreso Familiar de Emergencia (IFE) en un cronograma que tendr\u00e1 una extensi\u00f3n no mayor a las cinco semanas y que alcanzar\u00e1 a casi 9 millones de personas en todo el pa\u00eds.<!--more--><br \/>\nEl bono, pensado como un paliativo ante los efectos de la crisis econ\u00f3mica derivada de la pandemia de coronavirus (Covid-19), ser\u00e1 depositado primero a los beneficiarios de las Asignaciones Universales de acuerdo al \u00faltimo n\u00famero del DNI, comenzando por el cero.<br \/>\nCon este esquema, ma\u00f1ana comenzar\u00e1n a cobrarlo los titulares de la AUH y terminar\u00e1n de hacerlo el 22 de junio mientras que los titulares de la AUE comenzar\u00e1n a hacerlo el mi\u00e9rcoles y concluir\u00e1n su cobro el 24 de este mes.<br \/>\nSeg\u00fan confirm\u00f3 el organismo, una vez que finalice ese cronograma iniciar\u00e1 el pago de los que hayan elegido cobrar el IFE a trav\u00e9s de un dep\u00f3sito en su cuenta bancaria a trav\u00e9s de una Clave Bancaria Uniforme (CBU), tambi\u00e9n con esquema de pago por terminaci\u00f3n de DNI.<br \/>\nEn ese sentido, seg\u00fan confirmaron a T\u00e9lam desde la Anses, el pago para este segmento iniciar\u00eda el 23 de junio y se extender\u00eda hasta el 6 de julio de modo que luego ser\u00e1 el turno de los beneficiarios no bancarizados.<br \/>\nA diferencia del pago de la primera ronda del IFE, en al que los beneficiarios pod\u00eda elegir cobrar a trav\u00e9s de retiro del dinero en cajeros de las redes Banelco o Link o v\u00eda Correo Argentino, el objetivo es que esta vez todos esos pagos se canalicen a trav\u00e9s de bancos y que se le abra una caja de ahorros para asegurar su inclusi\u00f3n financiera.<br \/>\nLa directora ejecutiva de la Anses, Fernanda Raverta, confirm\u00f3 esta semana que se har\u00e1n cambios en la forma de pago para ese sector.<br \/>\n\u00abPara quienes no tienen CBU vamos a hacer que vayan al banco para que, adem\u00e1s de los diez mil pesos, se vayan con una cuenta as\u00ed logramos bancarizar a los 9 millones de argentinos y argentinas que hoy reciben el IFE\u00bb, asegur\u00f3 Raverta.<\/p>\n<p>El universo incluido en este esquema son los casi 1,3 millones que eligieron como boca de pago el Correo Argentino y el resto de beneficiarios que no tienen una cuenta bancaria y, para ello, se est\u00e1 trabajando con bancos p\u00fablicos y privados para definir la distribuci\u00f3n de las futuras nuevas cuentas.<\/p>\n<p>Seg\u00fan un informe de los Ministerios de Econom\u00eda, Desarrollo Productivo y Trabajo publicado este fin de semana, el IFE evit\u00f3 que entre 2,7 y 4,5 millones de personas caigan transitoriamente en la pobreza y es una de las medidas de transferencia m\u00e1s grandes llevadas a cabo en el marco de la pandemia de la coronavirus.<\/p>\n<p>El IFE est\u00e1 destinado a la asistencia de grupos familiares de trabajadoras o trabajadoras informales y de casas particulares, as\u00ed como de monotributistas sociales y de categor\u00edas A y B y titulares de la Asignaci\u00f3n Universal por Hijo (AUH), la Asignaci\u00f3n por Embarazo y el programa Progresar.<\/p>\n<p>Los detalles del cronograma de pagos podr\u00e1n ser consultados por sus beneficiarios en la p\u00e1gina web de la Anses.<\/p>\n","protected":false},"excerpt":{"rendered":"<p>La Administraci\u00f3n Nacional de la Seguridad Social (Anses) inform\u00f3 hoy que comenzar\u00e1 ma\u00f1ana a pagar los $ 10.000 de la segunda ronda del Ingreso Familiar de Emergencia (IFE) en un cronograma que tendr\u00e1 una extensi\u00f3n no mayor a las cinco semanas y que alcanzar\u00e1 a casi 9 millones de personas en todo el pa\u00eds.<\/p>\n","protected":false},"author":3,"featured_media":0,"comment_status":"closed","ping_status":"open","sticky":false,"template":"","format":"standard","meta":{"footnotes":""},"categories":[36],"tags":[],"class_list":["post-42915","post","type-post","status-publish","format-standard","hentry","category-economia"],"yoast_head":"<!-- This site is optimized with the Yoast SEO plugin v25.9 - https:\/\/yoast.com\/wordpress\/plugins\/seo\/ -->\n<title>Ma\u00f1ana comienzan a pagar la segunda ronda de los $ 10.000 del Ingreso Familiar de Emergencia - Noticias Radio Reflejos<\/title>\n<meta name=\"robots\" content=\"index, follow, max-snippet:-1, max-image-preview:large, max-video-preview:-1\" \/>\n<link rel=\"canonical\" href=\"https:\/\/www.noticiasradioreflejos.com.ar\/2021\/manana-comienzan-a-pagar-la-segunda-ronda-de-los-10-000-del-ingreso-familiar-de-emergencia\/\" \/>\n<meta property=\"og:locale\" content=\"es_ES\" \/>\n<meta property=\"og:type\" content=\"article\" \/>\n<meta property=\"og:title\" content=\"Ma\u00f1ana comienzan a pagar la segunda ronda de los $ 10.000 del Ingreso Familiar de Emergencia - Noticias Radio Reflejos\" \/>\n<meta property=\"og:description\" content=\"La Administraci\u00f3n Nacional de la Seguridad Social (Anses) inform\u00f3 hoy que comenzar\u00e1 ma\u00f1ana a pagar los $ 10.000 de la segunda ronda del Ingreso Familiar de Emergencia (IFE) en un cronograma que tendr\u00e1 una extensi\u00f3n no mayor a las cinco semanas y que alcanzar\u00e1 a casi 9 millones de personas en todo el pa\u00eds.\" \/>\n<meta property=\"og:url\" content=\"https:\/\/www.noticiasradioreflejos.com.ar\/2021\/manana-comienzan-a-pagar-la-segunda-ronda-de-los-10-000-del-ingreso-familiar-de-emergencia\/\" \/>\n<meta property=\"og:site_name\" content=\"Noticias Radio Reflejos\" \/>\n<meta property=\"article:published_time\" content=\"2020-06-07T20:50:34+00:00\" \/>\n<meta property=\"og:image\" content=\"https:\/\/www.noticiasradioreflejos.com.ar\/2021\/wp-content\/uploads\/2021\/07\/logosol300x200.png\" \/>\n\t<meta property=\"og:image:width\" content=\"300\" \/>\n\t<meta property=\"og:image:height\" content=\"200\" \/>\n\t<meta property=\"og:image:type\" content=\"image\/png\" \/>\n<meta name=\"author\" content=\"Arnaldo Botto\" \/>\n<meta name=\"twitter:card\" content=\"summary_large_image\" \/>\n<script type=\"application\/ld+json\" class=\"yoast-schema-graph\">{\"@context\":\"https:\/\/schema.org\",\"@graph\":[{\"@type\":\"WebPage\",\"@id\":\"https:\/\/www.noticiasradioreflejos.com.ar\/2021\/manana-comienzan-a-pagar-la-segunda-ronda-de-los-10-000-del-ingreso-familiar-de-emergencia\/\",\"url\":\"https:\/\/www.noticiasradioreflejos.com.ar\/2021\/manana-comienzan-a-pagar-la-segunda-ronda-de-los-10-000-del-ingreso-familiar-de-emergencia\/\",\"name\":\"Ma\u00f1ana comienzan a pagar la segunda ronda de los $ 10.000 del Ingreso Familiar de Emergencia - Noticias Radio Reflejos\",\"isPartOf\":{\"@id\":\"https:\/\/www.noticiasradioreflejos.com.ar\/2021\/#website\"},\"datePublished\":\"2020-06-07T20:50:34+00:00\",\"author\":{\"@id\":\"https:\/\/www.noticiasradioreflejos.com.ar\/2021\/#\/schema\/person\/ad82545263dcc5ec0996818884fd5fb1\"},\"breadcrumb\":{\"@id\":\"https:\/\/www.noticiasradioreflejos.com.ar\/2021\/manana-comienzan-a-pagar-la-segunda-ronda-de-los-10-000-del-ingreso-familiar-de-emergencia\/#breadcrumb\"},\"inLanguage\":\"es\",\"potentialAction\":[{\"@type\":\"ReadAction\",\"target\":[\"https:\/\/www.noticiasradioreflejos.com.ar\/2021\/manana-comienzan-a-pagar-la-segunda-ronda-de-los-10-000-del-ingreso-familiar-de-emergencia\/\"]}]},{\"@type\":\"BreadcrumbList\",\"@id\":\"https:\/\/www.noticiasradioreflejos.com.ar\/2021\/manana-comienzan-a-pagar-la-segunda-ronda-de-los-10-000-del-ingreso-familiar-de-emergencia\/#breadcrumb\",\"itemListElement\":[{\"@type\":\"ListItem\",\"position\":1,\"name\":\"Portada\",\"item\":\"https:\/\/www.noticiasradioreflejos.com.ar\/2021\/\"},{\"@type\":\"ListItem\",\"position\":2,\"name\":\"Ma\u00f1ana comienzan a pagar la segunda ronda de los $ 10.000 del Ingreso Familiar de Emergencia\"}]},{\"@type\":\"WebSite\",\"@id\":\"https:\/\/www.noticiasradioreflejos.com.ar\/2021\/#website\",\"url\":\"https:\/\/www.noticiasradioreflejos.com.ar\/2021\/\",\"name\":\"Noticias Radio Reflejos\",\"description\":\"Las noticias de mi comarca\",\"potentialAction\":[{\"@type\":\"SearchAction\",\"target\":{\"@type\":\"EntryPoint\",\"urlTemplate\":\"https:\/\/www.noticiasradioreflejos.com.ar\/2021\/?s={search_term_string}\"},\"query-input\":{\"@type\":\"PropertyValueSpecification\",\"valueRequired\":true,\"valueName\":\"search_term_string\"}}],\"inLanguage\":\"es\"},{\"@type\":\"Person\",\"@id\":\"https:\/\/www.noticiasradioreflejos.com.ar\/2021\/#\/schema\/person\/ad82545263dcc5ec0996818884fd5fb1\",\"name\":\"Arnaldo Botto\",\"image\":{\"@type\":\"ImageObject\",\"inLanguage\":\"es\",\"@id\":\"https:\/\/www.noticiasradioreflejos.com.ar\/2021\/#\/schema\/person\/image\/\",\"url\":\"https:\/\/secure.gravatar.com\/avatar\/55cb5e37c1efa326397366e6974cb338056df65cb50e7d64d1cf314e87504837?s=96&d=mm&r=g\",\"contentUrl\":\"https:\/\/secure.gravatar.com\/avatar\/55cb5e37c1efa326397366e6974cb338056df65cb50e7d64d1cf314e87504837?s=96&d=mm&r=g\",\"caption\":\"Arnaldo Botto\"},\"url\":\"https:\/\/www.noticiasradioreflejos.com.ar\/2021\/author\/arnaldo\/\"}]}<\/script>\n<!-- \/ Yoast SEO plugin. -->","yoast_head_json":{"title":"Ma\u00f1ana comienzan a pagar la segunda ronda de los $ 10.000 del Ingreso Familiar de Emergencia - Noticias Radio Reflejos","robots":{"index":"index","follow":"follow","max-snippet":"max-snippet:-1","max-image-preview":"max-image-preview:large","max-video-preview":"max-video-preview:-1"},"canonical":"https:\/\/www.noticiasradioreflejos.com.ar\/2021\/manana-comienzan-a-pagar-la-segunda-ronda-de-los-10-000-del-ingreso-familiar-de-emergencia\/","og_locale":"es_ES","og_type":"article","og_title":"Ma\u00f1ana comienzan a pagar la segunda ronda de los $ 10.000 del Ingreso Familiar de Emergencia - Noticias Radio Reflejos","og_description":"La Administraci\u00f3n Nacional de la Seguridad Social (Anses) inform\u00f3 hoy que comenzar\u00e1 ma\u00f1ana a pagar los $ 10.000 de la segunda ronda del Ingreso Familiar de Emergencia (IFE) en un cronograma que tendr\u00e1 una extensi\u00f3n no mayor a las cinco semanas y que alcanzar\u00e1 a casi 9 millones de personas en todo el pa\u00eds.","og_url":"https:\/\/www.noticiasradioreflejos.com.ar\/2021\/manana-comienzan-a-pagar-la-segunda-ronda-de-los-10-000-del-ingreso-familiar-de-emergencia\/","og_site_name":"Noticias Radio Reflejos","article_published_time":"2020-06-07T20:50:34+00:00","og_image":[{"width":300,"height":200,"url":"https:\/\/www.noticiasradioreflejos.com.ar\/2021\/wp-content\/uploads\/2021\/07\/logosol300x200.png","type":"image\/png"}],"author":"Arnaldo Botto","twitter_card":"summary_large_image","schema":{"@context":"https:\/\/schema.org","@graph":[{"@type":"WebPage","@id":"https:\/\/www.noticiasradioreflejos.com.ar\/2021\/manana-comienzan-a-pagar-la-segunda-ronda-de-los-10-000-del-ingreso-familiar-de-emergencia\/","url":"https:\/\/www.noticiasradioreflejos.com.ar\/2021\/manana-comienzan-a-pagar-la-segunda-ronda-de-los-10-000-del-ingreso-familiar-de-emergencia\/","name":"Ma\u00f1ana comienzan a pagar la segunda ronda de los $ 10.000 del Ingreso Familiar de Emergencia - Noticias Radio Reflejos","isPartOf":{"@id":"https:\/\/www.noticiasradioreflejos.com.ar\/2021\/#website"},"datePublished":"2020-06-07T20:50:34+00:00","author":{"@id":"https:\/\/www.noticiasradioreflejos.com.ar\/2021\/#\/schema\/person\/ad82545263dcc5ec0996818884fd5fb1"},"breadcrumb":{"@id":"https:\/\/www.noticiasradioreflejos.com.ar\/2021\/manana-comienzan-a-pagar-la-segunda-ronda-de-los-10-000-del-ingreso-familiar-de-emergencia\/#breadcrumb"},"inLanguage":"es","potentialAction":[{"@type":"ReadAction","target":["https:\/\/www.noticiasradioreflejos.com.ar\/2021\/manana-comienzan-a-pagar-la-segunda-ronda-de-los-10-000-del-ingreso-familiar-de-emergencia\/"]}]},{"@type":"BreadcrumbList","@id":"https:\/\/www.noticiasradioreflejos.com.ar\/2021\/manana-comienzan-a-pagar-la-segunda-ronda-de-los-10-000-del-ingreso-familiar-de-emergencia\/#breadcrumb","itemListElement":[{"@type":"ListItem","position":1,"name":"Portada","item":"https:\/\/www.noticiasradioreflejos.com.ar\/2021\/"},{"@type":"ListItem","position":2,"name":"Ma\u00f1ana comienzan a pagar la segunda ronda de los $ 10.000 del Ingreso Familiar de Emergencia"}]},{"@type":"WebSite","@id":"https:\/\/www.noticiasradioreflejos.com.ar\/2021\/#website","url":"https:\/\/www.noticiasradioreflejos.com.ar\/2021\/","name":"Noticias Radio Reflejos","description":"Las noticias de mi comarca","potentialAction":[{"@type":"SearchAction","target":{"@type":"EntryPoint","urlTemplate":"https:\/\/www.noticiasradioreflejos.com.ar\/2021\/?s={search_term_string}"},"query-input":{"@type":"PropertyValueSpecification","valueRequired":true,"valueName":"search_term_string"}}],"inLanguage":"es"},{"@type":"Person","@id":"https:\/\/www.noticiasradioreflejos.com.ar\/2021\/#\/schema\/person\/ad82545263dcc5ec0996818884fd5fb1","name":"Arnaldo Botto","image":{"@type":"ImageObject","inLanguage":"es","@id":"https:\/\/www.noticiasradioreflejos.com.ar\/2021\/#\/schema\/person\/image\/","url":"https:\/\/secure.gravatar.com\/avatar\/55cb5e37c1efa326397366e6974cb338056df65cb50e7d64d1cf314e87504837?s=96&d=mm&r=g","contentUrl":"https:\/\/secure.gravatar.com\/avatar\/55cb5e37c1efa326397366e6974cb338056df65cb50e7d64d1cf314e87504837?s=96&d=mm&r=g","caption":"Arnaldo Botto"},"url":"https:\/\/www.noticiasradioreflejos.com.ar\/2021\/author\/arnaldo\/"}]}},"_links":{"self":[{"href":"https:\/\/www.noticiasradioreflejos.com.ar\/2021\/wp-json\/wp\/v2\/posts\/42915","targetHints":{"allow":["GET"]}}],"collection":[{"href":"https:\/\/www.noticiasradioreflejos.com.ar\/2021\/wp-json\/wp\/v2\/posts"}],"about":[{"href":"https:\/\/www.noticiasradioreflejos.com.ar\/2021\/wp-json\/wp\/v2\/types\/post"}],"author":[{"embeddable":true,"href":"https:\/\/www.noticiasradioreflejos.com.ar\/2021\/wp-json\/wp\/v2\/users\/3"}],"replies":[{"embeddable":true,"href":"https:\/\/www.noticiasradioreflejos.com.ar\/2021\/wp-json\/wp\/v2\/comments?post=42915"}],"version-history":[{"count":0,"href":"https:\/\/www.noticiasradioreflejos.com.ar\/2021\/wp-json\/wp\/v2\/posts\/42915\/revisions"}],"wp:attachment":[{"href":"https:\/\/www.noticiasradioreflejos.com.ar\/2021\/wp-json\/wp\/v2\/media?parent=42915"}],"wp:term":[{"taxonomy":"category","embeddable":true,"href":"https:\/\/www.noticiasradioreflejos.com.ar\/2021\/wp-json\/wp\/v2\/categories?post=42915"},{"taxonomy":"post_tag","embeddable":true,"href":"https:\/\/www.noticiasradioreflejos.com.ar\/2021\/wp-json\/wp\/v2\/tags?post=42915"}],"curies":[{"name":"wp","href":"https:\/\/api.w.org\/{rel}","templated":true}]}}