{"id":42909,"date":"2020-06-07T12:50:08","date_gmt":"2020-06-07T15:50:08","guid":{"rendered":"http:\/\/www.noticiasradioreflejos.com.ar\/noticias\/?p=42909"},"modified":"2020-06-07T12:50:08","modified_gmt":"2020-06-07T15:50:08","slug":"el-arco-politico-destaco-el-rol-de-la-prensa-ante-la-pandemia-en-el-dia-del-periodista","status":"publish","type":"post","link":"https:\/\/www.noticiasradioreflejos.com.ar\/2021\/el-arco-politico-destaco-el-rol-de-la-prensa-ante-la-pandemia-en-el-dia-del-periodista\/","title":{"rendered":"El arco pol\u00edtico destac\u00f3 el rol de la prensa ante la pandemia en el D\u00eda del Periodista"},"content":{"rendered":"<p>Dirigentes de todo el arco pol\u00edtico nacional saludaron a los periodistas en su d\u00eda con mensajes desde temprano en las redes sociales, en los que destacaron el valor de la libertad de prensa para la democracia y el rol del periodismo ante la pandemia de coronavirus para informar con veracidad sobre la situaci\u00f3n sanitaria.<!--more--><br \/>\nEn Twitter, los gobernadores fueron los que primero enviaron sus mensajes como fue el caso de Juan Manzur (Tucum\u00e1n), Gustavo Vald\u00e9s (Corrientes), Juan Schiaretti (C\u00f3rdoba), Omar Guti\u00e9rrez (Neuqu\u00e9n), Rodolfo Su\u00e1rez (Mendoza), Alberto Rodr\u00edguez Sa\u00e1 (San Luis), y el jefe de Gobierno porte\u00f1o, Horacio Rodr\u00edguez Larreta.<\/p>\n<p>Tambi\u00e9n enviaron sus salutaciones los mandatarios Arabela Carreras (R\u00edo Negro), Oscar Herrara Ahuad (Misiones), Ricardo Quintela (La Rioja), Gerardo Zamora (Santiago del Estero), Sergio U\u00f1ac (San Juan), Gustavo S\u00e1enz (Salta), Mariano Arcioni (Chubut) y la vicegobernadora bonaerense Ver\u00f3nica Magario.<\/p>\n<p>Tambi\u00e9n se sum\u00f3 el senador nacional del Frente de Todos, Jorge Taiana, quien afirm\u00f3: \u201cEn este d\u00eda y en todos los dem\u00e1s, deseo que quienes ejercen el periodismo puedan desarrollar su trabajo libremente, sin ser presionados ni precarizados en sus condiciones de trabajo. Un periodismo de calidad y con m\u00e1s voces para una mejor comunicaci\u00f3n\u201d, cerr\u00f3.<\/p>\n<p>El jefe de Gobierno porte\u00f1o, Horacio Rodr\u00edguez Larreta, public\u00f3: \u201cLa responsabilidad de comunicar es un enorme desaf\u00edo que juega un rol muy importante, especialmente en la pandemia. Gracias por acompa\u00f1arnos, por ser cr\u00edticos y, sobre todo, por permitir que lleguemos con la informaci\u00f3n a cada vecino y vecina\u201d.<\/p>\n<p>En su cuenta oficial, Manzur escribi\u00f3: \u201cEn el aniversario de la fundaci\u00f3n del primer peri\u00f3dico independentista argentino a cargo de Mariano Moreno, mi respeto y admiraci\u00f3n para quienes ejercen con honestidad, pasi\u00f3n y rigurosidad esta noble tarea, hoy tan esencial por los momentos que vivimos\u201d.<\/p>\n<p>En tanto, Schiaretti envi\u00f3 \u00abun gran cari\u00f1o a todos los periodistas cordobeses en su d\u00eda\u00bb, sobre todo en \u00abeste a\u00f1o es especial porque nos encuentra enfrentando la pandemia del coronavirus\u00bb y agradeci\u00f3 \u00abpor partida doble: porque son los que mantienen viva la libertad de prensa y por su actuaci\u00f3n impecable para el tratamiento del coronavirus. Han colaborado a la cohesi\u00f3n social y a que juntos podamos enfrentar esta pandemia\u201d.<\/p>\n<p>Rodolfo Su\u00e1rez, el mandatario de Mendoza, asever\u00f3: \u201cInformar con responsabilidad y pasi\u00f3n, es a\u00fan m\u00e1s valorable en tiempos dif\u00edciles. Saludamos a los que escriben, cuentan y muestran hoy, lo que en el futuro ser\u00e1 historia\u201d.<\/p>\n<p>Por su parte, Zamora se\u00f1al\u00f3: \u201cQuiero desearles feliz d\u00eda a todos los periodistas de los medios orales, escritos, televisivos y virtuales de la provincia y de la Argentina, que en su labor diaria de mantener informada a la comunidad, han forjado un nexo cotidiano imprescindible\u201d.<\/p>\n<p>La mandataria Arabela Carreras manifest\u00f3: \u201cSiempre independientes, confiables y profesionales. Siempre para informar con la verdad a los y las rionegrinas. Feliz d\u00eda a todos y todas las periodistas!\u201d.<\/p>\n<p>El gobernador misionero salud\u00f3 \u00abcon respeto a todos los periodistas en su d\u00eda\u201d, mientras que el mandatario correntino agradeci\u00f3 el \u00abcompromiso con la informaci\u00f3n para que la sociedad comprenda lo que pasa, debata con libertad y se fortalezca nuestra democracia\u201d.<\/p>\n<p>Gustavo S\u00e1enz, el gobernador salte\u00f1o, envi\u00f3 \u201cun gran reconocimiento para quienes ejercen esta noble profesi\u00f3n con vocaci\u00f3n, compromiso y responsabilidad. Su trabajo es valioso y esencial, m\u00e1s a\u00fan en este tiempo dif\u00edcil\u201d y el riojano Quintela salud\u00f3 a los periodistas que \u00ababrazan esta profesi\u00f3n con libertad, responsabilidad y vocaci\u00f3n\u00bb y destac\u00f3 \u201cel fortalecimiento de la democracia a trav\u00e9s de la informaci\u00f3n objetiva\u201d.<\/p>\n<p>A su turno, Mariano Arcioni escribi\u00f3: \u201cSaludamos a quienes realizan su trabajo con pasi\u00f3n expresan sus ideas con #Libertad y difunden informaci\u00f3n con responsabilidad\u201d y el gobernador neuquino salud\u00f3 a los periodistas \u00abpor ser un nexo fundamental en este contexto para mantener informados a los neuquinos y neuquinas con datos precisos de la realidad\u201d.<\/p>\n<p>Ver\u00f3nica Magario, la vicegobernadora bonaerense, se\u00f1al\u00f3: \u201cEl pensamiento cr\u00edtico y la b\u00fasqueda de la verdad tienen un rol fundamental en la construcci\u00f3n de una mejor democracia. En su d\u00eda, enviamos un c\u00e1lido saludo a todas y todos los periodistas de nuestro pa\u00eds, especialmente a los periodistas de nuestra Provincia\u201d.<\/p>\n<p>En tanto, Alberto Rodr\u00edguez Sa\u00e1 deseo feliz d\u00eda a todos los periodistas que, \u00abd\u00eda a d\u00eda, trabajan con dedicaci\u00f3n, honestidad y compromiso, en busca de la informaci\u00f3n\u201d.<\/p>\n<p>Por su parte, el diputado nacional de Juntos por el Cambio Waldo Wolf salud\u00f3 a los periodistas con la cita de una frase del escritor brit\u00e1nico George Orwell: \u201cPeriodismo es publicar lo que alguien no quiere que publiques. Todo lo dem\u00e1s es relaciones p\u00fablicas\u201d.<\/p>\n<p>Tambi\u00e9n el intendente del municipio bonaerense de La Matanza, Fernando Espinoza, escribi\u00f3: \u201cFeliz d\u00eda a todas las y los periodistas que trabajan con transparencia, honestidad y compromiso para informar a nuestra sociedad en estos momentos tan dif\u00edciles\u201d.<\/p>\n<p>En Argentina, el 7 de junio se celebra el D\u00eda del Periodista en conmemoraci\u00f3n a la primera publicaci\u00f3n del peri\u00f3dico \u201cLa Gazeta de Buenos Ayres\u201d en 1810, a cargo del abogado, periodista y secretario del Primer Gobierno Patrio, Mariano Moreno.<\/p>\n","protected":false},"excerpt":{"rendered":"<p>Dirigentes de todo el arco pol\u00edtico nacional saludaron a los periodistas en su d\u00eda con mensajes desde temprano en las redes sociales, en los que destacaron el valor de la libertad de prensa para la democracia y el rol del periodismo ante la pandemia de coronavirus para informar con veracidad sobre la situaci\u00f3n sanitaria.<\/p>\n","protected":false},"author":3,"featured_media":0,"comment_status":"closed","ping_status":"open","sticky":false,"template":"","format":"standard","meta":{"footnotes":""},"categories":[24],"tags":[],"class_list":["post-42909","post","type-post","status-publish","format-standard","hentry","category-politica"],"yoast_head":"<!-- This site is optimized with the Yoast SEO plugin v25.9 - https:\/\/yoast.com\/wordpress\/plugins\/seo\/ -->\n<title>El arco pol\u00edtico destac\u00f3 el rol de la prensa ante la pandemia en el D\u00eda del Periodista - Noticias Radio Reflejos<\/title>\n<meta name=\"robots\" content=\"index, follow, max-snippet:-1, max-image-preview:large, max-video-preview:-1\" \/>\n<link rel=\"canonical\" href=\"https:\/\/www.noticiasradioreflejos.com.ar\/2021\/el-arco-politico-destaco-el-rol-de-la-prensa-ante-la-pandemia-en-el-dia-del-periodista\/\" \/>\n<meta property=\"og:locale\" content=\"es_ES\" \/>\n<meta property=\"og:type\" content=\"article\" \/>\n<meta property=\"og:title\" content=\"El arco pol\u00edtico destac\u00f3 el rol de la prensa ante la pandemia en el D\u00eda del Periodista - Noticias Radio Reflejos\" \/>\n<meta property=\"og:description\" content=\"Dirigentes de todo el arco pol\u00edtico nacional saludaron a los periodistas en su d\u00eda con mensajes desde temprano en las redes sociales, en los que destacaron el valor de la libertad de prensa para la democracia y el rol del periodismo ante la pandemia de coronavirus para informar con veracidad sobre la situaci\u00f3n sanitaria.\" \/>\n<meta property=\"og:url\" content=\"https:\/\/www.noticiasradioreflejos.com.ar\/2021\/el-arco-politico-destaco-el-rol-de-la-prensa-ante-la-pandemia-en-el-dia-del-periodista\/\" \/>\n<meta property=\"og:site_name\" content=\"Noticias Radio Reflejos\" \/>\n<meta property=\"article:published_time\" content=\"2020-06-07T15:50:08+00:00\" \/>\n<meta property=\"og:image\" content=\"https:\/\/www.noticiasradioreflejos.com.ar\/2021\/wp-content\/uploads\/2021\/07\/logosol300x200.png\" \/>\n\t<meta property=\"og:image:width\" content=\"300\" \/>\n\t<meta property=\"og:image:height\" content=\"200\" \/>\n\t<meta property=\"og:image:type\" content=\"image\/png\" \/>\n<meta name=\"author\" content=\"Arnaldo Botto\" \/>\n<meta name=\"twitter:card\" content=\"summary_large_image\" \/>\n<script type=\"application\/ld+json\" class=\"yoast-schema-graph\">{\"@context\":\"https:\/\/schema.org\",\"@graph\":[{\"@type\":\"WebPage\",\"@id\":\"https:\/\/www.noticiasradioreflejos.com.ar\/2021\/el-arco-politico-destaco-el-rol-de-la-prensa-ante-la-pandemia-en-el-dia-del-periodista\/\",\"url\":\"https:\/\/www.noticiasradioreflejos.com.ar\/2021\/el-arco-politico-destaco-el-rol-de-la-prensa-ante-la-pandemia-en-el-dia-del-periodista\/\",\"name\":\"El arco pol\u00edtico destac\u00f3 el rol de la prensa ante la pandemia en el D\u00eda del Periodista - Noticias Radio Reflejos\",\"isPartOf\":{\"@id\":\"https:\/\/www.noticiasradioreflejos.com.ar\/2021\/#website\"},\"datePublished\":\"2020-06-07T15:50:08+00:00\",\"author\":{\"@id\":\"https:\/\/www.noticiasradioreflejos.com.ar\/2021\/#\/schema\/person\/ad82545263dcc5ec0996818884fd5fb1\"},\"breadcrumb\":{\"@id\":\"https:\/\/www.noticiasradioreflejos.com.ar\/2021\/el-arco-politico-destaco-el-rol-de-la-prensa-ante-la-pandemia-en-el-dia-del-periodista\/#breadcrumb\"},\"inLanguage\":\"es\",\"potentialAction\":[{\"@type\":\"ReadAction\",\"target\":[\"https:\/\/www.noticiasradioreflejos.com.ar\/2021\/el-arco-politico-destaco-el-rol-de-la-prensa-ante-la-pandemia-en-el-dia-del-periodista\/\"]}]},{\"@type\":\"BreadcrumbList\",\"@id\":\"https:\/\/www.noticiasradioreflejos.com.ar\/2021\/el-arco-politico-destaco-el-rol-de-la-prensa-ante-la-pandemia-en-el-dia-del-periodista\/#breadcrumb\",\"itemListElement\":[{\"@type\":\"ListItem\",\"position\":1,\"name\":\"Portada\",\"item\":\"https:\/\/www.noticiasradioreflejos.com.ar\/2021\/\"},{\"@type\":\"ListItem\",\"position\":2,\"name\":\"El arco pol\u00edtico destac\u00f3 el rol de la prensa ante la pandemia en el D\u00eda del Periodista\"}]},{\"@type\":\"WebSite\",\"@id\":\"https:\/\/www.noticiasradioreflejos.com.ar\/2021\/#website\",\"url\":\"https:\/\/www.noticiasradioreflejos.com.ar\/2021\/\",\"name\":\"Noticias Radio Reflejos\",\"description\":\"Las noticias de mi comarca\",\"potentialAction\":[{\"@type\":\"SearchAction\",\"target\":{\"@type\":\"EntryPoint\",\"urlTemplate\":\"https:\/\/www.noticiasradioreflejos.com.ar\/2021\/?s={search_term_string}\"},\"query-input\":{\"@type\":\"PropertyValueSpecification\",\"valueRequired\":true,\"valueName\":\"search_term_string\"}}],\"inLanguage\":\"es\"},{\"@type\":\"Person\",\"@id\":\"https:\/\/www.noticiasradioreflejos.com.ar\/2021\/#\/schema\/person\/ad82545263dcc5ec0996818884fd5fb1\",\"name\":\"Arnaldo Botto\",\"image\":{\"@type\":\"ImageObject\",\"inLanguage\":\"es\",\"@id\":\"https:\/\/www.noticiasradioreflejos.com.ar\/2021\/#\/schema\/person\/image\/\",\"url\":\"https:\/\/secure.gravatar.com\/avatar\/55cb5e37c1efa326397366e6974cb338056df65cb50e7d64d1cf314e87504837?s=96&d=mm&r=g\",\"contentUrl\":\"https:\/\/secure.gravatar.com\/avatar\/55cb5e37c1efa326397366e6974cb338056df65cb50e7d64d1cf314e87504837?s=96&d=mm&r=g\",\"caption\":\"Arnaldo Botto\"},\"url\":\"https:\/\/www.noticiasradioreflejos.com.ar\/2021\/author\/arnaldo\/\"}]}<\/script>\n<!-- \/ Yoast SEO plugin. -->","yoast_head_json":{"title":"El arco pol\u00edtico destac\u00f3 el rol de la prensa ante la pandemia en el D\u00eda del Periodista - Noticias Radio Reflejos","robots":{"index":"index","follow":"follow","max-snippet":"max-snippet:-1","max-image-preview":"max-image-preview:large","max-video-preview":"max-video-preview:-1"},"canonical":"https:\/\/www.noticiasradioreflejos.com.ar\/2021\/el-arco-politico-destaco-el-rol-de-la-prensa-ante-la-pandemia-en-el-dia-del-periodista\/","og_locale":"es_ES","og_type":"article","og_title":"El arco pol\u00edtico destac\u00f3 el rol de la prensa ante la pandemia en el D\u00eda del Periodista - Noticias Radio Reflejos","og_description":"Dirigentes de todo el arco pol\u00edtico nacional saludaron a los periodistas en su d\u00eda con mensajes desde temprano en las redes sociales, en los que destacaron el valor de la libertad de prensa para la democracia y el rol del periodismo ante la pandemia de coronavirus para informar con veracidad sobre la situaci\u00f3n sanitaria.","og_url":"https:\/\/www.noticiasradioreflejos.com.ar\/2021\/el-arco-politico-destaco-el-rol-de-la-prensa-ante-la-pandemia-en-el-dia-del-periodista\/","og_site_name":"Noticias Radio Reflejos","article_published_time":"2020-06-07T15:50:08+00:00","og_image":[{"width":300,"height":200,"url":"https:\/\/www.noticiasradioreflejos.com.ar\/2021\/wp-content\/uploads\/2021\/07\/logosol300x200.png","type":"image\/png"}],"author":"Arnaldo Botto","twitter_card":"summary_large_image","schema":{"@context":"https:\/\/schema.org","@graph":[{"@type":"WebPage","@id":"https:\/\/www.noticiasradioreflejos.com.ar\/2021\/el-arco-politico-destaco-el-rol-de-la-prensa-ante-la-pandemia-en-el-dia-del-periodista\/","url":"https:\/\/www.noticiasradioreflejos.com.ar\/2021\/el-arco-politico-destaco-el-rol-de-la-prensa-ante-la-pandemia-en-el-dia-del-periodista\/","name":"El arco pol\u00edtico destac\u00f3 el rol de la prensa ante la pandemia en el D\u00eda del Periodista - Noticias Radio Reflejos","isPartOf":{"@id":"https:\/\/www.noticiasradioreflejos.com.ar\/2021\/#website"},"datePublished":"2020-06-07T15:50:08+00:00","author":{"@id":"https:\/\/www.noticiasradioreflejos.com.ar\/2021\/#\/schema\/person\/ad82545263dcc5ec0996818884fd5fb1"},"breadcrumb":{"@id":"https:\/\/www.noticiasradioreflejos.com.ar\/2021\/el-arco-politico-destaco-el-rol-de-la-prensa-ante-la-pandemia-en-el-dia-del-periodista\/#breadcrumb"},"inLanguage":"es","potentialAction":[{"@type":"ReadAction","target":["https:\/\/www.noticiasradioreflejos.com.ar\/2021\/el-arco-politico-destaco-el-rol-de-la-prensa-ante-la-pandemia-en-el-dia-del-periodista\/"]}]},{"@type":"BreadcrumbList","@id":"https:\/\/www.noticiasradioreflejos.com.ar\/2021\/el-arco-politico-destaco-el-rol-de-la-prensa-ante-la-pandemia-en-el-dia-del-periodista\/#breadcrumb","itemListElement":[{"@type":"ListItem","position":1,"name":"Portada","item":"https:\/\/www.noticiasradioreflejos.com.ar\/2021\/"},{"@type":"ListItem","position":2,"name":"El arco pol\u00edtico destac\u00f3 el rol de la prensa ante la pandemia en el D\u00eda del Periodista"}]},{"@type":"WebSite","@id":"https:\/\/www.noticiasradioreflejos.com.ar\/2021\/#website","url":"https:\/\/www.noticiasradioreflejos.com.ar\/2021\/","name":"Noticias Radio Reflejos","description":"Las noticias de mi comarca","potentialAction":[{"@type":"SearchAction","target":{"@type":"EntryPoint","urlTemplate":"https:\/\/www.noticiasradioreflejos.com.ar\/2021\/?s={search_term_string}"},"query-input":{"@type":"PropertyValueSpecification","valueRequired":true,"valueName":"search_term_string"}}],"inLanguage":"es"},{"@type":"Person","@id":"https:\/\/www.noticiasradioreflejos.com.ar\/2021\/#\/schema\/person\/ad82545263dcc5ec0996818884fd5fb1","name":"Arnaldo Botto","image":{"@type":"ImageObject","inLanguage":"es","@id":"https:\/\/www.noticiasradioreflejos.com.ar\/2021\/#\/schema\/person\/image\/","url":"https:\/\/secure.gravatar.com\/avatar\/55cb5e37c1efa326397366e6974cb338056df65cb50e7d64d1cf314e87504837?s=96&d=mm&r=g","contentUrl":"https:\/\/secure.gravatar.com\/avatar\/55cb5e37c1efa326397366e6974cb338056df65cb50e7d64d1cf314e87504837?s=96&d=mm&r=g","caption":"Arnaldo Botto"},"url":"https:\/\/www.noticiasradioreflejos.com.ar\/2021\/author\/arnaldo\/"}]}},"_links":{"self":[{"href":"https:\/\/www.noticiasradioreflejos.com.ar\/2021\/wp-json\/wp\/v2\/posts\/42909","targetHints":{"allow":["GET"]}}],"collection":[{"href":"https:\/\/www.noticiasradioreflejos.com.ar\/2021\/wp-json\/wp\/v2\/posts"}],"about":[{"href":"https:\/\/www.noticiasradioreflejos.com.ar\/2021\/wp-json\/wp\/v2\/types\/post"}],"author":[{"embeddable":true,"href":"https:\/\/www.noticiasradioreflejos.com.ar\/2021\/wp-json\/wp\/v2\/users\/3"}],"replies":[{"embeddable":true,"href":"https:\/\/www.noticiasradioreflejos.com.ar\/2021\/wp-json\/wp\/v2\/comments?post=42909"}],"version-history":[{"count":0,"href":"https:\/\/www.noticiasradioreflejos.com.ar\/2021\/wp-json\/wp\/v2\/posts\/42909\/revisions"}],"wp:attachment":[{"href":"https:\/\/www.noticiasradioreflejos.com.ar\/2021\/wp-json\/wp\/v2\/media?parent=42909"}],"wp:term":[{"taxonomy":"category","embeddable":true,"href":"https:\/\/www.noticiasradioreflejos.com.ar\/2021\/wp-json\/wp\/v2\/categories?post=42909"},{"taxonomy":"post_tag","embeddable":true,"href":"https:\/\/www.noticiasradioreflejos.com.ar\/2021\/wp-json\/wp\/v2\/tags?post=42909"}],"curies":[{"name":"wp","href":"https:\/\/api.w.org\/{rel}","templated":true}]}}