{"id":42906,"date":"2020-06-07T12:40:15","date_gmt":"2020-06-07T15:40:15","guid":{"rendered":"http:\/\/www.noticiasradioreflejos.com.ar\/noticias\/?p=42906"},"modified":"2020-06-07T12:40:15","modified_gmt":"2020-06-07T15:40:15","slug":"israel-debe-cerrar-escuelas-tras-confirmar-mas-de-300-contagios-desde-el-reinicio-de-las-clases","status":"publish","type":"post","link":"https:\/\/www.noticiasradioreflejos.com.ar\/2021\/israel-debe-cerrar-escuelas-tras-confirmar-mas-de-300-contagios-desde-el-reinicio-de-las-clases\/","title":{"rendered":"Israel debe cerrar escuelas tras confirmar m\u00e1s de 300 contagios desde el reinicio de las clases"},"content":{"rendered":"<p>El gobierno de Israel anunci\u00f3 en las \u00faltimas horas el cierre de un centenar colegios y guarder\u00edas tras confirmar m\u00e1s de 300 nuevos casos de coronavirus desde el reinicio de las clases hace tres semanas, por lo que unos 16.000 ni\u00f1os y profesores deber\u00e1n volver a la cuarentena.<!--more--><br \/>\nEl gobierno israel\u00ed orden\u00f3 hoy, en el primer d\u00eda h\u00e1bil de la semana en el pa\u00eds, el cierre de una escuela en el asentamiento de Guil\u00f3, en el territorio ocupado de Jerusal\u00e9n Este, y puso a los todos los alumnos y maestros de primaria en cuarentena, inform\u00f3 la agencia de noticias EFE.<\/p>\n<p>Las escuelas en Tel Aviv y Yafa, en la costa occidental, y en Safed, en el norte del pa\u00eds tambi\u00e9n cerraron esta semana.<\/p>\n<p>Anoche, el gobierno decidi\u00f3 cerrar los colegios del Consejo Regional de Sdot Neguev, despu\u00e9s de que diese positivo un alumno que hab\u00eda estado en contacto con escolares de otros centros en el transporte.<\/p>\n<p>En el caso de la escuela de Safed, fue un conductor que lleva a decenas de ni\u00f1os al colegio quien dio positivo.<\/p>\n<p>Se trata de un total de 110 centros educativos cerrados desde que se permiti\u00f3 la reapertura el 17 de mayo.<\/p>\n<p>Israel comenz\u00f3 su vuelta a la normalidad r\u00e1pidamente, pero desde un inicio se registraron concentraciones de personas y mucha gente sin barbijo.<\/p>\n<p>El 27 de mayo se reabrieron los hoteles, piletas y restaurantes y actualmente tambi\u00e9n est\u00e1n abiertas las playas, hoy repletas de personas que est\u00e1n ignorando el uso obligatorio del tapabocas, inform\u00f3 la agencia de noticias Europa Press.<\/p>\n<p>Las autoridades educativas est\u00e1n buscando f\u00f3rmulas para examinar a los miles de ni\u00f1os y adultos que est\u00e1n ahora en cuarentena.<\/p>\n<p>El primer ministro israel\u00ed, Benjam\u00edn Netanyahu, alert\u00f3 recientemente a la poblaci\u00f3n sobre las dificultades de la desescalada, pidi\u00f3 m\u00e1xima precauci\u00f3n y record\u00f3 los puntos clave: lavado de manos, uso de tapabocas y distanciamiento f\u00edsico.<\/p>\n<p>Netanyahu advirti\u00f3, adem\u00e1s, que de seguir aumentando las cifras de contagios, el pa\u00eds podr\u00eda dar marcha atr\u00e1s en varias de las medidas, en particular en la apertura de los centros educativos.<\/p>\n<p>Tras los nuevos repuntes de casos que obligaron a las autoridades a plantearse la posibilidad de advertir sobre un segundo brote de contagios, Israel registra un total de 17.783 casos y 297 muertos por coronavirus, seg\u00fan datos de la Universidad estadounidense Johns Hopkins.<\/p>\n<p>El director general saliente del Ministerio de Salud, Moshe Bar Siman Tov, se refiri\u00f3 al reciente aumento de personas infectadas como una \u00absegunda ola\u00bb, aunque m\u00e1s tarde neg\u00f3 haber hecho estos comentarios.<\/p>\n<p>Yoav Kisch, el nuevo viceministro de Salud, en cambio, fue m\u00e1s contundente al sostener que \u00abes demasiado pronto para decir que el pa\u00eds est\u00e1 experimentando un nuevo brote\u00bb.<\/p>\n","protected":false},"excerpt":{"rendered":"<p>El gobierno de Israel anunci\u00f3 en las \u00faltimas horas el cierre de un centenar colegios y guarder\u00edas tras confirmar m\u00e1s de 300 nuevos casos de coronavirus desde el reinicio de las clases hace tres semanas, por lo que unos 16.000 ni\u00f1os y profesores deber\u00e1n volver a la cuarentena.<\/p>\n","protected":false},"author":3,"featured_media":0,"comment_status":"closed","ping_status":"open","sticky":false,"template":"","format":"standard","meta":{"footnotes":""},"categories":[34],"tags":[],"class_list":["post-42906","post","type-post","status-publish","format-standard","hentry","category-educacion"],"yoast_head":"<!-- This site is optimized with the Yoast SEO plugin v25.9 - https:\/\/yoast.com\/wordpress\/plugins\/seo\/ -->\n<title>Israel debe cerrar escuelas tras confirmar m\u00e1s de 300 contagios desde el reinicio de las clases - Noticias Radio Reflejos<\/title>\n<meta name=\"robots\" content=\"index, follow, max-snippet:-1, max-image-preview:large, max-video-preview:-1\" \/>\n<link rel=\"canonical\" href=\"https:\/\/www.noticiasradioreflejos.com.ar\/2021\/israel-debe-cerrar-escuelas-tras-confirmar-mas-de-300-contagios-desde-el-reinicio-de-las-clases\/\" \/>\n<meta property=\"og:locale\" content=\"es_ES\" \/>\n<meta property=\"og:type\" content=\"article\" \/>\n<meta property=\"og:title\" content=\"Israel debe cerrar escuelas tras confirmar m\u00e1s de 300 contagios desde el reinicio de las clases - Noticias Radio Reflejos\" \/>\n<meta property=\"og:description\" content=\"El gobierno de Israel anunci\u00f3 en las \u00faltimas horas el cierre de un centenar colegios y guarder\u00edas tras confirmar m\u00e1s de 300 nuevos casos de coronavirus desde el reinicio de las clases hace tres semanas, por lo que unos 16.000 ni\u00f1os y profesores deber\u00e1n volver a la cuarentena.\" \/>\n<meta property=\"og:url\" content=\"https:\/\/www.noticiasradioreflejos.com.ar\/2021\/israel-debe-cerrar-escuelas-tras-confirmar-mas-de-300-contagios-desde-el-reinicio-de-las-clases\/\" \/>\n<meta property=\"og:site_name\" content=\"Noticias Radio Reflejos\" \/>\n<meta property=\"article:published_time\" content=\"2020-06-07T15:40:15+00:00\" \/>\n<meta property=\"og:image\" content=\"https:\/\/www.noticiasradioreflejos.com.ar\/2021\/wp-content\/uploads\/2021\/07\/logosol300x200.png\" \/>\n\t<meta property=\"og:image:width\" content=\"300\" \/>\n\t<meta property=\"og:image:height\" content=\"200\" \/>\n\t<meta property=\"og:image:type\" content=\"image\/png\" \/>\n<meta name=\"author\" content=\"Arnaldo Botto\" \/>\n<meta name=\"twitter:card\" content=\"summary_large_image\" \/>\n<script type=\"application\/ld+json\" class=\"yoast-schema-graph\">{\"@context\":\"https:\/\/schema.org\",\"@graph\":[{\"@type\":\"WebPage\",\"@id\":\"https:\/\/www.noticiasradioreflejos.com.ar\/2021\/israel-debe-cerrar-escuelas-tras-confirmar-mas-de-300-contagios-desde-el-reinicio-de-las-clases\/\",\"url\":\"https:\/\/www.noticiasradioreflejos.com.ar\/2021\/israel-debe-cerrar-escuelas-tras-confirmar-mas-de-300-contagios-desde-el-reinicio-de-las-clases\/\",\"name\":\"Israel debe cerrar escuelas tras confirmar m\u00e1s de 300 contagios desde el reinicio de las clases - Noticias Radio Reflejos\",\"isPartOf\":{\"@id\":\"https:\/\/www.noticiasradioreflejos.com.ar\/2021\/#website\"},\"datePublished\":\"2020-06-07T15:40:15+00:00\",\"author\":{\"@id\":\"https:\/\/www.noticiasradioreflejos.com.ar\/2021\/#\/schema\/person\/ad82545263dcc5ec0996818884fd5fb1\"},\"breadcrumb\":{\"@id\":\"https:\/\/www.noticiasradioreflejos.com.ar\/2021\/israel-debe-cerrar-escuelas-tras-confirmar-mas-de-300-contagios-desde-el-reinicio-de-las-clases\/#breadcrumb\"},\"inLanguage\":\"es\",\"potentialAction\":[{\"@type\":\"ReadAction\",\"target\":[\"https:\/\/www.noticiasradioreflejos.com.ar\/2021\/israel-debe-cerrar-escuelas-tras-confirmar-mas-de-300-contagios-desde-el-reinicio-de-las-clases\/\"]}]},{\"@type\":\"BreadcrumbList\",\"@id\":\"https:\/\/www.noticiasradioreflejos.com.ar\/2021\/israel-debe-cerrar-escuelas-tras-confirmar-mas-de-300-contagios-desde-el-reinicio-de-las-clases\/#breadcrumb\",\"itemListElement\":[{\"@type\":\"ListItem\",\"position\":1,\"name\":\"Portada\",\"item\":\"https:\/\/www.noticiasradioreflejos.com.ar\/2021\/\"},{\"@type\":\"ListItem\",\"position\":2,\"name\":\"Israel debe cerrar escuelas tras confirmar m\u00e1s de 300 contagios desde el reinicio de las clases\"}]},{\"@type\":\"WebSite\",\"@id\":\"https:\/\/www.noticiasradioreflejos.com.ar\/2021\/#website\",\"url\":\"https:\/\/www.noticiasradioreflejos.com.ar\/2021\/\",\"name\":\"Noticias Radio Reflejos\",\"description\":\"Las noticias de mi comarca\",\"potentialAction\":[{\"@type\":\"SearchAction\",\"target\":{\"@type\":\"EntryPoint\",\"urlTemplate\":\"https:\/\/www.noticiasradioreflejos.com.ar\/2021\/?s={search_term_string}\"},\"query-input\":{\"@type\":\"PropertyValueSpecification\",\"valueRequired\":true,\"valueName\":\"search_term_string\"}}],\"inLanguage\":\"es\"},{\"@type\":\"Person\",\"@id\":\"https:\/\/www.noticiasradioreflejos.com.ar\/2021\/#\/schema\/person\/ad82545263dcc5ec0996818884fd5fb1\",\"name\":\"Arnaldo Botto\",\"image\":{\"@type\":\"ImageObject\",\"inLanguage\":\"es\",\"@id\":\"https:\/\/www.noticiasradioreflejos.com.ar\/2021\/#\/schema\/person\/image\/\",\"url\":\"https:\/\/secure.gravatar.com\/avatar\/55cb5e37c1efa326397366e6974cb338056df65cb50e7d64d1cf314e87504837?s=96&d=mm&r=g\",\"contentUrl\":\"https:\/\/secure.gravatar.com\/avatar\/55cb5e37c1efa326397366e6974cb338056df65cb50e7d64d1cf314e87504837?s=96&d=mm&r=g\",\"caption\":\"Arnaldo Botto\"},\"url\":\"https:\/\/www.noticiasradioreflejos.com.ar\/2021\/author\/arnaldo\/\"}]}<\/script>\n<!-- \/ Yoast SEO plugin. -->","yoast_head_json":{"title":"Israel debe cerrar escuelas tras confirmar m\u00e1s de 300 contagios desde el reinicio de las clases - Noticias Radio Reflejos","robots":{"index":"index","follow":"follow","max-snippet":"max-snippet:-1","max-image-preview":"max-image-preview:large","max-video-preview":"max-video-preview:-1"},"canonical":"https:\/\/www.noticiasradioreflejos.com.ar\/2021\/israel-debe-cerrar-escuelas-tras-confirmar-mas-de-300-contagios-desde-el-reinicio-de-las-clases\/","og_locale":"es_ES","og_type":"article","og_title":"Israel debe cerrar escuelas tras confirmar m\u00e1s de 300 contagios desde el reinicio de las clases - Noticias Radio Reflejos","og_description":"El gobierno de Israel anunci\u00f3 en las \u00faltimas horas el cierre de un centenar colegios y guarder\u00edas tras confirmar m\u00e1s de 300 nuevos casos de coronavirus desde el reinicio de las clases hace tres semanas, por lo que unos 16.000 ni\u00f1os y profesores deber\u00e1n volver a la cuarentena.","og_url":"https:\/\/www.noticiasradioreflejos.com.ar\/2021\/israel-debe-cerrar-escuelas-tras-confirmar-mas-de-300-contagios-desde-el-reinicio-de-las-clases\/","og_site_name":"Noticias Radio Reflejos","article_published_time":"2020-06-07T15:40:15+00:00","og_image":[{"width":300,"height":200,"url":"https:\/\/www.noticiasradioreflejos.com.ar\/2021\/wp-content\/uploads\/2021\/07\/logosol300x200.png","type":"image\/png"}],"author":"Arnaldo Botto","twitter_card":"summary_large_image","schema":{"@context":"https:\/\/schema.org","@graph":[{"@type":"WebPage","@id":"https:\/\/www.noticiasradioreflejos.com.ar\/2021\/israel-debe-cerrar-escuelas-tras-confirmar-mas-de-300-contagios-desde-el-reinicio-de-las-clases\/","url":"https:\/\/www.noticiasradioreflejos.com.ar\/2021\/israel-debe-cerrar-escuelas-tras-confirmar-mas-de-300-contagios-desde-el-reinicio-de-las-clases\/","name":"Israel debe cerrar escuelas tras confirmar m\u00e1s de 300 contagios desde el reinicio de las clases - Noticias Radio Reflejos","isPartOf":{"@id":"https:\/\/www.noticiasradioreflejos.com.ar\/2021\/#website"},"datePublished":"2020-06-07T15:40:15+00:00","author":{"@id":"https:\/\/www.noticiasradioreflejos.com.ar\/2021\/#\/schema\/person\/ad82545263dcc5ec0996818884fd5fb1"},"breadcrumb":{"@id":"https:\/\/www.noticiasradioreflejos.com.ar\/2021\/israel-debe-cerrar-escuelas-tras-confirmar-mas-de-300-contagios-desde-el-reinicio-de-las-clases\/#breadcrumb"},"inLanguage":"es","potentialAction":[{"@type":"ReadAction","target":["https:\/\/www.noticiasradioreflejos.com.ar\/2021\/israel-debe-cerrar-escuelas-tras-confirmar-mas-de-300-contagios-desde-el-reinicio-de-las-clases\/"]}]},{"@type":"BreadcrumbList","@id":"https:\/\/www.noticiasradioreflejos.com.ar\/2021\/israel-debe-cerrar-escuelas-tras-confirmar-mas-de-300-contagios-desde-el-reinicio-de-las-clases\/#breadcrumb","itemListElement":[{"@type":"ListItem","position":1,"name":"Portada","item":"https:\/\/www.noticiasradioreflejos.com.ar\/2021\/"},{"@type":"ListItem","position":2,"name":"Israel debe cerrar escuelas tras confirmar m\u00e1s de 300 contagios desde el reinicio de las clases"}]},{"@type":"WebSite","@id":"https:\/\/www.noticiasradioreflejos.com.ar\/2021\/#website","url":"https:\/\/www.noticiasradioreflejos.com.ar\/2021\/","name":"Noticias Radio Reflejos","description":"Las noticias de mi comarca","potentialAction":[{"@type":"SearchAction","target":{"@type":"EntryPoint","urlTemplate":"https:\/\/www.noticiasradioreflejos.com.ar\/2021\/?s={search_term_string}"},"query-input":{"@type":"PropertyValueSpecification","valueRequired":true,"valueName":"search_term_string"}}],"inLanguage":"es"},{"@type":"Person","@id":"https:\/\/www.noticiasradioreflejos.com.ar\/2021\/#\/schema\/person\/ad82545263dcc5ec0996818884fd5fb1","name":"Arnaldo Botto","image":{"@type":"ImageObject","inLanguage":"es","@id":"https:\/\/www.noticiasradioreflejos.com.ar\/2021\/#\/schema\/person\/image\/","url":"https:\/\/secure.gravatar.com\/avatar\/55cb5e37c1efa326397366e6974cb338056df65cb50e7d64d1cf314e87504837?s=96&d=mm&r=g","contentUrl":"https:\/\/secure.gravatar.com\/avatar\/55cb5e37c1efa326397366e6974cb338056df65cb50e7d64d1cf314e87504837?s=96&d=mm&r=g","caption":"Arnaldo Botto"},"url":"https:\/\/www.noticiasradioreflejos.com.ar\/2021\/author\/arnaldo\/"}]}},"_links":{"self":[{"href":"https:\/\/www.noticiasradioreflejos.com.ar\/2021\/wp-json\/wp\/v2\/posts\/42906","targetHints":{"allow":["GET"]}}],"collection":[{"href":"https:\/\/www.noticiasradioreflejos.com.ar\/2021\/wp-json\/wp\/v2\/posts"}],"about":[{"href":"https:\/\/www.noticiasradioreflejos.com.ar\/2021\/wp-json\/wp\/v2\/types\/post"}],"author":[{"embeddable":true,"href":"https:\/\/www.noticiasradioreflejos.com.ar\/2021\/wp-json\/wp\/v2\/users\/3"}],"replies":[{"embeddable":true,"href":"https:\/\/www.noticiasradioreflejos.com.ar\/2021\/wp-json\/wp\/v2\/comments?post=42906"}],"version-history":[{"count":0,"href":"https:\/\/www.noticiasradioreflejos.com.ar\/2021\/wp-json\/wp\/v2\/posts\/42906\/revisions"}],"wp:attachment":[{"href":"https:\/\/www.noticiasradioreflejos.com.ar\/2021\/wp-json\/wp\/v2\/media?parent=42906"}],"wp:term":[{"taxonomy":"category","embeddable":true,"href":"https:\/\/www.noticiasradioreflejos.com.ar\/2021\/wp-json\/wp\/v2\/categories?post=42906"},{"taxonomy":"post_tag","embeddable":true,"href":"https:\/\/www.noticiasradioreflejos.com.ar\/2021\/wp-json\/wp\/v2\/tags?post=42906"}],"curies":[{"name":"wp","href":"https:\/\/api.w.org\/{rel}","templated":true}]}}