{"id":42903,"date":"2020-06-07T12:37:02","date_gmt":"2020-06-07T15:37:02","guid":{"rendered":"http:\/\/www.noticiasradioreflejos.com.ar\/noticias\/?p=42903"},"modified":"2020-06-07T12:37:02","modified_gmt":"2020-06-07T15:37:02","slug":"el-mundial-78-una-contradiccion-en-la-memoria-colectiva-de-los-argentinos","status":"publish","type":"post","link":"https:\/\/www.noticiasradioreflejos.com.ar\/2021\/el-mundial-78-una-contradiccion-en-la-memoria-colectiva-de-los-argentinos\/","title":{"rendered":"El Mundial 78, una contradicci\u00f3n en la memoria colectiva de los argentinos"},"content":{"rendered":"<p>Hay, primero, una certeza: \u00abLa dictadura procur\u00f3 que el Mundial contribuyera al afianzamiento de su propia causa\u00bb, dicen Ariel Scher y H\u00e9ctor Palomino en su libro F\u00fatbol, pasi\u00f3n de multitudes y de elites. Hay, despu\u00e9s y como ellos mismos plantean en su obra, una duda central: \u00abDif\u00edcil es precisar la magnitud de esa contribuci\u00f3n\u00bb.<!--more--><\/p>\n<p><a title=\"Buenos Aires: Lo inevitable que resulta analizar el Mundial 78 a trav\u00e9s del cristal oscuro de la \u00e9poca en la que se llev\u00f3 a cabo fue condicionando, con el tiempo, la propia opini\u00f3n de los jugadores del seleccionado argentino, que oscila entre la culpa por\" href=\"http:\/\/live.staticflickr.com\/65535\/49980420083_524317ed0d_s.jpg\" rel=\"\"><img loading=\"lazy\" decoding=\"async\" class=\"alignleft\" style=\"float: left;\" title=\"Buenos Aires: Lo inevitable que resulta analizar el Mundial 78 a trav\u00e9s del cristal oscuro de la \u00e9poca en la que se llev\u00f3 a cabo fue condicionando, con el tiempo, la propia opini\u00f3n de los jugadores del seleccionado argentino, que oscila entre la culpa por\" src=\"http:\/\/live.staticflickr.com\/65535\/49980420083_524317ed0d.jpg\" alt=\"Buenos Aires: Lo inevitable que resulta analizar el Mundial 78 a trav\u00e9s del cristal oscuro de la \u00e9poca en la que se llev\u00f3 a cabo fue condicionando, con el tiempo, la propia opini\u00f3n de los jugadores del seleccionado argentino, que oscila entre la culpa por\" width=\"500\" height=\"325\" \/><\/a>En esa dificultad, la de establecer si el \u00e9xito del seleccionado le permiti\u00f3 a la Junta profundizar la noche en la que hab\u00eda hundido al pa\u00eds, habitan m\u00faltiples heridas.<\/p>\n<p>Si la organizaci\u00f3n del certamen, por s\u00ed misma, ya hab\u00eda disparado opiniones contrapuestas (el Mundial como m\u00e9todo de distracci\u00f3n y en el medio de una tragedia, por un lado, lo que promovi\u00f3 las campa\u00f1as de boicot; la posibilidad de dar a conocer la situaci\u00f3n con la llegada de la prensa internacional, por el otro); el t\u00edtulo que alcanz\u00f3 el equipo de C\u00e9sar Luis Menotti provoc\u00f3 una contradicci\u00f3n profunda y colectiva que sigue sin resolverse.<\/p>\n<p>El 21 de junio de 1978, luego de la pol\u00e9mica victoria 6-0 a Per\u00fa en Rosario (lo que le daba a la Selecci\u00f3n el pase a la final), se estima que sali\u00f3 a festejar a las calles entre el 60 y 70 por ciento de los argentinos. Cuatro d\u00edas despu\u00e9s, con el 3-1 a Holanda y el primer t\u00edtulo del mundo, la celebraci\u00f3n se multiplic\u00f3.<\/p>\n<p>Entre los cientos de miles estaba Graciela Daleo, pero llevada por sus captores. Hab\u00eda sido secuestrada el 18 de octubre de 1977 y todav\u00eda estaba detenida en la ESMA.<\/p>\n<p><a title=\"Buenos Aires: Lo inevitable que resulta analizar el Mundial 78 a trav\u00e9s del cristal oscuro de la \u00e9poca en la que se llev\u00f3 a cabo fue condicionando, con el tiempo, la propia opini\u00f3n de los jugadores del seleccionado argentino, que oscila entre la culpa por\" href=\"http:\/\/live.staticflickr.com\/65535\/49980950966_21d5448b2c_s.jpg\" rel=\"\"><img loading=\"lazy\" decoding=\"async\" class=\"alignleft\" style=\"float: left;\" title=\"Buenos Aires: Lo inevitable que resulta analizar el Mundial 78 a trav\u00e9s del cristal oscuro de la \u00e9poca en la que se llev\u00f3 a cabo fue condicionando, con el tiempo, la propia opini\u00f3n de los jugadores del seleccionado argentino, que oscila entre la culpa por\" src=\"http:\/\/live.staticflickr.com\/65535\/49980950966_21d5448b2c.jpg\" alt=\"Buenos Aires: Lo inevitable que resulta analizar el Mundial 78 a trav\u00e9s del cristal oscuro de la \u00e9poca en la que se llev\u00f3 a cabo fue condicionando, con el tiempo, la propia opini\u00f3n de los jugadores del seleccionado argentino, que oscila entre la culpa por\" width=\"500\" height=\"290\" \/><\/a>\u00abLe ped\u00ed permiso a (H\u00e9ctor) Febres, que era el jefe, digamos, del veh\u00edculo en que me llevaban a m\u00ed. Yo le dije si pod\u00eda asomarme, porque esos autos ten\u00edan ese techito que se abre, si pod\u00eda asomarme para ver a la gente, y \u00e9l me dijo que s\u00ed. Entonces me par\u00e9 en el asiento y saqu\u00e9 la cabeza por ah\u00ed y yo mirando eso me puse a llorar y tuve una certeza, si yo grito que soy una desaparecida, nadie me va a dar pelota, porque de esto tambi\u00e9n formaba parte esto que dec\u00eda antes, de que nosotros no pertenec\u00edamos al mundo de los vivos, hab\u00eda algo que nos separaba de ese mundo exterior\u00bb, cont\u00f3.<\/p>\n<p>Daleo y sus secuestradores terminaron la noche en una parrilla de Mart\u00ednez. Antes de volver a la ESMA pidi\u00f3 permiso para ir al ba\u00f1o y en el espejo dej\u00f3 escrito con l\u00e1piz de labio: \u00abMassera asesino, milicos asesinos, vivan los Montoneros\u00bb.<\/p>\n<p>Lo mismo le ocurri\u00f3 a la periodista Miriam Lewin: \u00abEl d\u00eda que Argentina sali\u00f3 campe\u00f3n estaban exultantes, porque ellos lo consideraban una victoria pol\u00edtica, de manera que no dudaron en sacarnos a festejar en autos (\u2026) y toda la gente emocionada, agitando banderas, llorando, gritando &#8216;Argentina, Argentina&#8217; (\u2026) La sensaci\u00f3n que ten\u00edamos nosotros al estar secuestrados y al saber que ellos segu\u00edan secuestrando gente para torturarla y despu\u00e9s matarla era que aqu\u00ed en Argentina, si nadie se daba cuenta de lo que pasaba, \u00edbamos a tener dictadura durante 40 a\u00f1os m\u00e1s\u00bb.<\/p>\n<p><a title=\"Buenos Aires: Lo inevitable que resulta analizar el Mundial 78 a trav\u00e9s del cristal oscuro de la \u00e9poca en la que se llev\u00f3 a cabo fue condicionando, con el tiempo, la propia opini\u00f3n de los jugadores del seleccionado argentino, que oscila entre la culpa por\" href=\"http:\/\/live.staticflickr.com\/65535\/49980950771_ba61794bf7_s.jpg\" rel=\"\"><img loading=\"lazy\" decoding=\"async\" class=\"alignleft\" style=\"float: left;\" title=\"Buenos Aires: Lo inevitable que resulta analizar el Mundial 78 a trav\u00e9s del cristal oscuro de la \u00e9poca en la que se llev\u00f3 a cabo fue condicionando, con el tiempo, la propia opini\u00f3n de los jugadores del seleccionado argentino, que oscila entre la culpa por\" src=\"http:\/\/live.staticflickr.com\/65535\/49980950771_ba61794bf7.jpg\" alt=\"Buenos Aires: Lo inevitable que resulta analizar el Mundial 78 a trav\u00e9s del cristal oscuro de la \u00e9poca en la que se llev\u00f3 a cabo fue condicionando, con el tiempo, la propia opini\u00f3n de los jugadores del seleccionado argentino, que oscila entre la culpa por\" width=\"500\" height=\"395\" \/><\/a>En la ESMA, secuestradores y secuestrados miraban juntos los partidos en La Pecera. La escena se replicaba en todos los centros clandestinos de detenci\u00f3n. As\u00ed lo cont\u00f3 Mario Villani, que pas\u00f3 por el Club Atl\u00e9tico, el Banco, el Olimpo, el Pozo de Quilmes y la propia ESMA, en su libro Desaparecido: Historia de un Cautiverio.<\/p>\n<p>\u00abEst\u00e1bamos gritando goles sin saber si nuestro nombre ya estaba en una lista para morir (\u2026) Era el doble mensaje enloquecedor de los centros clandestinos de detenci\u00f3n, un mensaje tambi\u00e9n instalado en la sociedad, afuera de los campos (\u2026) De ah\u00ed que me sea tan dif\u00edcil reflexionar sobre lo que signific\u00f3 aquella situaci\u00f3n en el Mundial y entender o condenar la actitud de los secuestrados que celebraban un gol y la de las personas que lo hac\u00edan afuera, estando en libertad\u00bb.<\/p>\n<p>\u00abTampoco las personas que estaban en los estadios eran libres. El pa\u00eds entero era una extensi\u00f3n del campo de concentraci\u00f3n\u00bb.<\/p>\n<p>Durante junio de 1978 hubo m\u00e1s de 60 detenidos-desaparecidos en el pa\u00eds. Tambi\u00e9n, y por la presi\u00f3n internacional, se produjo la liberaci\u00f3n de Adolfo P\u00e9rez Esquivel, Premio Nobel de la Paz en 1980. Ocurri\u00f3 el 23 de junio, justo dos d\u00edas antes de la final del Mundial.<\/p>\n<p><a title=\"Buenos Aires: Lo inevitable que resulta analizar el Mundial 78 a trav\u00e9s del cristal oscuro de la \u00e9poca en la que se llev\u00f3 a cabo fue condicionando, con el tiempo, la propia opini\u00f3n de los jugadores del seleccionado argentino, que oscila entre la culpa por\" href=\"http:\/\/live.staticflickr.com\/65535\/49981202777_d5549855ce_s.jpg\" rel=\"\"><img loading=\"lazy\" decoding=\"async\" class=\"alignleft\" style=\"float: left;\" title=\"Buenos Aires: Lo inevitable que resulta analizar el Mundial 78 a trav\u00e9s del cristal oscuro de la \u00e9poca en la que se llev\u00f3 a cabo fue condicionando, con el tiempo, la propia opini\u00f3n de los jugadores del seleccionado argentino, que oscila entre la culpa por\" src=\"http:\/\/live.staticflickr.com\/65535\/49981202777_d5549855ce.jpg\" alt=\"Buenos Aires: Lo inevitable que resulta analizar el Mundial 78 a trav\u00e9s del cristal oscuro de la \u00e9poca en la que se llev\u00f3 a cabo fue condicionando, con el tiempo, la propia opini\u00f3n de los jugadores del seleccionado argentino, que oscila entre la culpa por\" width=\"500\" height=\"348\" \/><\/a>\u00abEn la c\u00e1rcel, como los guardias tambi\u00e9n quer\u00edan escuchar los partidos, el relato radial nos llegaba por altoparlantes \u2013record\u00f3-. Era extra\u00f1o, pero en un grito de gol nos un\u00edamos los guardias y los prisioneros. Me da la sensaci\u00f3n de que en ese momento, por encima de la situaci\u00f3n que viv\u00edamos, estaba el sentimiento por Argentina\u00bb.<\/p>\n<p>Osvaldo Ardiles, una de las figuras del seleccionado en el Mundial, tambi\u00e9n sufre las contradicciones: \u00abDuele saber que fuimos un elemento de distracci\u00f3n mientras se comet\u00edan atrocidades. Fuimos usados como propaganda por parte de los militares, pero tambi\u00e9n servimos de b\u00e1lsamo para mucha gente oprimida que pudo volver a salir a la calle envuelta en una bandera argentina\u00bb.<\/p>\n<p>El mejor resumen de aquellas sensaciones tan opuestas, la felicidad genuina en el medio de tanta oscuridad, tal vez la haya dado la fundadora de la Asociaci\u00f3n Madres de Plaza de Mayo, Hebe de Bonafini: \u00ab\u00bfC\u00f3mo no voy a comprender a la gente si en mi propia casa, mientras yo lloraba en la cocina, mi esposo gritaba los goles frente a la televisi\u00f3n?\u00bb.<\/p>\n<p>&nbsp;<\/p>\n<p><a title=\"Buenos Aires: Lo inevitable que resulta analizar el Mundial 78 a trav\u00e9s del cristal oscuro de la \u00e9poca en la que se llev\u00f3 a cabo fue condicionando, con el tiempo, la propia opini\u00f3n de los jugadores del seleccionado argentino, que oscila entre la culpa por\" href=\"http:\/\/live.staticflickr.com\/65535\/49980949906_0d13ab781e_s.jpg\" rel=\"\"><img loading=\"lazy\" decoding=\"async\" class=\"aligncenter\" title=\"Buenos Aires: Lo inevitable que resulta analizar el Mundial 78 a trav\u00e9s del cristal oscuro de la \u00e9poca en la que se llev\u00f3 a cabo fue condicionando, con el tiempo, la propia opini\u00f3n de los jugadores del seleccionado argentino, que oscila entre la culpa por\" src=\"http:\/\/live.staticflickr.com\/65535\/49980949906_0d13ab781e_z.jpg\" alt=\"Buenos Aires: Lo inevitable que resulta analizar el Mundial 78 a trav\u00e9s del cristal oscuro de la \u00e9poca en la que se llev\u00f3 a cabo fue condicionando, con el tiempo, la propia opini\u00f3n de los jugadores del seleccionado argentino, que oscila entre la culpa por\" width=\"640\" height=\"448\" \/><\/a><br \/>\n<strong>Telam<\/strong><\/p>\n","protected":false},"excerpt":{"rendered":"<p>Hay, primero, una certeza: \u00abLa dictadura procur\u00f3 que el Mundial contribuyera al afianzamiento de su propia causa\u00bb, dicen Ariel Scher y H\u00e9ctor Palomino en su libro F\u00fatbol, pasi\u00f3n de multitudes y de elites. Hay, despu\u00e9s y como ellos mismos plantean en su obra, una duda central: \u00abDif\u00edcil es precisar la magnitud de esa contribuci\u00f3n\u00bb.<\/p>\n","protected":false},"author":3,"featured_media":0,"comment_status":"closed","ping_status":"open","sticky":false,"template":"","format":"standard","meta":{"footnotes":""},"categories":[27],"tags":[],"class_list":["post-42903","post","type-post","status-publish","format-standard","hentry","category-deportes"],"yoast_head":"<!-- This site is optimized with the Yoast SEO plugin v25.9 - https:\/\/yoast.com\/wordpress\/plugins\/seo\/ -->\n<title>El Mundial 78, una contradicci\u00f3n en la memoria colectiva de los argentinos - Noticias Radio Reflejos<\/title>\n<meta name=\"robots\" content=\"index, follow, max-snippet:-1, max-image-preview:large, max-video-preview:-1\" \/>\n<link rel=\"canonical\" href=\"https:\/\/www.noticiasradioreflejos.com.ar\/2021\/el-mundial-78-una-contradiccion-en-la-memoria-colectiva-de-los-argentinos\/\" \/>\n<meta property=\"og:locale\" content=\"es_ES\" \/>\n<meta property=\"og:type\" content=\"article\" \/>\n<meta property=\"og:title\" content=\"El Mundial 78, una contradicci\u00f3n en la memoria colectiva de los argentinos - Noticias Radio Reflejos\" \/>\n<meta property=\"og:description\" content=\"Hay, primero, una certeza: \u00abLa dictadura procur\u00f3 que el Mundial contribuyera al afianzamiento de su propia causa\u00bb, dicen Ariel Scher y H\u00e9ctor Palomino en su libro F\u00fatbol, pasi\u00f3n de multitudes y de elites. Hay, despu\u00e9s y como ellos mismos plantean en su obra, una duda central: \u00abDif\u00edcil es precisar la magnitud de esa contribuci\u00f3n\u00bb.\" \/>\n<meta property=\"og:url\" content=\"https:\/\/www.noticiasradioreflejos.com.ar\/2021\/el-mundial-78-una-contradiccion-en-la-memoria-colectiva-de-los-argentinos\/\" \/>\n<meta property=\"og:site_name\" content=\"Noticias Radio Reflejos\" \/>\n<meta property=\"article:published_time\" content=\"2020-06-07T15:37:02+00:00\" \/>\n<meta property=\"og:image\" content=\"http:\/\/live.staticflickr.com\/65535\/49980420083_524317ed0d.jpg\" \/>\n<meta name=\"author\" content=\"Arnaldo Botto\" \/>\n<meta name=\"twitter:card\" content=\"summary_large_image\" \/>\n<script type=\"application\/ld+json\" class=\"yoast-schema-graph\">{\"@context\":\"https:\/\/schema.org\",\"@graph\":[{\"@type\":\"WebPage\",\"@id\":\"https:\/\/www.noticiasradioreflejos.com.ar\/2021\/el-mundial-78-una-contradiccion-en-la-memoria-colectiva-de-los-argentinos\/\",\"url\":\"https:\/\/www.noticiasradioreflejos.com.ar\/2021\/el-mundial-78-una-contradiccion-en-la-memoria-colectiva-de-los-argentinos\/\",\"name\":\"El Mundial 78, una contradicci\u00f3n en la memoria colectiva de los argentinos - Noticias Radio Reflejos\",\"isPartOf\":{\"@id\":\"https:\/\/www.noticiasradioreflejos.com.ar\/2021\/#website\"},\"primaryImageOfPage\":{\"@id\":\"https:\/\/www.noticiasradioreflejos.com.ar\/2021\/el-mundial-78-una-contradiccion-en-la-memoria-colectiva-de-los-argentinos\/#primaryimage\"},\"image\":{\"@id\":\"https:\/\/www.noticiasradioreflejos.com.ar\/2021\/el-mundial-78-una-contradiccion-en-la-memoria-colectiva-de-los-argentinos\/#primaryimage\"},\"thumbnailUrl\":\"http:\/\/live.staticflickr.com\/65535\/49980420083_524317ed0d.jpg\",\"datePublished\":\"2020-06-07T15:37:02+00:00\",\"author\":{\"@id\":\"https:\/\/www.noticiasradioreflejos.com.ar\/2021\/#\/schema\/person\/ad82545263dcc5ec0996818884fd5fb1\"},\"breadcrumb\":{\"@id\":\"https:\/\/www.noticiasradioreflejos.com.ar\/2021\/el-mundial-78-una-contradiccion-en-la-memoria-colectiva-de-los-argentinos\/#breadcrumb\"},\"inLanguage\":\"es\",\"potentialAction\":[{\"@type\":\"ReadAction\",\"target\":[\"https:\/\/www.noticiasradioreflejos.com.ar\/2021\/el-mundial-78-una-contradiccion-en-la-memoria-colectiva-de-los-argentinos\/\"]}]},{\"@type\":\"ImageObject\",\"inLanguage\":\"es\",\"@id\":\"https:\/\/www.noticiasradioreflejos.com.ar\/2021\/el-mundial-78-una-contradiccion-en-la-memoria-colectiva-de-los-argentinos\/#primaryimage\",\"url\":\"http:\/\/live.staticflickr.com\/65535\/49980420083_524317ed0d.jpg\",\"contentUrl\":\"http:\/\/live.staticflickr.com\/65535\/49980420083_524317ed0d.jpg\"},{\"@type\":\"BreadcrumbList\",\"@id\":\"https:\/\/www.noticiasradioreflejos.com.ar\/2021\/el-mundial-78-una-contradiccion-en-la-memoria-colectiva-de-los-argentinos\/#breadcrumb\",\"itemListElement\":[{\"@type\":\"ListItem\",\"position\":1,\"name\":\"Portada\",\"item\":\"https:\/\/www.noticiasradioreflejos.com.ar\/2021\/\"},{\"@type\":\"ListItem\",\"position\":2,\"name\":\"El Mundial 78, una contradicci\u00f3n en la memoria colectiva de los argentinos\"}]},{\"@type\":\"WebSite\",\"@id\":\"https:\/\/www.noticiasradioreflejos.com.ar\/2021\/#website\",\"url\":\"https:\/\/www.noticiasradioreflejos.com.ar\/2021\/\",\"name\":\"Noticias Radio Reflejos\",\"description\":\"Las noticias de mi comarca\",\"potentialAction\":[{\"@type\":\"SearchAction\",\"target\":{\"@type\":\"EntryPoint\",\"urlTemplate\":\"https:\/\/www.noticiasradioreflejos.com.ar\/2021\/?s={search_term_string}\"},\"query-input\":{\"@type\":\"PropertyValueSpecification\",\"valueRequired\":true,\"valueName\":\"search_term_string\"}}],\"inLanguage\":\"es\"},{\"@type\":\"Person\",\"@id\":\"https:\/\/www.noticiasradioreflejos.com.ar\/2021\/#\/schema\/person\/ad82545263dcc5ec0996818884fd5fb1\",\"name\":\"Arnaldo Botto\",\"image\":{\"@type\":\"ImageObject\",\"inLanguage\":\"es\",\"@id\":\"https:\/\/www.noticiasradioreflejos.com.ar\/2021\/#\/schema\/person\/image\/\",\"url\":\"https:\/\/secure.gravatar.com\/avatar\/55cb5e37c1efa326397366e6974cb338056df65cb50e7d64d1cf314e87504837?s=96&d=mm&r=g\",\"contentUrl\":\"https:\/\/secure.gravatar.com\/avatar\/55cb5e37c1efa326397366e6974cb338056df65cb50e7d64d1cf314e87504837?s=96&d=mm&r=g\",\"caption\":\"Arnaldo Botto\"},\"url\":\"https:\/\/www.noticiasradioreflejos.com.ar\/2021\/author\/arnaldo\/\"}]}<\/script>\n<!-- \/ Yoast SEO plugin. -->","yoast_head_json":{"title":"El Mundial 78, una contradicci\u00f3n en la memoria colectiva de los argentinos - Noticias Radio Reflejos","robots":{"index":"index","follow":"follow","max-snippet":"max-snippet:-1","max-image-preview":"max-image-preview:large","max-video-preview":"max-video-preview:-1"},"canonical":"https:\/\/www.noticiasradioreflejos.com.ar\/2021\/el-mundial-78-una-contradiccion-en-la-memoria-colectiva-de-los-argentinos\/","og_locale":"es_ES","og_type":"article","og_title":"El Mundial 78, una contradicci\u00f3n en la memoria colectiva de los argentinos - Noticias Radio Reflejos","og_description":"Hay, primero, una certeza: \u00abLa dictadura procur\u00f3 que el Mundial contribuyera al afianzamiento de su propia causa\u00bb, dicen Ariel Scher y H\u00e9ctor Palomino en su libro F\u00fatbol, pasi\u00f3n de multitudes y de elites. Hay, despu\u00e9s y como ellos mismos plantean en su obra, una duda central: \u00abDif\u00edcil es precisar la magnitud de esa contribuci\u00f3n\u00bb.","og_url":"https:\/\/www.noticiasradioreflejos.com.ar\/2021\/el-mundial-78-una-contradiccion-en-la-memoria-colectiva-de-los-argentinos\/","og_site_name":"Noticias Radio Reflejos","article_published_time":"2020-06-07T15:37:02+00:00","og_image":[{"url":"http:\/\/live.staticflickr.com\/65535\/49980420083_524317ed0d.jpg","type":"","width":"","height":""}],"author":"Arnaldo Botto","twitter_card":"summary_large_image","schema":{"@context":"https:\/\/schema.org","@graph":[{"@type":"WebPage","@id":"https:\/\/www.noticiasradioreflejos.com.ar\/2021\/el-mundial-78-una-contradiccion-en-la-memoria-colectiva-de-los-argentinos\/","url":"https:\/\/www.noticiasradioreflejos.com.ar\/2021\/el-mundial-78-una-contradiccion-en-la-memoria-colectiva-de-los-argentinos\/","name":"El Mundial 78, una contradicci\u00f3n en la memoria colectiva de los argentinos - Noticias Radio Reflejos","isPartOf":{"@id":"https:\/\/www.noticiasradioreflejos.com.ar\/2021\/#website"},"primaryImageOfPage":{"@id":"https:\/\/www.noticiasradioreflejos.com.ar\/2021\/el-mundial-78-una-contradiccion-en-la-memoria-colectiva-de-los-argentinos\/#primaryimage"},"image":{"@id":"https:\/\/www.noticiasradioreflejos.com.ar\/2021\/el-mundial-78-una-contradiccion-en-la-memoria-colectiva-de-los-argentinos\/#primaryimage"},"thumbnailUrl":"http:\/\/live.staticflickr.com\/65535\/49980420083_524317ed0d.jpg","datePublished":"2020-06-07T15:37:02+00:00","author":{"@id":"https:\/\/www.noticiasradioreflejos.com.ar\/2021\/#\/schema\/person\/ad82545263dcc5ec0996818884fd5fb1"},"breadcrumb":{"@id":"https:\/\/www.noticiasradioreflejos.com.ar\/2021\/el-mundial-78-una-contradiccion-en-la-memoria-colectiva-de-los-argentinos\/#breadcrumb"},"inLanguage":"es","potentialAction":[{"@type":"ReadAction","target":["https:\/\/www.noticiasradioreflejos.com.ar\/2021\/el-mundial-78-una-contradiccion-en-la-memoria-colectiva-de-los-argentinos\/"]}]},{"@type":"ImageObject","inLanguage":"es","@id":"https:\/\/www.noticiasradioreflejos.com.ar\/2021\/el-mundial-78-una-contradiccion-en-la-memoria-colectiva-de-los-argentinos\/#primaryimage","url":"http:\/\/live.staticflickr.com\/65535\/49980420083_524317ed0d.jpg","contentUrl":"http:\/\/live.staticflickr.com\/65535\/49980420083_524317ed0d.jpg"},{"@type":"BreadcrumbList","@id":"https:\/\/www.noticiasradioreflejos.com.ar\/2021\/el-mundial-78-una-contradiccion-en-la-memoria-colectiva-de-los-argentinos\/#breadcrumb","itemListElement":[{"@type":"ListItem","position":1,"name":"Portada","item":"https:\/\/www.noticiasradioreflejos.com.ar\/2021\/"},{"@type":"ListItem","position":2,"name":"El Mundial 78, una contradicci\u00f3n en la memoria colectiva de los argentinos"}]},{"@type":"WebSite","@id":"https:\/\/www.noticiasradioreflejos.com.ar\/2021\/#website","url":"https:\/\/www.noticiasradioreflejos.com.ar\/2021\/","name":"Noticias Radio Reflejos","description":"Las noticias de mi comarca","potentialAction":[{"@type":"SearchAction","target":{"@type":"EntryPoint","urlTemplate":"https:\/\/www.noticiasradioreflejos.com.ar\/2021\/?s={search_term_string}"},"query-input":{"@type":"PropertyValueSpecification","valueRequired":true,"valueName":"search_term_string"}}],"inLanguage":"es"},{"@type":"Person","@id":"https:\/\/www.noticiasradioreflejos.com.ar\/2021\/#\/schema\/person\/ad82545263dcc5ec0996818884fd5fb1","name":"Arnaldo Botto","image":{"@type":"ImageObject","inLanguage":"es","@id":"https:\/\/www.noticiasradioreflejos.com.ar\/2021\/#\/schema\/person\/image\/","url":"https:\/\/secure.gravatar.com\/avatar\/55cb5e37c1efa326397366e6974cb338056df65cb50e7d64d1cf314e87504837?s=96&d=mm&r=g","contentUrl":"https:\/\/secure.gravatar.com\/avatar\/55cb5e37c1efa326397366e6974cb338056df65cb50e7d64d1cf314e87504837?s=96&d=mm&r=g","caption":"Arnaldo Botto"},"url":"https:\/\/www.noticiasradioreflejos.com.ar\/2021\/author\/arnaldo\/"}]}},"_links":{"self":[{"href":"https:\/\/www.noticiasradioreflejos.com.ar\/2021\/wp-json\/wp\/v2\/posts\/42903","targetHints":{"allow":["GET"]}}],"collection":[{"href":"https:\/\/www.noticiasradioreflejos.com.ar\/2021\/wp-json\/wp\/v2\/posts"}],"about":[{"href":"https:\/\/www.noticiasradioreflejos.com.ar\/2021\/wp-json\/wp\/v2\/types\/post"}],"author":[{"embeddable":true,"href":"https:\/\/www.noticiasradioreflejos.com.ar\/2021\/wp-json\/wp\/v2\/users\/3"}],"replies":[{"embeddable":true,"href":"https:\/\/www.noticiasradioreflejos.com.ar\/2021\/wp-json\/wp\/v2\/comments?post=42903"}],"version-history":[{"count":0,"href":"https:\/\/www.noticiasradioreflejos.com.ar\/2021\/wp-json\/wp\/v2\/posts\/42903\/revisions"}],"wp:attachment":[{"href":"https:\/\/www.noticiasradioreflejos.com.ar\/2021\/wp-json\/wp\/v2\/media?parent=42903"}],"wp:term":[{"taxonomy":"category","embeddable":true,"href":"https:\/\/www.noticiasradioreflejos.com.ar\/2021\/wp-json\/wp\/v2\/categories?post=42903"},{"taxonomy":"post_tag","embeddable":true,"href":"https:\/\/www.noticiasradioreflejos.com.ar\/2021\/wp-json\/wp\/v2\/tags?post=42903"}],"curies":[{"name":"wp","href":"https:\/\/api.w.org\/{rel}","templated":true}]}}