{"id":42875,"date":"2020-06-05T21:10:40","date_gmt":"2020-06-06T00:10:40","guid":{"rendered":"http:\/\/www.noticiasradioreflejos.com.ar\/noticias\/?p=42875"},"modified":"2020-06-05T21:10:40","modified_gmt":"2020-06-06T00:10:40","slug":"avanza-la-culminacion-de-las-viviendas-de-chasico","status":"publish","type":"post","link":"https:\/\/www.noticiasradioreflejos.com.ar\/2021\/avanza-la-culminacion-de-las-viviendas-de-chasico\/","title":{"rendered":"Avanza la culminaci\u00f3n de las viviendas de Chasic\u00f3."},"content":{"rendered":"<p>Hoy al mediod\u00eda, el intendente municipal Sergio Bordoni, visit\u00f3 Chasic\u00f3 para ver la reactivaci\u00f3n de la obra de las 17 viviendas que se est\u00e1n construyendo en la localidad.<br \/>\nLas viviendas, que cuentan con un 95% de avance, fueron paralizadas en noviembre de 2019, por el retraso en la llegada de fondos para su realizaci\u00f3n de parte del Instituto de la Vivienda. <!--more--><br \/>\nLa reanudaci\u00f3n de las tareas estaba dispuesta para los primeros d\u00edas de abril, pero el aislamiento por Covid-19, obligo a postergar la finalizaci\u00f3n del sue\u00f1o de los vecinos de Chasic\u00f3.<br \/>\nLa culminaci\u00f3n de obra, est\u00e1 prevista para el mes de agosto, y en breve comenzar\u00e1 la pre inscripci\u00f3n de los vecinos para las mismas.<br \/>\nRecordamos que unidades familiares, tan anheladas en la zona oeste, est\u00e1n ubicadas en la manzana 16b, cuentan con dos dormitorios, cocina-comedor y ba\u00f1o.<br \/>\nAcompa\u00f1aron al jefe comunal el Secretario de Gobierno y Seguridad Ezequiel Gabella, la Secretar\u00eda de Obras y Servicios P\u00fablicos Agustina Peruzzi, el Delegado local Federico Sanz.<br \/>\n<a title=\"WhatsApp Image 2020-06-05 at 14.25.45 (1)\" href=\"http:\/\/live.staticflickr.com\/65535\/49975582937_d9ac5672d0_s.jpg\" rel=\"\"><img loading=\"lazy\" decoding=\"async\" class=\"aligncenter\" title=\"WhatsApp Image 2020-06-05 at 14.25.45 (1)\" src=\"http:\/\/live.staticflickr.com\/65535\/49975582937_d9ac5672d0_c.jpg\" alt=\"WhatsApp Image 2020-06-05 at 14.25.45 (1)\" width=\"450\" height=\"800\" \/><\/a><\/p>\n<p><a title=\"WhatsApp Image 2020-06-05 at 14.25.44 (2)\" href=\"http:\/\/live.staticflickr.com\/65535\/49974800268_79bd5a4f6f_s.jpg\" rel=\"\"><img loading=\"lazy\" decoding=\"async\" class=\"aligncenter\" title=\"WhatsApp Image 2020-06-05 at 14.25.44 (2)\" src=\"http:\/\/live.staticflickr.com\/65535\/49974800268_79bd5a4f6f_c.jpg\" alt=\"WhatsApp Image 2020-06-05 at 14.25.44 (2)\" width=\"800\" height=\"450\" \/><\/a><\/p>\n<p><a title=\"WhatsApp Image 2020-06-05 at 14.25.43\" href=\"http:\/\/live.staticflickr.com\/65535\/49975319921_84bee7d8ee_s.jpg\" rel=\"\"><img loading=\"lazy\" decoding=\"async\" class=\"aligncenter\" title=\"WhatsApp Image 2020-06-05 at 14.25.43\" src=\"http:\/\/live.staticflickr.com\/65535\/49975319921_84bee7d8ee_c.jpg\" alt=\"WhatsApp Image 2020-06-05 at 14.25.43\" width=\"800\" height=\"450\" \/><\/a><\/p>\n","protected":false},"excerpt":{"rendered":"<p>Hoy al mediod\u00eda, el intendente municipal Sergio Bordoni, visit\u00f3 Chasic\u00f3 para ver la reactivaci\u00f3n de la obra de las 17 viviendas que se est\u00e1n construyendo en la localidad. Las viviendas, que cuentan con un 95% de avance, fueron paralizadas en noviembre de 2019, por el retraso en la llegada de fondos para su realizaci\u00f3n de [&hellip;]<\/p>\n","protected":false},"author":3,"featured_media":0,"comment_status":"closed","ping_status":"open","sticky":false,"template":"","format":"standard","meta":{"footnotes":""},"categories":[28],"tags":[],"class_list":["post-42875","post","type-post","status-publish","format-standard","hentry","category-municipales"],"yoast_head":"<!-- This site is optimized with the Yoast SEO plugin v25.9 - https:\/\/yoast.com\/wordpress\/plugins\/seo\/ -->\n<title>Avanza la culminaci\u00f3n de las viviendas de Chasic\u00f3. - Noticias Radio Reflejos<\/title>\n<meta name=\"robots\" content=\"index, follow, max-snippet:-1, max-image-preview:large, max-video-preview:-1\" \/>\n<link rel=\"canonical\" href=\"https:\/\/www.noticiasradioreflejos.com.ar\/2021\/avanza-la-culminacion-de-las-viviendas-de-chasico\/\" \/>\n<meta property=\"og:locale\" content=\"es_ES\" \/>\n<meta property=\"og:type\" content=\"article\" \/>\n<meta property=\"og:title\" content=\"Avanza la culminaci\u00f3n de las viviendas de Chasic\u00f3. - Noticias Radio Reflejos\" \/>\n<meta property=\"og:description\" content=\"Hoy al mediod\u00eda, el intendente municipal Sergio Bordoni, visit\u00f3 Chasic\u00f3 para ver la reactivaci\u00f3n de la obra de las 17 viviendas que se est\u00e1n construyendo en la localidad. Las viviendas, que cuentan con un 95% de avance, fueron paralizadas en noviembre de 2019, por el retraso en la llegada de fondos para su realizaci\u00f3n de [&hellip;]\" \/>\n<meta property=\"og:url\" content=\"https:\/\/www.noticiasradioreflejos.com.ar\/2021\/avanza-la-culminacion-de-las-viviendas-de-chasico\/\" \/>\n<meta property=\"og:site_name\" content=\"Noticias Radio Reflejos\" \/>\n<meta property=\"article:published_time\" content=\"2020-06-06T00:10:40+00:00\" \/>\n<meta property=\"og:image\" content=\"http:\/\/live.staticflickr.com\/65535\/49975582937_d9ac5672d0_c.jpg\" \/>\n<meta name=\"author\" content=\"Arnaldo Botto\" \/>\n<meta name=\"twitter:card\" content=\"summary_large_image\" \/>\n<script type=\"application\/ld+json\" class=\"yoast-schema-graph\">{\"@context\":\"https:\/\/schema.org\",\"@graph\":[{\"@type\":\"WebPage\",\"@id\":\"https:\/\/www.noticiasradioreflejos.com.ar\/2021\/avanza-la-culminacion-de-las-viviendas-de-chasico\/\",\"url\":\"https:\/\/www.noticiasradioreflejos.com.ar\/2021\/avanza-la-culminacion-de-las-viviendas-de-chasico\/\",\"name\":\"Avanza la culminaci\u00f3n de las viviendas de Chasic\u00f3. - Noticias Radio Reflejos\",\"isPartOf\":{\"@id\":\"https:\/\/www.noticiasradioreflejos.com.ar\/2021\/#website\"},\"primaryImageOfPage\":{\"@id\":\"https:\/\/www.noticiasradioreflejos.com.ar\/2021\/avanza-la-culminacion-de-las-viviendas-de-chasico\/#primaryimage\"},\"image\":{\"@id\":\"https:\/\/www.noticiasradioreflejos.com.ar\/2021\/avanza-la-culminacion-de-las-viviendas-de-chasico\/#primaryimage\"},\"thumbnailUrl\":\"http:\/\/live.staticflickr.com\/65535\/49975582937_d9ac5672d0_c.jpg\",\"datePublished\":\"2020-06-06T00:10:40+00:00\",\"author\":{\"@id\":\"https:\/\/www.noticiasradioreflejos.com.ar\/2021\/#\/schema\/person\/ad82545263dcc5ec0996818884fd5fb1\"},\"breadcrumb\":{\"@id\":\"https:\/\/www.noticiasradioreflejos.com.ar\/2021\/avanza-la-culminacion-de-las-viviendas-de-chasico\/#breadcrumb\"},\"inLanguage\":\"es\",\"potentialAction\":[{\"@type\":\"ReadAction\",\"target\":[\"https:\/\/www.noticiasradioreflejos.com.ar\/2021\/avanza-la-culminacion-de-las-viviendas-de-chasico\/\"]}]},{\"@type\":\"ImageObject\",\"inLanguage\":\"es\",\"@id\":\"https:\/\/www.noticiasradioreflejos.com.ar\/2021\/avanza-la-culminacion-de-las-viviendas-de-chasico\/#primaryimage\",\"url\":\"http:\/\/live.staticflickr.com\/65535\/49975582937_d9ac5672d0_c.jpg\",\"contentUrl\":\"http:\/\/live.staticflickr.com\/65535\/49975582937_d9ac5672d0_c.jpg\"},{\"@type\":\"BreadcrumbList\",\"@id\":\"https:\/\/www.noticiasradioreflejos.com.ar\/2021\/avanza-la-culminacion-de-las-viviendas-de-chasico\/#breadcrumb\",\"itemListElement\":[{\"@type\":\"ListItem\",\"position\":1,\"name\":\"Portada\",\"item\":\"https:\/\/www.noticiasradioreflejos.com.ar\/2021\/\"},{\"@type\":\"ListItem\",\"position\":2,\"name\":\"Avanza la culminaci\u00f3n de las viviendas de Chasic\u00f3.\"}]},{\"@type\":\"WebSite\",\"@id\":\"https:\/\/www.noticiasradioreflejos.com.ar\/2021\/#website\",\"url\":\"https:\/\/www.noticiasradioreflejos.com.ar\/2021\/\",\"name\":\"Noticias Radio Reflejos\",\"description\":\"Las noticias de mi comarca\",\"potentialAction\":[{\"@type\":\"SearchAction\",\"target\":{\"@type\":\"EntryPoint\",\"urlTemplate\":\"https:\/\/www.noticiasradioreflejos.com.ar\/2021\/?s={search_term_string}\"},\"query-input\":{\"@type\":\"PropertyValueSpecification\",\"valueRequired\":true,\"valueName\":\"search_term_string\"}}],\"inLanguage\":\"es\"},{\"@type\":\"Person\",\"@id\":\"https:\/\/www.noticiasradioreflejos.com.ar\/2021\/#\/schema\/person\/ad82545263dcc5ec0996818884fd5fb1\",\"name\":\"Arnaldo Botto\",\"image\":{\"@type\":\"ImageObject\",\"inLanguage\":\"es\",\"@id\":\"https:\/\/www.noticiasradioreflejos.com.ar\/2021\/#\/schema\/person\/image\/\",\"url\":\"https:\/\/secure.gravatar.com\/avatar\/55cb5e37c1efa326397366e6974cb338056df65cb50e7d64d1cf314e87504837?s=96&d=mm&r=g\",\"contentUrl\":\"https:\/\/secure.gravatar.com\/avatar\/55cb5e37c1efa326397366e6974cb338056df65cb50e7d64d1cf314e87504837?s=96&d=mm&r=g\",\"caption\":\"Arnaldo Botto\"},\"url\":\"https:\/\/www.noticiasradioreflejos.com.ar\/2021\/author\/arnaldo\/\"}]}<\/script>\n<!-- \/ Yoast SEO plugin. -->","yoast_head_json":{"title":"Avanza la culminaci\u00f3n de las viviendas de Chasic\u00f3. - Noticias Radio Reflejos","robots":{"index":"index","follow":"follow","max-snippet":"max-snippet:-1","max-image-preview":"max-image-preview:large","max-video-preview":"max-video-preview:-1"},"canonical":"https:\/\/www.noticiasradioreflejos.com.ar\/2021\/avanza-la-culminacion-de-las-viviendas-de-chasico\/","og_locale":"es_ES","og_type":"article","og_title":"Avanza la culminaci\u00f3n de las viviendas de Chasic\u00f3. - Noticias Radio Reflejos","og_description":"Hoy al mediod\u00eda, el intendente municipal Sergio Bordoni, visit\u00f3 Chasic\u00f3 para ver la reactivaci\u00f3n de la obra de las 17 viviendas que se est\u00e1n construyendo en la localidad. Las viviendas, que cuentan con un 95% de avance, fueron paralizadas en noviembre de 2019, por el retraso en la llegada de fondos para su realizaci\u00f3n de [&hellip;]","og_url":"https:\/\/www.noticiasradioreflejos.com.ar\/2021\/avanza-la-culminacion-de-las-viviendas-de-chasico\/","og_site_name":"Noticias Radio Reflejos","article_published_time":"2020-06-06T00:10:40+00:00","og_image":[{"url":"http:\/\/live.staticflickr.com\/65535\/49975582937_d9ac5672d0_c.jpg","type":"","width":"","height":""}],"author":"Arnaldo Botto","twitter_card":"summary_large_image","schema":{"@context":"https:\/\/schema.org","@graph":[{"@type":"WebPage","@id":"https:\/\/www.noticiasradioreflejos.com.ar\/2021\/avanza-la-culminacion-de-las-viviendas-de-chasico\/","url":"https:\/\/www.noticiasradioreflejos.com.ar\/2021\/avanza-la-culminacion-de-las-viviendas-de-chasico\/","name":"Avanza la culminaci\u00f3n de las viviendas de Chasic\u00f3. - Noticias Radio Reflejos","isPartOf":{"@id":"https:\/\/www.noticiasradioreflejos.com.ar\/2021\/#website"},"primaryImageOfPage":{"@id":"https:\/\/www.noticiasradioreflejos.com.ar\/2021\/avanza-la-culminacion-de-las-viviendas-de-chasico\/#primaryimage"},"image":{"@id":"https:\/\/www.noticiasradioreflejos.com.ar\/2021\/avanza-la-culminacion-de-las-viviendas-de-chasico\/#primaryimage"},"thumbnailUrl":"http:\/\/live.staticflickr.com\/65535\/49975582937_d9ac5672d0_c.jpg","datePublished":"2020-06-06T00:10:40+00:00","author":{"@id":"https:\/\/www.noticiasradioreflejos.com.ar\/2021\/#\/schema\/person\/ad82545263dcc5ec0996818884fd5fb1"},"breadcrumb":{"@id":"https:\/\/www.noticiasradioreflejos.com.ar\/2021\/avanza-la-culminacion-de-las-viviendas-de-chasico\/#breadcrumb"},"inLanguage":"es","potentialAction":[{"@type":"ReadAction","target":["https:\/\/www.noticiasradioreflejos.com.ar\/2021\/avanza-la-culminacion-de-las-viviendas-de-chasico\/"]}]},{"@type":"ImageObject","inLanguage":"es","@id":"https:\/\/www.noticiasradioreflejos.com.ar\/2021\/avanza-la-culminacion-de-las-viviendas-de-chasico\/#primaryimage","url":"http:\/\/live.staticflickr.com\/65535\/49975582937_d9ac5672d0_c.jpg","contentUrl":"http:\/\/live.staticflickr.com\/65535\/49975582937_d9ac5672d0_c.jpg"},{"@type":"BreadcrumbList","@id":"https:\/\/www.noticiasradioreflejos.com.ar\/2021\/avanza-la-culminacion-de-las-viviendas-de-chasico\/#breadcrumb","itemListElement":[{"@type":"ListItem","position":1,"name":"Portada","item":"https:\/\/www.noticiasradioreflejos.com.ar\/2021\/"},{"@type":"ListItem","position":2,"name":"Avanza la culminaci\u00f3n de las viviendas de Chasic\u00f3."}]},{"@type":"WebSite","@id":"https:\/\/www.noticiasradioreflejos.com.ar\/2021\/#website","url":"https:\/\/www.noticiasradioreflejos.com.ar\/2021\/","name":"Noticias Radio Reflejos","description":"Las noticias de mi comarca","potentialAction":[{"@type":"SearchAction","target":{"@type":"EntryPoint","urlTemplate":"https:\/\/www.noticiasradioreflejos.com.ar\/2021\/?s={search_term_string}"},"query-input":{"@type":"PropertyValueSpecification","valueRequired":true,"valueName":"search_term_string"}}],"inLanguage":"es"},{"@type":"Person","@id":"https:\/\/www.noticiasradioreflejos.com.ar\/2021\/#\/schema\/person\/ad82545263dcc5ec0996818884fd5fb1","name":"Arnaldo Botto","image":{"@type":"ImageObject","inLanguage":"es","@id":"https:\/\/www.noticiasradioreflejos.com.ar\/2021\/#\/schema\/person\/image\/","url":"https:\/\/secure.gravatar.com\/avatar\/55cb5e37c1efa326397366e6974cb338056df65cb50e7d64d1cf314e87504837?s=96&d=mm&r=g","contentUrl":"https:\/\/secure.gravatar.com\/avatar\/55cb5e37c1efa326397366e6974cb338056df65cb50e7d64d1cf314e87504837?s=96&d=mm&r=g","caption":"Arnaldo Botto"},"url":"https:\/\/www.noticiasradioreflejos.com.ar\/2021\/author\/arnaldo\/"}]}},"_links":{"self":[{"href":"https:\/\/www.noticiasradioreflejos.com.ar\/2021\/wp-json\/wp\/v2\/posts\/42875","targetHints":{"allow":["GET"]}}],"collection":[{"href":"https:\/\/www.noticiasradioreflejos.com.ar\/2021\/wp-json\/wp\/v2\/posts"}],"about":[{"href":"https:\/\/www.noticiasradioreflejos.com.ar\/2021\/wp-json\/wp\/v2\/types\/post"}],"author":[{"embeddable":true,"href":"https:\/\/www.noticiasradioreflejos.com.ar\/2021\/wp-json\/wp\/v2\/users\/3"}],"replies":[{"embeddable":true,"href":"https:\/\/www.noticiasradioreflejos.com.ar\/2021\/wp-json\/wp\/v2\/comments?post=42875"}],"version-history":[{"count":0,"href":"https:\/\/www.noticiasradioreflejos.com.ar\/2021\/wp-json\/wp\/v2\/posts\/42875\/revisions"}],"wp:attachment":[{"href":"https:\/\/www.noticiasradioreflejos.com.ar\/2021\/wp-json\/wp\/v2\/media?parent=42875"}],"wp:term":[{"taxonomy":"category","embeddable":true,"href":"https:\/\/www.noticiasradioreflejos.com.ar\/2021\/wp-json\/wp\/v2\/categories?post=42875"},{"taxonomy":"post_tag","embeddable":true,"href":"https:\/\/www.noticiasradioreflejos.com.ar\/2021\/wp-json\/wp\/v2\/tags?post=42875"}],"curies":[{"name":"wp","href":"https:\/\/api.w.org\/{rel}","templated":true}]}}