{"id":42860,"date":"2020-06-05T18:02:52","date_gmt":"2020-06-05T21:02:52","guid":{"rendered":"http:\/\/www.noticiasradioreflejos.com.ar\/noticias\/?p=42860"},"modified":"2020-06-05T18:02:52","modified_gmt":"2020-06-05T21:02:52","slug":"hoy-cocinamos-crepes-con-esteban-di-paola","status":"publish","type":"post","link":"https:\/\/www.noticiasradioreflejos.com.ar\/2021\/hoy-cocinamos-crepes-con-esteban-di-paola\/","title":{"rendered":"Hoy cocinamos crepes con Esteban Di Paola"},"content":{"rendered":"<p>En una nueva entrega de nuestro bloque de cocina, el reconocido chef Esteban Di Paola nos ense\u00f1a una nueva receta. En esta oportunidad, un plato que nos acompa\u00f1a a todos en nuestras casas desde siempre, y que en m\u00e1s de una ocasi\u00f3n nos deleit\u00f3 durante la cuarentena. Con sus or\u00edgenes en Francia, hoy cocinamos \u00abcrepes\u00bb, o m\u00e1s bien conocidos como \u00abpanqueques\u00bb.<!--more--><\/p>\n<p>En un cl\u00e1sico de la cocina francesa, hoy cocinamos crepes. Dependiendo en qu\u00e9 parte del mundo nos encontremos, se les llaman panqueques o se los identifican con muchos nombres m\u00e1s. Esta receta es s\u00faper vers\u00e1til,se puede adaptar tanto a lo dulce como a lo salado. Infinidad de rellenos hicieron que esta receta se desparrame por todo el planeta variando en sus gustos y sabores. Desde verduras hasta miel, mermeladas y frutas son algunos de los ingredientes que acompa\u00f1an a los famosos panqueques alrededor del mundo.<\/p>\n<p>Ingredientes para preparar la masa de crepes (12 unidades):<br \/>\n2 huevos<br \/>\n250 cc de leche<br \/>\n150 gramos de harina 000<br \/>\n1 pizca de sal<br \/>\nManteca o aceite para cocinar<\/p>\n<p>Dentro de un bowl se van a batir los 2 huevos, incorporamos la leche, agregamos la pizca de sal y, finalmente, de a poco, se va echando la harina al mismo tiempo que batimos la mezcla. Se recomienda darle 30 minutos de reposo en la heladera para que se asiente bien.<br \/>\nDespu\u00e9s, en una sart\u00e9n a fuego medio-bajo, se va echando la mezcla de a cucharones. Aproximadamente a los 2 minutos, damos vuelta la mezcla con la ayuda de una esp\u00e1tula y lo dejamos 1 minuto m\u00e1s. Una vez terminado el tiempo de cocci\u00f3n, se retiran de la sart\u00e9n y ya est\u00e1n listos para comer.<br \/>\nPara acompa\u00f1ar, Esteban sugiere rellenos salados y\/o dulces a gusto del comensal.<\/p>\n<p><iframe loading=\"lazy\" src=\"https:\/\/w.soundcloud.com\/player\/?url=https%3A\/\/api.soundcloud.com\/tracks\/834778756&amp;color=%23ff5500&amp;auto_play=false&amp;hide_related=false&amp;show_comments=true&amp;show_user=true&amp;show_reposts=false&amp;show_teaser=true\" width=\"100%\" height=\"166\" frameborder=\"no\" scrolling=\"no\"><\/iframe><\/p>\n<div style=\"font-size: 10px; color: #cccccc; line-break: anywhere; word-break: normal; overflow: hidden; white-space: nowrap; text-overflow: ellipsis; font-family: Interstate,Lucida Grande,Lucida Sans Unicode,Lucida Sans,Garuda,Verdana,Tahoma,sans-serif; font-weight: 100;\"><a style=\"color: #cccccc; text-decoration: none;\" title=\"fmreflejos 103.7\" href=\"https:\/\/soundcloud.com\/fmreflejos-103-7\" target=\"_blank\" rel=\"noopener\">fmreflejos 103.7<\/a> \u00b7 <a style=\"color: #cccccc; text-decoration: none;\" title=\"Esteban Cocina\" href=\"https:\/\/soundcloud.com\/fmreflejos-103-7\/esteban-cocina-3\" target=\"_blank\" rel=\"noopener\">Esteban Cocina<\/a><\/div>\n","protected":false},"excerpt":{"rendered":"<p>En una nueva entrega de nuestro bloque de cocina, el reconocido chef Esteban Di Paola nos ense\u00f1a una nueva receta. En esta oportunidad, un plato que nos acompa\u00f1a a todos en nuestras casas desde siempre, y que en m\u00e1s de una ocasi\u00f3n nos deleit\u00f3 durante la cuarentena. Con sus or\u00edgenes en Francia, hoy cocinamos \u00abcrepes\u00bb, [&hellip;]<\/p>\n","protected":false},"author":3,"featured_media":0,"comment_status":"closed","ping_status":"open","sticky":false,"template":"","format":"standard","meta":{"footnotes":""},"categories":[26],"tags":[],"class_list":["post-42860","post","type-post","status-publish","format-standard","hentry","category-sociedad"],"yoast_head":"<!-- This site is optimized with the Yoast SEO plugin v25.9 - https:\/\/yoast.com\/wordpress\/plugins\/seo\/ -->\n<title>Hoy cocinamos crepes con Esteban Di Paola - Noticias Radio Reflejos<\/title>\n<meta name=\"robots\" content=\"index, follow, max-snippet:-1, max-image-preview:large, max-video-preview:-1\" \/>\n<link rel=\"canonical\" href=\"https:\/\/www.noticiasradioreflejos.com.ar\/2021\/hoy-cocinamos-crepes-con-esteban-di-paola\/\" \/>\n<meta property=\"og:locale\" content=\"es_ES\" \/>\n<meta property=\"og:type\" content=\"article\" \/>\n<meta property=\"og:title\" content=\"Hoy cocinamos crepes con Esteban Di Paola - Noticias Radio Reflejos\" \/>\n<meta property=\"og:description\" content=\"En una nueva entrega de nuestro bloque de cocina, el reconocido chef Esteban Di Paola nos ense\u00f1a una nueva receta. En esta oportunidad, un plato que nos acompa\u00f1a a todos en nuestras casas desde siempre, y que en m\u00e1s de una ocasi\u00f3n nos deleit\u00f3 durante la cuarentena. Con sus or\u00edgenes en Francia, hoy cocinamos \u00abcrepes\u00bb, [&hellip;]\" \/>\n<meta property=\"og:url\" content=\"https:\/\/www.noticiasradioreflejos.com.ar\/2021\/hoy-cocinamos-crepes-con-esteban-di-paola\/\" \/>\n<meta property=\"og:site_name\" content=\"Noticias Radio Reflejos\" \/>\n<meta property=\"article:published_time\" content=\"2020-06-05T21:02:52+00:00\" \/>\n<meta property=\"og:image\" content=\"https:\/\/www.noticiasradioreflejos.com.ar\/2021\/wp-content\/uploads\/2021\/07\/logosol300x200.png\" \/>\n\t<meta property=\"og:image:width\" content=\"300\" \/>\n\t<meta property=\"og:image:height\" content=\"200\" \/>\n\t<meta property=\"og:image:type\" content=\"image\/png\" \/>\n<meta name=\"author\" content=\"Arnaldo Botto\" \/>\n<meta name=\"twitter:card\" content=\"summary_large_image\" \/>\n<script type=\"application\/ld+json\" class=\"yoast-schema-graph\">{\"@context\":\"https:\/\/schema.org\",\"@graph\":[{\"@type\":\"WebPage\",\"@id\":\"https:\/\/www.noticiasradioreflejos.com.ar\/2021\/hoy-cocinamos-crepes-con-esteban-di-paola\/\",\"url\":\"https:\/\/www.noticiasradioreflejos.com.ar\/2021\/hoy-cocinamos-crepes-con-esteban-di-paola\/\",\"name\":\"Hoy cocinamos crepes con Esteban Di Paola - Noticias Radio Reflejos\",\"isPartOf\":{\"@id\":\"https:\/\/www.noticiasradioreflejos.com.ar\/2021\/#website\"},\"datePublished\":\"2020-06-05T21:02:52+00:00\",\"author\":{\"@id\":\"https:\/\/www.noticiasradioreflejos.com.ar\/2021\/#\/schema\/person\/ad82545263dcc5ec0996818884fd5fb1\"},\"breadcrumb\":{\"@id\":\"https:\/\/www.noticiasradioreflejos.com.ar\/2021\/hoy-cocinamos-crepes-con-esteban-di-paola\/#breadcrumb\"},\"inLanguage\":\"es\",\"potentialAction\":[{\"@type\":\"ReadAction\",\"target\":[\"https:\/\/www.noticiasradioreflejos.com.ar\/2021\/hoy-cocinamos-crepes-con-esteban-di-paola\/\"]}]},{\"@type\":\"BreadcrumbList\",\"@id\":\"https:\/\/www.noticiasradioreflejos.com.ar\/2021\/hoy-cocinamos-crepes-con-esteban-di-paola\/#breadcrumb\",\"itemListElement\":[{\"@type\":\"ListItem\",\"position\":1,\"name\":\"Portada\",\"item\":\"https:\/\/www.noticiasradioreflejos.com.ar\/2021\/\"},{\"@type\":\"ListItem\",\"position\":2,\"name\":\"Hoy cocinamos crepes con Esteban Di Paola\"}]},{\"@type\":\"WebSite\",\"@id\":\"https:\/\/www.noticiasradioreflejos.com.ar\/2021\/#website\",\"url\":\"https:\/\/www.noticiasradioreflejos.com.ar\/2021\/\",\"name\":\"Noticias Radio Reflejos\",\"description\":\"Las noticias de mi comarca\",\"potentialAction\":[{\"@type\":\"SearchAction\",\"target\":{\"@type\":\"EntryPoint\",\"urlTemplate\":\"https:\/\/www.noticiasradioreflejos.com.ar\/2021\/?s={search_term_string}\"},\"query-input\":{\"@type\":\"PropertyValueSpecification\",\"valueRequired\":true,\"valueName\":\"search_term_string\"}}],\"inLanguage\":\"es\"},{\"@type\":\"Person\",\"@id\":\"https:\/\/www.noticiasradioreflejos.com.ar\/2021\/#\/schema\/person\/ad82545263dcc5ec0996818884fd5fb1\",\"name\":\"Arnaldo Botto\",\"image\":{\"@type\":\"ImageObject\",\"inLanguage\":\"es\",\"@id\":\"https:\/\/www.noticiasradioreflejos.com.ar\/2021\/#\/schema\/person\/image\/\",\"url\":\"https:\/\/secure.gravatar.com\/avatar\/55cb5e37c1efa326397366e6974cb338056df65cb50e7d64d1cf314e87504837?s=96&d=mm&r=g\",\"contentUrl\":\"https:\/\/secure.gravatar.com\/avatar\/55cb5e37c1efa326397366e6974cb338056df65cb50e7d64d1cf314e87504837?s=96&d=mm&r=g\",\"caption\":\"Arnaldo Botto\"},\"url\":\"https:\/\/www.noticiasradioreflejos.com.ar\/2021\/author\/arnaldo\/\"}]}<\/script>\n<!-- \/ Yoast SEO plugin. -->","yoast_head_json":{"title":"Hoy cocinamos crepes con Esteban Di Paola - Noticias Radio Reflejos","robots":{"index":"index","follow":"follow","max-snippet":"max-snippet:-1","max-image-preview":"max-image-preview:large","max-video-preview":"max-video-preview:-1"},"canonical":"https:\/\/www.noticiasradioreflejos.com.ar\/2021\/hoy-cocinamos-crepes-con-esteban-di-paola\/","og_locale":"es_ES","og_type":"article","og_title":"Hoy cocinamos crepes con Esteban Di Paola - Noticias Radio Reflejos","og_description":"En una nueva entrega de nuestro bloque de cocina, el reconocido chef Esteban Di Paola nos ense\u00f1a una nueva receta. En esta oportunidad, un plato que nos acompa\u00f1a a todos en nuestras casas desde siempre, y que en m\u00e1s de una ocasi\u00f3n nos deleit\u00f3 durante la cuarentena. Con sus or\u00edgenes en Francia, hoy cocinamos \u00abcrepes\u00bb, [&hellip;]","og_url":"https:\/\/www.noticiasradioreflejos.com.ar\/2021\/hoy-cocinamos-crepes-con-esteban-di-paola\/","og_site_name":"Noticias Radio Reflejos","article_published_time":"2020-06-05T21:02:52+00:00","og_image":[{"width":300,"height":200,"url":"https:\/\/www.noticiasradioreflejos.com.ar\/2021\/wp-content\/uploads\/2021\/07\/logosol300x200.png","type":"image\/png"}],"author":"Arnaldo Botto","twitter_card":"summary_large_image","schema":{"@context":"https:\/\/schema.org","@graph":[{"@type":"WebPage","@id":"https:\/\/www.noticiasradioreflejos.com.ar\/2021\/hoy-cocinamos-crepes-con-esteban-di-paola\/","url":"https:\/\/www.noticiasradioreflejos.com.ar\/2021\/hoy-cocinamos-crepes-con-esteban-di-paola\/","name":"Hoy cocinamos crepes con Esteban Di Paola - Noticias Radio Reflejos","isPartOf":{"@id":"https:\/\/www.noticiasradioreflejos.com.ar\/2021\/#website"},"datePublished":"2020-06-05T21:02:52+00:00","author":{"@id":"https:\/\/www.noticiasradioreflejos.com.ar\/2021\/#\/schema\/person\/ad82545263dcc5ec0996818884fd5fb1"},"breadcrumb":{"@id":"https:\/\/www.noticiasradioreflejos.com.ar\/2021\/hoy-cocinamos-crepes-con-esteban-di-paola\/#breadcrumb"},"inLanguage":"es","potentialAction":[{"@type":"ReadAction","target":["https:\/\/www.noticiasradioreflejos.com.ar\/2021\/hoy-cocinamos-crepes-con-esteban-di-paola\/"]}]},{"@type":"BreadcrumbList","@id":"https:\/\/www.noticiasradioreflejos.com.ar\/2021\/hoy-cocinamos-crepes-con-esteban-di-paola\/#breadcrumb","itemListElement":[{"@type":"ListItem","position":1,"name":"Portada","item":"https:\/\/www.noticiasradioreflejos.com.ar\/2021\/"},{"@type":"ListItem","position":2,"name":"Hoy cocinamos crepes con Esteban Di Paola"}]},{"@type":"WebSite","@id":"https:\/\/www.noticiasradioreflejos.com.ar\/2021\/#website","url":"https:\/\/www.noticiasradioreflejos.com.ar\/2021\/","name":"Noticias Radio Reflejos","description":"Las noticias de mi comarca","potentialAction":[{"@type":"SearchAction","target":{"@type":"EntryPoint","urlTemplate":"https:\/\/www.noticiasradioreflejos.com.ar\/2021\/?s={search_term_string}"},"query-input":{"@type":"PropertyValueSpecification","valueRequired":true,"valueName":"search_term_string"}}],"inLanguage":"es"},{"@type":"Person","@id":"https:\/\/www.noticiasradioreflejos.com.ar\/2021\/#\/schema\/person\/ad82545263dcc5ec0996818884fd5fb1","name":"Arnaldo Botto","image":{"@type":"ImageObject","inLanguage":"es","@id":"https:\/\/www.noticiasradioreflejos.com.ar\/2021\/#\/schema\/person\/image\/","url":"https:\/\/secure.gravatar.com\/avatar\/55cb5e37c1efa326397366e6974cb338056df65cb50e7d64d1cf314e87504837?s=96&d=mm&r=g","contentUrl":"https:\/\/secure.gravatar.com\/avatar\/55cb5e37c1efa326397366e6974cb338056df65cb50e7d64d1cf314e87504837?s=96&d=mm&r=g","caption":"Arnaldo Botto"},"url":"https:\/\/www.noticiasradioreflejos.com.ar\/2021\/author\/arnaldo\/"}]}},"_links":{"self":[{"href":"https:\/\/www.noticiasradioreflejos.com.ar\/2021\/wp-json\/wp\/v2\/posts\/42860","targetHints":{"allow":["GET"]}}],"collection":[{"href":"https:\/\/www.noticiasradioreflejos.com.ar\/2021\/wp-json\/wp\/v2\/posts"}],"about":[{"href":"https:\/\/www.noticiasradioreflejos.com.ar\/2021\/wp-json\/wp\/v2\/types\/post"}],"author":[{"embeddable":true,"href":"https:\/\/www.noticiasradioreflejos.com.ar\/2021\/wp-json\/wp\/v2\/users\/3"}],"replies":[{"embeddable":true,"href":"https:\/\/www.noticiasradioreflejos.com.ar\/2021\/wp-json\/wp\/v2\/comments?post=42860"}],"version-history":[{"count":0,"href":"https:\/\/www.noticiasradioreflejos.com.ar\/2021\/wp-json\/wp\/v2\/posts\/42860\/revisions"}],"wp:attachment":[{"href":"https:\/\/www.noticiasradioreflejos.com.ar\/2021\/wp-json\/wp\/v2\/media?parent=42860"}],"wp:term":[{"taxonomy":"category","embeddable":true,"href":"https:\/\/www.noticiasradioreflejos.com.ar\/2021\/wp-json\/wp\/v2\/categories?post=42860"},{"taxonomy":"post_tag","embeddable":true,"href":"https:\/\/www.noticiasradioreflejos.com.ar\/2021\/wp-json\/wp\/v2\/tags?post=42860"}],"curies":[{"name":"wp","href":"https:\/\/api.w.org\/{rel}","templated":true}]}}