{"id":42852,"date":"2020-06-05T17:08:57","date_gmt":"2020-06-05T20:08:57","guid":{"rendered":"http:\/\/www.noticiasradioreflejos.com.ar\/noticias\/?p=42852"},"modified":"2020-06-05T17:08:57","modified_gmt":"2020-06-05T20:08:57","slug":"las-reservas-naturales-se-posicionan-para-el-turismo-post-pandemia-en-la-provincia-de-buenos-aires","status":"publish","type":"post","link":"https:\/\/www.noticiasradioreflejos.com.ar\/2021\/las-reservas-naturales-se-posicionan-para-el-turismo-post-pandemia-en-la-provincia-de-buenos-aires\/","title":{"rendered":"Las reservas naturales se posicionan para el turismo post pandemia en la Provincia de Buenos Aires."},"content":{"rendered":"<p>Las reservas naturales de la provincia de Buenos Aires, que ofrecen espacios amplios y servicios seguros, son una opci\u00f3n ideal para la actividad tur\u00edstica tras la pandemia y por ese motivo ya est\u00e1n mejorando su infraestructura para recibir visitantes, inform\u00f3 hoy la Subsecretar\u00eda de Turismo bonaerense.<!--more--><\/p>\n<p>El territorio bonaerense ofrece una gran variedad de ecosistemas que se corresponden a sus diferentes regiones, con \u00e1reas protegidas que conservan su estado natural.<\/p>\n<p>La reserva natural municipal Faro Querand\u00ed, ubicada a 5 kil\u00f3metros de Mar Azul y que tiene una superficie de m\u00e1s de 5.700 hect\u00e1reas y una franja de 21 kil\u00f3metros de dunas con un ancho variable de 3 kil\u00f3metros, es una de las m\u00e1s importantes por la amplitud de sus playas.<\/p>\n<p>Este ecosistema costero cuenta con aves, serpientes, zorros grises, gatos monteses, \u00f1and\u00faes y m\u00e1s de cien tipos de plantas, muchas de las cuales poseen propiedades medicinales.<\/p>\n<p>El guardaparques Abel Escobar se\u00f1al\u00f3 que \u00abla gente se sorprende de la biodiversidad cuando recorren los senderos ecotur\u00edsticos\u00bb.<\/p>\n<p>La reserva natural Laguna de los Padres, ubicada a 10 kil\u00f3metros de Mar del Plata, tiene una gran afluencia de p\u00fablico y por ese motivo sus 687 hect\u00e1reas fueron divididas en tres zonas que son de uso intensivo, de conservaci\u00f3n (solo se puede recorrer a pie) e intangible (con acceso vedado al p\u00fablico).<\/p>\n<p>La reserva constituye una zona de una \u00abalt\u00edsima biodiversidad\u00bb en la que se registraron m\u00e1s de novecientas especies de aves que con la merma del movimiento de personas se hicieron m\u00e1s visibles.<\/p>\n<p>El parque provincial Ernesto Tornquist, ubicado en el sudoeste de la provincia, en la zona central de la Serran\u00eda de Ventania y con m\u00e1s de seiscientas especies de \u00e1rboles, reptiles, aves migratorias, anfibios, pumas y ciervos, es otra de las reservas naturales bonaerenses.<\/p>\n<p>La reserva funciona como acceso al ascenso al cerro Ventana y tambi\u00e9n a senderos con distintos grados de dificultad.<\/p>\n<p>El lago Epecu\u00e9n, en la zona centro-oeste y que esta semana ofreci\u00f3 un espect\u00e1culos singular al aparecer con una cobertura blanca por la sanilizaci\u00f3n de sus aguas, es otra alternativa natural que ofrece la provincia de Buenos Aires para los turistas que quieran disfrutar de la naturaleza tras la pandemia de coronavirus.(telam)<\/p>\n","protected":false},"excerpt":{"rendered":"<p>Las reservas naturales de la provincia de Buenos Aires, que ofrecen espacios amplios y servicios seguros, son una opci\u00f3n ideal para la actividad tur\u00edstica tras la pandemia y por ese motivo ya est\u00e1n mejorando su infraestructura para recibir visitantes, inform\u00f3 hoy la Subsecretar\u00eda de Turismo bonaerense.<\/p>\n","protected":false},"author":3,"featured_media":12509,"comment_status":"closed","ping_status":"open","sticky":false,"template":"","format":"standard","meta":{"footnotes":""},"categories":[33],"tags":[],"class_list":["post-42852","post","type-post","status-publish","format-standard","has-post-thumbnail","hentry","category-turismo"],"yoast_head":"<!-- This site is optimized with the Yoast SEO plugin v25.9 - https:\/\/yoast.com\/wordpress\/plugins\/seo\/ -->\n<title>Las reservas naturales se posicionan para el turismo post pandemia en la Provincia de Buenos Aires. - Noticias Radio Reflejos<\/title>\n<meta name=\"robots\" content=\"index, follow, max-snippet:-1, max-image-preview:large, max-video-preview:-1\" \/>\n<link rel=\"canonical\" href=\"https:\/\/www.noticiasradioreflejos.com.ar\/2021\/las-reservas-naturales-se-posicionan-para-el-turismo-post-pandemia-en-la-provincia-de-buenos-aires\/\" \/>\n<meta property=\"og:locale\" content=\"es_ES\" \/>\n<meta property=\"og:type\" content=\"article\" \/>\n<meta property=\"og:title\" content=\"Las reservas naturales se posicionan para el turismo post pandemia en la Provincia de Buenos Aires. - Noticias Radio Reflejos\" \/>\n<meta property=\"og:description\" content=\"Las reservas naturales de la provincia de Buenos Aires, que ofrecen espacios amplios y servicios seguros, son una opci\u00f3n ideal para la actividad tur\u00edstica tras la pandemia y por ese motivo ya est\u00e1n mejorando su infraestructura para recibir visitantes, inform\u00f3 hoy la Subsecretar\u00eda de Turismo bonaerense.\" \/>\n<meta property=\"og:url\" content=\"https:\/\/www.noticiasradioreflejos.com.ar\/2021\/las-reservas-naturales-se-posicionan-para-el-turismo-post-pandemia-en-la-provincia-de-buenos-aires\/\" \/>\n<meta property=\"og:site_name\" content=\"Noticias Radio Reflejos\" \/>\n<meta property=\"article:published_time\" content=\"2020-06-05T20:08:57+00:00\" \/>\n<meta property=\"og:image\" content=\"https:\/\/www.noticiasradioreflejos.com.ar\/2021\/wp-content\/uploads\/2017\/07\/Parque-Provincial-Ernesto-Tornquist.jpg\" \/>\n\t<meta property=\"og:image:width\" content=\"631\" \/>\n\t<meta property=\"og:image:height\" content=\"427\" \/>\n\t<meta property=\"og:image:type\" content=\"image\/jpeg\" \/>\n<meta name=\"author\" content=\"Arnaldo Botto\" \/>\n<meta name=\"twitter:card\" content=\"summary_large_image\" \/>\n<script type=\"application\/ld+json\" class=\"yoast-schema-graph\">{\"@context\":\"https:\/\/schema.org\",\"@graph\":[{\"@type\":\"WebPage\",\"@id\":\"https:\/\/www.noticiasradioreflejos.com.ar\/2021\/las-reservas-naturales-se-posicionan-para-el-turismo-post-pandemia-en-la-provincia-de-buenos-aires\/\",\"url\":\"https:\/\/www.noticiasradioreflejos.com.ar\/2021\/las-reservas-naturales-se-posicionan-para-el-turismo-post-pandemia-en-la-provincia-de-buenos-aires\/\",\"name\":\"Las reservas naturales se posicionan para el turismo post pandemia en la Provincia de Buenos Aires. - Noticias Radio Reflejos\",\"isPartOf\":{\"@id\":\"https:\/\/www.noticiasradioreflejos.com.ar\/2021\/#website\"},\"primaryImageOfPage\":{\"@id\":\"https:\/\/www.noticiasradioreflejos.com.ar\/2021\/las-reservas-naturales-se-posicionan-para-el-turismo-post-pandemia-en-la-provincia-de-buenos-aires\/#primaryimage\"},\"image\":{\"@id\":\"https:\/\/www.noticiasradioreflejos.com.ar\/2021\/las-reservas-naturales-se-posicionan-para-el-turismo-post-pandemia-en-la-provincia-de-buenos-aires\/#primaryimage\"},\"thumbnailUrl\":\"https:\/\/www.noticiasradioreflejos.com.ar\/2021\/wp-content\/uploads\/2017\/07\/Parque-Provincial-Ernesto-Tornquist.jpg\",\"datePublished\":\"2020-06-05T20:08:57+00:00\",\"author\":{\"@id\":\"https:\/\/www.noticiasradioreflejos.com.ar\/2021\/#\/schema\/person\/ad82545263dcc5ec0996818884fd5fb1\"},\"breadcrumb\":{\"@id\":\"https:\/\/www.noticiasradioreflejos.com.ar\/2021\/las-reservas-naturales-se-posicionan-para-el-turismo-post-pandemia-en-la-provincia-de-buenos-aires\/#breadcrumb\"},\"inLanguage\":\"es\",\"potentialAction\":[{\"@type\":\"ReadAction\",\"target\":[\"https:\/\/www.noticiasradioreflejos.com.ar\/2021\/las-reservas-naturales-se-posicionan-para-el-turismo-post-pandemia-en-la-provincia-de-buenos-aires\/\"]}]},{\"@type\":\"ImageObject\",\"inLanguage\":\"es\",\"@id\":\"https:\/\/www.noticiasradioreflejos.com.ar\/2021\/las-reservas-naturales-se-posicionan-para-el-turismo-post-pandemia-en-la-provincia-de-buenos-aires\/#primaryimage\",\"url\":\"https:\/\/www.noticiasradioreflejos.com.ar\/2021\/wp-content\/uploads\/2017\/07\/Parque-Provincial-Ernesto-Tornquist.jpg\",\"contentUrl\":\"https:\/\/www.noticiasradioreflejos.com.ar\/2021\/wp-content\/uploads\/2017\/07\/Parque-Provincial-Ernesto-Tornquist.jpg\",\"width\":631,\"height\":427},{\"@type\":\"BreadcrumbList\",\"@id\":\"https:\/\/www.noticiasradioreflejos.com.ar\/2021\/las-reservas-naturales-se-posicionan-para-el-turismo-post-pandemia-en-la-provincia-de-buenos-aires\/#breadcrumb\",\"itemListElement\":[{\"@type\":\"ListItem\",\"position\":1,\"name\":\"Portada\",\"item\":\"https:\/\/www.noticiasradioreflejos.com.ar\/2021\/\"},{\"@type\":\"ListItem\",\"position\":2,\"name\":\"Las reservas naturales se posicionan para el turismo post pandemia en la Provincia de Buenos Aires.\"}]},{\"@type\":\"WebSite\",\"@id\":\"https:\/\/www.noticiasradioreflejos.com.ar\/2021\/#website\",\"url\":\"https:\/\/www.noticiasradioreflejos.com.ar\/2021\/\",\"name\":\"Noticias Radio Reflejos\",\"description\":\"Las noticias de mi comarca\",\"potentialAction\":[{\"@type\":\"SearchAction\",\"target\":{\"@type\":\"EntryPoint\",\"urlTemplate\":\"https:\/\/www.noticiasradioreflejos.com.ar\/2021\/?s={search_term_string}\"},\"query-input\":{\"@type\":\"PropertyValueSpecification\",\"valueRequired\":true,\"valueName\":\"search_term_string\"}}],\"inLanguage\":\"es\"},{\"@type\":\"Person\",\"@id\":\"https:\/\/www.noticiasradioreflejos.com.ar\/2021\/#\/schema\/person\/ad82545263dcc5ec0996818884fd5fb1\",\"name\":\"Arnaldo Botto\",\"image\":{\"@type\":\"ImageObject\",\"inLanguage\":\"es\",\"@id\":\"https:\/\/www.noticiasradioreflejos.com.ar\/2021\/#\/schema\/person\/image\/\",\"url\":\"https:\/\/secure.gravatar.com\/avatar\/55cb5e37c1efa326397366e6974cb338056df65cb50e7d64d1cf314e87504837?s=96&d=mm&r=g\",\"contentUrl\":\"https:\/\/secure.gravatar.com\/avatar\/55cb5e37c1efa326397366e6974cb338056df65cb50e7d64d1cf314e87504837?s=96&d=mm&r=g\",\"caption\":\"Arnaldo Botto\"},\"url\":\"https:\/\/www.noticiasradioreflejos.com.ar\/2021\/author\/arnaldo\/\"}]}<\/script>\n<!-- \/ Yoast SEO plugin. -->","yoast_head_json":{"title":"Las reservas naturales se posicionan para el turismo post pandemia en la Provincia de Buenos Aires. - Noticias Radio Reflejos","robots":{"index":"index","follow":"follow","max-snippet":"max-snippet:-1","max-image-preview":"max-image-preview:large","max-video-preview":"max-video-preview:-1"},"canonical":"https:\/\/www.noticiasradioreflejos.com.ar\/2021\/las-reservas-naturales-se-posicionan-para-el-turismo-post-pandemia-en-la-provincia-de-buenos-aires\/","og_locale":"es_ES","og_type":"article","og_title":"Las reservas naturales se posicionan para el turismo post pandemia en la Provincia de Buenos Aires. - Noticias Radio Reflejos","og_description":"Las reservas naturales de la provincia de Buenos Aires, que ofrecen espacios amplios y servicios seguros, son una opci\u00f3n ideal para la actividad tur\u00edstica tras la pandemia y por ese motivo ya est\u00e1n mejorando su infraestructura para recibir visitantes, inform\u00f3 hoy la Subsecretar\u00eda de Turismo bonaerense.","og_url":"https:\/\/www.noticiasradioreflejos.com.ar\/2021\/las-reservas-naturales-se-posicionan-para-el-turismo-post-pandemia-en-la-provincia-de-buenos-aires\/","og_site_name":"Noticias Radio Reflejos","article_published_time":"2020-06-05T20:08:57+00:00","og_image":[{"width":631,"height":427,"url":"https:\/\/www.noticiasradioreflejos.com.ar\/2021\/wp-content\/uploads\/2017\/07\/Parque-Provincial-Ernesto-Tornquist.jpg","type":"image\/jpeg"}],"author":"Arnaldo Botto","twitter_card":"summary_large_image","schema":{"@context":"https:\/\/schema.org","@graph":[{"@type":"WebPage","@id":"https:\/\/www.noticiasradioreflejos.com.ar\/2021\/las-reservas-naturales-se-posicionan-para-el-turismo-post-pandemia-en-la-provincia-de-buenos-aires\/","url":"https:\/\/www.noticiasradioreflejos.com.ar\/2021\/las-reservas-naturales-se-posicionan-para-el-turismo-post-pandemia-en-la-provincia-de-buenos-aires\/","name":"Las reservas naturales se posicionan para el turismo post pandemia en la Provincia de Buenos Aires. - Noticias Radio Reflejos","isPartOf":{"@id":"https:\/\/www.noticiasradioreflejos.com.ar\/2021\/#website"},"primaryImageOfPage":{"@id":"https:\/\/www.noticiasradioreflejos.com.ar\/2021\/las-reservas-naturales-se-posicionan-para-el-turismo-post-pandemia-en-la-provincia-de-buenos-aires\/#primaryimage"},"image":{"@id":"https:\/\/www.noticiasradioreflejos.com.ar\/2021\/las-reservas-naturales-se-posicionan-para-el-turismo-post-pandemia-en-la-provincia-de-buenos-aires\/#primaryimage"},"thumbnailUrl":"https:\/\/www.noticiasradioreflejos.com.ar\/2021\/wp-content\/uploads\/2017\/07\/Parque-Provincial-Ernesto-Tornquist.jpg","datePublished":"2020-06-05T20:08:57+00:00","author":{"@id":"https:\/\/www.noticiasradioreflejos.com.ar\/2021\/#\/schema\/person\/ad82545263dcc5ec0996818884fd5fb1"},"breadcrumb":{"@id":"https:\/\/www.noticiasradioreflejos.com.ar\/2021\/las-reservas-naturales-se-posicionan-para-el-turismo-post-pandemia-en-la-provincia-de-buenos-aires\/#breadcrumb"},"inLanguage":"es","potentialAction":[{"@type":"ReadAction","target":["https:\/\/www.noticiasradioreflejos.com.ar\/2021\/las-reservas-naturales-se-posicionan-para-el-turismo-post-pandemia-en-la-provincia-de-buenos-aires\/"]}]},{"@type":"ImageObject","inLanguage":"es","@id":"https:\/\/www.noticiasradioreflejos.com.ar\/2021\/las-reservas-naturales-se-posicionan-para-el-turismo-post-pandemia-en-la-provincia-de-buenos-aires\/#primaryimage","url":"https:\/\/www.noticiasradioreflejos.com.ar\/2021\/wp-content\/uploads\/2017\/07\/Parque-Provincial-Ernesto-Tornquist.jpg","contentUrl":"https:\/\/www.noticiasradioreflejos.com.ar\/2021\/wp-content\/uploads\/2017\/07\/Parque-Provincial-Ernesto-Tornquist.jpg","width":631,"height":427},{"@type":"BreadcrumbList","@id":"https:\/\/www.noticiasradioreflejos.com.ar\/2021\/las-reservas-naturales-se-posicionan-para-el-turismo-post-pandemia-en-la-provincia-de-buenos-aires\/#breadcrumb","itemListElement":[{"@type":"ListItem","position":1,"name":"Portada","item":"https:\/\/www.noticiasradioreflejos.com.ar\/2021\/"},{"@type":"ListItem","position":2,"name":"Las reservas naturales se posicionan para el turismo post pandemia en la Provincia de Buenos Aires."}]},{"@type":"WebSite","@id":"https:\/\/www.noticiasradioreflejos.com.ar\/2021\/#website","url":"https:\/\/www.noticiasradioreflejos.com.ar\/2021\/","name":"Noticias Radio Reflejos","description":"Las noticias de mi comarca","potentialAction":[{"@type":"SearchAction","target":{"@type":"EntryPoint","urlTemplate":"https:\/\/www.noticiasradioreflejos.com.ar\/2021\/?s={search_term_string}"},"query-input":{"@type":"PropertyValueSpecification","valueRequired":true,"valueName":"search_term_string"}}],"inLanguage":"es"},{"@type":"Person","@id":"https:\/\/www.noticiasradioreflejos.com.ar\/2021\/#\/schema\/person\/ad82545263dcc5ec0996818884fd5fb1","name":"Arnaldo Botto","image":{"@type":"ImageObject","inLanguage":"es","@id":"https:\/\/www.noticiasradioreflejos.com.ar\/2021\/#\/schema\/person\/image\/","url":"https:\/\/secure.gravatar.com\/avatar\/55cb5e37c1efa326397366e6974cb338056df65cb50e7d64d1cf314e87504837?s=96&d=mm&r=g","contentUrl":"https:\/\/secure.gravatar.com\/avatar\/55cb5e37c1efa326397366e6974cb338056df65cb50e7d64d1cf314e87504837?s=96&d=mm&r=g","caption":"Arnaldo Botto"},"url":"https:\/\/www.noticiasradioreflejos.com.ar\/2021\/author\/arnaldo\/"}]}},"_links":{"self":[{"href":"https:\/\/www.noticiasradioreflejos.com.ar\/2021\/wp-json\/wp\/v2\/posts\/42852","targetHints":{"allow":["GET"]}}],"collection":[{"href":"https:\/\/www.noticiasradioreflejos.com.ar\/2021\/wp-json\/wp\/v2\/posts"}],"about":[{"href":"https:\/\/www.noticiasradioreflejos.com.ar\/2021\/wp-json\/wp\/v2\/types\/post"}],"author":[{"embeddable":true,"href":"https:\/\/www.noticiasradioreflejos.com.ar\/2021\/wp-json\/wp\/v2\/users\/3"}],"replies":[{"embeddable":true,"href":"https:\/\/www.noticiasradioreflejos.com.ar\/2021\/wp-json\/wp\/v2\/comments?post=42852"}],"version-history":[{"count":0,"href":"https:\/\/www.noticiasradioreflejos.com.ar\/2021\/wp-json\/wp\/v2\/posts\/42852\/revisions"}],"wp:featuredmedia":[{"embeddable":true,"href":"https:\/\/www.noticiasradioreflejos.com.ar\/2021\/wp-json\/wp\/v2\/media\/12509"}],"wp:attachment":[{"href":"https:\/\/www.noticiasradioreflejos.com.ar\/2021\/wp-json\/wp\/v2\/media?parent=42852"}],"wp:term":[{"taxonomy":"category","embeddable":true,"href":"https:\/\/www.noticiasradioreflejos.com.ar\/2021\/wp-json\/wp\/v2\/categories?post=42852"},{"taxonomy":"post_tag","embeddable":true,"href":"https:\/\/www.noticiasradioreflejos.com.ar\/2021\/wp-json\/wp\/v2\/tags?post=42852"}],"curies":[{"name":"wp","href":"https:\/\/api.w.org\/{rel}","templated":true}]}}