{"id":42838,"date":"2020-06-05T16:40:44","date_gmt":"2020-06-05T19:40:44","guid":{"rendered":"http:\/\/www.noticiasradioreflejos.com.ar\/noticias\/?p=42838"},"modified":"2020-06-05T16:40:44","modified_gmt":"2020-06-05T19:40:44","slug":"la-macedonio-en-tiempos-de-pandemia-covid-19","status":"publish","type":"post","link":"https:\/\/www.noticiasradioreflejos.com.ar\/2021\/la-macedonio-en-tiempos-de-pandemia-covid-19\/","title":{"rendered":"La Macedonio en tiempos de pandemia &#8211; Covid 19"},"content":{"rendered":"<p>En el marco del aislamiento social obligatorio te enviamos una breve s\u00edntesis de nuestro trabajo:<!--more--><\/p>\n<p>\uf0d8 Generamos una Biblioteca Virtual Colectiva \u201cYo me quedo en casa\u201d con libros digitales de editoriales, autores y autoras, entidades educativas y enviados por diversas personas que se sumaron a este proyecto.<br \/>\nLink: <a href=\"https:\/\/drive.google.com\/drive\/folders\/1UdqjjwWdAgT4cKjX8h2VRSB7Of4Pxc2y?usp=sharing\">https:\/\/drive.google.com\/drive\/folders\/1UdqjjwWdAgT4cKjX8h2VRSB7Of4Pxc2y?usp=sharing<\/a><\/p>\n<p>\uf0d8 Estamos participando una vez por semana en un programa radial &#8211; FM de la Calle de Bah\u00eda Blanca &#8211; \u201cEn eso estamos\u201d, recomendando libros de la Biblioteca Virtual: <a href=\"http:\/\/delacalle.org\/biblioteca-virtual-colectiva-yo-me-quedo-en-casa\/\">http:\/\/delacalle.org\/biblioteca-virtual-colectiva-yo-me-quedo-en-casa\/<\/a><\/p>\n<p>\uf0d8 A partir del 5 de mayo, habiendo presentado un protocolo a las autoridades, atendemos al p\u00fablico 2 d\u00edas por semana para devoluci\u00f3n, pr\u00e9stamo y pago de cuota social.<\/p>\n<p>\uf0d8 Programa Libro % de Conabip. Desde el 4 de mayo estamos participado de la compra de libros a trav\u00e9s de este programa. La v\u00eda online nos permite adquirir libros nuevos para toda edad y de variadas editoriales que enriquecen nuestra Biblioteca. Este arduo trabajo de consulta de cat\u00e1logos para seleccionar material previamente y la interacci\u00f3n con las editoriales, concluye con la llegada del nuevo material a la Macedonio y, protocolo mediante, el procesamiento t\u00e9cnico y acceso a la comunidad.<\/p>\n<p>\uf0d8 Compartimos durante este tiempo, sitios virtuales de inter\u00e9s para toda edad a trav\u00e9s de nuestras v\u00edas de comunicaci\u00f3n remotas como Facebook, Instagram o email, y espect\u00e1culos de narraci\u00f3n en vivo. Este viernes a las 20 hs. podremos disfrutar de los videocuentos de La Luna, compa\u00f1\u00eda de cuentos que nos han visitado en varias oportunidades en la Biblioteca.<br \/>\n<a href=\"https:\/\/www.facebook.com\/photo.php?fbid=3061908033889453&amp;set=a.114310318649254&amp;type=3&amp;theater\">https:\/\/www.facebook.com\/photo.php?fbid=3061908033889453&amp;set=a.114310318649254&amp;type=3&amp;theater<\/a><\/p>\n<p>\uf0d8 Comenzaron a generarse adem\u00e1s, propuesta con talleres virtuales:<a href=\"https:\/\/www.facebook.com\/photo.php fbid=3061977453882511&amp;set=a.114310318649254&amp;type=3&amp;theater\"> https:\/\/www.facebook.com\/photo.php fbid=3061977453882511&amp;set=a.114310318649254&amp;type=3&amp;theater<\/a><\/p>\n<p>\uf0d8 Radio Fern\u00e1ndez: los viernes a las 10 hs. \u201cMa\u00f1ana superl\u00f3gica\u201d desde la Biblioteca se transmite un programa a cargo de Mart\u00edn Copolecchia. <a href=\"http:\/\/www.reproface.com.ar\/radiofernandez.html\">http:\/\/www.reproface.com.ar\/radiofernandez.html<\/a><\/p>\n<p>Por otra parte, se realizaron diversas acciones para el sostenimiento presupuestario en esta emergencia:<\/p>\n<p>\uf0d8 Participaci\u00f3n de audiovisual junto a Bibliotecas de Bah\u00eda Blanca y zona, reclamando pago de subsidio Provincial \u2013Ley 9.319-<br \/>\n\uf0d8 Gesti\u00f3n de la renovaci\u00f3n del subsidio Municipal mensual 2020.<br \/>\n\uf0d8 Inscripci\u00f3n en Fondo Desarrollar, Ministerio de Cultura de la Naci\u00f3n.\u00a0 *Gracias a quienes colaboran para que el fomento de la lectura y el acceso a informaci\u00f3n a trav\u00e9s de las Bibliotecas Populares no se interrumpa en tiempos de pandemia.<\/p>\n","protected":false},"excerpt":{"rendered":"<p>En el marco del aislamiento social obligatorio te enviamos una breve s\u00edntesis de nuestro trabajo:<\/p>\n","protected":false},"author":3,"featured_media":37978,"comment_status":"closed","ping_status":"open","sticky":false,"template":"","format":"standard","meta":{"footnotes":""},"categories":[35],"tags":[],"class_list":["post-42838","post","type-post","status-publish","format-standard","has-post-thumbnail","hentry","category-cultura"],"yoast_head":"<!-- This site is optimized with the Yoast SEO plugin v25.9 - https:\/\/yoast.com\/wordpress\/plugins\/seo\/ -->\n<title>La Macedonio en tiempos de pandemia - Covid 19 - Noticias Radio Reflejos<\/title>\n<meta name=\"robots\" content=\"index, follow, max-snippet:-1, max-image-preview:large, max-video-preview:-1\" \/>\n<link rel=\"canonical\" href=\"https:\/\/www.noticiasradioreflejos.com.ar\/2021\/la-macedonio-en-tiempos-de-pandemia-covid-19\/\" \/>\n<meta property=\"og:locale\" content=\"es_ES\" \/>\n<meta property=\"og:type\" content=\"article\" \/>\n<meta property=\"og:title\" content=\"La Macedonio en tiempos de pandemia - Covid 19 - Noticias Radio Reflejos\" \/>\n<meta property=\"og:description\" content=\"En el marco del aislamiento social obligatorio te enviamos una breve s\u00edntesis de nuestro trabajo:\" \/>\n<meta property=\"og:url\" content=\"https:\/\/www.noticiasradioreflejos.com.ar\/2021\/la-macedonio-en-tiempos-de-pandemia-covid-19\/\" \/>\n<meta property=\"og:site_name\" content=\"Noticias Radio Reflejos\" \/>\n<meta property=\"article:published_time\" content=\"2020-06-05T19:40:44+00:00\" \/>\n<meta property=\"og:image\" content=\"https:\/\/www.noticiasradioreflejos.com.ar\/2021\/wp-content\/uploads\/2020\/01\/Biblioteca-macedonio.jpg\" \/>\n\t<meta property=\"og:image:width\" content=\"960\" \/>\n\t<meta property=\"og:image:height\" content=\"661\" \/>\n\t<meta property=\"og:image:type\" content=\"image\/jpeg\" \/>\n<meta name=\"author\" content=\"Arnaldo Botto\" \/>\n<meta name=\"twitter:card\" content=\"summary_large_image\" \/>\n<script type=\"application\/ld+json\" class=\"yoast-schema-graph\">{\"@context\":\"https:\/\/schema.org\",\"@graph\":[{\"@type\":\"WebPage\",\"@id\":\"https:\/\/www.noticiasradioreflejos.com.ar\/2021\/la-macedonio-en-tiempos-de-pandemia-covid-19\/\",\"url\":\"https:\/\/www.noticiasradioreflejos.com.ar\/2021\/la-macedonio-en-tiempos-de-pandemia-covid-19\/\",\"name\":\"La Macedonio en tiempos de pandemia - Covid 19 - Noticias Radio Reflejos\",\"isPartOf\":{\"@id\":\"https:\/\/www.noticiasradioreflejos.com.ar\/2021\/#website\"},\"primaryImageOfPage\":{\"@id\":\"https:\/\/www.noticiasradioreflejos.com.ar\/2021\/la-macedonio-en-tiempos-de-pandemia-covid-19\/#primaryimage\"},\"image\":{\"@id\":\"https:\/\/www.noticiasradioreflejos.com.ar\/2021\/la-macedonio-en-tiempos-de-pandemia-covid-19\/#primaryimage\"},\"thumbnailUrl\":\"https:\/\/www.noticiasradioreflejos.com.ar\/2021\/wp-content\/uploads\/2020\/01\/Biblioteca-macedonio.jpg\",\"datePublished\":\"2020-06-05T19:40:44+00:00\",\"author\":{\"@id\":\"https:\/\/www.noticiasradioreflejos.com.ar\/2021\/#\/schema\/person\/ad82545263dcc5ec0996818884fd5fb1\"},\"breadcrumb\":{\"@id\":\"https:\/\/www.noticiasradioreflejos.com.ar\/2021\/la-macedonio-en-tiempos-de-pandemia-covid-19\/#breadcrumb\"},\"inLanguage\":\"es\",\"potentialAction\":[{\"@type\":\"ReadAction\",\"target\":[\"https:\/\/www.noticiasradioreflejos.com.ar\/2021\/la-macedonio-en-tiempos-de-pandemia-covid-19\/\"]}]},{\"@type\":\"ImageObject\",\"inLanguage\":\"es\",\"@id\":\"https:\/\/www.noticiasradioreflejos.com.ar\/2021\/la-macedonio-en-tiempos-de-pandemia-covid-19\/#primaryimage\",\"url\":\"https:\/\/www.noticiasradioreflejos.com.ar\/2021\/wp-content\/uploads\/2020\/01\/Biblioteca-macedonio.jpg\",\"contentUrl\":\"https:\/\/www.noticiasradioreflejos.com.ar\/2021\/wp-content\/uploads\/2020\/01\/Biblioteca-macedonio.jpg\",\"width\":960,\"height\":661},{\"@type\":\"BreadcrumbList\",\"@id\":\"https:\/\/www.noticiasradioreflejos.com.ar\/2021\/la-macedonio-en-tiempos-de-pandemia-covid-19\/#breadcrumb\",\"itemListElement\":[{\"@type\":\"ListItem\",\"position\":1,\"name\":\"Portada\",\"item\":\"https:\/\/www.noticiasradioreflejos.com.ar\/2021\/\"},{\"@type\":\"ListItem\",\"position\":2,\"name\":\"La Macedonio en tiempos de pandemia &#8211; Covid 19\"}]},{\"@type\":\"WebSite\",\"@id\":\"https:\/\/www.noticiasradioreflejos.com.ar\/2021\/#website\",\"url\":\"https:\/\/www.noticiasradioreflejos.com.ar\/2021\/\",\"name\":\"Noticias Radio Reflejos\",\"description\":\"Las noticias de mi comarca\",\"potentialAction\":[{\"@type\":\"SearchAction\",\"target\":{\"@type\":\"EntryPoint\",\"urlTemplate\":\"https:\/\/www.noticiasradioreflejos.com.ar\/2021\/?s={search_term_string}\"},\"query-input\":{\"@type\":\"PropertyValueSpecification\",\"valueRequired\":true,\"valueName\":\"search_term_string\"}}],\"inLanguage\":\"es\"},{\"@type\":\"Person\",\"@id\":\"https:\/\/www.noticiasradioreflejos.com.ar\/2021\/#\/schema\/person\/ad82545263dcc5ec0996818884fd5fb1\",\"name\":\"Arnaldo Botto\",\"image\":{\"@type\":\"ImageObject\",\"inLanguage\":\"es\",\"@id\":\"https:\/\/www.noticiasradioreflejos.com.ar\/2021\/#\/schema\/person\/image\/\",\"url\":\"https:\/\/secure.gravatar.com\/avatar\/55cb5e37c1efa326397366e6974cb338056df65cb50e7d64d1cf314e87504837?s=96&d=mm&r=g\",\"contentUrl\":\"https:\/\/secure.gravatar.com\/avatar\/55cb5e37c1efa326397366e6974cb338056df65cb50e7d64d1cf314e87504837?s=96&d=mm&r=g\",\"caption\":\"Arnaldo Botto\"},\"url\":\"https:\/\/www.noticiasradioreflejos.com.ar\/2021\/author\/arnaldo\/\"}]}<\/script>\n<!-- \/ Yoast SEO plugin. -->","yoast_head_json":{"title":"La Macedonio en tiempos de pandemia - Covid 19 - Noticias Radio Reflejos","robots":{"index":"index","follow":"follow","max-snippet":"max-snippet:-1","max-image-preview":"max-image-preview:large","max-video-preview":"max-video-preview:-1"},"canonical":"https:\/\/www.noticiasradioreflejos.com.ar\/2021\/la-macedonio-en-tiempos-de-pandemia-covid-19\/","og_locale":"es_ES","og_type":"article","og_title":"La Macedonio en tiempos de pandemia - Covid 19 - Noticias Radio Reflejos","og_description":"En el marco del aislamiento social obligatorio te enviamos una breve s\u00edntesis de nuestro trabajo:","og_url":"https:\/\/www.noticiasradioreflejos.com.ar\/2021\/la-macedonio-en-tiempos-de-pandemia-covid-19\/","og_site_name":"Noticias Radio Reflejos","article_published_time":"2020-06-05T19:40:44+00:00","og_image":[{"width":960,"height":661,"url":"https:\/\/www.noticiasradioreflejos.com.ar\/2021\/wp-content\/uploads\/2020\/01\/Biblioteca-macedonio.jpg","type":"image\/jpeg"}],"author":"Arnaldo Botto","twitter_card":"summary_large_image","schema":{"@context":"https:\/\/schema.org","@graph":[{"@type":"WebPage","@id":"https:\/\/www.noticiasradioreflejos.com.ar\/2021\/la-macedonio-en-tiempos-de-pandemia-covid-19\/","url":"https:\/\/www.noticiasradioreflejos.com.ar\/2021\/la-macedonio-en-tiempos-de-pandemia-covid-19\/","name":"La Macedonio en tiempos de pandemia - Covid 19 - Noticias Radio Reflejos","isPartOf":{"@id":"https:\/\/www.noticiasradioreflejos.com.ar\/2021\/#website"},"primaryImageOfPage":{"@id":"https:\/\/www.noticiasradioreflejos.com.ar\/2021\/la-macedonio-en-tiempos-de-pandemia-covid-19\/#primaryimage"},"image":{"@id":"https:\/\/www.noticiasradioreflejos.com.ar\/2021\/la-macedonio-en-tiempos-de-pandemia-covid-19\/#primaryimage"},"thumbnailUrl":"https:\/\/www.noticiasradioreflejos.com.ar\/2021\/wp-content\/uploads\/2020\/01\/Biblioteca-macedonio.jpg","datePublished":"2020-06-05T19:40:44+00:00","author":{"@id":"https:\/\/www.noticiasradioreflejos.com.ar\/2021\/#\/schema\/person\/ad82545263dcc5ec0996818884fd5fb1"},"breadcrumb":{"@id":"https:\/\/www.noticiasradioreflejos.com.ar\/2021\/la-macedonio-en-tiempos-de-pandemia-covid-19\/#breadcrumb"},"inLanguage":"es","potentialAction":[{"@type":"ReadAction","target":["https:\/\/www.noticiasradioreflejos.com.ar\/2021\/la-macedonio-en-tiempos-de-pandemia-covid-19\/"]}]},{"@type":"ImageObject","inLanguage":"es","@id":"https:\/\/www.noticiasradioreflejos.com.ar\/2021\/la-macedonio-en-tiempos-de-pandemia-covid-19\/#primaryimage","url":"https:\/\/www.noticiasradioreflejos.com.ar\/2021\/wp-content\/uploads\/2020\/01\/Biblioteca-macedonio.jpg","contentUrl":"https:\/\/www.noticiasradioreflejos.com.ar\/2021\/wp-content\/uploads\/2020\/01\/Biblioteca-macedonio.jpg","width":960,"height":661},{"@type":"BreadcrumbList","@id":"https:\/\/www.noticiasradioreflejos.com.ar\/2021\/la-macedonio-en-tiempos-de-pandemia-covid-19\/#breadcrumb","itemListElement":[{"@type":"ListItem","position":1,"name":"Portada","item":"https:\/\/www.noticiasradioreflejos.com.ar\/2021\/"},{"@type":"ListItem","position":2,"name":"La Macedonio en tiempos de pandemia &#8211; Covid 19"}]},{"@type":"WebSite","@id":"https:\/\/www.noticiasradioreflejos.com.ar\/2021\/#website","url":"https:\/\/www.noticiasradioreflejos.com.ar\/2021\/","name":"Noticias Radio Reflejos","description":"Las noticias de mi comarca","potentialAction":[{"@type":"SearchAction","target":{"@type":"EntryPoint","urlTemplate":"https:\/\/www.noticiasradioreflejos.com.ar\/2021\/?s={search_term_string}"},"query-input":{"@type":"PropertyValueSpecification","valueRequired":true,"valueName":"search_term_string"}}],"inLanguage":"es"},{"@type":"Person","@id":"https:\/\/www.noticiasradioreflejos.com.ar\/2021\/#\/schema\/person\/ad82545263dcc5ec0996818884fd5fb1","name":"Arnaldo Botto","image":{"@type":"ImageObject","inLanguage":"es","@id":"https:\/\/www.noticiasradioreflejos.com.ar\/2021\/#\/schema\/person\/image\/","url":"https:\/\/secure.gravatar.com\/avatar\/55cb5e37c1efa326397366e6974cb338056df65cb50e7d64d1cf314e87504837?s=96&d=mm&r=g","contentUrl":"https:\/\/secure.gravatar.com\/avatar\/55cb5e37c1efa326397366e6974cb338056df65cb50e7d64d1cf314e87504837?s=96&d=mm&r=g","caption":"Arnaldo Botto"},"url":"https:\/\/www.noticiasradioreflejos.com.ar\/2021\/author\/arnaldo\/"}]}},"_links":{"self":[{"href":"https:\/\/www.noticiasradioreflejos.com.ar\/2021\/wp-json\/wp\/v2\/posts\/42838","targetHints":{"allow":["GET"]}}],"collection":[{"href":"https:\/\/www.noticiasradioreflejos.com.ar\/2021\/wp-json\/wp\/v2\/posts"}],"about":[{"href":"https:\/\/www.noticiasradioreflejos.com.ar\/2021\/wp-json\/wp\/v2\/types\/post"}],"author":[{"embeddable":true,"href":"https:\/\/www.noticiasradioreflejos.com.ar\/2021\/wp-json\/wp\/v2\/users\/3"}],"replies":[{"embeddable":true,"href":"https:\/\/www.noticiasradioreflejos.com.ar\/2021\/wp-json\/wp\/v2\/comments?post=42838"}],"version-history":[{"count":0,"href":"https:\/\/www.noticiasradioreflejos.com.ar\/2021\/wp-json\/wp\/v2\/posts\/42838\/revisions"}],"wp:featuredmedia":[{"embeddable":true,"href":"https:\/\/www.noticiasradioreflejos.com.ar\/2021\/wp-json\/wp\/v2\/media\/37978"}],"wp:attachment":[{"href":"https:\/\/www.noticiasradioreflejos.com.ar\/2021\/wp-json\/wp\/v2\/media?parent=42838"}],"wp:term":[{"taxonomy":"category","embeddable":true,"href":"https:\/\/www.noticiasradioreflejos.com.ar\/2021\/wp-json\/wp\/v2\/categories?post=42838"},{"taxonomy":"post_tag","embeddable":true,"href":"https:\/\/www.noticiasradioreflejos.com.ar\/2021\/wp-json\/wp\/v2\/tags?post=42838"}],"curies":[{"name":"wp","href":"https:\/\/api.w.org\/{rel}","templated":true}]}}