{"id":42832,"date":"2020-06-05T14:39:34","date_gmt":"2020-06-05T17:39:34","guid":{"rendered":"http:\/\/www.noticiasradioreflejos.com.ar\/noticias\/?p=42832"},"modified":"2020-06-05T14:39:34","modified_gmt":"2020-06-05T17:39:34","slug":"entrevista-a-susana-dos-santos","status":"publish","type":"post","link":"https:\/\/www.noticiasradioreflejos.com.ar\/2021\/entrevista-a-susana-dos-santos\/","title":{"rendered":"\u00abYo soy muy optimista, pero me angustia mucho no poder dar m\u00e1s respuestas de las que estoy dando. Una peque\u00f1a apertura del turismo ayudar\u00eda mucho\u00bb -Susana Dos Santos"},"content":{"rendered":"<p>Tras la reuni\u00f3n de ayer entre autoridades municipales y prestadores tur\u00edsticos de Sierra de la Ventana entrevistamos a Susana Dos Santos, secretaria de producci\u00f3n, turismo, comercio e industria del distrito. Ella nos cuenta cu\u00e1les son las necesidades del sector, las respuestas que est\u00e1n buscando de parte de Provincia y Naci\u00f3n y cu\u00e1l es su visi\u00f3n acerca de una apertura del turismo en un futuro cercano.<!--more--><\/p>\n<p><a title=\"Comerciantes y Autoridades en Sierra (4)\" href=\"http:\/\/live.staticflickr.com\/65535\/49973356071_f6a85b154b_s.jpg\" rel=\"\"><img loading=\"lazy\" decoding=\"async\" class=\"alignleft\" style=\"float: left;\" title=\"Comerciantes y Autoridades en Sierra (4)\" src=\"http:\/\/live.staticflickr.com\/65535\/49973356071_f6a85b154b.jpg\" alt=\"Comerciantes y Autoridades en Sierra (4)\" width=\"500\" height=\"281\" \/><\/a>En medio de la reuni\u00f3n de personas del sector tur\u00edstico, conversamos con Susana, quien nos explic\u00f3 cu\u00e1les son las preocupaciones de los rubros: \u00abPor m\u00e1s que se contacten con nosotros por mails y dem\u00e1s, no es lo mismo que vernos cara a cara y que nos cuenten los casos particulares\u00bb. Comunica que, desde el municipio, se est\u00e1 manteniendo un contacto diario y permanente con los prestadores de servicios y los comerciantes del distrito.<\/p>\n<p>\u00abM\u00ednimamente necesitamos una apertura interna, entre los lugares que no tengan infectados. Cerrar todo no les va a dar una soluci\u00f3n. Estar en 0 con todo cerrado es insoportable\u00bb expres\u00f3 Susana refiri\u00e9ndose a las localidades del distrito que viven del turismo.<\/p>\n<p>Agreg\u00f3 que los cr\u00e9ditos que est\u00e1n ofreciendo al sector no son suficientes, no alcanzan para solventar los gastos de los negocios que est\u00e1n intentando seguir manteni\u00e9ndose se pie. \u00abNecesitamos otras paleativas, necesitamos subsidios para que la gente pueda soportar tal largo plazo\u00bb.<\/p>\n<p>\u00abEl hecho de ser una poblaci\u00f3n tan peque\u00f1a nos condiciona y no nos beneficia porque el turismo no funciona. Al momento de la apertura s\u00ed seremos beneficiados porque nuestra regi\u00f3n comprende uno de los posibles destinos m\u00e1s buscados\u00bb afirm\u00f3 la secretaria de producci\u00f3n, turismo, comercio e industria. Aunque lo que m\u00e1s le angustia, es que no se sepa cu\u00e1ndo pueda ocurrir esta apertura.<\/p>\n<p>En caso de existir un caso dentro del distrito al momento de tener el turismo funcionando, lo primero que se realizar\u00eda es activar el protocolo correspondiente. \u00abHay que tener una amplitud mental y dejar el miedo, porque infectados va a haber. Estamos apostando a poder tener el seguimiento de la seguridad de la zona para cuando haya un caso, no nos contagiemos\u00bb sostuvo.<\/p>\n<p>Finalmente, Susana nos comparti\u00f3 sus emociones con respecto a la situaci\u00f3n actual que est\u00e1n atravesando todos los comerciantes y prestadores de servicios: \u00abYo soy muy optimista, pero me angustia mucho no poder dar m\u00e1s respuestas de las que estoy dando. Una peque\u00f1a apertura del turismo ayudar\u00eda mucho\u00bb.<\/p>\n<p>Nota completa a continuaci\u00f3n:<br \/>\n<iframe loading=\"lazy\" src=\"https:\/\/w.soundcloud.com\/player\/?url=https%3A\/\/api.soundcloud.com\/tracks\/834564568&amp;color=%23ff5500&amp;auto_play=false&amp;hide_related=false&amp;show_comments=true&amp;show_user=true&amp;show_reposts=false&amp;show_teaser=true\" width=\"100%\" height=\"166\" frameborder=\"no\" scrolling=\"no\"><\/iframe><\/p>\n<div style=\"font-size: 10px; color: #cccccc; line-break: anywhere; word-break: normal; overflow: hidden; white-space: nowrap; text-overflow: ellipsis; font-family: Interstate,Lucida Grande,Lucida Sans Unicode,Lucida Sans,Garuda,Verdana,Tahoma,sans-serif; font-weight: 100;\"><a style=\"color: #cccccc; text-decoration: none;\" title=\"fmreflejos 103.7\" href=\"https:\/\/soundcloud.com\/fmreflejos-103-7\" target=\"_blank\" rel=\"noopener\">fmreflejos 103.7<\/a> \u00b7 <a style=\"color: #cccccc; text-decoration: none;\" title=\"Susana Dos Santos\" href=\"https:\/\/soundcloud.com\/fmreflejos-103-7\/susana-dos-santos-11002442\" target=\"_blank\" rel=\"noopener\">Susana Dos Santos<\/a><\/div>\n","protected":false},"excerpt":{"rendered":"<p>Tras la reuni\u00f3n de ayer entre autoridades municipales y prestadores tur\u00edsticos de Sierra de la Ventana entrevistamos a Susana Dos Santos, secretaria de producci\u00f3n, turismo, comercio e industria del distrito. Ella nos cuenta cu\u00e1les son las necesidades del sector, las respuestas que est\u00e1n buscando de parte de Provincia y Naci\u00f3n y cu\u00e1l es su visi\u00f3n [&hellip;]<\/p>\n","protected":false},"author":3,"featured_media":0,"comment_status":"closed","ping_status":"open","sticky":false,"template":"","format":"standard","meta":{"footnotes":""},"categories":[33],"tags":[],"class_list":["post-42832","post","type-post","status-publish","format-standard","hentry","category-turismo"],"yoast_head":"<!-- This site is optimized with the Yoast SEO plugin v25.9 - https:\/\/yoast.com\/wordpress\/plugins\/seo\/ -->\n<title>&quot;Yo soy muy optimista, pero me angustia mucho no poder dar m\u00e1s respuestas de las que estoy dando. Una peque\u00f1a apertura del turismo ayudar\u00eda mucho&quot; -Susana Dos Santos - Noticias Radio Reflejos<\/title>\n<meta name=\"robots\" content=\"index, follow, max-snippet:-1, max-image-preview:large, max-video-preview:-1\" \/>\n<link rel=\"canonical\" href=\"https:\/\/www.noticiasradioreflejos.com.ar\/2021\/entrevista-a-susana-dos-santos\/\" \/>\n<meta property=\"og:locale\" content=\"es_ES\" \/>\n<meta property=\"og:type\" content=\"article\" \/>\n<meta property=\"og:title\" content=\"&quot;Yo soy muy optimista, pero me angustia mucho no poder dar m\u00e1s respuestas de las que estoy dando. Una peque\u00f1a apertura del turismo ayudar\u00eda mucho&quot; -Susana Dos Santos - Noticias Radio Reflejos\" \/>\n<meta property=\"og:description\" content=\"Tras la reuni\u00f3n de ayer entre autoridades municipales y prestadores tur\u00edsticos de Sierra de la Ventana entrevistamos a Susana Dos Santos, secretaria de producci\u00f3n, turismo, comercio e industria del distrito. Ella nos cuenta cu\u00e1les son las necesidades del sector, las respuestas que est\u00e1n buscando de parte de Provincia y Naci\u00f3n y cu\u00e1l es su visi\u00f3n [&hellip;]\" \/>\n<meta property=\"og:url\" content=\"https:\/\/www.noticiasradioreflejos.com.ar\/2021\/entrevista-a-susana-dos-santos\/\" \/>\n<meta property=\"og:site_name\" content=\"Noticias Radio Reflejos\" \/>\n<meta property=\"article:published_time\" content=\"2020-06-05T17:39:34+00:00\" \/>\n<meta property=\"og:image\" content=\"http:\/\/live.staticflickr.com\/65535\/49973356071_f6a85b154b.jpg\" \/>\n<meta name=\"author\" content=\"Arnaldo Botto\" \/>\n<meta name=\"twitter:card\" content=\"summary_large_image\" \/>\n<script type=\"application\/ld+json\" class=\"yoast-schema-graph\">{\"@context\":\"https:\/\/schema.org\",\"@graph\":[{\"@type\":\"WebPage\",\"@id\":\"https:\/\/www.noticiasradioreflejos.com.ar\/2021\/entrevista-a-susana-dos-santos\/\",\"url\":\"https:\/\/www.noticiasradioreflejos.com.ar\/2021\/entrevista-a-susana-dos-santos\/\",\"name\":\"\\\"Yo soy muy optimista, pero me angustia mucho no poder dar m\u00e1s respuestas de las que estoy dando. Una peque\u00f1a apertura del turismo ayudar\u00eda mucho\\\" -Susana Dos Santos - Noticias Radio Reflejos\",\"isPartOf\":{\"@id\":\"https:\/\/www.noticiasradioreflejos.com.ar\/2021\/#website\"},\"primaryImageOfPage\":{\"@id\":\"https:\/\/www.noticiasradioreflejos.com.ar\/2021\/entrevista-a-susana-dos-santos\/#primaryimage\"},\"image\":{\"@id\":\"https:\/\/www.noticiasradioreflejos.com.ar\/2021\/entrevista-a-susana-dos-santos\/#primaryimage\"},\"thumbnailUrl\":\"http:\/\/live.staticflickr.com\/65535\/49973356071_f6a85b154b.jpg\",\"datePublished\":\"2020-06-05T17:39:34+00:00\",\"author\":{\"@id\":\"https:\/\/www.noticiasradioreflejos.com.ar\/2021\/#\/schema\/person\/ad82545263dcc5ec0996818884fd5fb1\"},\"breadcrumb\":{\"@id\":\"https:\/\/www.noticiasradioreflejos.com.ar\/2021\/entrevista-a-susana-dos-santos\/#breadcrumb\"},\"inLanguage\":\"es\",\"potentialAction\":[{\"@type\":\"ReadAction\",\"target\":[\"https:\/\/www.noticiasradioreflejos.com.ar\/2021\/entrevista-a-susana-dos-santos\/\"]}]},{\"@type\":\"ImageObject\",\"inLanguage\":\"es\",\"@id\":\"https:\/\/www.noticiasradioreflejos.com.ar\/2021\/entrevista-a-susana-dos-santos\/#primaryimage\",\"url\":\"http:\/\/live.staticflickr.com\/65535\/49973356071_f6a85b154b.jpg\",\"contentUrl\":\"http:\/\/live.staticflickr.com\/65535\/49973356071_f6a85b154b.jpg\"},{\"@type\":\"BreadcrumbList\",\"@id\":\"https:\/\/www.noticiasradioreflejos.com.ar\/2021\/entrevista-a-susana-dos-santos\/#breadcrumb\",\"itemListElement\":[{\"@type\":\"ListItem\",\"position\":1,\"name\":\"Portada\",\"item\":\"https:\/\/www.noticiasradioreflejos.com.ar\/2021\/\"},{\"@type\":\"ListItem\",\"position\":2,\"name\":\"\u00abYo soy muy optimista, pero me angustia mucho no poder dar m\u00e1s respuestas de las que estoy dando. Una peque\u00f1a apertura del turismo ayudar\u00eda mucho\u00bb -Susana Dos Santos\"}]},{\"@type\":\"WebSite\",\"@id\":\"https:\/\/www.noticiasradioreflejos.com.ar\/2021\/#website\",\"url\":\"https:\/\/www.noticiasradioreflejos.com.ar\/2021\/\",\"name\":\"Noticias Radio Reflejos\",\"description\":\"Las noticias de mi comarca\",\"potentialAction\":[{\"@type\":\"SearchAction\",\"target\":{\"@type\":\"EntryPoint\",\"urlTemplate\":\"https:\/\/www.noticiasradioreflejos.com.ar\/2021\/?s={search_term_string}\"},\"query-input\":{\"@type\":\"PropertyValueSpecification\",\"valueRequired\":true,\"valueName\":\"search_term_string\"}}],\"inLanguage\":\"es\"},{\"@type\":\"Person\",\"@id\":\"https:\/\/www.noticiasradioreflejos.com.ar\/2021\/#\/schema\/person\/ad82545263dcc5ec0996818884fd5fb1\",\"name\":\"Arnaldo Botto\",\"image\":{\"@type\":\"ImageObject\",\"inLanguage\":\"es\",\"@id\":\"https:\/\/www.noticiasradioreflejos.com.ar\/2021\/#\/schema\/person\/image\/\",\"url\":\"https:\/\/secure.gravatar.com\/avatar\/55cb5e37c1efa326397366e6974cb338056df65cb50e7d64d1cf314e87504837?s=96&d=mm&r=g\",\"contentUrl\":\"https:\/\/secure.gravatar.com\/avatar\/55cb5e37c1efa326397366e6974cb338056df65cb50e7d64d1cf314e87504837?s=96&d=mm&r=g\",\"caption\":\"Arnaldo Botto\"},\"url\":\"https:\/\/www.noticiasradioreflejos.com.ar\/2021\/author\/arnaldo\/\"}]}<\/script>\n<!-- \/ Yoast SEO plugin. -->","yoast_head_json":{"title":"\"Yo soy muy optimista, pero me angustia mucho no poder dar m\u00e1s respuestas de las que estoy dando. Una peque\u00f1a apertura del turismo ayudar\u00eda mucho\" -Susana Dos Santos - Noticias Radio Reflejos","robots":{"index":"index","follow":"follow","max-snippet":"max-snippet:-1","max-image-preview":"max-image-preview:large","max-video-preview":"max-video-preview:-1"},"canonical":"https:\/\/www.noticiasradioreflejos.com.ar\/2021\/entrevista-a-susana-dos-santos\/","og_locale":"es_ES","og_type":"article","og_title":"\"Yo soy muy optimista, pero me angustia mucho no poder dar m\u00e1s respuestas de las que estoy dando. Una peque\u00f1a apertura del turismo ayudar\u00eda mucho\" -Susana Dos Santos - Noticias Radio Reflejos","og_description":"Tras la reuni\u00f3n de ayer entre autoridades municipales y prestadores tur\u00edsticos de Sierra de la Ventana entrevistamos a Susana Dos Santos, secretaria de producci\u00f3n, turismo, comercio e industria del distrito. Ella nos cuenta cu\u00e1les son las necesidades del sector, las respuestas que est\u00e1n buscando de parte de Provincia y Naci\u00f3n y cu\u00e1l es su visi\u00f3n [&hellip;]","og_url":"https:\/\/www.noticiasradioreflejos.com.ar\/2021\/entrevista-a-susana-dos-santos\/","og_site_name":"Noticias Radio Reflejos","article_published_time":"2020-06-05T17:39:34+00:00","og_image":[{"url":"http:\/\/live.staticflickr.com\/65535\/49973356071_f6a85b154b.jpg","type":"","width":"","height":""}],"author":"Arnaldo Botto","twitter_card":"summary_large_image","schema":{"@context":"https:\/\/schema.org","@graph":[{"@type":"WebPage","@id":"https:\/\/www.noticiasradioreflejos.com.ar\/2021\/entrevista-a-susana-dos-santos\/","url":"https:\/\/www.noticiasradioreflejos.com.ar\/2021\/entrevista-a-susana-dos-santos\/","name":"\"Yo soy muy optimista, pero me angustia mucho no poder dar m\u00e1s respuestas de las que estoy dando. Una peque\u00f1a apertura del turismo ayudar\u00eda mucho\" -Susana Dos Santos - Noticias Radio Reflejos","isPartOf":{"@id":"https:\/\/www.noticiasradioreflejos.com.ar\/2021\/#website"},"primaryImageOfPage":{"@id":"https:\/\/www.noticiasradioreflejos.com.ar\/2021\/entrevista-a-susana-dos-santos\/#primaryimage"},"image":{"@id":"https:\/\/www.noticiasradioreflejos.com.ar\/2021\/entrevista-a-susana-dos-santos\/#primaryimage"},"thumbnailUrl":"http:\/\/live.staticflickr.com\/65535\/49973356071_f6a85b154b.jpg","datePublished":"2020-06-05T17:39:34+00:00","author":{"@id":"https:\/\/www.noticiasradioreflejos.com.ar\/2021\/#\/schema\/person\/ad82545263dcc5ec0996818884fd5fb1"},"breadcrumb":{"@id":"https:\/\/www.noticiasradioreflejos.com.ar\/2021\/entrevista-a-susana-dos-santos\/#breadcrumb"},"inLanguage":"es","potentialAction":[{"@type":"ReadAction","target":["https:\/\/www.noticiasradioreflejos.com.ar\/2021\/entrevista-a-susana-dos-santos\/"]}]},{"@type":"ImageObject","inLanguage":"es","@id":"https:\/\/www.noticiasradioreflejos.com.ar\/2021\/entrevista-a-susana-dos-santos\/#primaryimage","url":"http:\/\/live.staticflickr.com\/65535\/49973356071_f6a85b154b.jpg","contentUrl":"http:\/\/live.staticflickr.com\/65535\/49973356071_f6a85b154b.jpg"},{"@type":"BreadcrumbList","@id":"https:\/\/www.noticiasradioreflejos.com.ar\/2021\/entrevista-a-susana-dos-santos\/#breadcrumb","itemListElement":[{"@type":"ListItem","position":1,"name":"Portada","item":"https:\/\/www.noticiasradioreflejos.com.ar\/2021\/"},{"@type":"ListItem","position":2,"name":"\u00abYo soy muy optimista, pero me angustia mucho no poder dar m\u00e1s respuestas de las que estoy dando. Una peque\u00f1a apertura del turismo ayudar\u00eda mucho\u00bb -Susana Dos Santos"}]},{"@type":"WebSite","@id":"https:\/\/www.noticiasradioreflejos.com.ar\/2021\/#website","url":"https:\/\/www.noticiasradioreflejos.com.ar\/2021\/","name":"Noticias Radio Reflejos","description":"Las noticias de mi comarca","potentialAction":[{"@type":"SearchAction","target":{"@type":"EntryPoint","urlTemplate":"https:\/\/www.noticiasradioreflejos.com.ar\/2021\/?s={search_term_string}"},"query-input":{"@type":"PropertyValueSpecification","valueRequired":true,"valueName":"search_term_string"}}],"inLanguage":"es"},{"@type":"Person","@id":"https:\/\/www.noticiasradioreflejos.com.ar\/2021\/#\/schema\/person\/ad82545263dcc5ec0996818884fd5fb1","name":"Arnaldo Botto","image":{"@type":"ImageObject","inLanguage":"es","@id":"https:\/\/www.noticiasradioreflejos.com.ar\/2021\/#\/schema\/person\/image\/","url":"https:\/\/secure.gravatar.com\/avatar\/55cb5e37c1efa326397366e6974cb338056df65cb50e7d64d1cf314e87504837?s=96&d=mm&r=g","contentUrl":"https:\/\/secure.gravatar.com\/avatar\/55cb5e37c1efa326397366e6974cb338056df65cb50e7d64d1cf314e87504837?s=96&d=mm&r=g","caption":"Arnaldo Botto"},"url":"https:\/\/www.noticiasradioreflejos.com.ar\/2021\/author\/arnaldo\/"}]}},"_links":{"self":[{"href":"https:\/\/www.noticiasradioreflejos.com.ar\/2021\/wp-json\/wp\/v2\/posts\/42832","targetHints":{"allow":["GET"]}}],"collection":[{"href":"https:\/\/www.noticiasradioreflejos.com.ar\/2021\/wp-json\/wp\/v2\/posts"}],"about":[{"href":"https:\/\/www.noticiasradioreflejos.com.ar\/2021\/wp-json\/wp\/v2\/types\/post"}],"author":[{"embeddable":true,"href":"https:\/\/www.noticiasradioreflejos.com.ar\/2021\/wp-json\/wp\/v2\/users\/3"}],"replies":[{"embeddable":true,"href":"https:\/\/www.noticiasradioreflejos.com.ar\/2021\/wp-json\/wp\/v2\/comments?post=42832"}],"version-history":[{"count":0,"href":"https:\/\/www.noticiasradioreflejos.com.ar\/2021\/wp-json\/wp\/v2\/posts\/42832\/revisions"}],"wp:attachment":[{"href":"https:\/\/www.noticiasradioreflejos.com.ar\/2021\/wp-json\/wp\/v2\/media?parent=42832"}],"wp:term":[{"taxonomy":"category","embeddable":true,"href":"https:\/\/www.noticiasradioreflejos.com.ar\/2021\/wp-json\/wp\/v2\/categories?post=42832"},{"taxonomy":"post_tag","embeddable":true,"href":"https:\/\/www.noticiasradioreflejos.com.ar\/2021\/wp-json\/wp\/v2\/tags?post=42832"}],"curies":[{"name":"wp","href":"https:\/\/api.w.org\/{rel}","templated":true}]}}