{"id":42824,"date":"2020-06-05T11:10:15","date_gmt":"2020-06-05T14:10:15","guid":{"rendered":"http:\/\/www.noticiasradioreflejos.com.ar\/noticias\/?p=42824"},"modified":"2020-06-05T11:10:15","modified_gmt":"2020-06-05T14:10:15","slug":"convocatoria-por-el-dia-de-la-bandera","status":"publish","type":"post","link":"https:\/\/www.noticiasradioreflejos.com.ar\/2021\/convocatoria-por-el-dia-de-la-bandera\/","title":{"rendered":"Convocatoria por el D\u00eda de la Bandera"},"content":{"rendered":"<p>Con motivo de celebrar el pr\u00f3ximo 20 de junio el \u201cD\u00eda de la Bandera\u201d, la Direcci\u00f3n de Cultura invita a todos los ni\u00f1os a participar de una convocatoria, con el objetivo de fomentar la creatividad de nuestros jovenes durante el aislamiento, y por sobre todo valorar los sentimientos de patriotismo y colores de nuestra bandera. <!--more--><br \/>\nLos invitamos a enviar sus trabajos que pueden ser confeccionados con distintos materiales did\u00e1cticos o reutilizables, y aplicar diferentes t\u00e9cnicas.<br \/>\nRecibiremos fotos, que deber\u00e1n tener nombre, apellido y edad de los peque\u00f1os, de las creaciones hasta el pr\u00f3ximo 17 de junio, en el siguiente mail: agenda.tornquist@gmail.com. Luego ser\u00e1n subidos a las distintas redes oficiales del Municipio y de la Direcci\u00f3n de Cultura.<br \/>\nNuevamente los invitamos a sumare a esta propuesta con el fin de reconocer uno de los s\u00edmbolos m\u00e1s importantes de nuestra patria, y as\u00ed poder celebrarlo.<br \/>\n<a title=\"WhatsApp Image 2020-06-04 at 09.43.17\" href=\"http:\/\/live.staticflickr.com\/65535\/49973930157_ef467df178_s.jpg\" rel=\"\"><img loading=\"lazy\" decoding=\"async\" class=\"aligncenter\" title=\"WhatsApp Image 2020-06-04 at 09.43.17\" src=\"http:\/\/live.staticflickr.com\/65535\/49973930157_ef467df178_c.jpg\" alt=\"WhatsApp Image 2020-06-04 at 09.43.17\" width=\"800\" height=\"800\" \/><\/a><\/p>\n","protected":false},"excerpt":{"rendered":"<p>Con motivo de celebrar el pr\u00f3ximo 20 de junio el \u201cD\u00eda de la Bandera\u201d, la Direcci\u00f3n de Cultura invita a todos los ni\u00f1os a participar de una convocatoria, con el objetivo de fomentar la creatividad de nuestros jovenes durante el aislamiento, y por sobre todo valorar los sentimientos de patriotismo y colores de nuestra bandera.<\/p>\n","protected":false},"author":3,"featured_media":0,"comment_status":"closed","ping_status":"open","sticky":false,"template":"","format":"standard","meta":{"footnotes":""},"categories":[35,34],"tags":[],"class_list":["post-42824","post","type-post","status-publish","format-standard","hentry","category-cultura","category-educacion"],"yoast_head":"<!-- This site is optimized with the Yoast SEO plugin v25.9 - https:\/\/yoast.com\/wordpress\/plugins\/seo\/ -->\n<title>Convocatoria por el D\u00eda de la Bandera - Noticias Radio Reflejos<\/title>\n<meta name=\"robots\" content=\"index, follow, max-snippet:-1, max-image-preview:large, max-video-preview:-1\" \/>\n<link rel=\"canonical\" href=\"https:\/\/www.noticiasradioreflejos.com.ar\/2021\/convocatoria-por-el-dia-de-la-bandera\/\" \/>\n<meta property=\"og:locale\" content=\"es_ES\" \/>\n<meta property=\"og:type\" content=\"article\" \/>\n<meta property=\"og:title\" content=\"Convocatoria por el D\u00eda de la Bandera - Noticias Radio Reflejos\" \/>\n<meta property=\"og:description\" content=\"Con motivo de celebrar el pr\u00f3ximo 20 de junio el \u201cD\u00eda de la Bandera\u201d, la Direcci\u00f3n de Cultura invita a todos los ni\u00f1os a participar de una convocatoria, con el objetivo de fomentar la creatividad de nuestros jovenes durante el aislamiento, y por sobre todo valorar los sentimientos de patriotismo y colores de nuestra bandera.\" \/>\n<meta property=\"og:url\" content=\"https:\/\/www.noticiasradioreflejos.com.ar\/2021\/convocatoria-por-el-dia-de-la-bandera\/\" \/>\n<meta property=\"og:site_name\" content=\"Noticias Radio Reflejos\" \/>\n<meta property=\"article:published_time\" content=\"2020-06-05T14:10:15+00:00\" \/>\n<meta property=\"og:image\" content=\"http:\/\/live.staticflickr.com\/65535\/49973930157_ef467df178_c.jpg\" \/>\n<meta name=\"author\" content=\"Arnaldo Botto\" \/>\n<meta name=\"twitter:card\" content=\"summary_large_image\" \/>\n<script type=\"application\/ld+json\" class=\"yoast-schema-graph\">{\"@context\":\"https:\/\/schema.org\",\"@graph\":[{\"@type\":\"WebPage\",\"@id\":\"https:\/\/www.noticiasradioreflejos.com.ar\/2021\/convocatoria-por-el-dia-de-la-bandera\/\",\"url\":\"https:\/\/www.noticiasradioreflejos.com.ar\/2021\/convocatoria-por-el-dia-de-la-bandera\/\",\"name\":\"Convocatoria por el D\u00eda de la Bandera - Noticias Radio Reflejos\",\"isPartOf\":{\"@id\":\"https:\/\/www.noticiasradioreflejos.com.ar\/2021\/#website\"},\"primaryImageOfPage\":{\"@id\":\"https:\/\/www.noticiasradioreflejos.com.ar\/2021\/convocatoria-por-el-dia-de-la-bandera\/#primaryimage\"},\"image\":{\"@id\":\"https:\/\/www.noticiasradioreflejos.com.ar\/2021\/convocatoria-por-el-dia-de-la-bandera\/#primaryimage\"},\"thumbnailUrl\":\"http:\/\/live.staticflickr.com\/65535\/49973930157_ef467df178_c.jpg\",\"datePublished\":\"2020-06-05T14:10:15+00:00\",\"author\":{\"@id\":\"https:\/\/www.noticiasradioreflejos.com.ar\/2021\/#\/schema\/person\/ad82545263dcc5ec0996818884fd5fb1\"},\"breadcrumb\":{\"@id\":\"https:\/\/www.noticiasradioreflejos.com.ar\/2021\/convocatoria-por-el-dia-de-la-bandera\/#breadcrumb\"},\"inLanguage\":\"es\",\"potentialAction\":[{\"@type\":\"ReadAction\",\"target\":[\"https:\/\/www.noticiasradioreflejos.com.ar\/2021\/convocatoria-por-el-dia-de-la-bandera\/\"]}]},{\"@type\":\"ImageObject\",\"inLanguage\":\"es\",\"@id\":\"https:\/\/www.noticiasradioreflejos.com.ar\/2021\/convocatoria-por-el-dia-de-la-bandera\/#primaryimage\",\"url\":\"http:\/\/live.staticflickr.com\/65535\/49973930157_ef467df178_c.jpg\",\"contentUrl\":\"http:\/\/live.staticflickr.com\/65535\/49973930157_ef467df178_c.jpg\"},{\"@type\":\"BreadcrumbList\",\"@id\":\"https:\/\/www.noticiasradioreflejos.com.ar\/2021\/convocatoria-por-el-dia-de-la-bandera\/#breadcrumb\",\"itemListElement\":[{\"@type\":\"ListItem\",\"position\":1,\"name\":\"Portada\",\"item\":\"https:\/\/www.noticiasradioreflejos.com.ar\/2021\/\"},{\"@type\":\"ListItem\",\"position\":2,\"name\":\"Convocatoria por el D\u00eda de la Bandera\"}]},{\"@type\":\"WebSite\",\"@id\":\"https:\/\/www.noticiasradioreflejos.com.ar\/2021\/#website\",\"url\":\"https:\/\/www.noticiasradioreflejos.com.ar\/2021\/\",\"name\":\"Noticias Radio Reflejos\",\"description\":\"Las noticias de mi comarca\",\"potentialAction\":[{\"@type\":\"SearchAction\",\"target\":{\"@type\":\"EntryPoint\",\"urlTemplate\":\"https:\/\/www.noticiasradioreflejos.com.ar\/2021\/?s={search_term_string}\"},\"query-input\":{\"@type\":\"PropertyValueSpecification\",\"valueRequired\":true,\"valueName\":\"search_term_string\"}}],\"inLanguage\":\"es\"},{\"@type\":\"Person\",\"@id\":\"https:\/\/www.noticiasradioreflejos.com.ar\/2021\/#\/schema\/person\/ad82545263dcc5ec0996818884fd5fb1\",\"name\":\"Arnaldo Botto\",\"image\":{\"@type\":\"ImageObject\",\"inLanguage\":\"es\",\"@id\":\"https:\/\/www.noticiasradioreflejos.com.ar\/2021\/#\/schema\/person\/image\/\",\"url\":\"https:\/\/secure.gravatar.com\/avatar\/55cb5e37c1efa326397366e6974cb338056df65cb50e7d64d1cf314e87504837?s=96&d=mm&r=g\",\"contentUrl\":\"https:\/\/secure.gravatar.com\/avatar\/55cb5e37c1efa326397366e6974cb338056df65cb50e7d64d1cf314e87504837?s=96&d=mm&r=g\",\"caption\":\"Arnaldo Botto\"},\"url\":\"https:\/\/www.noticiasradioreflejos.com.ar\/2021\/author\/arnaldo\/\"}]}<\/script>\n<!-- \/ Yoast SEO plugin. -->","yoast_head_json":{"title":"Convocatoria por el D\u00eda de la Bandera - Noticias Radio Reflejos","robots":{"index":"index","follow":"follow","max-snippet":"max-snippet:-1","max-image-preview":"max-image-preview:large","max-video-preview":"max-video-preview:-1"},"canonical":"https:\/\/www.noticiasradioreflejos.com.ar\/2021\/convocatoria-por-el-dia-de-la-bandera\/","og_locale":"es_ES","og_type":"article","og_title":"Convocatoria por el D\u00eda de la Bandera - Noticias Radio Reflejos","og_description":"Con motivo de celebrar el pr\u00f3ximo 20 de junio el \u201cD\u00eda de la Bandera\u201d, la Direcci\u00f3n de Cultura invita a todos los ni\u00f1os a participar de una convocatoria, con el objetivo de fomentar la creatividad de nuestros jovenes durante el aislamiento, y por sobre todo valorar los sentimientos de patriotismo y colores de nuestra bandera.","og_url":"https:\/\/www.noticiasradioreflejos.com.ar\/2021\/convocatoria-por-el-dia-de-la-bandera\/","og_site_name":"Noticias Radio Reflejos","article_published_time":"2020-06-05T14:10:15+00:00","og_image":[{"url":"http:\/\/live.staticflickr.com\/65535\/49973930157_ef467df178_c.jpg","type":"","width":"","height":""}],"author":"Arnaldo Botto","twitter_card":"summary_large_image","schema":{"@context":"https:\/\/schema.org","@graph":[{"@type":"WebPage","@id":"https:\/\/www.noticiasradioreflejos.com.ar\/2021\/convocatoria-por-el-dia-de-la-bandera\/","url":"https:\/\/www.noticiasradioreflejos.com.ar\/2021\/convocatoria-por-el-dia-de-la-bandera\/","name":"Convocatoria por el D\u00eda de la Bandera - Noticias Radio Reflejos","isPartOf":{"@id":"https:\/\/www.noticiasradioreflejos.com.ar\/2021\/#website"},"primaryImageOfPage":{"@id":"https:\/\/www.noticiasradioreflejos.com.ar\/2021\/convocatoria-por-el-dia-de-la-bandera\/#primaryimage"},"image":{"@id":"https:\/\/www.noticiasradioreflejos.com.ar\/2021\/convocatoria-por-el-dia-de-la-bandera\/#primaryimage"},"thumbnailUrl":"http:\/\/live.staticflickr.com\/65535\/49973930157_ef467df178_c.jpg","datePublished":"2020-06-05T14:10:15+00:00","author":{"@id":"https:\/\/www.noticiasradioreflejos.com.ar\/2021\/#\/schema\/person\/ad82545263dcc5ec0996818884fd5fb1"},"breadcrumb":{"@id":"https:\/\/www.noticiasradioreflejos.com.ar\/2021\/convocatoria-por-el-dia-de-la-bandera\/#breadcrumb"},"inLanguage":"es","potentialAction":[{"@type":"ReadAction","target":["https:\/\/www.noticiasradioreflejos.com.ar\/2021\/convocatoria-por-el-dia-de-la-bandera\/"]}]},{"@type":"ImageObject","inLanguage":"es","@id":"https:\/\/www.noticiasradioreflejos.com.ar\/2021\/convocatoria-por-el-dia-de-la-bandera\/#primaryimage","url":"http:\/\/live.staticflickr.com\/65535\/49973930157_ef467df178_c.jpg","contentUrl":"http:\/\/live.staticflickr.com\/65535\/49973930157_ef467df178_c.jpg"},{"@type":"BreadcrumbList","@id":"https:\/\/www.noticiasradioreflejos.com.ar\/2021\/convocatoria-por-el-dia-de-la-bandera\/#breadcrumb","itemListElement":[{"@type":"ListItem","position":1,"name":"Portada","item":"https:\/\/www.noticiasradioreflejos.com.ar\/2021\/"},{"@type":"ListItem","position":2,"name":"Convocatoria por el D\u00eda de la Bandera"}]},{"@type":"WebSite","@id":"https:\/\/www.noticiasradioreflejos.com.ar\/2021\/#website","url":"https:\/\/www.noticiasradioreflejos.com.ar\/2021\/","name":"Noticias Radio Reflejos","description":"Las noticias de mi comarca","potentialAction":[{"@type":"SearchAction","target":{"@type":"EntryPoint","urlTemplate":"https:\/\/www.noticiasradioreflejos.com.ar\/2021\/?s={search_term_string}"},"query-input":{"@type":"PropertyValueSpecification","valueRequired":true,"valueName":"search_term_string"}}],"inLanguage":"es"},{"@type":"Person","@id":"https:\/\/www.noticiasradioreflejos.com.ar\/2021\/#\/schema\/person\/ad82545263dcc5ec0996818884fd5fb1","name":"Arnaldo Botto","image":{"@type":"ImageObject","inLanguage":"es","@id":"https:\/\/www.noticiasradioreflejos.com.ar\/2021\/#\/schema\/person\/image\/","url":"https:\/\/secure.gravatar.com\/avatar\/55cb5e37c1efa326397366e6974cb338056df65cb50e7d64d1cf314e87504837?s=96&d=mm&r=g","contentUrl":"https:\/\/secure.gravatar.com\/avatar\/55cb5e37c1efa326397366e6974cb338056df65cb50e7d64d1cf314e87504837?s=96&d=mm&r=g","caption":"Arnaldo Botto"},"url":"https:\/\/www.noticiasradioreflejos.com.ar\/2021\/author\/arnaldo\/"}]}},"_links":{"self":[{"href":"https:\/\/www.noticiasradioreflejos.com.ar\/2021\/wp-json\/wp\/v2\/posts\/42824","targetHints":{"allow":["GET"]}}],"collection":[{"href":"https:\/\/www.noticiasradioreflejos.com.ar\/2021\/wp-json\/wp\/v2\/posts"}],"about":[{"href":"https:\/\/www.noticiasradioreflejos.com.ar\/2021\/wp-json\/wp\/v2\/types\/post"}],"author":[{"embeddable":true,"href":"https:\/\/www.noticiasradioreflejos.com.ar\/2021\/wp-json\/wp\/v2\/users\/3"}],"replies":[{"embeddable":true,"href":"https:\/\/www.noticiasradioreflejos.com.ar\/2021\/wp-json\/wp\/v2\/comments?post=42824"}],"version-history":[{"count":0,"href":"https:\/\/www.noticiasradioreflejos.com.ar\/2021\/wp-json\/wp\/v2\/posts\/42824\/revisions"}],"wp:attachment":[{"href":"https:\/\/www.noticiasradioreflejos.com.ar\/2021\/wp-json\/wp\/v2\/media?parent=42824"}],"wp:term":[{"taxonomy":"category","embeddable":true,"href":"https:\/\/www.noticiasradioreflejos.com.ar\/2021\/wp-json\/wp\/v2\/categories?post=42824"},{"taxonomy":"post_tag","embeddable":true,"href":"https:\/\/www.noticiasradioreflejos.com.ar\/2021\/wp-json\/wp\/v2\/tags?post=42824"}],"curies":[{"name":"wp","href":"https:\/\/api.w.org\/{rel}","templated":true}]}}