{"id":42815,"date":"2020-06-05T09:16:42","date_gmt":"2020-06-05T12:16:42","guid":{"rendered":"http:\/\/www.noticiasradioreflejos.com.ar\/noticias\/?p=42815"},"modified":"2020-06-05T09:16:42","modified_gmt":"2020-06-05T12:16:42","slug":"en-busca-de-una-salida-al-sector-turistico-se-reunieron-comerciantes-prestadores-y-autoridades-en-sierra-de-la-ventana","status":"publish","type":"post","link":"https:\/\/www.noticiasradioreflejos.com.ar\/2021\/en-busca-de-una-salida-al-sector-turistico-se-reunieron-comerciantes-prestadores-y-autoridades-en-sierra-de-la-ventana\/","title":{"rendered":"En busca de una salida al sector tur\u00edstico se reunieron comerciantes, prestadores y autoridades en Sierra de la Ventana."},"content":{"rendered":"<p><a title=\"Comerciantes y Autoridades en Sierra (21)\" href=\"http:\/\/live.staticflickr.com\/65535\/49972838818_eff687bae3_s.jpg\" rel=\"\"><img loading=\"lazy\" decoding=\"async\" class=\"alignleft\" style=\"float: left;\" title=\"Comerciantes y Autoridades en Sierra (21)\" src=\"http:\/\/live.staticflickr.com\/65535\/49972838818_eff687bae3.jpg\" alt=\"Comerciantes y Autoridades en Sierra (21)\" width=\"500\" height=\"281\" \/><\/a>Durante la tarde de este jueves 4 de junio,\u00a0unas 80 personas entre comerciantes y prestadores tur\u00edsticos,\u00a0 se reunieron con el Intendente municipal Sergio Bordoni, gran parte de su gabinete y concejales de los diferentes bloques en el predio del Centro Cultural. Al igual que se hizo el pasado martes 2 de junio en Villa Ventana, el fundamento de la reuni\u00f3n se bas\u00f3 en el intercambio de ideas, planteo de situaciones y b\u00fasqueda de una salida a la dif\u00edcil situaci\u00f3n que vive la econom\u00eda de la comarca por los efectos de la pandemia y principalmente ante el parate total que tiene el sector tur\u00edstico por el aislamiento.<!--more--><br \/>\nLa necesidad de poder encontrar una salida r\u00e1pida para el sector tur\u00edstico y hechos concretos en com\u00fan entre municipio y comerciantes fueron los objetivos de la reuni\u00f3n convocada por las autoridades locales para la tarde de ayer. Inicialmente el intendente Bordoni expuso los avances y las intensiones de seguir avanzando en la flexibilizaci\u00f3n de actividades, \u00e1vida cuenta que el coronavirus no se ha presentado en el distrito y tambi\u00e9n remarc\u00f3 los inconvenientes que han encontrado para poder lograr estos objetivos, entre los que se encuentran la apertura de bares, restaurantes y cervecer\u00edas; medida que se intent\u00f3 implementar y fue en\u00e9rgicamente desecha por el gobierno Bonaerense.<br \/>\nVarios comerciantes hicieron cuestionamientos y en particular la c\u00e1mara de comercio Camcotisas expuso detalles de la situaci\u00f3n y entreg\u00f3 una carpeta con sugerencias tendientes a lograr poder poner en funcionamiento bajo estrictas medidas sanitarias las actividades que hasta el momento no lograron activarse. La demanda de subsidios al sector fu\u00e9 un denominador com\u00fan al igual que las expresiones de varios prestadores sobre las grandes p\u00e9rdidas que vienen soportando por estos meses de pandemia. Tanto Bordoni, como el Secretario de Seguridad y Gobierno Ezequiel Gabella y la Secretaria de Producci\u00f3n, comercio, industria y Turismo Susana Dos Santos tuvieron la palabra para informar de los pasos que se fueron dando y de los protocolos y medidas que se ir\u00e1n tomando a medida que avancen los d\u00edas y los gobiernos nacional y provincial permitan.<br \/>\n<a title=\"Comerciantes y Autoridades en Sierra (13)\" href=\"http:\/\/live.staticflickr.com\/65535\/49972840603_101b10bc8c_s.jpg\" rel=\"\"><img loading=\"lazy\" decoding=\"async\" class=\"alignleft\" style=\"float: left;\" title=\"Comerciantes y Autoridades en Sierra (13)\" src=\"http:\/\/live.staticflickr.com\/65535\/49972840603_101b10bc8c.jpg\" alt=\"Comerciantes y Autoridades en Sierra (13)\" width=\"500\" height=\"281\" \/><\/a>En particular El intendente explico a los presentes que junto a otros 50 intendentes bonaerenses, en cuyos distritos no han tenido casos de coronavirus; encabezan un pedido particular al Gobernador Axel Kicillof para poner en pr\u00e1ctica corredores de circulaci\u00f3n, bajo estrictos controles, que actives un poco el turismo regional. A la Espera de las medidas que dispusiera horas mas tarde el Presidente de la Naci\u00f3n ante un nuevo per\u00edodo de aislamiento, se di\u00f3 por finalizada la reuni\u00f3n.<\/p>\n<p>&nbsp;<\/p>\n<p>&nbsp;<\/p>\n<p>&nbsp;<\/p>\n<p>&nbsp;<\/p>\n<p>&nbsp;<\/p>\n<p>Video de momentos de la reuni\u00f3n:<\/p>\n<p><iframe loading=\"lazy\" src=\"https:\/\/www.youtube.com\/embed\/WTed-Lvcpns\" width=\"560\" height=\"315\" frameborder=\"0\" allowfullscreen=\"allowfullscreen\"><\/iframe><\/p>\n<p>Notas a prestadores y autoridades:<\/p>\n<p><iframe loading=\"lazy\" src=\"https:\/\/w.soundcloud.com\/player\/?url=https%3A\/\/api.soundcloud.com\/tracks\/834564598&amp;color=%23ff5500&amp;auto_play=false&amp;hide_related=false&amp;show_comments=true&amp;show_user=true&amp;show_reposts=false&amp;show_teaser=true\" width=\"100%\" height=\"166\" frameborder=\"no\" scrolling=\"no\"><\/iframe><\/p>\n<div style=\"font-size: 10px; color: #cccccc; line-break: anywhere; word-break: normal; overflow: hidden; white-space: nowrap; text-overflow: ellipsis; font-family: Interstate,Lucida Grande,Lucida Sans Unicode,Lucida Sans,Garuda,Verdana,Tahoma,sans-serif; font-weight: 100;\"><a style=\"color: #cccccc; text-decoration: none;\" title=\"fmreflejos 103.7\" href=\"https:\/\/soundcloud.com\/fmreflejos-103-7\" target=\"_blank\" rel=\"noopener\">fmreflejos 103.7<\/a> \u00b7 <a style=\"color: #cccccc; text-decoration: none;\" title=\"M\u00e1ximo Celis\" href=\"https:\/\/soundcloud.com\/fmreflejos-103-7\/maximo-celis\" target=\"_blank\" rel=\"noopener\">M\u00e1ximo Celis<\/a><\/div>\n<p><iframe loading=\"lazy\" src=\"https:\/\/w.soundcloud.com\/player\/?url=https%3A\/\/api.soundcloud.com\/tracks\/834564568&amp;color=%23ff5500&amp;auto_play=false&amp;hide_related=false&amp;show_comments=true&amp;show_user=true&amp;show_reposts=false&amp;show_teaser=true\" width=\"100%\" height=\"166\" frameborder=\"no\" scrolling=\"no\"><\/iframe><\/p>\n<div style=\"font-size: 10px; color: #cccccc; line-break: anywhere; word-break: normal; overflow: hidden; white-space: nowrap; text-overflow: ellipsis; font-family: Interstate,Lucida Grande,Lucida Sans Unicode,Lucida Sans,Garuda,Verdana,Tahoma,sans-serif; font-weight: 100;\"><a style=\"color: #cccccc; text-decoration: none;\" title=\"fmreflejos 103.7\" href=\"https:\/\/soundcloud.com\/fmreflejos-103-7\" target=\"_blank\" rel=\"noopener\">fmreflejos 103.7<\/a> \u00b7 <a style=\"color: #cccccc; text-decoration: none;\" title=\"Susana Dos Santos\" href=\"https:\/\/soundcloud.com\/fmreflejos-103-7\/susana-dos-santos-11002442\" target=\"_blank\" rel=\"noopener\">Susana Dos Santos<\/a><\/div>\n<p><iframe loading=\"lazy\" src=\"https:\/\/w.soundcloud.com\/player\/?url=https%3A\/\/api.soundcloud.com\/tracks\/834564610&amp;color=%23ff5500&amp;auto_play=false&amp;hide_related=false&amp;show_comments=true&amp;show_user=true&amp;show_reposts=false&amp;show_teaser=true\" width=\"100%\" height=\"166\" frameborder=\"no\" scrolling=\"no\"><\/iframe><\/p>\n<p>&nbsp;<\/p>\n<p><a title=\"Comerciantes y Autoridades en Sierra (22)\" href=\"http:\/\/live.staticflickr.com\/65535\/49973613982_3cd1c4620d_s.jpg\" rel=\"\"><img loading=\"lazy\" decoding=\"async\" class=\"aligncenter\" title=\"Comerciantes y Autoridades en Sierra (22)\" src=\"http:\/\/live.staticflickr.com\/65535\/49973613982_3cd1c4620d_c.jpg\" alt=\"Comerciantes y Autoridades en Sierra (22)\" width=\"800\" height=\"450\" \/><\/a><\/p>\n<p><a title=\"Comerciantes y Autoridades en Sierra (19)\" href=\"http:\/\/live.staticflickr.com\/65535\/49973355261_6f44e6e22e_s.jpg\" rel=\"\"><img loading=\"lazy\" decoding=\"async\" class=\"aligncenter\" title=\"Comerciantes y Autoridades en Sierra (19)\" src=\"http:\/\/live.staticflickr.com\/65535\/49973355261_6f44e6e22e_c.jpg\" alt=\"Comerciantes y Autoridades en Sierra (19)\" width=\"800\" height=\"450\" \/><\/a><\/p>\n<p><a title=\"Comerciantes y Autoridades en Sierra (18)\" href=\"http:\/\/live.staticflickr.com\/65535\/49973615827_91bf439a09_s.jpg\" rel=\"\"><img loading=\"lazy\" decoding=\"async\" class=\"aligncenter\" title=\"Comerciantes y Autoridades en Sierra (18)\" src=\"http:\/\/live.staticflickr.com\/65535\/49973615827_91bf439a09_c.jpg\" alt=\"Comerciantes y Autoridades en Sierra (18)\" width=\"800\" height=\"450\" \/><\/a><\/p>\n<p><a title=\"Comerciantes y Autoridades en Sierra (8)\" href=\"http:\/\/live.staticflickr.com\/65535\/49972839473_915b2c34b0_s.jpg\" rel=\"\"><img loading=\"lazy\" decoding=\"async\" class=\"aligncenter\" title=\"Comerciantes y Autoridades en Sierra (8)\" src=\"http:\/\/live.staticflickr.com\/65535\/49972839473_915b2c34b0_c.jpg\" alt=\"Comerciantes y Autoridades en Sierra (8)\" width=\"800\" height=\"450\" \/><\/a><\/p>\n<p><a title=\"Comerciantes y Autoridades en Sierra (3)\" href=\"http:\/\/live.staticflickr.com\/65535\/49972839968_da825d9b38_s.jpg\" rel=\"\"><img loading=\"lazy\" decoding=\"async\" class=\"aligncenter\" title=\"Comerciantes y Autoridades en Sierra (3)\" src=\"http:\/\/live.staticflickr.com\/65535\/49972839968_da825d9b38_c.jpg\" alt=\"Comerciantes y Autoridades en Sierra (3)\" width=\"800\" height=\"450\" \/><\/a><\/p>\n<p><a title=\"Comerciantes y Autoridades en Sierra (4)\" href=\"http:\/\/live.staticflickr.com\/65535\/49973356071_f6a85b154b_s.jpg\" rel=\"\"><img loading=\"lazy\" decoding=\"async\" class=\"aligncenter\" title=\"Comerciantes y Autoridades en Sierra (4)\" src=\"http:\/\/live.staticflickr.com\/65535\/49973356071_f6a85b154b_c.jpg\" alt=\"Comerciantes y Autoridades en Sierra (4)\" width=\"800\" height=\"450\" \/><\/a><\/p>\n","protected":false},"excerpt":{"rendered":"<p>Durante la tarde de este jueves 4 de junio,\u00a0unas 80 personas entre comerciantes y prestadores tur\u00edsticos,\u00a0 se reunieron con el Intendente municipal Sergio Bordoni, gran parte de su gabinete y concejales de los diferentes bloques en el predio del Centro Cultural. Al igual que se hizo el pasado martes 2 de junio en Villa Ventana, [&hellip;]<\/p>\n","protected":false},"author":3,"featured_media":0,"comment_status":"closed","ping_status":"open","sticky":false,"template":"","format":"standard","meta":{"footnotes":""},"categories":[33],"tags":[],"class_list":["post-42815","post","type-post","status-publish","format-standard","hentry","category-turismo"],"yoast_head":"<!-- This site is optimized with the Yoast SEO plugin v25.9 - https:\/\/yoast.com\/wordpress\/plugins\/seo\/ -->\n<title>En busca de una salida al sector tur\u00edstico se reunieron comerciantes, prestadores y autoridades en Sierra de la Ventana. - Noticias Radio Reflejos<\/title>\n<meta name=\"robots\" content=\"index, follow, max-snippet:-1, max-image-preview:large, max-video-preview:-1\" \/>\n<link rel=\"canonical\" href=\"https:\/\/www.noticiasradioreflejos.com.ar\/2021\/en-busca-de-una-salida-al-sector-turistico-se-reunieron-comerciantes-prestadores-y-autoridades-en-sierra-de-la-ventana\/\" \/>\n<meta property=\"og:locale\" content=\"es_ES\" \/>\n<meta property=\"og:type\" content=\"article\" \/>\n<meta property=\"og:title\" content=\"En busca de una salida al sector tur\u00edstico se reunieron comerciantes, prestadores y autoridades en Sierra de la Ventana. - Noticias Radio Reflejos\" \/>\n<meta property=\"og:description\" content=\"Durante la tarde de este jueves 4 de junio,\u00a0unas 80 personas entre comerciantes y prestadores tur\u00edsticos,\u00a0 se reunieron con el Intendente municipal Sergio Bordoni, gran parte de su gabinete y concejales de los diferentes bloques en el predio del Centro Cultural. Al igual que se hizo el pasado martes 2 de junio en Villa Ventana, [&hellip;]\" \/>\n<meta property=\"og:url\" content=\"https:\/\/www.noticiasradioreflejos.com.ar\/2021\/en-busca-de-una-salida-al-sector-turistico-se-reunieron-comerciantes-prestadores-y-autoridades-en-sierra-de-la-ventana\/\" \/>\n<meta property=\"og:site_name\" content=\"Noticias Radio Reflejos\" \/>\n<meta property=\"article:published_time\" content=\"2020-06-05T12:16:42+00:00\" \/>\n<meta property=\"og:image\" content=\"http:\/\/live.staticflickr.com\/65535\/49972838818_eff687bae3.jpg\" \/>\n<meta name=\"author\" content=\"Arnaldo Botto\" \/>\n<meta name=\"twitter:card\" content=\"summary_large_image\" \/>\n<script type=\"application\/ld+json\" class=\"yoast-schema-graph\">{\"@context\":\"https:\/\/schema.org\",\"@graph\":[{\"@type\":\"WebPage\",\"@id\":\"https:\/\/www.noticiasradioreflejos.com.ar\/2021\/en-busca-de-una-salida-al-sector-turistico-se-reunieron-comerciantes-prestadores-y-autoridades-en-sierra-de-la-ventana\/\",\"url\":\"https:\/\/www.noticiasradioreflejos.com.ar\/2021\/en-busca-de-una-salida-al-sector-turistico-se-reunieron-comerciantes-prestadores-y-autoridades-en-sierra-de-la-ventana\/\",\"name\":\"En busca de una salida al sector tur\u00edstico se reunieron comerciantes, prestadores y autoridades en Sierra de la Ventana. - Noticias Radio Reflejos\",\"isPartOf\":{\"@id\":\"https:\/\/www.noticiasradioreflejos.com.ar\/2021\/#website\"},\"primaryImageOfPage\":{\"@id\":\"https:\/\/www.noticiasradioreflejos.com.ar\/2021\/en-busca-de-una-salida-al-sector-turistico-se-reunieron-comerciantes-prestadores-y-autoridades-en-sierra-de-la-ventana\/#primaryimage\"},\"image\":{\"@id\":\"https:\/\/www.noticiasradioreflejos.com.ar\/2021\/en-busca-de-una-salida-al-sector-turistico-se-reunieron-comerciantes-prestadores-y-autoridades-en-sierra-de-la-ventana\/#primaryimage\"},\"thumbnailUrl\":\"http:\/\/live.staticflickr.com\/65535\/49972838818_eff687bae3.jpg\",\"datePublished\":\"2020-06-05T12:16:42+00:00\",\"author\":{\"@id\":\"https:\/\/www.noticiasradioreflejos.com.ar\/2021\/#\/schema\/person\/ad82545263dcc5ec0996818884fd5fb1\"},\"breadcrumb\":{\"@id\":\"https:\/\/www.noticiasradioreflejos.com.ar\/2021\/en-busca-de-una-salida-al-sector-turistico-se-reunieron-comerciantes-prestadores-y-autoridades-en-sierra-de-la-ventana\/#breadcrumb\"},\"inLanguage\":\"es\",\"potentialAction\":[{\"@type\":\"ReadAction\",\"target\":[\"https:\/\/www.noticiasradioreflejos.com.ar\/2021\/en-busca-de-una-salida-al-sector-turistico-se-reunieron-comerciantes-prestadores-y-autoridades-en-sierra-de-la-ventana\/\"]}]},{\"@type\":\"ImageObject\",\"inLanguage\":\"es\",\"@id\":\"https:\/\/www.noticiasradioreflejos.com.ar\/2021\/en-busca-de-una-salida-al-sector-turistico-se-reunieron-comerciantes-prestadores-y-autoridades-en-sierra-de-la-ventana\/#primaryimage\",\"url\":\"http:\/\/live.staticflickr.com\/65535\/49972838818_eff687bae3.jpg\",\"contentUrl\":\"http:\/\/live.staticflickr.com\/65535\/49972838818_eff687bae3.jpg\"},{\"@type\":\"BreadcrumbList\",\"@id\":\"https:\/\/www.noticiasradioreflejos.com.ar\/2021\/en-busca-de-una-salida-al-sector-turistico-se-reunieron-comerciantes-prestadores-y-autoridades-en-sierra-de-la-ventana\/#breadcrumb\",\"itemListElement\":[{\"@type\":\"ListItem\",\"position\":1,\"name\":\"Portada\",\"item\":\"https:\/\/www.noticiasradioreflejos.com.ar\/2021\/\"},{\"@type\":\"ListItem\",\"position\":2,\"name\":\"En busca de una salida al sector tur\u00edstico se reunieron comerciantes, prestadores y autoridades en Sierra de la Ventana.\"}]},{\"@type\":\"WebSite\",\"@id\":\"https:\/\/www.noticiasradioreflejos.com.ar\/2021\/#website\",\"url\":\"https:\/\/www.noticiasradioreflejos.com.ar\/2021\/\",\"name\":\"Noticias Radio Reflejos\",\"description\":\"Las noticias de mi comarca\",\"potentialAction\":[{\"@type\":\"SearchAction\",\"target\":{\"@type\":\"EntryPoint\",\"urlTemplate\":\"https:\/\/www.noticiasradioreflejos.com.ar\/2021\/?s={search_term_string}\"},\"query-input\":{\"@type\":\"PropertyValueSpecification\",\"valueRequired\":true,\"valueName\":\"search_term_string\"}}],\"inLanguage\":\"es\"},{\"@type\":\"Person\",\"@id\":\"https:\/\/www.noticiasradioreflejos.com.ar\/2021\/#\/schema\/person\/ad82545263dcc5ec0996818884fd5fb1\",\"name\":\"Arnaldo Botto\",\"image\":{\"@type\":\"ImageObject\",\"inLanguage\":\"es\",\"@id\":\"https:\/\/www.noticiasradioreflejos.com.ar\/2021\/#\/schema\/person\/image\/\",\"url\":\"https:\/\/secure.gravatar.com\/avatar\/55cb5e37c1efa326397366e6974cb338056df65cb50e7d64d1cf314e87504837?s=96&d=mm&r=g\",\"contentUrl\":\"https:\/\/secure.gravatar.com\/avatar\/55cb5e37c1efa326397366e6974cb338056df65cb50e7d64d1cf314e87504837?s=96&d=mm&r=g\",\"caption\":\"Arnaldo Botto\"},\"url\":\"https:\/\/www.noticiasradioreflejos.com.ar\/2021\/author\/arnaldo\/\"}]}<\/script>\n<!-- \/ Yoast SEO plugin. -->","yoast_head_json":{"title":"En busca de una salida al sector tur\u00edstico se reunieron comerciantes, prestadores y autoridades en Sierra de la Ventana. - Noticias Radio Reflejos","robots":{"index":"index","follow":"follow","max-snippet":"max-snippet:-1","max-image-preview":"max-image-preview:large","max-video-preview":"max-video-preview:-1"},"canonical":"https:\/\/www.noticiasradioreflejos.com.ar\/2021\/en-busca-de-una-salida-al-sector-turistico-se-reunieron-comerciantes-prestadores-y-autoridades-en-sierra-de-la-ventana\/","og_locale":"es_ES","og_type":"article","og_title":"En busca de una salida al sector tur\u00edstico se reunieron comerciantes, prestadores y autoridades en Sierra de la Ventana. - Noticias Radio Reflejos","og_description":"Durante la tarde de este jueves 4 de junio,\u00a0unas 80 personas entre comerciantes y prestadores tur\u00edsticos,\u00a0 se reunieron con el Intendente municipal Sergio Bordoni, gran parte de su gabinete y concejales de los diferentes bloques en el predio del Centro Cultural. Al igual que se hizo el pasado martes 2 de junio en Villa Ventana, [&hellip;]","og_url":"https:\/\/www.noticiasradioreflejos.com.ar\/2021\/en-busca-de-una-salida-al-sector-turistico-se-reunieron-comerciantes-prestadores-y-autoridades-en-sierra-de-la-ventana\/","og_site_name":"Noticias Radio Reflejos","article_published_time":"2020-06-05T12:16:42+00:00","og_image":[{"url":"http:\/\/live.staticflickr.com\/65535\/49972838818_eff687bae3.jpg","type":"","width":"","height":""}],"author":"Arnaldo Botto","twitter_card":"summary_large_image","schema":{"@context":"https:\/\/schema.org","@graph":[{"@type":"WebPage","@id":"https:\/\/www.noticiasradioreflejos.com.ar\/2021\/en-busca-de-una-salida-al-sector-turistico-se-reunieron-comerciantes-prestadores-y-autoridades-en-sierra-de-la-ventana\/","url":"https:\/\/www.noticiasradioreflejos.com.ar\/2021\/en-busca-de-una-salida-al-sector-turistico-se-reunieron-comerciantes-prestadores-y-autoridades-en-sierra-de-la-ventana\/","name":"En busca de una salida al sector tur\u00edstico se reunieron comerciantes, prestadores y autoridades en Sierra de la Ventana. - Noticias Radio Reflejos","isPartOf":{"@id":"https:\/\/www.noticiasradioreflejos.com.ar\/2021\/#website"},"primaryImageOfPage":{"@id":"https:\/\/www.noticiasradioreflejos.com.ar\/2021\/en-busca-de-una-salida-al-sector-turistico-se-reunieron-comerciantes-prestadores-y-autoridades-en-sierra-de-la-ventana\/#primaryimage"},"image":{"@id":"https:\/\/www.noticiasradioreflejos.com.ar\/2021\/en-busca-de-una-salida-al-sector-turistico-se-reunieron-comerciantes-prestadores-y-autoridades-en-sierra-de-la-ventana\/#primaryimage"},"thumbnailUrl":"http:\/\/live.staticflickr.com\/65535\/49972838818_eff687bae3.jpg","datePublished":"2020-06-05T12:16:42+00:00","author":{"@id":"https:\/\/www.noticiasradioreflejos.com.ar\/2021\/#\/schema\/person\/ad82545263dcc5ec0996818884fd5fb1"},"breadcrumb":{"@id":"https:\/\/www.noticiasradioreflejos.com.ar\/2021\/en-busca-de-una-salida-al-sector-turistico-se-reunieron-comerciantes-prestadores-y-autoridades-en-sierra-de-la-ventana\/#breadcrumb"},"inLanguage":"es","potentialAction":[{"@type":"ReadAction","target":["https:\/\/www.noticiasradioreflejos.com.ar\/2021\/en-busca-de-una-salida-al-sector-turistico-se-reunieron-comerciantes-prestadores-y-autoridades-en-sierra-de-la-ventana\/"]}]},{"@type":"ImageObject","inLanguage":"es","@id":"https:\/\/www.noticiasradioreflejos.com.ar\/2021\/en-busca-de-una-salida-al-sector-turistico-se-reunieron-comerciantes-prestadores-y-autoridades-en-sierra-de-la-ventana\/#primaryimage","url":"http:\/\/live.staticflickr.com\/65535\/49972838818_eff687bae3.jpg","contentUrl":"http:\/\/live.staticflickr.com\/65535\/49972838818_eff687bae3.jpg"},{"@type":"BreadcrumbList","@id":"https:\/\/www.noticiasradioreflejos.com.ar\/2021\/en-busca-de-una-salida-al-sector-turistico-se-reunieron-comerciantes-prestadores-y-autoridades-en-sierra-de-la-ventana\/#breadcrumb","itemListElement":[{"@type":"ListItem","position":1,"name":"Portada","item":"https:\/\/www.noticiasradioreflejos.com.ar\/2021\/"},{"@type":"ListItem","position":2,"name":"En busca de una salida al sector tur\u00edstico se reunieron comerciantes, prestadores y autoridades en Sierra de la Ventana."}]},{"@type":"WebSite","@id":"https:\/\/www.noticiasradioreflejos.com.ar\/2021\/#website","url":"https:\/\/www.noticiasradioreflejos.com.ar\/2021\/","name":"Noticias Radio Reflejos","description":"Las noticias de mi comarca","potentialAction":[{"@type":"SearchAction","target":{"@type":"EntryPoint","urlTemplate":"https:\/\/www.noticiasradioreflejos.com.ar\/2021\/?s={search_term_string}"},"query-input":{"@type":"PropertyValueSpecification","valueRequired":true,"valueName":"search_term_string"}}],"inLanguage":"es"},{"@type":"Person","@id":"https:\/\/www.noticiasradioreflejos.com.ar\/2021\/#\/schema\/person\/ad82545263dcc5ec0996818884fd5fb1","name":"Arnaldo Botto","image":{"@type":"ImageObject","inLanguage":"es","@id":"https:\/\/www.noticiasradioreflejos.com.ar\/2021\/#\/schema\/person\/image\/","url":"https:\/\/secure.gravatar.com\/avatar\/55cb5e37c1efa326397366e6974cb338056df65cb50e7d64d1cf314e87504837?s=96&d=mm&r=g","contentUrl":"https:\/\/secure.gravatar.com\/avatar\/55cb5e37c1efa326397366e6974cb338056df65cb50e7d64d1cf314e87504837?s=96&d=mm&r=g","caption":"Arnaldo Botto"},"url":"https:\/\/www.noticiasradioreflejos.com.ar\/2021\/author\/arnaldo\/"}]}},"_links":{"self":[{"href":"https:\/\/www.noticiasradioreflejos.com.ar\/2021\/wp-json\/wp\/v2\/posts\/42815","targetHints":{"allow":["GET"]}}],"collection":[{"href":"https:\/\/www.noticiasradioreflejos.com.ar\/2021\/wp-json\/wp\/v2\/posts"}],"about":[{"href":"https:\/\/www.noticiasradioreflejos.com.ar\/2021\/wp-json\/wp\/v2\/types\/post"}],"author":[{"embeddable":true,"href":"https:\/\/www.noticiasradioreflejos.com.ar\/2021\/wp-json\/wp\/v2\/users\/3"}],"replies":[{"embeddable":true,"href":"https:\/\/www.noticiasradioreflejos.com.ar\/2021\/wp-json\/wp\/v2\/comments?post=42815"}],"version-history":[{"count":0,"href":"https:\/\/www.noticiasradioreflejos.com.ar\/2021\/wp-json\/wp\/v2\/posts\/42815\/revisions"}],"wp:attachment":[{"href":"https:\/\/www.noticiasradioreflejos.com.ar\/2021\/wp-json\/wp\/v2\/media?parent=42815"}],"wp:term":[{"taxonomy":"category","embeddable":true,"href":"https:\/\/www.noticiasradioreflejos.com.ar\/2021\/wp-json\/wp\/v2\/categories?post=42815"},{"taxonomy":"post_tag","embeddable":true,"href":"https:\/\/www.noticiasradioreflejos.com.ar\/2021\/wp-json\/wp\/v2\/tags?post=42815"}],"curies":[{"name":"wp","href":"https:\/\/api.w.org\/{rel}","templated":true}]}}