{"id":42811,"date":"2020-06-04T22:43:40","date_gmt":"2020-06-05T01:43:40","guid":{"rendered":"http:\/\/www.noticiasradioreflejos.com.ar\/noticias\/?p=42811"},"modified":"2020-06-04T22:43:40","modified_gmt":"2020-06-05T01:43:40","slug":"colisionan-dos-camiones-en-el-km-71-de-la-ruta-33","status":"publish","type":"post","link":"https:\/\/www.noticiasradioreflejos.com.ar\/2021\/colisionan-dos-camiones-en-el-km-71-de-la-ruta-33\/","title":{"rendered":"Colisionan dos camiones en el km 71 de la ruta 33."},"content":{"rendered":"<p><a href=\"http:\/\/live.staticflickr.com\/65535\/49971636728_1ee97cef74_s.jpg\" title=\"1023659682700129326979642862433869738016768n.jpg_594\" rel=\"\"><img loading=\"lazy\" decoding=\"async\" src=\"http:\/\/live.staticflickr.com\/65535\/49971636728_7fdebc4bf9_o.jpg\" width=\"594\" height=\"601\" alt=\"1023659682700129326979642862433869738016768n.jpg_594\" title=\"1023659682700129326979642862433869738016768n.jpg_594\" class=\"alignleft\" style=\"float: left;\"><\/a>Un segundo accidente en pocas horas tuvo lugar el km 71 de la ruta 33 a las 18:40 horas, cuando polic\u00eda local recibe un llamado telef\u00f3nico al n\u00famero de emergencias 101, de parte de una persona masculina que no se diera a identificar, dando cuenta de accidente un vehicular sobre la citada Ruta.<!--more--><br \/>\nConstituido personal EPSC Tornquist, constata colisi\u00f3n entre cami\u00f3n *FORD CARGO 1722*, dominio *GSP-575*, al mando de *RICARDO CASADO* quien circulaba sentido Saavedra-Tornquist, haci\u00e9ndolo por banquina contraria a mano de circulaci\u00f3n, y un cami\u00f3n *SCANIA*, dominio *DPI-246,* al mando de *RICARDO DANIEL PEREZ*, el que circulaba por la Ruta en sentido Bah\u00eda Blanca-Saavedra.<br \/>\nAl llegar el personal de Bomberos Tornquist y personal de Salud nosocomio local, encuentran al Conductor del Ford Cargo aun atrapado en cabina del rodado mayor. Se realizan las  tareas preventivas en el lugar en cuanto a circulaci\u00f3n de transito. * De las Averiguaciones practicadas por Polic\u00eda Cient\u00edfica, se logra establecer que RICARDO CASADO queda internado en Hospital Municipal Tornquist en observaci\u00f3n, presentando al momento cortes con sangrado en cuero cabelludo y rostro.  En tanto que RICARDO DANIEL PEREZ se encuentra ileso. En el interior habit\u00e1culo FORD CARGO se procede al SECUESTRO de un arma de fuego larga marca WINCHESTER, calibre .22 S.L. OR L.R., modelo 150, SERIE NRO. B1238611, culata de madera, sin munici\u00f3n en recamara y en almac\u00e9n cargador. Se procura establecer si dicha arma de fuego larga posee documentaci\u00f3n pertinente fines actuar de acuerdo a resultancias, tambi\u00e9n se procede al SECUESTRO de CATORCE (14) municiones intactas calibre .22, marca F.M., punta hueca. <\/p>\n","protected":false},"excerpt":{"rendered":"<p>Un segundo accidente en pocas horas tuvo lugar el km 71 de la ruta 33 a las 18:40 horas, cuando polic\u00eda local recibe un llamado telef\u00f3nico al n\u00famero de emergencias 101, de parte de una persona masculina que no se diera a identificar, dando cuenta de accidente un vehicular sobre la citada Ruta.<\/p>\n","protected":false},"author":3,"featured_media":0,"comment_status":"closed","ping_status":"open","sticky":false,"template":"","format":"standard","meta":{"footnotes":""},"categories":[29],"tags":[],"class_list":["post-42811","post","type-post","status-publish","format-standard","hentry","category-policiales"],"yoast_head":"<!-- This site is optimized with the Yoast SEO plugin v25.9 - https:\/\/yoast.com\/wordpress\/plugins\/seo\/ -->\n<title>Colisionan dos camiones en el km 71 de la ruta 33. - Noticias Radio Reflejos<\/title>\n<meta name=\"robots\" content=\"index, follow, max-snippet:-1, max-image-preview:large, max-video-preview:-1\" \/>\n<link rel=\"canonical\" href=\"https:\/\/www.noticiasradioreflejos.com.ar\/2021\/colisionan-dos-camiones-en-el-km-71-de-la-ruta-33\/\" \/>\n<meta property=\"og:locale\" content=\"es_ES\" \/>\n<meta property=\"og:type\" content=\"article\" \/>\n<meta property=\"og:title\" content=\"Colisionan dos camiones en el km 71 de la ruta 33. - Noticias Radio Reflejos\" \/>\n<meta property=\"og:description\" content=\"Un segundo accidente en pocas horas tuvo lugar el km 71 de la ruta 33 a las 18:40 horas, cuando polic\u00eda local recibe un llamado telef\u00f3nico al n\u00famero de emergencias 101, de parte de una persona masculina que no se diera a identificar, dando cuenta de accidente un vehicular sobre la citada Ruta.\" \/>\n<meta property=\"og:url\" content=\"https:\/\/www.noticiasradioreflejos.com.ar\/2021\/colisionan-dos-camiones-en-el-km-71-de-la-ruta-33\/\" \/>\n<meta property=\"og:site_name\" content=\"Noticias Radio Reflejos\" \/>\n<meta property=\"article:published_time\" content=\"2020-06-05T01:43:40+00:00\" \/>\n<meta property=\"og:image\" content=\"http:\/\/live.staticflickr.com\/65535\/49971636728_7fdebc4bf9_o.jpg\" \/>\n<meta name=\"author\" content=\"Arnaldo Botto\" \/>\n<meta name=\"twitter:card\" content=\"summary_large_image\" \/>\n<script type=\"application\/ld+json\" class=\"yoast-schema-graph\">{\"@context\":\"https:\/\/schema.org\",\"@graph\":[{\"@type\":\"WebPage\",\"@id\":\"https:\/\/www.noticiasradioreflejos.com.ar\/2021\/colisionan-dos-camiones-en-el-km-71-de-la-ruta-33\/\",\"url\":\"https:\/\/www.noticiasradioreflejos.com.ar\/2021\/colisionan-dos-camiones-en-el-km-71-de-la-ruta-33\/\",\"name\":\"Colisionan dos camiones en el km 71 de la ruta 33. - Noticias Radio Reflejos\",\"isPartOf\":{\"@id\":\"https:\/\/www.noticiasradioreflejos.com.ar\/2021\/#website\"},\"primaryImageOfPage\":{\"@id\":\"https:\/\/www.noticiasradioreflejos.com.ar\/2021\/colisionan-dos-camiones-en-el-km-71-de-la-ruta-33\/#primaryimage\"},\"image\":{\"@id\":\"https:\/\/www.noticiasradioreflejos.com.ar\/2021\/colisionan-dos-camiones-en-el-km-71-de-la-ruta-33\/#primaryimage\"},\"thumbnailUrl\":\"http:\/\/live.staticflickr.com\/65535\/49971636728_7fdebc4bf9_o.jpg\",\"datePublished\":\"2020-06-05T01:43:40+00:00\",\"author\":{\"@id\":\"https:\/\/www.noticiasradioreflejos.com.ar\/2021\/#\/schema\/person\/ad82545263dcc5ec0996818884fd5fb1\"},\"breadcrumb\":{\"@id\":\"https:\/\/www.noticiasradioreflejos.com.ar\/2021\/colisionan-dos-camiones-en-el-km-71-de-la-ruta-33\/#breadcrumb\"},\"inLanguage\":\"es\",\"potentialAction\":[{\"@type\":\"ReadAction\",\"target\":[\"https:\/\/www.noticiasradioreflejos.com.ar\/2021\/colisionan-dos-camiones-en-el-km-71-de-la-ruta-33\/\"]}]},{\"@type\":\"ImageObject\",\"inLanguage\":\"es\",\"@id\":\"https:\/\/www.noticiasradioreflejos.com.ar\/2021\/colisionan-dos-camiones-en-el-km-71-de-la-ruta-33\/#primaryimage\",\"url\":\"http:\/\/live.staticflickr.com\/65535\/49971636728_7fdebc4bf9_o.jpg\",\"contentUrl\":\"http:\/\/live.staticflickr.com\/65535\/49971636728_7fdebc4bf9_o.jpg\"},{\"@type\":\"BreadcrumbList\",\"@id\":\"https:\/\/www.noticiasradioreflejos.com.ar\/2021\/colisionan-dos-camiones-en-el-km-71-de-la-ruta-33\/#breadcrumb\",\"itemListElement\":[{\"@type\":\"ListItem\",\"position\":1,\"name\":\"Portada\",\"item\":\"https:\/\/www.noticiasradioreflejos.com.ar\/2021\/\"},{\"@type\":\"ListItem\",\"position\":2,\"name\":\"Colisionan dos camiones en el km 71 de la ruta 33.\"}]},{\"@type\":\"WebSite\",\"@id\":\"https:\/\/www.noticiasradioreflejos.com.ar\/2021\/#website\",\"url\":\"https:\/\/www.noticiasradioreflejos.com.ar\/2021\/\",\"name\":\"Noticias Radio Reflejos\",\"description\":\"Las noticias de mi comarca\",\"potentialAction\":[{\"@type\":\"SearchAction\",\"target\":{\"@type\":\"EntryPoint\",\"urlTemplate\":\"https:\/\/www.noticiasradioreflejos.com.ar\/2021\/?s={search_term_string}\"},\"query-input\":{\"@type\":\"PropertyValueSpecification\",\"valueRequired\":true,\"valueName\":\"search_term_string\"}}],\"inLanguage\":\"es\"},{\"@type\":\"Person\",\"@id\":\"https:\/\/www.noticiasradioreflejos.com.ar\/2021\/#\/schema\/person\/ad82545263dcc5ec0996818884fd5fb1\",\"name\":\"Arnaldo Botto\",\"image\":{\"@type\":\"ImageObject\",\"inLanguage\":\"es\",\"@id\":\"https:\/\/www.noticiasradioreflejos.com.ar\/2021\/#\/schema\/person\/image\/\",\"url\":\"https:\/\/secure.gravatar.com\/avatar\/55cb5e37c1efa326397366e6974cb338056df65cb50e7d64d1cf314e87504837?s=96&d=mm&r=g\",\"contentUrl\":\"https:\/\/secure.gravatar.com\/avatar\/55cb5e37c1efa326397366e6974cb338056df65cb50e7d64d1cf314e87504837?s=96&d=mm&r=g\",\"caption\":\"Arnaldo Botto\"},\"url\":\"https:\/\/www.noticiasradioreflejos.com.ar\/2021\/author\/arnaldo\/\"}]}<\/script>\n<!-- \/ Yoast SEO plugin. -->","yoast_head_json":{"title":"Colisionan dos camiones en el km 71 de la ruta 33. - Noticias Radio Reflejos","robots":{"index":"index","follow":"follow","max-snippet":"max-snippet:-1","max-image-preview":"max-image-preview:large","max-video-preview":"max-video-preview:-1"},"canonical":"https:\/\/www.noticiasradioreflejos.com.ar\/2021\/colisionan-dos-camiones-en-el-km-71-de-la-ruta-33\/","og_locale":"es_ES","og_type":"article","og_title":"Colisionan dos camiones en el km 71 de la ruta 33. - Noticias Radio Reflejos","og_description":"Un segundo accidente en pocas horas tuvo lugar el km 71 de la ruta 33 a las 18:40 horas, cuando polic\u00eda local recibe un llamado telef\u00f3nico al n\u00famero de emergencias 101, de parte de una persona masculina que no se diera a identificar, dando cuenta de accidente un vehicular sobre la citada Ruta.","og_url":"https:\/\/www.noticiasradioreflejos.com.ar\/2021\/colisionan-dos-camiones-en-el-km-71-de-la-ruta-33\/","og_site_name":"Noticias Radio Reflejos","article_published_time":"2020-06-05T01:43:40+00:00","og_image":[{"url":"http:\/\/live.staticflickr.com\/65535\/49971636728_7fdebc4bf9_o.jpg","type":"","width":"","height":""}],"author":"Arnaldo Botto","twitter_card":"summary_large_image","schema":{"@context":"https:\/\/schema.org","@graph":[{"@type":"WebPage","@id":"https:\/\/www.noticiasradioreflejos.com.ar\/2021\/colisionan-dos-camiones-en-el-km-71-de-la-ruta-33\/","url":"https:\/\/www.noticiasradioreflejos.com.ar\/2021\/colisionan-dos-camiones-en-el-km-71-de-la-ruta-33\/","name":"Colisionan dos camiones en el km 71 de la ruta 33. - Noticias Radio Reflejos","isPartOf":{"@id":"https:\/\/www.noticiasradioreflejos.com.ar\/2021\/#website"},"primaryImageOfPage":{"@id":"https:\/\/www.noticiasradioreflejos.com.ar\/2021\/colisionan-dos-camiones-en-el-km-71-de-la-ruta-33\/#primaryimage"},"image":{"@id":"https:\/\/www.noticiasradioreflejos.com.ar\/2021\/colisionan-dos-camiones-en-el-km-71-de-la-ruta-33\/#primaryimage"},"thumbnailUrl":"http:\/\/live.staticflickr.com\/65535\/49971636728_7fdebc4bf9_o.jpg","datePublished":"2020-06-05T01:43:40+00:00","author":{"@id":"https:\/\/www.noticiasradioreflejos.com.ar\/2021\/#\/schema\/person\/ad82545263dcc5ec0996818884fd5fb1"},"breadcrumb":{"@id":"https:\/\/www.noticiasradioreflejos.com.ar\/2021\/colisionan-dos-camiones-en-el-km-71-de-la-ruta-33\/#breadcrumb"},"inLanguage":"es","potentialAction":[{"@type":"ReadAction","target":["https:\/\/www.noticiasradioreflejos.com.ar\/2021\/colisionan-dos-camiones-en-el-km-71-de-la-ruta-33\/"]}]},{"@type":"ImageObject","inLanguage":"es","@id":"https:\/\/www.noticiasradioreflejos.com.ar\/2021\/colisionan-dos-camiones-en-el-km-71-de-la-ruta-33\/#primaryimage","url":"http:\/\/live.staticflickr.com\/65535\/49971636728_7fdebc4bf9_o.jpg","contentUrl":"http:\/\/live.staticflickr.com\/65535\/49971636728_7fdebc4bf9_o.jpg"},{"@type":"BreadcrumbList","@id":"https:\/\/www.noticiasradioreflejos.com.ar\/2021\/colisionan-dos-camiones-en-el-km-71-de-la-ruta-33\/#breadcrumb","itemListElement":[{"@type":"ListItem","position":1,"name":"Portada","item":"https:\/\/www.noticiasradioreflejos.com.ar\/2021\/"},{"@type":"ListItem","position":2,"name":"Colisionan dos camiones en el km 71 de la ruta 33."}]},{"@type":"WebSite","@id":"https:\/\/www.noticiasradioreflejos.com.ar\/2021\/#website","url":"https:\/\/www.noticiasradioreflejos.com.ar\/2021\/","name":"Noticias Radio Reflejos","description":"Las noticias de mi comarca","potentialAction":[{"@type":"SearchAction","target":{"@type":"EntryPoint","urlTemplate":"https:\/\/www.noticiasradioreflejos.com.ar\/2021\/?s={search_term_string}"},"query-input":{"@type":"PropertyValueSpecification","valueRequired":true,"valueName":"search_term_string"}}],"inLanguage":"es"},{"@type":"Person","@id":"https:\/\/www.noticiasradioreflejos.com.ar\/2021\/#\/schema\/person\/ad82545263dcc5ec0996818884fd5fb1","name":"Arnaldo Botto","image":{"@type":"ImageObject","inLanguage":"es","@id":"https:\/\/www.noticiasradioreflejos.com.ar\/2021\/#\/schema\/person\/image\/","url":"https:\/\/secure.gravatar.com\/avatar\/55cb5e37c1efa326397366e6974cb338056df65cb50e7d64d1cf314e87504837?s=96&d=mm&r=g","contentUrl":"https:\/\/secure.gravatar.com\/avatar\/55cb5e37c1efa326397366e6974cb338056df65cb50e7d64d1cf314e87504837?s=96&d=mm&r=g","caption":"Arnaldo Botto"},"url":"https:\/\/www.noticiasradioreflejos.com.ar\/2021\/author\/arnaldo\/"}]}},"_links":{"self":[{"href":"https:\/\/www.noticiasradioreflejos.com.ar\/2021\/wp-json\/wp\/v2\/posts\/42811","targetHints":{"allow":["GET"]}}],"collection":[{"href":"https:\/\/www.noticiasradioreflejos.com.ar\/2021\/wp-json\/wp\/v2\/posts"}],"about":[{"href":"https:\/\/www.noticiasradioreflejos.com.ar\/2021\/wp-json\/wp\/v2\/types\/post"}],"author":[{"embeddable":true,"href":"https:\/\/www.noticiasradioreflejos.com.ar\/2021\/wp-json\/wp\/v2\/users\/3"}],"replies":[{"embeddable":true,"href":"https:\/\/www.noticiasradioreflejos.com.ar\/2021\/wp-json\/wp\/v2\/comments?post=42811"}],"version-history":[{"count":0,"href":"https:\/\/www.noticiasradioreflejos.com.ar\/2021\/wp-json\/wp\/v2\/posts\/42811\/revisions"}],"wp:attachment":[{"href":"https:\/\/www.noticiasradioreflejos.com.ar\/2021\/wp-json\/wp\/v2\/media?parent=42811"}],"wp:term":[{"taxonomy":"category","embeddable":true,"href":"https:\/\/www.noticiasradioreflejos.com.ar\/2021\/wp-json\/wp\/v2\/categories?post=42811"},{"taxonomy":"post_tag","embeddable":true,"href":"https:\/\/www.noticiasradioreflejos.com.ar\/2021\/wp-json\/wp\/v2\/tags?post=42811"}],"curies":[{"name":"wp","href":"https:\/\/api.w.org\/{rel}","templated":true}]}}