{"id":42791,"date":"2020-06-04T12:11:12","date_gmt":"2020-06-04T15:11:12","guid":{"rendered":"http:\/\/www.noticiasradioreflejos.com.ar\/noticias\/?p=42791"},"modified":"2020-06-04T12:11:12","modified_gmt":"2020-06-04T15:11:12","slug":"intendentes-solicitaron-a-kiciloff-contar-con-mayor-autonomia-para-la-toma-de-decisiones","status":"publish","type":"post","link":"https:\/\/www.noticiasradioreflejos.com.ar\/2021\/intendentes-solicitaron-a-kiciloff-contar-con-mayor-autonomia-para-la-toma-de-decisiones\/","title":{"rendered":"Intendentes solicitaron a Kiciloff contar con mayor autonom\u00eda para la toma de decisiones."},"content":{"rendered":"<p>Sergio Bordoni es uno de los m\u00e1s de 50 jefes comunales que se sumaron al pedido. M\u00e1s de 50 intendentes de la provincia de Buenos Aires solicitaron en forma conjunta al gobernador Axel Kiciloff \u00abla posibilidad de contar con mayor autonom\u00eda para tomar decisiones \u00e1giles en el territorio\u00bb en el marco de la pandemia por el coronavirus, informaron hoy fuentes comunales.<!--more--><br \/>\n(Telam) Este grupo de jefes comunales expresaron su \u00abpreocupaci\u00f3n por los distintos sectores econ\u00f3micos y sociales que se ven imposibilitados de retomar gradualmente sus actividades\u00bb.<br \/>\nEl pedido fue realizado por los intendentes de Adolfo Alsina, Arrecifes, Ayacucho, Azul, Bah\u00eda Blanca, Balcarce, Bragado, Brandsen, Campana, Capit\u00e1n Sarmiento, Chacabuco, Coronel Dorrego, Coronel Pringles, Coronel Rosales, Dolores, Florentino Ameghino, General Alvear, General Arenales, General Belgrano, General Lamadrid, General Lavalle, General Madariaga y General Pueyrred\u00f3n.<br \/>\nTambi\u00e9n por los partidos de General Viamonte, General Villegas, Jun\u00edn, La Plata, Lan\u00fas, Lezama, Lincoln, Lober\u00eda, Lobos, Magdalena, Maip\u00fa, Monte, Nueve de Julio, Olavarr\u00eda, Patagones, Pellegrini, Pergamino, Pinamar, Pu\u00e1n, Ramallo, Rauch, Rivadavia, Rojas, Saavedra, Saladillo, San Antonio de Areco, San Cayetano, San Isidro, San Miguel, San Nicol\u00e1s, Suipacha, Tandil, Tornquist, Trenque Lauquen, Tres de Febrero y Vicente L\u00f3pez.<br \/>\n\u00abEstamos convencidos que podemos avanzar hacia un nuevo esquema de funcionamiento de diversas actividades sociales, econ\u00f3micas y deportivas m\u00e1s flexible, que ser\u00e1n seguramente distintas en cada caso, adaptadas a la situaci\u00f3n sanitaria y social de cada municipio\u00bb, expresaron los jefes comunales a trav\u00e9s de un comunicado.<br \/>\nTambi\u00e9n indicaron que en funci\u00f3n de la din\u00e1mica propia de la pandemia \u00ablas medidas adoptadas deber\u00e1n ser revisadas de manera permanente, siempre con el compromiso y la responsabilidad expresa de retroceder o adoptar medidas restrictivas si la situaci\u00f3n sanitaria as\u00ed lo indicara\u00bb.<br \/>\n\u00abNadie m\u00e1s interesados que los intendentes en que la situaci\u00f3n sanitaria y social est\u00e9 bajo control y seremos quienes responder\u00e1n con sus sistemas de la manera m\u00e1s pronta y eficaz, siempre acompa\u00f1ados y acompa\u00f1ando a la provincia\u00bb, agregaron.<\/p>\n","protected":false},"excerpt":{"rendered":"<p>Sergio Bordoni es uno de los m\u00e1s de 50 jefes comunales que se sumaron al pedido. M\u00e1s de 50 intendentes de la provincia de Buenos Aires solicitaron en forma conjunta al gobernador Axel Kiciloff \u00abla posibilidad de contar con mayor autonom\u00eda para tomar decisiones \u00e1giles en el territorio\u00bb en el marco de la pandemia por [&hellip;]<\/p>\n","protected":false},"author":3,"featured_media":0,"comment_status":"closed","ping_status":"open","sticky":false,"template":"","format":"standard","meta":{"footnotes":""},"categories":[24],"tags":[],"class_list":["post-42791","post","type-post","status-publish","format-standard","hentry","category-politica"],"yoast_head":"<!-- This site is optimized with the Yoast SEO plugin v25.9 - https:\/\/yoast.com\/wordpress\/plugins\/seo\/ -->\n<title>Intendentes solicitaron a Kiciloff contar con mayor autonom\u00eda para la toma de decisiones. - Noticias Radio Reflejos<\/title>\n<meta name=\"robots\" content=\"index, follow, max-snippet:-1, max-image-preview:large, max-video-preview:-1\" \/>\n<link rel=\"canonical\" href=\"https:\/\/www.noticiasradioreflejos.com.ar\/2021\/intendentes-solicitaron-a-kiciloff-contar-con-mayor-autonomia-para-la-toma-de-decisiones\/\" \/>\n<meta property=\"og:locale\" content=\"es_ES\" \/>\n<meta property=\"og:type\" content=\"article\" \/>\n<meta property=\"og:title\" content=\"Intendentes solicitaron a Kiciloff contar con mayor autonom\u00eda para la toma de decisiones. - Noticias Radio Reflejos\" \/>\n<meta property=\"og:description\" content=\"Sergio Bordoni es uno de los m\u00e1s de 50 jefes comunales que se sumaron al pedido. M\u00e1s de 50 intendentes de la provincia de Buenos Aires solicitaron en forma conjunta al gobernador Axel Kiciloff \u00abla posibilidad de contar con mayor autonom\u00eda para tomar decisiones \u00e1giles en el territorio\u00bb en el marco de la pandemia por [&hellip;]\" \/>\n<meta property=\"og:url\" content=\"https:\/\/www.noticiasradioreflejos.com.ar\/2021\/intendentes-solicitaron-a-kiciloff-contar-con-mayor-autonomia-para-la-toma-de-decisiones\/\" \/>\n<meta property=\"og:site_name\" content=\"Noticias Radio Reflejos\" \/>\n<meta property=\"article:published_time\" content=\"2020-06-04T15:11:12+00:00\" \/>\n<meta property=\"og:image\" content=\"https:\/\/www.noticiasradioreflejos.com.ar\/2021\/wp-content\/uploads\/2021\/07\/logosol300x200.png\" \/>\n\t<meta property=\"og:image:width\" content=\"300\" \/>\n\t<meta property=\"og:image:height\" content=\"200\" \/>\n\t<meta property=\"og:image:type\" content=\"image\/png\" \/>\n<meta name=\"author\" content=\"Arnaldo Botto\" \/>\n<meta name=\"twitter:card\" content=\"summary_large_image\" \/>\n<script type=\"application\/ld+json\" class=\"yoast-schema-graph\">{\"@context\":\"https:\/\/schema.org\",\"@graph\":[{\"@type\":\"WebPage\",\"@id\":\"https:\/\/www.noticiasradioreflejos.com.ar\/2021\/intendentes-solicitaron-a-kiciloff-contar-con-mayor-autonomia-para-la-toma-de-decisiones\/\",\"url\":\"https:\/\/www.noticiasradioreflejos.com.ar\/2021\/intendentes-solicitaron-a-kiciloff-contar-con-mayor-autonomia-para-la-toma-de-decisiones\/\",\"name\":\"Intendentes solicitaron a Kiciloff contar con mayor autonom\u00eda para la toma de decisiones. - Noticias Radio Reflejos\",\"isPartOf\":{\"@id\":\"https:\/\/www.noticiasradioreflejos.com.ar\/2021\/#website\"},\"datePublished\":\"2020-06-04T15:11:12+00:00\",\"author\":{\"@id\":\"https:\/\/www.noticiasradioreflejos.com.ar\/2021\/#\/schema\/person\/ad82545263dcc5ec0996818884fd5fb1\"},\"breadcrumb\":{\"@id\":\"https:\/\/www.noticiasradioreflejos.com.ar\/2021\/intendentes-solicitaron-a-kiciloff-contar-con-mayor-autonomia-para-la-toma-de-decisiones\/#breadcrumb\"},\"inLanguage\":\"es\",\"potentialAction\":[{\"@type\":\"ReadAction\",\"target\":[\"https:\/\/www.noticiasradioreflejos.com.ar\/2021\/intendentes-solicitaron-a-kiciloff-contar-con-mayor-autonomia-para-la-toma-de-decisiones\/\"]}]},{\"@type\":\"BreadcrumbList\",\"@id\":\"https:\/\/www.noticiasradioreflejos.com.ar\/2021\/intendentes-solicitaron-a-kiciloff-contar-con-mayor-autonomia-para-la-toma-de-decisiones\/#breadcrumb\",\"itemListElement\":[{\"@type\":\"ListItem\",\"position\":1,\"name\":\"Portada\",\"item\":\"https:\/\/www.noticiasradioreflejos.com.ar\/2021\/\"},{\"@type\":\"ListItem\",\"position\":2,\"name\":\"Intendentes solicitaron a Kiciloff contar con mayor autonom\u00eda para la toma de decisiones.\"}]},{\"@type\":\"WebSite\",\"@id\":\"https:\/\/www.noticiasradioreflejos.com.ar\/2021\/#website\",\"url\":\"https:\/\/www.noticiasradioreflejos.com.ar\/2021\/\",\"name\":\"Noticias Radio Reflejos\",\"description\":\"Las noticias de mi comarca\",\"potentialAction\":[{\"@type\":\"SearchAction\",\"target\":{\"@type\":\"EntryPoint\",\"urlTemplate\":\"https:\/\/www.noticiasradioreflejos.com.ar\/2021\/?s={search_term_string}\"},\"query-input\":{\"@type\":\"PropertyValueSpecification\",\"valueRequired\":true,\"valueName\":\"search_term_string\"}}],\"inLanguage\":\"es\"},{\"@type\":\"Person\",\"@id\":\"https:\/\/www.noticiasradioreflejos.com.ar\/2021\/#\/schema\/person\/ad82545263dcc5ec0996818884fd5fb1\",\"name\":\"Arnaldo Botto\",\"image\":{\"@type\":\"ImageObject\",\"inLanguage\":\"es\",\"@id\":\"https:\/\/www.noticiasradioreflejos.com.ar\/2021\/#\/schema\/person\/image\/\",\"url\":\"https:\/\/secure.gravatar.com\/avatar\/55cb5e37c1efa326397366e6974cb338056df65cb50e7d64d1cf314e87504837?s=96&d=mm&r=g\",\"contentUrl\":\"https:\/\/secure.gravatar.com\/avatar\/55cb5e37c1efa326397366e6974cb338056df65cb50e7d64d1cf314e87504837?s=96&d=mm&r=g\",\"caption\":\"Arnaldo Botto\"},\"url\":\"https:\/\/www.noticiasradioreflejos.com.ar\/2021\/author\/arnaldo\/\"}]}<\/script>\n<!-- \/ Yoast SEO plugin. -->","yoast_head_json":{"title":"Intendentes solicitaron a Kiciloff contar con mayor autonom\u00eda para la toma de decisiones. - Noticias Radio Reflejos","robots":{"index":"index","follow":"follow","max-snippet":"max-snippet:-1","max-image-preview":"max-image-preview:large","max-video-preview":"max-video-preview:-1"},"canonical":"https:\/\/www.noticiasradioreflejos.com.ar\/2021\/intendentes-solicitaron-a-kiciloff-contar-con-mayor-autonomia-para-la-toma-de-decisiones\/","og_locale":"es_ES","og_type":"article","og_title":"Intendentes solicitaron a Kiciloff contar con mayor autonom\u00eda para la toma de decisiones. - Noticias Radio Reflejos","og_description":"Sergio Bordoni es uno de los m\u00e1s de 50 jefes comunales que se sumaron al pedido. M\u00e1s de 50 intendentes de la provincia de Buenos Aires solicitaron en forma conjunta al gobernador Axel Kiciloff \u00abla posibilidad de contar con mayor autonom\u00eda para tomar decisiones \u00e1giles en el territorio\u00bb en el marco de la pandemia por [&hellip;]","og_url":"https:\/\/www.noticiasradioreflejos.com.ar\/2021\/intendentes-solicitaron-a-kiciloff-contar-con-mayor-autonomia-para-la-toma-de-decisiones\/","og_site_name":"Noticias Radio Reflejos","article_published_time":"2020-06-04T15:11:12+00:00","og_image":[{"width":300,"height":200,"url":"https:\/\/www.noticiasradioreflejos.com.ar\/2021\/wp-content\/uploads\/2021\/07\/logosol300x200.png","type":"image\/png"}],"author":"Arnaldo Botto","twitter_card":"summary_large_image","schema":{"@context":"https:\/\/schema.org","@graph":[{"@type":"WebPage","@id":"https:\/\/www.noticiasradioreflejos.com.ar\/2021\/intendentes-solicitaron-a-kiciloff-contar-con-mayor-autonomia-para-la-toma-de-decisiones\/","url":"https:\/\/www.noticiasradioreflejos.com.ar\/2021\/intendentes-solicitaron-a-kiciloff-contar-con-mayor-autonomia-para-la-toma-de-decisiones\/","name":"Intendentes solicitaron a Kiciloff contar con mayor autonom\u00eda para la toma de decisiones. - Noticias Radio Reflejos","isPartOf":{"@id":"https:\/\/www.noticiasradioreflejos.com.ar\/2021\/#website"},"datePublished":"2020-06-04T15:11:12+00:00","author":{"@id":"https:\/\/www.noticiasradioreflejos.com.ar\/2021\/#\/schema\/person\/ad82545263dcc5ec0996818884fd5fb1"},"breadcrumb":{"@id":"https:\/\/www.noticiasradioreflejos.com.ar\/2021\/intendentes-solicitaron-a-kiciloff-contar-con-mayor-autonomia-para-la-toma-de-decisiones\/#breadcrumb"},"inLanguage":"es","potentialAction":[{"@type":"ReadAction","target":["https:\/\/www.noticiasradioreflejos.com.ar\/2021\/intendentes-solicitaron-a-kiciloff-contar-con-mayor-autonomia-para-la-toma-de-decisiones\/"]}]},{"@type":"BreadcrumbList","@id":"https:\/\/www.noticiasradioreflejos.com.ar\/2021\/intendentes-solicitaron-a-kiciloff-contar-con-mayor-autonomia-para-la-toma-de-decisiones\/#breadcrumb","itemListElement":[{"@type":"ListItem","position":1,"name":"Portada","item":"https:\/\/www.noticiasradioreflejos.com.ar\/2021\/"},{"@type":"ListItem","position":2,"name":"Intendentes solicitaron a Kiciloff contar con mayor autonom\u00eda para la toma de decisiones."}]},{"@type":"WebSite","@id":"https:\/\/www.noticiasradioreflejos.com.ar\/2021\/#website","url":"https:\/\/www.noticiasradioreflejos.com.ar\/2021\/","name":"Noticias Radio Reflejos","description":"Las noticias de mi comarca","potentialAction":[{"@type":"SearchAction","target":{"@type":"EntryPoint","urlTemplate":"https:\/\/www.noticiasradioreflejos.com.ar\/2021\/?s={search_term_string}"},"query-input":{"@type":"PropertyValueSpecification","valueRequired":true,"valueName":"search_term_string"}}],"inLanguage":"es"},{"@type":"Person","@id":"https:\/\/www.noticiasradioreflejos.com.ar\/2021\/#\/schema\/person\/ad82545263dcc5ec0996818884fd5fb1","name":"Arnaldo Botto","image":{"@type":"ImageObject","inLanguage":"es","@id":"https:\/\/www.noticiasradioreflejos.com.ar\/2021\/#\/schema\/person\/image\/","url":"https:\/\/secure.gravatar.com\/avatar\/55cb5e37c1efa326397366e6974cb338056df65cb50e7d64d1cf314e87504837?s=96&d=mm&r=g","contentUrl":"https:\/\/secure.gravatar.com\/avatar\/55cb5e37c1efa326397366e6974cb338056df65cb50e7d64d1cf314e87504837?s=96&d=mm&r=g","caption":"Arnaldo Botto"},"url":"https:\/\/www.noticiasradioreflejos.com.ar\/2021\/author\/arnaldo\/"}]}},"_links":{"self":[{"href":"https:\/\/www.noticiasradioreflejos.com.ar\/2021\/wp-json\/wp\/v2\/posts\/42791","targetHints":{"allow":["GET"]}}],"collection":[{"href":"https:\/\/www.noticiasradioreflejos.com.ar\/2021\/wp-json\/wp\/v2\/posts"}],"about":[{"href":"https:\/\/www.noticiasradioreflejos.com.ar\/2021\/wp-json\/wp\/v2\/types\/post"}],"author":[{"embeddable":true,"href":"https:\/\/www.noticiasradioreflejos.com.ar\/2021\/wp-json\/wp\/v2\/users\/3"}],"replies":[{"embeddable":true,"href":"https:\/\/www.noticiasradioreflejos.com.ar\/2021\/wp-json\/wp\/v2\/comments?post=42791"}],"version-history":[{"count":0,"href":"https:\/\/www.noticiasradioreflejos.com.ar\/2021\/wp-json\/wp\/v2\/posts\/42791\/revisions"}],"wp:attachment":[{"href":"https:\/\/www.noticiasradioreflejos.com.ar\/2021\/wp-json\/wp\/v2\/media?parent=42791"}],"wp:term":[{"taxonomy":"category","embeddable":true,"href":"https:\/\/www.noticiasradioreflejos.com.ar\/2021\/wp-json\/wp\/v2\/categories?post=42791"},{"taxonomy":"post_tag","embeddable":true,"href":"https:\/\/www.noticiasradioreflejos.com.ar\/2021\/wp-json\/wp\/v2\/tags?post=42791"}],"curies":[{"name":"wp","href":"https:\/\/api.w.org\/{rel}","templated":true}]}}