{"id":42781,"date":"2020-06-04T11:56:04","date_gmt":"2020-06-04T14:56:04","guid":{"rendered":"http:\/\/www.noticiasradioreflejos.com.ar\/noticias\/?p=42781"},"modified":"2020-06-04T11:56:04","modified_gmt":"2020-06-04T14:56:04","slug":"el-panorama-es-desalentador-me-plantee-el-reinventarme-cristian-majolo","status":"publish","type":"post","link":"https:\/\/www.noticiasradioreflejos.com.ar\/2021\/el-panorama-es-desalentador-me-plantee-el-reinventarme-cristian-majolo\/","title":{"rendered":"\u00abEl panorama es desalentador; me plante\u00e9 reinventarme\u00bb &#8211; Cristian Majolo"},"content":{"rendered":"<p><a title=\"unnamed (1)\" href=\"http:\/\/live.staticflickr.com\/65535\/49970388121_49169bdf8e_s.jpg\" rel=\"\"><img loading=\"lazy\" decoding=\"async\" class=\"alignleft\" style=\"float: left;\" title=\"unnamed (1)\" src=\"http:\/\/live.staticflickr.com\/65535\/49970388121_49169bdf8e_z.jpg\" alt=\"unnamed (1)\" width=\"433\" height=\"640\" \/><\/a>En estos tiempos de pandemia la gente necesita una inyecci\u00f3n de alegr\u00eda por eso el multidisciplinario artista argentino,<strong> Cristian Majolo<\/strong> lanz\u00f3 su primera canci\u00f3n, \u201cBaila Conmigo\u201d. El actor de tantas obras de teatro, debuta como cantante solista y su m\u00fasica ya suena en todas las plataformas digitales del mundo y hoy es parte del programa <strong>\u00abUn Mate y Un Caf\u00e9\u00bb.\u00a0<\/strong><!--more--><br \/>\nEl tandilense Majolo retomo su pasado musical y apost\u00f3 a la m\u00fasica lanzando esta hermosa canci\u00f3n acompa\u00f1ada de un videoclip rodado en su propia casa, en donde se lo ve bailando a un ritmo divertido con los mejores acordes musicales.<br \/>\nEl joven artista de 31 a\u00f1os invita con su tema musical a mover el cuerpo en plena cuarentena con frases de amor al ritmo de \u201cBaila conmigo hasta la madrugada, baila conmigo hasta el amanecer. Sue\u00f1a conmigo de regreso a tu casa, quiz\u00e1s ma\u00f1ana yo te vuelva a ver, estoy seguro\u201d.<br \/>\n\u201cBaila Conmigo\u201d, es una creaci\u00f3n de Cristian Majolo con m\u00fasica y letra de su autor\u00eda, el acompa\u00f1amiento del m\u00fasico invitado Nicol\u00e1s V\u00edlchez y Mau Gonz\u00e1lez y la producci\u00f3n del maestro Mauricio Gonz\u00e1lez. El videoclip estuvo a cargo de la realizadora Heidy Reyes.<br \/>\nMajolo se refiri\u00f3 a este primer lanzamiento y dijo, \u201cBaila Conmigo es una canci\u00f3n que inyecta energ\u00eda, irradia amor y pasi\u00f3n, y nos hace so\u00f1ar. Este tema es el primero de muchos otros que se est\u00e1n gestando en la grabaci\u00f3n de mi disco y que presentaremos muy pronto\u201d Y agreg\u00f3, \u201ctenemos que ponerle m\u00e1s m\u00fasica a la vida y por sobre todo en esto momento tan particular. Los invito a so\u00f1ar y bailar hasta la madrugada\u201d.<\/p>\n<p><strong>Nota completa:<\/strong><\/p>\n<p><iframe loading=\"lazy\" src=\"https:\/\/w.soundcloud.com\/player\/?url=https%3A\/\/api.soundcloud.com\/tracks\/834013492&amp;color=%23ff5500&amp;auto_play=false&amp;hide_related=false&amp;show_comments=true&amp;show_user=true&amp;show_reposts=false&amp;show_teaser=true\" width=\"100%\" height=\"166\" frameborder=\"no\" scrolling=\"no\"><\/iframe><\/p>\n<div style=\"font-size: 10px; color: #cccccc; line-break: anywhere; word-break: normal; overflow: hidden; white-space: nowrap; text-overflow: ellipsis; font-family: Interstate,Lucida Grande,Lucida Sans Unicode,Lucida Sans,Garuda,Verdana,Tahoma,sans-serif; font-weight: 100;\"><a style=\"color: #cccccc; text-decoration: none;\" title=\"fmreflejos 103.7\" href=\"https:\/\/soundcloud.com\/fmreflejos-103-7\" target=\"_blank\" rel=\"noopener\">fmreflejos 103.7<\/a> \u00b7 <a style=\"color: #cccccc; text-decoration: none;\" title=\"Nota Cristian Majolo\" href=\"https:\/\/soundcloud.com\/fmreflejos-103-7\/nota-cristian-majolo\" target=\"_blank\" rel=\"noopener\">Nota Cristian Majolo<\/a><\/div>\n<p><iframe loading=\"lazy\" src=\"https:\/\/www.youtube.com\/embed\/EDUvtoZNyxo\" width=\"560\" height=\"315\" frameborder=\"0\" allowfullscreen=\"allowfullscreen\"><\/iframe><\/p>\n","protected":false},"excerpt":{"rendered":"<p>En estos tiempos de pandemia la gente necesita una inyecci\u00f3n de alegr\u00eda por eso el multidisciplinario artista argentino, Cristian Majolo lanz\u00f3 su primera canci\u00f3n, \u201cBaila Conmigo\u201d. El actor de tantas obras de teatro, debuta como cantante solista y su m\u00fasica ya suena en todas las plataformas digitales del mundo y hoy es parte del programa [&hellip;]<\/p>\n","protected":false},"author":3,"featured_media":0,"comment_status":"closed","ping_status":"open","sticky":false,"template":"","format":"standard","meta":{"footnotes":""},"categories":[35],"tags":[],"class_list":["post-42781","post","type-post","status-publish","format-standard","hentry","category-cultura"],"yoast_head":"<!-- This site is optimized with the Yoast SEO plugin v25.9 - https:\/\/yoast.com\/wordpress\/plugins\/seo\/ -->\n<title>&quot;El panorama es desalentador; me plante\u00e9 reinventarme&quot; - Cristian Majolo - Noticias Radio Reflejos<\/title>\n<meta name=\"robots\" content=\"index, follow, max-snippet:-1, max-image-preview:large, max-video-preview:-1\" \/>\n<link rel=\"canonical\" href=\"https:\/\/www.noticiasradioreflejos.com.ar\/2021\/el-panorama-es-desalentador-me-plantee-el-reinventarme-cristian-majolo\/\" \/>\n<meta property=\"og:locale\" content=\"es_ES\" \/>\n<meta property=\"og:type\" content=\"article\" \/>\n<meta property=\"og:title\" content=\"&quot;El panorama es desalentador; me plante\u00e9 reinventarme&quot; - Cristian Majolo - Noticias Radio Reflejos\" \/>\n<meta property=\"og:description\" content=\"En estos tiempos de pandemia la gente necesita una inyecci\u00f3n de alegr\u00eda por eso el multidisciplinario artista argentino, Cristian Majolo lanz\u00f3 su primera canci\u00f3n, \u201cBaila Conmigo\u201d. El actor de tantas obras de teatro, debuta como cantante solista y su m\u00fasica ya suena en todas las plataformas digitales del mundo y hoy es parte del programa [&hellip;]\" \/>\n<meta property=\"og:url\" content=\"https:\/\/www.noticiasradioreflejos.com.ar\/2021\/el-panorama-es-desalentador-me-plantee-el-reinventarme-cristian-majolo\/\" \/>\n<meta property=\"og:site_name\" content=\"Noticias Radio Reflejos\" \/>\n<meta property=\"article:published_time\" content=\"2020-06-04T14:56:04+00:00\" \/>\n<meta property=\"og:image\" content=\"http:\/\/live.staticflickr.com\/65535\/49970388121_49169bdf8e_z.jpg\" \/>\n<meta name=\"author\" content=\"Arnaldo Botto\" \/>\n<meta name=\"twitter:card\" content=\"summary_large_image\" \/>\n<script type=\"application\/ld+json\" class=\"yoast-schema-graph\">{\"@context\":\"https:\/\/schema.org\",\"@graph\":[{\"@type\":\"WebPage\",\"@id\":\"https:\/\/www.noticiasradioreflejos.com.ar\/2021\/el-panorama-es-desalentador-me-plantee-el-reinventarme-cristian-majolo\/\",\"url\":\"https:\/\/www.noticiasradioreflejos.com.ar\/2021\/el-panorama-es-desalentador-me-plantee-el-reinventarme-cristian-majolo\/\",\"name\":\"\\\"El panorama es desalentador; me plante\u00e9 reinventarme\\\" - Cristian Majolo - Noticias Radio Reflejos\",\"isPartOf\":{\"@id\":\"https:\/\/www.noticiasradioreflejos.com.ar\/2021\/#website\"},\"primaryImageOfPage\":{\"@id\":\"https:\/\/www.noticiasradioreflejos.com.ar\/2021\/el-panorama-es-desalentador-me-plantee-el-reinventarme-cristian-majolo\/#primaryimage\"},\"image\":{\"@id\":\"https:\/\/www.noticiasradioreflejos.com.ar\/2021\/el-panorama-es-desalentador-me-plantee-el-reinventarme-cristian-majolo\/#primaryimage\"},\"thumbnailUrl\":\"http:\/\/live.staticflickr.com\/65535\/49970388121_49169bdf8e_z.jpg\",\"datePublished\":\"2020-06-04T14:56:04+00:00\",\"author\":{\"@id\":\"https:\/\/www.noticiasradioreflejos.com.ar\/2021\/#\/schema\/person\/ad82545263dcc5ec0996818884fd5fb1\"},\"breadcrumb\":{\"@id\":\"https:\/\/www.noticiasradioreflejos.com.ar\/2021\/el-panorama-es-desalentador-me-plantee-el-reinventarme-cristian-majolo\/#breadcrumb\"},\"inLanguage\":\"es\",\"potentialAction\":[{\"@type\":\"ReadAction\",\"target\":[\"https:\/\/www.noticiasradioreflejos.com.ar\/2021\/el-panorama-es-desalentador-me-plantee-el-reinventarme-cristian-majolo\/\"]}]},{\"@type\":\"ImageObject\",\"inLanguage\":\"es\",\"@id\":\"https:\/\/www.noticiasradioreflejos.com.ar\/2021\/el-panorama-es-desalentador-me-plantee-el-reinventarme-cristian-majolo\/#primaryimage\",\"url\":\"http:\/\/live.staticflickr.com\/65535\/49970388121_49169bdf8e_z.jpg\",\"contentUrl\":\"http:\/\/live.staticflickr.com\/65535\/49970388121_49169bdf8e_z.jpg\"},{\"@type\":\"BreadcrumbList\",\"@id\":\"https:\/\/www.noticiasradioreflejos.com.ar\/2021\/el-panorama-es-desalentador-me-plantee-el-reinventarme-cristian-majolo\/#breadcrumb\",\"itemListElement\":[{\"@type\":\"ListItem\",\"position\":1,\"name\":\"Portada\",\"item\":\"https:\/\/www.noticiasradioreflejos.com.ar\/2021\/\"},{\"@type\":\"ListItem\",\"position\":2,\"name\":\"\u00abEl panorama es desalentador; me plante\u00e9 reinventarme\u00bb &#8211; Cristian Majolo\"}]},{\"@type\":\"WebSite\",\"@id\":\"https:\/\/www.noticiasradioreflejos.com.ar\/2021\/#website\",\"url\":\"https:\/\/www.noticiasradioreflejos.com.ar\/2021\/\",\"name\":\"Noticias Radio Reflejos\",\"description\":\"Las noticias de mi comarca\",\"potentialAction\":[{\"@type\":\"SearchAction\",\"target\":{\"@type\":\"EntryPoint\",\"urlTemplate\":\"https:\/\/www.noticiasradioreflejos.com.ar\/2021\/?s={search_term_string}\"},\"query-input\":{\"@type\":\"PropertyValueSpecification\",\"valueRequired\":true,\"valueName\":\"search_term_string\"}}],\"inLanguage\":\"es\"},{\"@type\":\"Person\",\"@id\":\"https:\/\/www.noticiasradioreflejos.com.ar\/2021\/#\/schema\/person\/ad82545263dcc5ec0996818884fd5fb1\",\"name\":\"Arnaldo Botto\",\"image\":{\"@type\":\"ImageObject\",\"inLanguage\":\"es\",\"@id\":\"https:\/\/www.noticiasradioreflejos.com.ar\/2021\/#\/schema\/person\/image\/\",\"url\":\"https:\/\/secure.gravatar.com\/avatar\/55cb5e37c1efa326397366e6974cb338056df65cb50e7d64d1cf314e87504837?s=96&d=mm&r=g\",\"contentUrl\":\"https:\/\/secure.gravatar.com\/avatar\/55cb5e37c1efa326397366e6974cb338056df65cb50e7d64d1cf314e87504837?s=96&d=mm&r=g\",\"caption\":\"Arnaldo Botto\"},\"url\":\"https:\/\/www.noticiasradioreflejos.com.ar\/2021\/author\/arnaldo\/\"}]}<\/script>\n<!-- \/ Yoast SEO plugin. -->","yoast_head_json":{"title":"\"El panorama es desalentador; me plante\u00e9 reinventarme\" - Cristian Majolo - Noticias Radio Reflejos","robots":{"index":"index","follow":"follow","max-snippet":"max-snippet:-1","max-image-preview":"max-image-preview:large","max-video-preview":"max-video-preview:-1"},"canonical":"https:\/\/www.noticiasradioreflejos.com.ar\/2021\/el-panorama-es-desalentador-me-plantee-el-reinventarme-cristian-majolo\/","og_locale":"es_ES","og_type":"article","og_title":"\"El panorama es desalentador; me plante\u00e9 reinventarme\" - Cristian Majolo - Noticias Radio Reflejos","og_description":"En estos tiempos de pandemia la gente necesita una inyecci\u00f3n de alegr\u00eda por eso el multidisciplinario artista argentino, Cristian Majolo lanz\u00f3 su primera canci\u00f3n, \u201cBaila Conmigo\u201d. El actor de tantas obras de teatro, debuta como cantante solista y su m\u00fasica ya suena en todas las plataformas digitales del mundo y hoy es parte del programa [&hellip;]","og_url":"https:\/\/www.noticiasradioreflejos.com.ar\/2021\/el-panorama-es-desalentador-me-plantee-el-reinventarme-cristian-majolo\/","og_site_name":"Noticias Radio Reflejos","article_published_time":"2020-06-04T14:56:04+00:00","og_image":[{"url":"http:\/\/live.staticflickr.com\/65535\/49970388121_49169bdf8e_z.jpg","type":"","width":"","height":""}],"author":"Arnaldo Botto","twitter_card":"summary_large_image","schema":{"@context":"https:\/\/schema.org","@graph":[{"@type":"WebPage","@id":"https:\/\/www.noticiasradioreflejos.com.ar\/2021\/el-panorama-es-desalentador-me-plantee-el-reinventarme-cristian-majolo\/","url":"https:\/\/www.noticiasradioreflejos.com.ar\/2021\/el-panorama-es-desalentador-me-plantee-el-reinventarme-cristian-majolo\/","name":"\"El panorama es desalentador; me plante\u00e9 reinventarme\" - Cristian Majolo - Noticias Radio Reflejos","isPartOf":{"@id":"https:\/\/www.noticiasradioreflejos.com.ar\/2021\/#website"},"primaryImageOfPage":{"@id":"https:\/\/www.noticiasradioreflejos.com.ar\/2021\/el-panorama-es-desalentador-me-plantee-el-reinventarme-cristian-majolo\/#primaryimage"},"image":{"@id":"https:\/\/www.noticiasradioreflejos.com.ar\/2021\/el-panorama-es-desalentador-me-plantee-el-reinventarme-cristian-majolo\/#primaryimage"},"thumbnailUrl":"http:\/\/live.staticflickr.com\/65535\/49970388121_49169bdf8e_z.jpg","datePublished":"2020-06-04T14:56:04+00:00","author":{"@id":"https:\/\/www.noticiasradioreflejos.com.ar\/2021\/#\/schema\/person\/ad82545263dcc5ec0996818884fd5fb1"},"breadcrumb":{"@id":"https:\/\/www.noticiasradioreflejos.com.ar\/2021\/el-panorama-es-desalentador-me-plantee-el-reinventarme-cristian-majolo\/#breadcrumb"},"inLanguage":"es","potentialAction":[{"@type":"ReadAction","target":["https:\/\/www.noticiasradioreflejos.com.ar\/2021\/el-panorama-es-desalentador-me-plantee-el-reinventarme-cristian-majolo\/"]}]},{"@type":"ImageObject","inLanguage":"es","@id":"https:\/\/www.noticiasradioreflejos.com.ar\/2021\/el-panorama-es-desalentador-me-plantee-el-reinventarme-cristian-majolo\/#primaryimage","url":"http:\/\/live.staticflickr.com\/65535\/49970388121_49169bdf8e_z.jpg","contentUrl":"http:\/\/live.staticflickr.com\/65535\/49970388121_49169bdf8e_z.jpg"},{"@type":"BreadcrumbList","@id":"https:\/\/www.noticiasradioreflejos.com.ar\/2021\/el-panorama-es-desalentador-me-plantee-el-reinventarme-cristian-majolo\/#breadcrumb","itemListElement":[{"@type":"ListItem","position":1,"name":"Portada","item":"https:\/\/www.noticiasradioreflejos.com.ar\/2021\/"},{"@type":"ListItem","position":2,"name":"\u00abEl panorama es desalentador; me plante\u00e9 reinventarme\u00bb &#8211; Cristian Majolo"}]},{"@type":"WebSite","@id":"https:\/\/www.noticiasradioreflejos.com.ar\/2021\/#website","url":"https:\/\/www.noticiasradioreflejos.com.ar\/2021\/","name":"Noticias Radio Reflejos","description":"Las noticias de mi comarca","potentialAction":[{"@type":"SearchAction","target":{"@type":"EntryPoint","urlTemplate":"https:\/\/www.noticiasradioreflejos.com.ar\/2021\/?s={search_term_string}"},"query-input":{"@type":"PropertyValueSpecification","valueRequired":true,"valueName":"search_term_string"}}],"inLanguage":"es"},{"@type":"Person","@id":"https:\/\/www.noticiasradioreflejos.com.ar\/2021\/#\/schema\/person\/ad82545263dcc5ec0996818884fd5fb1","name":"Arnaldo Botto","image":{"@type":"ImageObject","inLanguage":"es","@id":"https:\/\/www.noticiasradioreflejos.com.ar\/2021\/#\/schema\/person\/image\/","url":"https:\/\/secure.gravatar.com\/avatar\/55cb5e37c1efa326397366e6974cb338056df65cb50e7d64d1cf314e87504837?s=96&d=mm&r=g","contentUrl":"https:\/\/secure.gravatar.com\/avatar\/55cb5e37c1efa326397366e6974cb338056df65cb50e7d64d1cf314e87504837?s=96&d=mm&r=g","caption":"Arnaldo Botto"},"url":"https:\/\/www.noticiasradioreflejos.com.ar\/2021\/author\/arnaldo\/"}]}},"_links":{"self":[{"href":"https:\/\/www.noticiasradioreflejos.com.ar\/2021\/wp-json\/wp\/v2\/posts\/42781","targetHints":{"allow":["GET"]}}],"collection":[{"href":"https:\/\/www.noticiasradioreflejos.com.ar\/2021\/wp-json\/wp\/v2\/posts"}],"about":[{"href":"https:\/\/www.noticiasradioreflejos.com.ar\/2021\/wp-json\/wp\/v2\/types\/post"}],"author":[{"embeddable":true,"href":"https:\/\/www.noticiasradioreflejos.com.ar\/2021\/wp-json\/wp\/v2\/users\/3"}],"replies":[{"embeddable":true,"href":"https:\/\/www.noticiasradioreflejos.com.ar\/2021\/wp-json\/wp\/v2\/comments?post=42781"}],"version-history":[{"count":0,"href":"https:\/\/www.noticiasradioreflejos.com.ar\/2021\/wp-json\/wp\/v2\/posts\/42781\/revisions"}],"wp:attachment":[{"href":"https:\/\/www.noticiasradioreflejos.com.ar\/2021\/wp-json\/wp\/v2\/media?parent=42781"}],"wp:term":[{"taxonomy":"category","embeddable":true,"href":"https:\/\/www.noticiasradioreflejos.com.ar\/2021\/wp-json\/wp\/v2\/categories?post=42781"},{"taxonomy":"post_tag","embeddable":true,"href":"https:\/\/www.noticiasradioreflejos.com.ar\/2021\/wp-json\/wp\/v2\/tags?post=42781"}],"curies":[{"name":"wp","href":"https:\/\/api.w.org\/{rel}","templated":true}]}}