{"id":42770,"date":"2020-06-04T08:55:16","date_gmt":"2020-06-04T11:55:16","guid":{"rendered":"http:\/\/www.noticiasradioreflejos.com.ar\/noticias\/?p=42770"},"modified":"2020-06-04T08:55:16","modified_gmt":"2020-06-04T11:55:16","slug":"bomberos-haran-un-toque-de-sirena-por-la-tragedia-villa-crespo","status":"publish","type":"post","link":"https:\/\/www.noticiasradioreflejos.com.ar\/2021\/bomberos-haran-un-toque-de-sirena-por-la-tragedia-villa-crespo\/","title":{"rendered":"Bomberos har\u00e1n un toque de Sirena por la tragedia Villa Crespo."},"content":{"rendered":"<p><a title=\"Duelo-de-bomberos\" href=\"http:\/\/live.staticflickr.com\/65535\/49970268532_455313f586_s.jpg\" rel=\"\"><img loading=\"lazy\" decoding=\"async\" class=\"alignleft\" style=\"float: left;\" title=\"Duelo-de-bomberos\" src=\"http:\/\/live.staticflickr.com\/65535\/49970268532_455313f586.jpg\" alt=\"Duelo-de-bomberos\" width=\"500\" height=\"334\" \/><\/a>El Consejo Nacional de Bomberos convoc\u00f3 a las diferentes Federaciones del Sistema Nacional de Bomberos Voluntarios a participar del Toque de Sirena con motivo de acompa\u00f1ar el sepelio de los camaradas Bomberos de la Polic\u00eda de la Ciudad de Buenos Aires fallecidos en acto de servicio el pasado 02 de Junio. Se realizar\u00e1 este jueves a las 11,30 horas por el termino de un minuto.<!--more--><br \/>\nEl Comandante Director Ariel Gast\u00f3n V\u00e1zquez, de la Compa\u00f1\u00eda de Planeamiento Desarrollo; y el Subcomisario Maximiliano Firma Paz, de la Estaci\u00f3n VI Villa Crespo, murieron cuando combat\u00edan el incendio declarado en una perfumer\u00eda del barrio porte\u00f1o de Villa Crespo.<br \/>\nPor eso, convocamos a todas las instituciones que forman parte del Sistema Nacional de Bomberos Voluntarios a sumarse al Toque de Sirena que realizar\u00e1n todas las Fuerzas de Seguridad durante un (1) minuto a las 11:30h del jueves 04 de Junio, acompa\u00f1ando de esta manera el sepelio de nuestros camaradas ya que, debido a la emergencia sanitaria declarada por el COVID-19, es la \u00fanica manera con la que contamos para honrar a estos dos hombres quienes dieron su vida en acto de servicio.<\/p>\n","protected":false},"excerpt":{"rendered":"<p>El Consejo Nacional de Bomberos convoc\u00f3 a las diferentes Federaciones del Sistema Nacional de Bomberos Voluntarios a participar del Toque de Sirena con motivo de acompa\u00f1ar el sepelio de los camaradas Bomberos de la Polic\u00eda de la Ciudad de Buenos Aires fallecidos en acto de servicio el pasado 02 de Junio. Se realizar\u00e1 este jueves [&hellip;]<\/p>\n","protected":false},"author":3,"featured_media":0,"comment_status":"closed","ping_status":"open","sticky":false,"template":"","format":"standard","meta":{"footnotes":""},"categories":[26],"tags":[],"class_list":["post-42770","post","type-post","status-publish","format-standard","hentry","category-sociedad"],"yoast_head":"<!-- This site is optimized with the Yoast SEO plugin v25.9 - https:\/\/yoast.com\/wordpress\/plugins\/seo\/ -->\n<title>Bomberos har\u00e1n un toque de Sirena por la tragedia Villa Crespo. - Noticias Radio Reflejos<\/title>\n<meta name=\"robots\" content=\"index, follow, max-snippet:-1, max-image-preview:large, max-video-preview:-1\" \/>\n<link rel=\"canonical\" href=\"https:\/\/www.noticiasradioreflejos.com.ar\/2021\/bomberos-haran-un-toque-de-sirena-por-la-tragedia-villa-crespo\/\" \/>\n<meta property=\"og:locale\" content=\"es_ES\" \/>\n<meta property=\"og:type\" content=\"article\" \/>\n<meta property=\"og:title\" content=\"Bomberos har\u00e1n un toque de Sirena por la tragedia Villa Crespo. - Noticias Radio Reflejos\" \/>\n<meta property=\"og:description\" content=\"El Consejo Nacional de Bomberos convoc\u00f3 a las diferentes Federaciones del Sistema Nacional de Bomberos Voluntarios a participar del Toque de Sirena con motivo de acompa\u00f1ar el sepelio de los camaradas Bomberos de la Polic\u00eda de la Ciudad de Buenos Aires fallecidos en acto de servicio el pasado 02 de Junio. Se realizar\u00e1 este jueves [&hellip;]\" \/>\n<meta property=\"og:url\" content=\"https:\/\/www.noticiasradioreflejos.com.ar\/2021\/bomberos-haran-un-toque-de-sirena-por-la-tragedia-villa-crespo\/\" \/>\n<meta property=\"og:site_name\" content=\"Noticias Radio Reflejos\" \/>\n<meta property=\"article:published_time\" content=\"2020-06-04T11:55:16+00:00\" \/>\n<meta property=\"og:image\" content=\"http:\/\/live.staticflickr.com\/65535\/49970268532_455313f586.jpg\" \/>\n<meta name=\"author\" content=\"Arnaldo Botto\" \/>\n<meta name=\"twitter:card\" content=\"summary_large_image\" \/>\n<script type=\"application\/ld+json\" class=\"yoast-schema-graph\">{\"@context\":\"https:\/\/schema.org\",\"@graph\":[{\"@type\":\"WebPage\",\"@id\":\"https:\/\/www.noticiasradioreflejos.com.ar\/2021\/bomberos-haran-un-toque-de-sirena-por-la-tragedia-villa-crespo\/\",\"url\":\"https:\/\/www.noticiasradioreflejos.com.ar\/2021\/bomberos-haran-un-toque-de-sirena-por-la-tragedia-villa-crespo\/\",\"name\":\"Bomberos har\u00e1n un toque de Sirena por la tragedia Villa Crespo. - Noticias Radio Reflejos\",\"isPartOf\":{\"@id\":\"https:\/\/www.noticiasradioreflejos.com.ar\/2021\/#website\"},\"primaryImageOfPage\":{\"@id\":\"https:\/\/www.noticiasradioreflejos.com.ar\/2021\/bomberos-haran-un-toque-de-sirena-por-la-tragedia-villa-crespo\/#primaryimage\"},\"image\":{\"@id\":\"https:\/\/www.noticiasradioreflejos.com.ar\/2021\/bomberos-haran-un-toque-de-sirena-por-la-tragedia-villa-crespo\/#primaryimage\"},\"thumbnailUrl\":\"http:\/\/live.staticflickr.com\/65535\/49970268532_455313f586.jpg\",\"datePublished\":\"2020-06-04T11:55:16+00:00\",\"author\":{\"@id\":\"https:\/\/www.noticiasradioreflejos.com.ar\/2021\/#\/schema\/person\/ad82545263dcc5ec0996818884fd5fb1\"},\"breadcrumb\":{\"@id\":\"https:\/\/www.noticiasradioreflejos.com.ar\/2021\/bomberos-haran-un-toque-de-sirena-por-la-tragedia-villa-crespo\/#breadcrumb\"},\"inLanguage\":\"es\",\"potentialAction\":[{\"@type\":\"ReadAction\",\"target\":[\"https:\/\/www.noticiasradioreflejos.com.ar\/2021\/bomberos-haran-un-toque-de-sirena-por-la-tragedia-villa-crespo\/\"]}]},{\"@type\":\"ImageObject\",\"inLanguage\":\"es\",\"@id\":\"https:\/\/www.noticiasradioreflejos.com.ar\/2021\/bomberos-haran-un-toque-de-sirena-por-la-tragedia-villa-crespo\/#primaryimage\",\"url\":\"http:\/\/live.staticflickr.com\/65535\/49970268532_455313f586.jpg\",\"contentUrl\":\"http:\/\/live.staticflickr.com\/65535\/49970268532_455313f586.jpg\"},{\"@type\":\"BreadcrumbList\",\"@id\":\"https:\/\/www.noticiasradioreflejos.com.ar\/2021\/bomberos-haran-un-toque-de-sirena-por-la-tragedia-villa-crespo\/#breadcrumb\",\"itemListElement\":[{\"@type\":\"ListItem\",\"position\":1,\"name\":\"Portada\",\"item\":\"https:\/\/www.noticiasradioreflejos.com.ar\/2021\/\"},{\"@type\":\"ListItem\",\"position\":2,\"name\":\"Bomberos har\u00e1n un toque de Sirena por la tragedia Villa Crespo.\"}]},{\"@type\":\"WebSite\",\"@id\":\"https:\/\/www.noticiasradioreflejos.com.ar\/2021\/#website\",\"url\":\"https:\/\/www.noticiasradioreflejos.com.ar\/2021\/\",\"name\":\"Noticias Radio Reflejos\",\"description\":\"Las noticias de mi comarca\",\"potentialAction\":[{\"@type\":\"SearchAction\",\"target\":{\"@type\":\"EntryPoint\",\"urlTemplate\":\"https:\/\/www.noticiasradioreflejos.com.ar\/2021\/?s={search_term_string}\"},\"query-input\":{\"@type\":\"PropertyValueSpecification\",\"valueRequired\":true,\"valueName\":\"search_term_string\"}}],\"inLanguage\":\"es\"},{\"@type\":\"Person\",\"@id\":\"https:\/\/www.noticiasradioreflejos.com.ar\/2021\/#\/schema\/person\/ad82545263dcc5ec0996818884fd5fb1\",\"name\":\"Arnaldo Botto\",\"image\":{\"@type\":\"ImageObject\",\"inLanguage\":\"es\",\"@id\":\"https:\/\/www.noticiasradioreflejos.com.ar\/2021\/#\/schema\/person\/image\/\",\"url\":\"https:\/\/secure.gravatar.com\/avatar\/55cb5e37c1efa326397366e6974cb338056df65cb50e7d64d1cf314e87504837?s=96&d=mm&r=g\",\"contentUrl\":\"https:\/\/secure.gravatar.com\/avatar\/55cb5e37c1efa326397366e6974cb338056df65cb50e7d64d1cf314e87504837?s=96&d=mm&r=g\",\"caption\":\"Arnaldo Botto\"},\"url\":\"https:\/\/www.noticiasradioreflejos.com.ar\/2021\/author\/arnaldo\/\"}]}<\/script>\n<!-- \/ Yoast SEO plugin. -->","yoast_head_json":{"title":"Bomberos har\u00e1n un toque de Sirena por la tragedia Villa Crespo. - Noticias Radio Reflejos","robots":{"index":"index","follow":"follow","max-snippet":"max-snippet:-1","max-image-preview":"max-image-preview:large","max-video-preview":"max-video-preview:-1"},"canonical":"https:\/\/www.noticiasradioreflejos.com.ar\/2021\/bomberos-haran-un-toque-de-sirena-por-la-tragedia-villa-crespo\/","og_locale":"es_ES","og_type":"article","og_title":"Bomberos har\u00e1n un toque de Sirena por la tragedia Villa Crespo. - Noticias Radio Reflejos","og_description":"El Consejo Nacional de Bomberos convoc\u00f3 a las diferentes Federaciones del Sistema Nacional de Bomberos Voluntarios a participar del Toque de Sirena con motivo de acompa\u00f1ar el sepelio de los camaradas Bomberos de la Polic\u00eda de la Ciudad de Buenos Aires fallecidos en acto de servicio el pasado 02 de Junio. Se realizar\u00e1 este jueves [&hellip;]","og_url":"https:\/\/www.noticiasradioreflejos.com.ar\/2021\/bomberos-haran-un-toque-de-sirena-por-la-tragedia-villa-crespo\/","og_site_name":"Noticias Radio Reflejos","article_published_time":"2020-06-04T11:55:16+00:00","og_image":[{"url":"http:\/\/live.staticflickr.com\/65535\/49970268532_455313f586.jpg","type":"","width":"","height":""}],"author":"Arnaldo Botto","twitter_card":"summary_large_image","schema":{"@context":"https:\/\/schema.org","@graph":[{"@type":"WebPage","@id":"https:\/\/www.noticiasradioreflejos.com.ar\/2021\/bomberos-haran-un-toque-de-sirena-por-la-tragedia-villa-crespo\/","url":"https:\/\/www.noticiasradioreflejos.com.ar\/2021\/bomberos-haran-un-toque-de-sirena-por-la-tragedia-villa-crespo\/","name":"Bomberos har\u00e1n un toque de Sirena por la tragedia Villa Crespo. - Noticias Radio Reflejos","isPartOf":{"@id":"https:\/\/www.noticiasradioreflejos.com.ar\/2021\/#website"},"primaryImageOfPage":{"@id":"https:\/\/www.noticiasradioreflejos.com.ar\/2021\/bomberos-haran-un-toque-de-sirena-por-la-tragedia-villa-crespo\/#primaryimage"},"image":{"@id":"https:\/\/www.noticiasradioreflejos.com.ar\/2021\/bomberos-haran-un-toque-de-sirena-por-la-tragedia-villa-crespo\/#primaryimage"},"thumbnailUrl":"http:\/\/live.staticflickr.com\/65535\/49970268532_455313f586.jpg","datePublished":"2020-06-04T11:55:16+00:00","author":{"@id":"https:\/\/www.noticiasradioreflejos.com.ar\/2021\/#\/schema\/person\/ad82545263dcc5ec0996818884fd5fb1"},"breadcrumb":{"@id":"https:\/\/www.noticiasradioreflejos.com.ar\/2021\/bomberos-haran-un-toque-de-sirena-por-la-tragedia-villa-crespo\/#breadcrumb"},"inLanguage":"es","potentialAction":[{"@type":"ReadAction","target":["https:\/\/www.noticiasradioreflejos.com.ar\/2021\/bomberos-haran-un-toque-de-sirena-por-la-tragedia-villa-crespo\/"]}]},{"@type":"ImageObject","inLanguage":"es","@id":"https:\/\/www.noticiasradioreflejos.com.ar\/2021\/bomberos-haran-un-toque-de-sirena-por-la-tragedia-villa-crespo\/#primaryimage","url":"http:\/\/live.staticflickr.com\/65535\/49970268532_455313f586.jpg","contentUrl":"http:\/\/live.staticflickr.com\/65535\/49970268532_455313f586.jpg"},{"@type":"BreadcrumbList","@id":"https:\/\/www.noticiasradioreflejos.com.ar\/2021\/bomberos-haran-un-toque-de-sirena-por-la-tragedia-villa-crespo\/#breadcrumb","itemListElement":[{"@type":"ListItem","position":1,"name":"Portada","item":"https:\/\/www.noticiasradioreflejos.com.ar\/2021\/"},{"@type":"ListItem","position":2,"name":"Bomberos har\u00e1n un toque de Sirena por la tragedia Villa Crespo."}]},{"@type":"WebSite","@id":"https:\/\/www.noticiasradioreflejos.com.ar\/2021\/#website","url":"https:\/\/www.noticiasradioreflejos.com.ar\/2021\/","name":"Noticias Radio Reflejos","description":"Las noticias de mi comarca","potentialAction":[{"@type":"SearchAction","target":{"@type":"EntryPoint","urlTemplate":"https:\/\/www.noticiasradioreflejos.com.ar\/2021\/?s={search_term_string}"},"query-input":{"@type":"PropertyValueSpecification","valueRequired":true,"valueName":"search_term_string"}}],"inLanguage":"es"},{"@type":"Person","@id":"https:\/\/www.noticiasradioreflejos.com.ar\/2021\/#\/schema\/person\/ad82545263dcc5ec0996818884fd5fb1","name":"Arnaldo Botto","image":{"@type":"ImageObject","inLanguage":"es","@id":"https:\/\/www.noticiasradioreflejos.com.ar\/2021\/#\/schema\/person\/image\/","url":"https:\/\/secure.gravatar.com\/avatar\/55cb5e37c1efa326397366e6974cb338056df65cb50e7d64d1cf314e87504837?s=96&d=mm&r=g","contentUrl":"https:\/\/secure.gravatar.com\/avatar\/55cb5e37c1efa326397366e6974cb338056df65cb50e7d64d1cf314e87504837?s=96&d=mm&r=g","caption":"Arnaldo Botto"},"url":"https:\/\/www.noticiasradioreflejos.com.ar\/2021\/author\/arnaldo\/"}]}},"_links":{"self":[{"href":"https:\/\/www.noticiasradioreflejos.com.ar\/2021\/wp-json\/wp\/v2\/posts\/42770","targetHints":{"allow":["GET"]}}],"collection":[{"href":"https:\/\/www.noticiasradioreflejos.com.ar\/2021\/wp-json\/wp\/v2\/posts"}],"about":[{"href":"https:\/\/www.noticiasradioreflejos.com.ar\/2021\/wp-json\/wp\/v2\/types\/post"}],"author":[{"embeddable":true,"href":"https:\/\/www.noticiasradioreflejos.com.ar\/2021\/wp-json\/wp\/v2\/users\/3"}],"replies":[{"embeddable":true,"href":"https:\/\/www.noticiasradioreflejos.com.ar\/2021\/wp-json\/wp\/v2\/comments?post=42770"}],"version-history":[{"count":0,"href":"https:\/\/www.noticiasradioreflejos.com.ar\/2021\/wp-json\/wp\/v2\/posts\/42770\/revisions"}],"wp:attachment":[{"href":"https:\/\/www.noticiasradioreflejos.com.ar\/2021\/wp-json\/wp\/v2\/media?parent=42770"}],"wp:term":[{"taxonomy":"category","embeddable":true,"href":"https:\/\/www.noticiasradioreflejos.com.ar\/2021\/wp-json\/wp\/v2\/categories?post=42770"},{"taxonomy":"post_tag","embeddable":true,"href":"https:\/\/www.noticiasradioreflejos.com.ar\/2021\/wp-json\/wp\/v2\/tags?post=42770"}],"curies":[{"name":"wp","href":"https:\/\/api.w.org\/{rel}","templated":true}]}}