{"id":42729,"date":"2020-06-03T11:10:31","date_gmt":"2020-06-03T14:10:31","guid":{"rendered":"http:\/\/www.noticiasradioreflejos.com.ar\/noticias\/?p=42729"},"modified":"2020-06-03T11:10:31","modified_gmt":"2020-06-03T14:10:31","slug":"campana-solidaria-abrigo-para-todos","status":"publish","type":"post","link":"https:\/\/www.noticiasradioreflejos.com.ar\/2021\/campana-solidaria-abrigo-para-todos\/","title":{"rendered":"Campa\u00f1a solidaria ABRIGO PARA TODOS"},"content":{"rendered":"<p>ABRIGO PARA TODOS: Informamos a la comunidad del distrito de Tornquist y la regi\u00f3n S.O. de la Provincia de Bs.As., el lanzamiento de la campa\u00f1a solidaria ABRIGO PARA TODOS, trabajamos para que en este invierno ninguna familia de nuestra comarca sufra las inclemencias del fr\u00edo. Recibimos tu donaci\u00f3n embolsada de frazadas, mantas, acolchados y s\u00e1banas en buen estado que ya no uses. <!--more-->Cont\u00e1ctanos, y coordinamos para retirar tu donaci\u00f3n entre los d\u00edas 7 y 19 de junio pr\u00f3ximos, respetando los protocolos de seguridad vigentes.<br \/>\nPara colaborar, o recibir esta ayuda, comun\u00edcate por mail a frentedetodostornquist@gmail.com o por wpp al celular 291 4183227. El fin de semana del 20 de junio completaremos la redistribuci\u00f3n en todo el distrito a las familias que necesitan esta ayuda.<br \/>\nABRIGO PARA TODOS es una acci\u00f3n solidaria impulsada por el FRENTE DE TODOS Tornquist, vecinos y entidades gremiales del distrito.<br \/>\nLa solidaridad la construimos entre todos!! AYUDANOS A AYUDAR!!<br \/>\nContamos con referentes operativos para coordinar la etapa de recepci\u00f3n en: Bah\u00eda Blanca, Chasic\u00f3, Tres Picos, Pelicur\u00e1, Tornquist, Villa Serrana La Gruta, Villa Ventana, Sierra de la Ventana y Saldungaray.<br \/>\nContactanos:<a href=\"mailto:frentedetodostornquist@gmail.com\"> frentedetodostornquist@gmail.com<\/a> o por wpp al <strong>celular 291 4183227<\/strong><\/p>\n","protected":false},"excerpt":{"rendered":"<p>ABRIGO PARA TODOS: Informamos a la comunidad del distrito de Tornquist y la regi\u00f3n S.O. de la Provincia de Bs.As., el lanzamiento de la campa\u00f1a solidaria ABRIGO PARA TODOS, trabajamos para que en este invierno ninguna familia de nuestra comarca sufra las inclemencias del fr\u00edo. Recibimos tu donaci\u00f3n embolsada de frazadas, mantas, acolchados y s\u00e1banas [&hellip;]<\/p>\n","protected":false},"author":3,"featured_media":0,"comment_status":"closed","ping_status":"open","sticky":false,"template":"","format":"standard","meta":{"footnotes":""},"categories":[24],"tags":[],"class_list":["post-42729","post","type-post","status-publish","format-standard","hentry","category-politica"],"yoast_head":"<!-- This site is optimized with the Yoast SEO plugin v25.9 - https:\/\/yoast.com\/wordpress\/plugins\/seo\/ -->\n<title>Campa\u00f1a solidaria ABRIGO PARA TODOS - Noticias Radio Reflejos<\/title>\n<meta name=\"robots\" content=\"index, follow, max-snippet:-1, max-image-preview:large, max-video-preview:-1\" \/>\n<link rel=\"canonical\" href=\"https:\/\/www.noticiasradioreflejos.com.ar\/2021\/campana-solidaria-abrigo-para-todos\/\" \/>\n<meta property=\"og:locale\" content=\"es_ES\" \/>\n<meta property=\"og:type\" content=\"article\" \/>\n<meta property=\"og:title\" content=\"Campa\u00f1a solidaria ABRIGO PARA TODOS - Noticias Radio Reflejos\" \/>\n<meta property=\"og:description\" content=\"ABRIGO PARA TODOS: Informamos a la comunidad del distrito de Tornquist y la regi\u00f3n S.O. de la Provincia de Bs.As., el lanzamiento de la campa\u00f1a solidaria ABRIGO PARA TODOS, trabajamos para que en este invierno ninguna familia de nuestra comarca sufra las inclemencias del fr\u00edo. Recibimos tu donaci\u00f3n embolsada de frazadas, mantas, acolchados y s\u00e1banas [&hellip;]\" \/>\n<meta property=\"og:url\" content=\"https:\/\/www.noticiasradioreflejos.com.ar\/2021\/campana-solidaria-abrigo-para-todos\/\" \/>\n<meta property=\"og:site_name\" content=\"Noticias Radio Reflejos\" \/>\n<meta property=\"article:published_time\" content=\"2020-06-03T14:10:31+00:00\" \/>\n<meta property=\"og:image\" content=\"https:\/\/www.noticiasradioreflejos.com.ar\/2021\/wp-content\/uploads\/2021\/07\/logosol300x200.png\" \/>\n\t<meta property=\"og:image:width\" content=\"300\" \/>\n\t<meta property=\"og:image:height\" content=\"200\" \/>\n\t<meta property=\"og:image:type\" content=\"image\/png\" \/>\n<meta name=\"author\" content=\"Arnaldo Botto\" \/>\n<meta name=\"twitter:card\" content=\"summary_large_image\" \/>\n<script type=\"application\/ld+json\" class=\"yoast-schema-graph\">{\"@context\":\"https:\/\/schema.org\",\"@graph\":[{\"@type\":\"WebPage\",\"@id\":\"https:\/\/www.noticiasradioreflejos.com.ar\/2021\/campana-solidaria-abrigo-para-todos\/\",\"url\":\"https:\/\/www.noticiasradioreflejos.com.ar\/2021\/campana-solidaria-abrigo-para-todos\/\",\"name\":\"Campa\u00f1a solidaria ABRIGO PARA TODOS - Noticias Radio Reflejos\",\"isPartOf\":{\"@id\":\"https:\/\/www.noticiasradioreflejos.com.ar\/2021\/#website\"},\"datePublished\":\"2020-06-03T14:10:31+00:00\",\"author\":{\"@id\":\"https:\/\/www.noticiasradioreflejos.com.ar\/2021\/#\/schema\/person\/ad82545263dcc5ec0996818884fd5fb1\"},\"breadcrumb\":{\"@id\":\"https:\/\/www.noticiasradioreflejos.com.ar\/2021\/campana-solidaria-abrigo-para-todos\/#breadcrumb\"},\"inLanguage\":\"es\",\"potentialAction\":[{\"@type\":\"ReadAction\",\"target\":[\"https:\/\/www.noticiasradioreflejos.com.ar\/2021\/campana-solidaria-abrigo-para-todos\/\"]}]},{\"@type\":\"BreadcrumbList\",\"@id\":\"https:\/\/www.noticiasradioreflejos.com.ar\/2021\/campana-solidaria-abrigo-para-todos\/#breadcrumb\",\"itemListElement\":[{\"@type\":\"ListItem\",\"position\":1,\"name\":\"Portada\",\"item\":\"https:\/\/www.noticiasradioreflejos.com.ar\/2021\/\"},{\"@type\":\"ListItem\",\"position\":2,\"name\":\"Campa\u00f1a solidaria ABRIGO PARA TODOS\"}]},{\"@type\":\"WebSite\",\"@id\":\"https:\/\/www.noticiasradioreflejos.com.ar\/2021\/#website\",\"url\":\"https:\/\/www.noticiasradioreflejos.com.ar\/2021\/\",\"name\":\"Noticias Radio Reflejos\",\"description\":\"Las noticias de mi comarca\",\"potentialAction\":[{\"@type\":\"SearchAction\",\"target\":{\"@type\":\"EntryPoint\",\"urlTemplate\":\"https:\/\/www.noticiasradioreflejos.com.ar\/2021\/?s={search_term_string}\"},\"query-input\":{\"@type\":\"PropertyValueSpecification\",\"valueRequired\":true,\"valueName\":\"search_term_string\"}}],\"inLanguage\":\"es\"},{\"@type\":\"Person\",\"@id\":\"https:\/\/www.noticiasradioreflejos.com.ar\/2021\/#\/schema\/person\/ad82545263dcc5ec0996818884fd5fb1\",\"name\":\"Arnaldo Botto\",\"image\":{\"@type\":\"ImageObject\",\"inLanguage\":\"es\",\"@id\":\"https:\/\/www.noticiasradioreflejos.com.ar\/2021\/#\/schema\/person\/image\/\",\"url\":\"https:\/\/secure.gravatar.com\/avatar\/55cb5e37c1efa326397366e6974cb338056df65cb50e7d64d1cf314e87504837?s=96&d=mm&r=g\",\"contentUrl\":\"https:\/\/secure.gravatar.com\/avatar\/55cb5e37c1efa326397366e6974cb338056df65cb50e7d64d1cf314e87504837?s=96&d=mm&r=g\",\"caption\":\"Arnaldo Botto\"},\"url\":\"https:\/\/www.noticiasradioreflejos.com.ar\/2021\/author\/arnaldo\/\"}]}<\/script>\n<!-- \/ Yoast SEO plugin. -->","yoast_head_json":{"title":"Campa\u00f1a solidaria ABRIGO PARA TODOS - Noticias Radio Reflejos","robots":{"index":"index","follow":"follow","max-snippet":"max-snippet:-1","max-image-preview":"max-image-preview:large","max-video-preview":"max-video-preview:-1"},"canonical":"https:\/\/www.noticiasradioreflejos.com.ar\/2021\/campana-solidaria-abrigo-para-todos\/","og_locale":"es_ES","og_type":"article","og_title":"Campa\u00f1a solidaria ABRIGO PARA TODOS - Noticias Radio Reflejos","og_description":"ABRIGO PARA TODOS: Informamos a la comunidad del distrito de Tornquist y la regi\u00f3n S.O. de la Provincia de Bs.As., el lanzamiento de la campa\u00f1a solidaria ABRIGO PARA TODOS, trabajamos para que en este invierno ninguna familia de nuestra comarca sufra las inclemencias del fr\u00edo. Recibimos tu donaci\u00f3n embolsada de frazadas, mantas, acolchados y s\u00e1banas [&hellip;]","og_url":"https:\/\/www.noticiasradioreflejos.com.ar\/2021\/campana-solidaria-abrigo-para-todos\/","og_site_name":"Noticias Radio Reflejos","article_published_time":"2020-06-03T14:10:31+00:00","og_image":[{"width":300,"height":200,"url":"https:\/\/www.noticiasradioreflejos.com.ar\/2021\/wp-content\/uploads\/2021\/07\/logosol300x200.png","type":"image\/png"}],"author":"Arnaldo Botto","twitter_card":"summary_large_image","schema":{"@context":"https:\/\/schema.org","@graph":[{"@type":"WebPage","@id":"https:\/\/www.noticiasradioreflejos.com.ar\/2021\/campana-solidaria-abrigo-para-todos\/","url":"https:\/\/www.noticiasradioreflejos.com.ar\/2021\/campana-solidaria-abrigo-para-todos\/","name":"Campa\u00f1a solidaria ABRIGO PARA TODOS - Noticias Radio Reflejos","isPartOf":{"@id":"https:\/\/www.noticiasradioreflejos.com.ar\/2021\/#website"},"datePublished":"2020-06-03T14:10:31+00:00","author":{"@id":"https:\/\/www.noticiasradioreflejos.com.ar\/2021\/#\/schema\/person\/ad82545263dcc5ec0996818884fd5fb1"},"breadcrumb":{"@id":"https:\/\/www.noticiasradioreflejos.com.ar\/2021\/campana-solidaria-abrigo-para-todos\/#breadcrumb"},"inLanguage":"es","potentialAction":[{"@type":"ReadAction","target":["https:\/\/www.noticiasradioreflejos.com.ar\/2021\/campana-solidaria-abrigo-para-todos\/"]}]},{"@type":"BreadcrumbList","@id":"https:\/\/www.noticiasradioreflejos.com.ar\/2021\/campana-solidaria-abrigo-para-todos\/#breadcrumb","itemListElement":[{"@type":"ListItem","position":1,"name":"Portada","item":"https:\/\/www.noticiasradioreflejos.com.ar\/2021\/"},{"@type":"ListItem","position":2,"name":"Campa\u00f1a solidaria ABRIGO PARA TODOS"}]},{"@type":"WebSite","@id":"https:\/\/www.noticiasradioreflejos.com.ar\/2021\/#website","url":"https:\/\/www.noticiasradioreflejos.com.ar\/2021\/","name":"Noticias Radio Reflejos","description":"Las noticias de mi comarca","potentialAction":[{"@type":"SearchAction","target":{"@type":"EntryPoint","urlTemplate":"https:\/\/www.noticiasradioreflejos.com.ar\/2021\/?s={search_term_string}"},"query-input":{"@type":"PropertyValueSpecification","valueRequired":true,"valueName":"search_term_string"}}],"inLanguage":"es"},{"@type":"Person","@id":"https:\/\/www.noticiasradioreflejos.com.ar\/2021\/#\/schema\/person\/ad82545263dcc5ec0996818884fd5fb1","name":"Arnaldo Botto","image":{"@type":"ImageObject","inLanguage":"es","@id":"https:\/\/www.noticiasradioreflejos.com.ar\/2021\/#\/schema\/person\/image\/","url":"https:\/\/secure.gravatar.com\/avatar\/55cb5e37c1efa326397366e6974cb338056df65cb50e7d64d1cf314e87504837?s=96&d=mm&r=g","contentUrl":"https:\/\/secure.gravatar.com\/avatar\/55cb5e37c1efa326397366e6974cb338056df65cb50e7d64d1cf314e87504837?s=96&d=mm&r=g","caption":"Arnaldo Botto"},"url":"https:\/\/www.noticiasradioreflejos.com.ar\/2021\/author\/arnaldo\/"}]}},"_links":{"self":[{"href":"https:\/\/www.noticiasradioreflejos.com.ar\/2021\/wp-json\/wp\/v2\/posts\/42729","targetHints":{"allow":["GET"]}}],"collection":[{"href":"https:\/\/www.noticiasradioreflejos.com.ar\/2021\/wp-json\/wp\/v2\/posts"}],"about":[{"href":"https:\/\/www.noticiasradioreflejos.com.ar\/2021\/wp-json\/wp\/v2\/types\/post"}],"author":[{"embeddable":true,"href":"https:\/\/www.noticiasradioreflejos.com.ar\/2021\/wp-json\/wp\/v2\/users\/3"}],"replies":[{"embeddable":true,"href":"https:\/\/www.noticiasradioreflejos.com.ar\/2021\/wp-json\/wp\/v2\/comments?post=42729"}],"version-history":[{"count":0,"href":"https:\/\/www.noticiasradioreflejos.com.ar\/2021\/wp-json\/wp\/v2\/posts\/42729\/revisions"}],"wp:attachment":[{"href":"https:\/\/www.noticiasradioreflejos.com.ar\/2021\/wp-json\/wp\/v2\/media?parent=42729"}],"wp:term":[{"taxonomy":"category","embeddable":true,"href":"https:\/\/www.noticiasradioreflejos.com.ar\/2021\/wp-json\/wp\/v2\/categories?post=42729"},{"taxonomy":"post_tag","embeddable":true,"href":"https:\/\/www.noticiasradioreflejos.com.ar\/2021\/wp-json\/wp\/v2\/tags?post=42729"}],"curies":[{"name":"wp","href":"https:\/\/api.w.org\/{rel}","templated":true}]}}