{"id":42706,"date":"2020-06-03T08:19:38","date_gmt":"2020-06-03T11:19:38","guid":{"rendered":"http:\/\/www.noticiasradioreflejos.com.ar\/noticias\/?p=42706"},"modified":"2020-06-03T08:19:38","modified_gmt":"2020-06-03T11:19:38","slug":"comunicado-del-consejo-municipal-de-las-mujeres-7","status":"publish","type":"post","link":"https:\/\/www.noticiasradioreflejos.com.ar\/2021\/comunicado-del-consejo-municipal-de-las-mujeres-7\/","title":{"rendered":"Comunicado del Consejo Municipal de las Mujeres."},"content":{"rendered":"<p>A 5 a\u00f1os de la primera marcha de NI UNA MENOS cuyo objetivo ha sido y es parar con la violencia hacia la mujer y su consecuencia m\u00e1s grave y visible, el femicidio  nos manifestamos  convencidas  que, <!--more--><\/p>\n<p>PARA DECIR NI UNA MENOS EN NUESTRO DISTRITO, NECESITAMOS ARTICULAR POL\u00cdTICAS P\u00daBLICAS EN FAVOR DE LAS MUJERES QUE SON V\u00cdCTIMAS DE VIOLENCIA DE G\u00c9NERO. <\/p>\n<p>Al igual que ya lo hicimos en 2019 les pedimos al Intendente Municipal y al Presidente del Honorable Concejo Deliberante, por nota a sus correos electr\u00f3nicos,  que se tomen con URGENCIA las siguientes decisiones pol\u00edticas:<\/p>\n<p>1) Se cree en el Distrito de Tornquist, el \u00e1rea de G\u00e9nero.<\/p>\n<p>2) Se realicen nuevamente las reuniones de la Mesa Local Intersectorial, a cargo de quien coordine ese \u00c1rea de G\u00e9nero.<\/p>\n<p>3) Que se designe un Equipo Interdisciplinario especializado en g\u00e9nero para la atenci\u00f3n de esta problem\u00e1tica.<\/p>\n<p>4) Se realicen las acciones pertinentes para tener en el Distrito un espacio f\u00edsico que contenga a las mujeres que deciden denunciar e irse de su hogar.<\/p>\n<p>5) Se comiencen las capacitaciones con perspectiva de g\u00e9nero en el marco de la Ley Micaela.<\/p>\n<p>6) Se cree un Registro \u00danico de Casos de Violencia de G\u00e9neros, indispensable para tomar decisiones, para concentrar la informaci\u00f3n sobre estos hechos <\/p>\n<p>7) Se tomen denuncias en TODAS las Comisarias del Distrito y se redistribuyan los recursos humanos de la Comisaria de la Mujer en las localidades que m\u00e1s denuncias registran, sin sobresaturar al personal, y brindando la misma atenci\u00f3n en todas las localidades.<\/p>\n<p>Asimismo,  que desde el HCD se sancionen las ordenanzas:<\/p>\n<p>1) Acoso callejero en el marco de la ley de violencia de g\u00e9nero.<\/p>\n<p>2) Creaci\u00f3n de las Mesa Local Intersectorial.<\/p>\n<p>3) Cupo laboral travesti\/trans.<\/p>\n<p>Desde el Consejo Municipal de las Mujeres Tornquist esperamos que en el 2021 podamos vivir un 3 de Junio, d\u00eda de Ni una Menos, con pol\u00edticas p\u00fablicas que atiendan esta problem\u00e1tica.<\/p>\n","protected":false},"excerpt":{"rendered":"<p>A 5 a\u00f1os de la primera marcha de NI UNA MENOS cuyo objetivo ha sido y es parar con la violencia hacia la mujer y su consecuencia m\u00e1s grave y visible, el femicidio nos manifestamos convencidas que,<\/p>\n","protected":false},"author":3,"featured_media":0,"comment_status":"closed","ping_status":"open","sticky":false,"template":"","format":"standard","meta":{"footnotes":""},"categories":[24],"tags":[],"class_list":["post-42706","post","type-post","status-publish","format-standard","hentry","category-politica"],"yoast_head":"<!-- This site is optimized with the Yoast SEO plugin v25.9 - https:\/\/yoast.com\/wordpress\/plugins\/seo\/ -->\n<title>Comunicado del Consejo Municipal de las Mujeres. - Noticias Radio Reflejos<\/title>\n<meta name=\"robots\" content=\"index, follow, max-snippet:-1, max-image-preview:large, max-video-preview:-1\" \/>\n<link rel=\"canonical\" href=\"https:\/\/www.noticiasradioreflejos.com.ar\/2021\/comunicado-del-consejo-municipal-de-las-mujeres-7\/\" \/>\n<meta property=\"og:locale\" content=\"es_ES\" \/>\n<meta property=\"og:type\" content=\"article\" \/>\n<meta property=\"og:title\" content=\"Comunicado del Consejo Municipal de las Mujeres. - Noticias Radio Reflejos\" \/>\n<meta property=\"og:description\" content=\"A 5 a\u00f1os de la primera marcha de NI UNA MENOS cuyo objetivo ha sido y es parar con la violencia hacia la mujer y su consecuencia m\u00e1s grave y visible, el femicidio nos manifestamos convencidas que,\" \/>\n<meta property=\"og:url\" content=\"https:\/\/www.noticiasradioreflejos.com.ar\/2021\/comunicado-del-consejo-municipal-de-las-mujeres-7\/\" \/>\n<meta property=\"og:site_name\" content=\"Noticias Radio Reflejos\" \/>\n<meta property=\"article:published_time\" content=\"2020-06-03T11:19:38+00:00\" \/>\n<meta property=\"og:image\" content=\"https:\/\/www.noticiasradioreflejos.com.ar\/2021\/wp-content\/uploads\/2021\/07\/logosol300x200.png\" \/>\n\t<meta property=\"og:image:width\" content=\"300\" \/>\n\t<meta property=\"og:image:height\" content=\"200\" \/>\n\t<meta property=\"og:image:type\" content=\"image\/png\" \/>\n<meta name=\"author\" content=\"Arnaldo Botto\" \/>\n<meta name=\"twitter:card\" content=\"summary_large_image\" \/>\n<script type=\"application\/ld+json\" class=\"yoast-schema-graph\">{\"@context\":\"https:\/\/schema.org\",\"@graph\":[{\"@type\":\"WebPage\",\"@id\":\"https:\/\/www.noticiasradioreflejos.com.ar\/2021\/comunicado-del-consejo-municipal-de-las-mujeres-7\/\",\"url\":\"https:\/\/www.noticiasradioreflejos.com.ar\/2021\/comunicado-del-consejo-municipal-de-las-mujeres-7\/\",\"name\":\"Comunicado del Consejo Municipal de las Mujeres. - Noticias Radio Reflejos\",\"isPartOf\":{\"@id\":\"https:\/\/www.noticiasradioreflejos.com.ar\/2021\/#website\"},\"datePublished\":\"2020-06-03T11:19:38+00:00\",\"author\":{\"@id\":\"https:\/\/www.noticiasradioreflejos.com.ar\/2021\/#\/schema\/person\/ad82545263dcc5ec0996818884fd5fb1\"},\"breadcrumb\":{\"@id\":\"https:\/\/www.noticiasradioreflejos.com.ar\/2021\/comunicado-del-consejo-municipal-de-las-mujeres-7\/#breadcrumb\"},\"inLanguage\":\"es\",\"potentialAction\":[{\"@type\":\"ReadAction\",\"target\":[\"https:\/\/www.noticiasradioreflejos.com.ar\/2021\/comunicado-del-consejo-municipal-de-las-mujeres-7\/\"]}]},{\"@type\":\"BreadcrumbList\",\"@id\":\"https:\/\/www.noticiasradioreflejos.com.ar\/2021\/comunicado-del-consejo-municipal-de-las-mujeres-7\/#breadcrumb\",\"itemListElement\":[{\"@type\":\"ListItem\",\"position\":1,\"name\":\"Portada\",\"item\":\"https:\/\/www.noticiasradioreflejos.com.ar\/2021\/\"},{\"@type\":\"ListItem\",\"position\":2,\"name\":\"Comunicado del Consejo Municipal de las Mujeres.\"}]},{\"@type\":\"WebSite\",\"@id\":\"https:\/\/www.noticiasradioreflejos.com.ar\/2021\/#website\",\"url\":\"https:\/\/www.noticiasradioreflejos.com.ar\/2021\/\",\"name\":\"Noticias Radio Reflejos\",\"description\":\"Las noticias de mi comarca\",\"potentialAction\":[{\"@type\":\"SearchAction\",\"target\":{\"@type\":\"EntryPoint\",\"urlTemplate\":\"https:\/\/www.noticiasradioreflejos.com.ar\/2021\/?s={search_term_string}\"},\"query-input\":{\"@type\":\"PropertyValueSpecification\",\"valueRequired\":true,\"valueName\":\"search_term_string\"}}],\"inLanguage\":\"es\"},{\"@type\":\"Person\",\"@id\":\"https:\/\/www.noticiasradioreflejos.com.ar\/2021\/#\/schema\/person\/ad82545263dcc5ec0996818884fd5fb1\",\"name\":\"Arnaldo Botto\",\"image\":{\"@type\":\"ImageObject\",\"inLanguage\":\"es\",\"@id\":\"https:\/\/www.noticiasradioreflejos.com.ar\/2021\/#\/schema\/person\/image\/\",\"url\":\"https:\/\/secure.gravatar.com\/avatar\/55cb5e37c1efa326397366e6974cb338056df65cb50e7d64d1cf314e87504837?s=96&d=mm&r=g\",\"contentUrl\":\"https:\/\/secure.gravatar.com\/avatar\/55cb5e37c1efa326397366e6974cb338056df65cb50e7d64d1cf314e87504837?s=96&d=mm&r=g\",\"caption\":\"Arnaldo Botto\"},\"url\":\"https:\/\/www.noticiasradioreflejos.com.ar\/2021\/author\/arnaldo\/\"}]}<\/script>\n<!-- \/ Yoast SEO plugin. -->","yoast_head_json":{"title":"Comunicado del Consejo Municipal de las Mujeres. - Noticias Radio Reflejos","robots":{"index":"index","follow":"follow","max-snippet":"max-snippet:-1","max-image-preview":"max-image-preview:large","max-video-preview":"max-video-preview:-1"},"canonical":"https:\/\/www.noticiasradioreflejos.com.ar\/2021\/comunicado-del-consejo-municipal-de-las-mujeres-7\/","og_locale":"es_ES","og_type":"article","og_title":"Comunicado del Consejo Municipal de las Mujeres. - Noticias Radio Reflejos","og_description":"A 5 a\u00f1os de la primera marcha de NI UNA MENOS cuyo objetivo ha sido y es parar con la violencia hacia la mujer y su consecuencia m\u00e1s grave y visible, el femicidio nos manifestamos convencidas que,","og_url":"https:\/\/www.noticiasradioreflejos.com.ar\/2021\/comunicado-del-consejo-municipal-de-las-mujeres-7\/","og_site_name":"Noticias Radio Reflejos","article_published_time":"2020-06-03T11:19:38+00:00","og_image":[{"width":300,"height":200,"url":"https:\/\/www.noticiasradioreflejos.com.ar\/2021\/wp-content\/uploads\/2021\/07\/logosol300x200.png","type":"image\/png"}],"author":"Arnaldo Botto","twitter_card":"summary_large_image","schema":{"@context":"https:\/\/schema.org","@graph":[{"@type":"WebPage","@id":"https:\/\/www.noticiasradioreflejos.com.ar\/2021\/comunicado-del-consejo-municipal-de-las-mujeres-7\/","url":"https:\/\/www.noticiasradioreflejos.com.ar\/2021\/comunicado-del-consejo-municipal-de-las-mujeres-7\/","name":"Comunicado del Consejo Municipal de las Mujeres. - Noticias Radio Reflejos","isPartOf":{"@id":"https:\/\/www.noticiasradioreflejos.com.ar\/2021\/#website"},"datePublished":"2020-06-03T11:19:38+00:00","author":{"@id":"https:\/\/www.noticiasradioreflejos.com.ar\/2021\/#\/schema\/person\/ad82545263dcc5ec0996818884fd5fb1"},"breadcrumb":{"@id":"https:\/\/www.noticiasradioreflejos.com.ar\/2021\/comunicado-del-consejo-municipal-de-las-mujeres-7\/#breadcrumb"},"inLanguage":"es","potentialAction":[{"@type":"ReadAction","target":["https:\/\/www.noticiasradioreflejos.com.ar\/2021\/comunicado-del-consejo-municipal-de-las-mujeres-7\/"]}]},{"@type":"BreadcrumbList","@id":"https:\/\/www.noticiasradioreflejos.com.ar\/2021\/comunicado-del-consejo-municipal-de-las-mujeres-7\/#breadcrumb","itemListElement":[{"@type":"ListItem","position":1,"name":"Portada","item":"https:\/\/www.noticiasradioreflejos.com.ar\/2021\/"},{"@type":"ListItem","position":2,"name":"Comunicado del Consejo Municipal de las Mujeres."}]},{"@type":"WebSite","@id":"https:\/\/www.noticiasradioreflejos.com.ar\/2021\/#website","url":"https:\/\/www.noticiasradioreflejos.com.ar\/2021\/","name":"Noticias Radio Reflejos","description":"Las noticias de mi comarca","potentialAction":[{"@type":"SearchAction","target":{"@type":"EntryPoint","urlTemplate":"https:\/\/www.noticiasradioreflejos.com.ar\/2021\/?s={search_term_string}"},"query-input":{"@type":"PropertyValueSpecification","valueRequired":true,"valueName":"search_term_string"}}],"inLanguage":"es"},{"@type":"Person","@id":"https:\/\/www.noticiasradioreflejos.com.ar\/2021\/#\/schema\/person\/ad82545263dcc5ec0996818884fd5fb1","name":"Arnaldo Botto","image":{"@type":"ImageObject","inLanguage":"es","@id":"https:\/\/www.noticiasradioreflejos.com.ar\/2021\/#\/schema\/person\/image\/","url":"https:\/\/secure.gravatar.com\/avatar\/55cb5e37c1efa326397366e6974cb338056df65cb50e7d64d1cf314e87504837?s=96&d=mm&r=g","contentUrl":"https:\/\/secure.gravatar.com\/avatar\/55cb5e37c1efa326397366e6974cb338056df65cb50e7d64d1cf314e87504837?s=96&d=mm&r=g","caption":"Arnaldo Botto"},"url":"https:\/\/www.noticiasradioreflejos.com.ar\/2021\/author\/arnaldo\/"}]}},"_links":{"self":[{"href":"https:\/\/www.noticiasradioreflejos.com.ar\/2021\/wp-json\/wp\/v2\/posts\/42706","targetHints":{"allow":["GET"]}}],"collection":[{"href":"https:\/\/www.noticiasradioreflejos.com.ar\/2021\/wp-json\/wp\/v2\/posts"}],"about":[{"href":"https:\/\/www.noticiasradioreflejos.com.ar\/2021\/wp-json\/wp\/v2\/types\/post"}],"author":[{"embeddable":true,"href":"https:\/\/www.noticiasradioreflejos.com.ar\/2021\/wp-json\/wp\/v2\/users\/3"}],"replies":[{"embeddable":true,"href":"https:\/\/www.noticiasradioreflejos.com.ar\/2021\/wp-json\/wp\/v2\/comments?post=42706"}],"version-history":[{"count":0,"href":"https:\/\/www.noticiasradioreflejos.com.ar\/2021\/wp-json\/wp\/v2\/posts\/42706\/revisions"}],"wp:attachment":[{"href":"https:\/\/www.noticiasradioreflejos.com.ar\/2021\/wp-json\/wp\/v2\/media?parent=42706"}],"wp:term":[{"taxonomy":"category","embeddable":true,"href":"https:\/\/www.noticiasradioreflejos.com.ar\/2021\/wp-json\/wp\/v2\/categories?post=42706"},{"taxonomy":"post_tag","embeddable":true,"href":"https:\/\/www.noticiasradioreflejos.com.ar\/2021\/wp-json\/wp\/v2\/tags?post=42706"}],"curies":[{"name":"wp","href":"https:\/\/api.w.org\/{rel}","templated":true}]}}