{"id":42693,"date":"2020-06-02T18:20:03","date_gmt":"2020-06-02T21:20:03","guid":{"rendered":"http:\/\/www.noticiasradioreflejos.com.ar\/noticias\/?p=42693"},"modified":"2020-06-02T18:20:03","modified_gmt":"2020-06-02T21:20:03","slug":"bordoni-se-reunio-con-prestadores-turisticos-en-villa-ventana","status":"publish","type":"post","link":"https:\/\/www.noticiasradioreflejos.com.ar\/2021\/bordoni-se-reunio-con-prestadores-turisticos-en-villa-ventana\/","title":{"rendered":"Bordoni se reuni\u00f3 con prestadores tur\u00edsticos en Villa Ventana"},"content":{"rendered":"<p><a title=\"WhatsApp Image 2020-06-01 at 19.03.36\" href=\"http:\/\/live.staticflickr.com\/65535\/49964765411_337cf92de3_s.jpg\" rel=\"\"><img loading=\"lazy\" decoding=\"async\" class=\"alignleft\" style=\"float: left;\" title=\"WhatsApp Image 2020-06-01 at 19.03.36\" src=\"http:\/\/live.staticflickr.com\/65535\/49964765411_337cf92de3.jpg\" alt=\"WhatsApp Image 2020-06-01 at 19.03.36\" width=\"500\" height=\"281\" \/><\/a>En la tarde de ayer, el intendente municipal Sergio Bordoni, se reuni\u00f3 en la Plaza Salerno de Villa Ventana, junto a un grupo de prestadores tur\u00edsticos con el fin de conversar sobre las distintas medidas que se est\u00e1n planteando al Gobierno de la Provincia de Buenos Aires.<!--more--><\/p>\n<p>Bordoni, expres\u00f3 su deseo de habilitar nuevas actividades, que permitan a los prestadores tur\u00edsticos iniciar sus c\u00edrculos productivos y econ\u00f3micos gradualmente.<br \/>\nEn primera instancia el jefe comunal, informo que est\u00e1n presentados los distintos protocolos para el funcionamiento de bares y restaurantes, y se est\u00e1n elaborando junto a integrantes de ejecutivos municipales vecinos, los procedimientos, para dar una reapertura regional. El Plan denominado \u201cTurismo Seguro\u201d, se llevar\u00eda a cabo con todos los municipios que no cuenten con casos infectados de covid-19. El mismo se enmarca dentro del plan sociosanitario elaborado por el municipio frente a la pandemia.<br \/>\nEl mandatario comunal manifest\u00f3 su acuerdo con las posturas de los prestadores, pero a su vez explic\u00f3 que si bien el ejecutivo est\u00e1 trabajando en soluciones para aliviar al sector, por ejemplo la quita del pago de tasas de seguridad e higiene, est\u00e1n a la espera de respuestas por parte del gobierno nacional y provincial.<br \/>\nBordoni, estuvo acompa\u00f1ado del Secretario de Gobierno y Seguridad Ezequiel Gabella, la Secretaria de Turismo, Producci\u00f3n, Comercio e Industria Susana Dos Santos, el Secretario de Desarrollo Gonzalo Iparraguirre, el Secretario de Salud Miguel Pagnotta, el Subsecretario de Turismo Gustavo Sandobal, el Delegado local Hugo Scabuso, el presidente del Concejo Deliberante Federico Labarthe, los concejales Viviana Montibeller, Sebastian Bassi, Rocio Vazquez y Claudio Iribarren.<br \/>\n<a title=\"Plan Covid 19\" href=\"http:\/\/live.staticflickr.com\/65535\/49964254808_1f664d9f90_s.jpg\" rel=\"\"><img loading=\"lazy\" decoding=\"async\" class=\"aligncenter\" title=\"Plan Covid 19\" src=\"http:\/\/live.staticflickr.com\/65535\/49964254808_1f664d9f90_z.jpg\" alt=\"Plan Covid 19\" width=\"640\" height=\"435\" \/><\/a><\/p>\n<p><a title=\"WhatsApp Image 2020-06-01 at 19.03.40 (1)\" href=\"http:\/\/live.staticflickr.com\/65535\/49965049142_6dc7c2a7b9_s.jpg\" rel=\"\"><img loading=\"lazy\" decoding=\"async\" class=\"aligncenter\" title=\"WhatsApp Image 2020-06-01 at 19.03.40 (1)\" src=\"http:\/\/live.staticflickr.com\/65535\/49965049142_6dc7c2a7b9_z.jpg\" alt=\"WhatsApp Image 2020-06-01 at 19.03.40 (1)\" width=\"640\" height=\"360\" \/><\/a><\/p>\n<p><a title=\"WhatsApp Image 2020-06-01 at 19.03.45\" href=\"http:\/\/live.staticflickr.com\/65535\/49964765271_22e231afa1_s.jpg\" rel=\"\"><img loading=\"lazy\" decoding=\"async\" class=\"aligncenter\" title=\"WhatsApp Image 2020-06-01 at 19.03.45\" src=\"http:\/\/live.staticflickr.com\/65535\/49964765271_22e231afa1_z.jpg\" alt=\"WhatsApp Image 2020-06-01 at 19.03.45\" width=\"640\" height=\"360\" \/><\/a><\/p>\n","protected":false},"excerpt":{"rendered":"<p>En la tarde de ayer, el intendente municipal Sergio Bordoni, se reuni\u00f3 en la Plaza Salerno de Villa Ventana, junto a un grupo de prestadores tur\u00edsticos con el fin de conversar sobre las distintas medidas que se est\u00e1n planteando al Gobierno de la Provincia de Buenos Aires.<\/p>\n","protected":false},"author":3,"featured_media":0,"comment_status":"closed","ping_status":"open","sticky":false,"template":"","format":"standard","meta":{"footnotes":""},"categories":[28],"tags":[],"class_list":["post-42693","post","type-post","status-publish","format-standard","hentry","category-municipales"],"yoast_head":"<!-- This site is optimized with the Yoast SEO plugin v25.9 - https:\/\/yoast.com\/wordpress\/plugins\/seo\/ -->\n<title>Bordoni se reuni\u00f3 con prestadores tur\u00edsticos en Villa Ventana - Noticias Radio Reflejos<\/title>\n<meta name=\"robots\" content=\"index, follow, max-snippet:-1, max-image-preview:large, max-video-preview:-1\" \/>\n<link rel=\"canonical\" href=\"https:\/\/www.noticiasradioreflejos.com.ar\/2021\/bordoni-se-reunio-con-prestadores-turisticos-en-villa-ventana\/\" \/>\n<meta property=\"og:locale\" content=\"es_ES\" \/>\n<meta property=\"og:type\" content=\"article\" \/>\n<meta property=\"og:title\" content=\"Bordoni se reuni\u00f3 con prestadores tur\u00edsticos en Villa Ventana - Noticias Radio Reflejos\" \/>\n<meta property=\"og:description\" content=\"En la tarde de ayer, el intendente municipal Sergio Bordoni, se reuni\u00f3 en la Plaza Salerno de Villa Ventana, junto a un grupo de prestadores tur\u00edsticos con el fin de conversar sobre las distintas medidas que se est\u00e1n planteando al Gobierno de la Provincia de Buenos Aires.\" \/>\n<meta property=\"og:url\" content=\"https:\/\/www.noticiasradioreflejos.com.ar\/2021\/bordoni-se-reunio-con-prestadores-turisticos-en-villa-ventana\/\" \/>\n<meta property=\"og:site_name\" content=\"Noticias Radio Reflejos\" \/>\n<meta property=\"article:published_time\" content=\"2020-06-02T21:20:03+00:00\" \/>\n<meta property=\"og:image\" content=\"http:\/\/live.staticflickr.com\/65535\/49964765411_337cf92de3.jpg\" \/>\n<meta name=\"author\" content=\"Arnaldo Botto\" \/>\n<meta name=\"twitter:card\" content=\"summary_large_image\" \/>\n<script type=\"application\/ld+json\" class=\"yoast-schema-graph\">{\"@context\":\"https:\/\/schema.org\",\"@graph\":[{\"@type\":\"WebPage\",\"@id\":\"https:\/\/www.noticiasradioreflejos.com.ar\/2021\/bordoni-se-reunio-con-prestadores-turisticos-en-villa-ventana\/\",\"url\":\"https:\/\/www.noticiasradioreflejos.com.ar\/2021\/bordoni-se-reunio-con-prestadores-turisticos-en-villa-ventana\/\",\"name\":\"Bordoni se reuni\u00f3 con prestadores tur\u00edsticos en Villa Ventana - Noticias Radio Reflejos\",\"isPartOf\":{\"@id\":\"https:\/\/www.noticiasradioreflejos.com.ar\/2021\/#website\"},\"primaryImageOfPage\":{\"@id\":\"https:\/\/www.noticiasradioreflejos.com.ar\/2021\/bordoni-se-reunio-con-prestadores-turisticos-en-villa-ventana\/#primaryimage\"},\"image\":{\"@id\":\"https:\/\/www.noticiasradioreflejos.com.ar\/2021\/bordoni-se-reunio-con-prestadores-turisticos-en-villa-ventana\/#primaryimage\"},\"thumbnailUrl\":\"http:\/\/live.staticflickr.com\/65535\/49964765411_337cf92de3.jpg\",\"datePublished\":\"2020-06-02T21:20:03+00:00\",\"author\":{\"@id\":\"https:\/\/www.noticiasradioreflejos.com.ar\/2021\/#\/schema\/person\/ad82545263dcc5ec0996818884fd5fb1\"},\"breadcrumb\":{\"@id\":\"https:\/\/www.noticiasradioreflejos.com.ar\/2021\/bordoni-se-reunio-con-prestadores-turisticos-en-villa-ventana\/#breadcrumb\"},\"inLanguage\":\"es\",\"potentialAction\":[{\"@type\":\"ReadAction\",\"target\":[\"https:\/\/www.noticiasradioreflejos.com.ar\/2021\/bordoni-se-reunio-con-prestadores-turisticos-en-villa-ventana\/\"]}]},{\"@type\":\"ImageObject\",\"inLanguage\":\"es\",\"@id\":\"https:\/\/www.noticiasradioreflejos.com.ar\/2021\/bordoni-se-reunio-con-prestadores-turisticos-en-villa-ventana\/#primaryimage\",\"url\":\"http:\/\/live.staticflickr.com\/65535\/49964765411_337cf92de3.jpg\",\"contentUrl\":\"http:\/\/live.staticflickr.com\/65535\/49964765411_337cf92de3.jpg\"},{\"@type\":\"BreadcrumbList\",\"@id\":\"https:\/\/www.noticiasradioreflejos.com.ar\/2021\/bordoni-se-reunio-con-prestadores-turisticos-en-villa-ventana\/#breadcrumb\",\"itemListElement\":[{\"@type\":\"ListItem\",\"position\":1,\"name\":\"Portada\",\"item\":\"https:\/\/www.noticiasradioreflejos.com.ar\/2021\/\"},{\"@type\":\"ListItem\",\"position\":2,\"name\":\"Bordoni se reuni\u00f3 con prestadores tur\u00edsticos en Villa Ventana\"}]},{\"@type\":\"WebSite\",\"@id\":\"https:\/\/www.noticiasradioreflejos.com.ar\/2021\/#website\",\"url\":\"https:\/\/www.noticiasradioreflejos.com.ar\/2021\/\",\"name\":\"Noticias Radio Reflejos\",\"description\":\"Las noticias de mi comarca\",\"potentialAction\":[{\"@type\":\"SearchAction\",\"target\":{\"@type\":\"EntryPoint\",\"urlTemplate\":\"https:\/\/www.noticiasradioreflejos.com.ar\/2021\/?s={search_term_string}\"},\"query-input\":{\"@type\":\"PropertyValueSpecification\",\"valueRequired\":true,\"valueName\":\"search_term_string\"}}],\"inLanguage\":\"es\"},{\"@type\":\"Person\",\"@id\":\"https:\/\/www.noticiasradioreflejos.com.ar\/2021\/#\/schema\/person\/ad82545263dcc5ec0996818884fd5fb1\",\"name\":\"Arnaldo Botto\",\"image\":{\"@type\":\"ImageObject\",\"inLanguage\":\"es\",\"@id\":\"https:\/\/www.noticiasradioreflejos.com.ar\/2021\/#\/schema\/person\/image\/\",\"url\":\"https:\/\/secure.gravatar.com\/avatar\/55cb5e37c1efa326397366e6974cb338056df65cb50e7d64d1cf314e87504837?s=96&d=mm&r=g\",\"contentUrl\":\"https:\/\/secure.gravatar.com\/avatar\/55cb5e37c1efa326397366e6974cb338056df65cb50e7d64d1cf314e87504837?s=96&d=mm&r=g\",\"caption\":\"Arnaldo Botto\"},\"url\":\"https:\/\/www.noticiasradioreflejos.com.ar\/2021\/author\/arnaldo\/\"}]}<\/script>\n<!-- \/ Yoast SEO plugin. -->","yoast_head_json":{"title":"Bordoni se reuni\u00f3 con prestadores tur\u00edsticos en Villa Ventana - Noticias Radio Reflejos","robots":{"index":"index","follow":"follow","max-snippet":"max-snippet:-1","max-image-preview":"max-image-preview:large","max-video-preview":"max-video-preview:-1"},"canonical":"https:\/\/www.noticiasradioreflejos.com.ar\/2021\/bordoni-se-reunio-con-prestadores-turisticos-en-villa-ventana\/","og_locale":"es_ES","og_type":"article","og_title":"Bordoni se reuni\u00f3 con prestadores tur\u00edsticos en Villa Ventana - Noticias Radio Reflejos","og_description":"En la tarde de ayer, el intendente municipal Sergio Bordoni, se reuni\u00f3 en la Plaza Salerno de Villa Ventana, junto a un grupo de prestadores tur\u00edsticos con el fin de conversar sobre las distintas medidas que se est\u00e1n planteando al Gobierno de la Provincia de Buenos Aires.","og_url":"https:\/\/www.noticiasradioreflejos.com.ar\/2021\/bordoni-se-reunio-con-prestadores-turisticos-en-villa-ventana\/","og_site_name":"Noticias Radio Reflejos","article_published_time":"2020-06-02T21:20:03+00:00","og_image":[{"url":"http:\/\/live.staticflickr.com\/65535\/49964765411_337cf92de3.jpg","type":"","width":"","height":""}],"author":"Arnaldo Botto","twitter_card":"summary_large_image","schema":{"@context":"https:\/\/schema.org","@graph":[{"@type":"WebPage","@id":"https:\/\/www.noticiasradioreflejos.com.ar\/2021\/bordoni-se-reunio-con-prestadores-turisticos-en-villa-ventana\/","url":"https:\/\/www.noticiasradioreflejos.com.ar\/2021\/bordoni-se-reunio-con-prestadores-turisticos-en-villa-ventana\/","name":"Bordoni se reuni\u00f3 con prestadores tur\u00edsticos en Villa Ventana - Noticias Radio Reflejos","isPartOf":{"@id":"https:\/\/www.noticiasradioreflejos.com.ar\/2021\/#website"},"primaryImageOfPage":{"@id":"https:\/\/www.noticiasradioreflejos.com.ar\/2021\/bordoni-se-reunio-con-prestadores-turisticos-en-villa-ventana\/#primaryimage"},"image":{"@id":"https:\/\/www.noticiasradioreflejos.com.ar\/2021\/bordoni-se-reunio-con-prestadores-turisticos-en-villa-ventana\/#primaryimage"},"thumbnailUrl":"http:\/\/live.staticflickr.com\/65535\/49964765411_337cf92de3.jpg","datePublished":"2020-06-02T21:20:03+00:00","author":{"@id":"https:\/\/www.noticiasradioreflejos.com.ar\/2021\/#\/schema\/person\/ad82545263dcc5ec0996818884fd5fb1"},"breadcrumb":{"@id":"https:\/\/www.noticiasradioreflejos.com.ar\/2021\/bordoni-se-reunio-con-prestadores-turisticos-en-villa-ventana\/#breadcrumb"},"inLanguage":"es","potentialAction":[{"@type":"ReadAction","target":["https:\/\/www.noticiasradioreflejos.com.ar\/2021\/bordoni-se-reunio-con-prestadores-turisticos-en-villa-ventana\/"]}]},{"@type":"ImageObject","inLanguage":"es","@id":"https:\/\/www.noticiasradioreflejos.com.ar\/2021\/bordoni-se-reunio-con-prestadores-turisticos-en-villa-ventana\/#primaryimage","url":"http:\/\/live.staticflickr.com\/65535\/49964765411_337cf92de3.jpg","contentUrl":"http:\/\/live.staticflickr.com\/65535\/49964765411_337cf92de3.jpg"},{"@type":"BreadcrumbList","@id":"https:\/\/www.noticiasradioreflejos.com.ar\/2021\/bordoni-se-reunio-con-prestadores-turisticos-en-villa-ventana\/#breadcrumb","itemListElement":[{"@type":"ListItem","position":1,"name":"Portada","item":"https:\/\/www.noticiasradioreflejos.com.ar\/2021\/"},{"@type":"ListItem","position":2,"name":"Bordoni se reuni\u00f3 con prestadores tur\u00edsticos en Villa Ventana"}]},{"@type":"WebSite","@id":"https:\/\/www.noticiasradioreflejos.com.ar\/2021\/#website","url":"https:\/\/www.noticiasradioreflejos.com.ar\/2021\/","name":"Noticias Radio Reflejos","description":"Las noticias de mi comarca","potentialAction":[{"@type":"SearchAction","target":{"@type":"EntryPoint","urlTemplate":"https:\/\/www.noticiasradioreflejos.com.ar\/2021\/?s={search_term_string}"},"query-input":{"@type":"PropertyValueSpecification","valueRequired":true,"valueName":"search_term_string"}}],"inLanguage":"es"},{"@type":"Person","@id":"https:\/\/www.noticiasradioreflejos.com.ar\/2021\/#\/schema\/person\/ad82545263dcc5ec0996818884fd5fb1","name":"Arnaldo Botto","image":{"@type":"ImageObject","inLanguage":"es","@id":"https:\/\/www.noticiasradioreflejos.com.ar\/2021\/#\/schema\/person\/image\/","url":"https:\/\/secure.gravatar.com\/avatar\/55cb5e37c1efa326397366e6974cb338056df65cb50e7d64d1cf314e87504837?s=96&d=mm&r=g","contentUrl":"https:\/\/secure.gravatar.com\/avatar\/55cb5e37c1efa326397366e6974cb338056df65cb50e7d64d1cf314e87504837?s=96&d=mm&r=g","caption":"Arnaldo Botto"},"url":"https:\/\/www.noticiasradioreflejos.com.ar\/2021\/author\/arnaldo\/"}]}},"_links":{"self":[{"href":"https:\/\/www.noticiasradioreflejos.com.ar\/2021\/wp-json\/wp\/v2\/posts\/42693","targetHints":{"allow":["GET"]}}],"collection":[{"href":"https:\/\/www.noticiasradioreflejos.com.ar\/2021\/wp-json\/wp\/v2\/posts"}],"about":[{"href":"https:\/\/www.noticiasradioreflejos.com.ar\/2021\/wp-json\/wp\/v2\/types\/post"}],"author":[{"embeddable":true,"href":"https:\/\/www.noticiasradioreflejos.com.ar\/2021\/wp-json\/wp\/v2\/users\/3"}],"replies":[{"embeddable":true,"href":"https:\/\/www.noticiasradioreflejos.com.ar\/2021\/wp-json\/wp\/v2\/comments?post=42693"}],"version-history":[{"count":0,"href":"https:\/\/www.noticiasradioreflejos.com.ar\/2021\/wp-json\/wp\/v2\/posts\/42693\/revisions"}],"wp:attachment":[{"href":"https:\/\/www.noticiasradioreflejos.com.ar\/2021\/wp-json\/wp\/v2\/media?parent=42693"}],"wp:term":[{"taxonomy":"category","embeddable":true,"href":"https:\/\/www.noticiasradioreflejos.com.ar\/2021\/wp-json\/wp\/v2\/categories?post=42693"},{"taxonomy":"post_tag","embeddable":true,"href":"https:\/\/www.noticiasradioreflejos.com.ar\/2021\/wp-json\/wp\/v2\/tags?post=42693"}],"curies":[{"name":"wp","href":"https:\/\/api.w.org\/{rel}","templated":true}]}}