{"id":42681,"date":"2020-06-02T17:23:30","date_gmt":"2020-06-02T20:23:30","guid":{"rendered":"http:\/\/www.noticiasradioreflejos.com.ar\/noticias\/?p=42681"},"modified":"2020-06-02T17:23:30","modified_gmt":"2020-06-02T20:23:30","slug":"bordoni-participo-de-los-actos-por-el-dia-del-bombero-voluntario","status":"publish","type":"post","link":"https:\/\/www.noticiasradioreflejos.com.ar\/2021\/bordoni-participo-de-los-actos-por-el-dia-del-bombero-voluntario\/","title":{"rendered":"Bordoni particip\u00f3 de los actos por el D\u00eda del Bombero Voluntario"},"content":{"rendered":"<p>El 2 de junio de 1884, se conform\u00f3 el primer cuartel de Bomberos Voluntarios en nuestro pa\u00eds, por tal motivo esa fecha se convirti\u00f3 en el d\u00eda para conmemorar y celebrar a nuestros servidores.<!--more--><br \/>\nEl intendente municipal, Sergio Bordoni, acompa\u00f1ado del Secretario de Gobierno y Seguridad Ezequiel Gabella, asistieron hoy por la ma\u00f1ana, a los diferentes actos propuestos por las Asociaciones de Bomberos Voluntarios de Tornquist y Sierra de la Ventana.<br \/>\nEste a\u00f1o, frente a la situaci\u00f3n especial que estamos atravesando por la pandemia de Covid-19, los actos se transmitieron en vivo por las distintas redes sociales, y contaron con poca presencia de p\u00fablico. En sus palabras, el jefe comunal destac\u00f3 la loable tarea de cada persona que se convierte en bombero, sabiendo que ofrecen sus servicios voluntariamente, anteponiendo su vida al peligro, por la comunidad. En Sierra de la Ventana, acompa\u00f1o en el acto oficial a los funcionarios municipales el Delegado local, Hugo Polvara.<br \/>\n<a title=\"WhatsApp Image 2020-06-02 at 12.16.58\" href=\"http:\/\/live.staticflickr.com\/65535\/49964570016_2d93ba7dca_s.jpg\" rel=\"\"><img loading=\"lazy\" decoding=\"async\" class=\"aligncenter\" title=\"WhatsApp Image 2020-06-02 at 12.16.58\" src=\"http:\/\/live.staticflickr.com\/65535\/49964570016_2d93ba7dca_z.jpg\" alt=\"WhatsApp Image 2020-06-02 at 12.16.58\" width=\"640\" height=\"480\" \/><\/a><\/p>\n<p><a title=\"WhatsApp Image 2020-06-02 at 15.52.44 (1)\" href=\"http:\/\/live.staticflickr.com\/65535\/49964852247_ec18f6983c_s.jpg\" rel=\"\"><img loading=\"lazy\" decoding=\"async\" class=\"aligncenter\" title=\"WhatsApp Image 2020-06-02 at 15.52.44 (1)\" src=\"http:\/\/live.staticflickr.com\/65535\/49964852247_ec18f6983c_z.jpg\" alt=\"WhatsApp Image 2020-06-02 at 15.52.44 (1)\" width=\"640\" height=\"320\" \/><\/a><\/p>\n<p><a title=\"WhatsApp Image 2020-06-02 at 15.52.44\" href=\"http:\/\/live.staticflickr.com\/65535\/49964065708_2905213844_s.jpg\" rel=\"\"><img loading=\"lazy\" decoding=\"async\" class=\"aligncenter\" title=\"WhatsApp Image 2020-06-02 at 15.52.44\" src=\"http:\/\/live.staticflickr.com\/65535\/49964065708_2905213844_z.jpg\" alt=\"WhatsApp Image 2020-06-02 at 15.52.44\" width=\"640\" height=\"295\" \/><\/a><\/p>\n","protected":false},"excerpt":{"rendered":"<p>El 2 de junio de 1884, se conform\u00f3 el primer cuartel de Bomberos Voluntarios en nuestro pa\u00eds, por tal motivo esa fecha se convirti\u00f3 en el d\u00eda para conmemorar y celebrar a nuestros servidores.<\/p>\n","protected":false},"author":3,"featured_media":0,"comment_status":"closed","ping_status":"open","sticky":false,"template":"","format":"standard","meta":{"footnotes":""},"categories":[28],"tags":[],"class_list":["post-42681","post","type-post","status-publish","format-standard","hentry","category-municipales"],"yoast_head":"<!-- This site is optimized with the Yoast SEO plugin v25.9 - https:\/\/yoast.com\/wordpress\/plugins\/seo\/ -->\n<title>Bordoni particip\u00f3 de los actos por el D\u00eda del Bombero Voluntario - Noticias Radio Reflejos<\/title>\n<meta name=\"robots\" content=\"index, follow, max-snippet:-1, max-image-preview:large, max-video-preview:-1\" \/>\n<link rel=\"canonical\" href=\"https:\/\/www.noticiasradioreflejos.com.ar\/2021\/bordoni-participo-de-los-actos-por-el-dia-del-bombero-voluntario\/\" \/>\n<meta property=\"og:locale\" content=\"es_ES\" \/>\n<meta property=\"og:type\" content=\"article\" \/>\n<meta property=\"og:title\" content=\"Bordoni particip\u00f3 de los actos por el D\u00eda del Bombero Voluntario - Noticias Radio Reflejos\" \/>\n<meta property=\"og:description\" content=\"El 2 de junio de 1884, se conform\u00f3 el primer cuartel de Bomberos Voluntarios en nuestro pa\u00eds, por tal motivo esa fecha se convirti\u00f3 en el d\u00eda para conmemorar y celebrar a nuestros servidores.\" \/>\n<meta property=\"og:url\" content=\"https:\/\/www.noticiasradioreflejos.com.ar\/2021\/bordoni-participo-de-los-actos-por-el-dia-del-bombero-voluntario\/\" \/>\n<meta property=\"og:site_name\" content=\"Noticias Radio Reflejos\" \/>\n<meta property=\"article:published_time\" content=\"2020-06-02T20:23:30+00:00\" \/>\n<meta property=\"og:image\" content=\"http:\/\/live.staticflickr.com\/65535\/49964570016_2d93ba7dca_z.jpg\" \/>\n<meta name=\"author\" content=\"Arnaldo Botto\" \/>\n<meta name=\"twitter:card\" content=\"summary_large_image\" \/>\n<script type=\"application\/ld+json\" class=\"yoast-schema-graph\">{\"@context\":\"https:\/\/schema.org\",\"@graph\":[{\"@type\":\"WebPage\",\"@id\":\"https:\/\/www.noticiasradioreflejos.com.ar\/2021\/bordoni-participo-de-los-actos-por-el-dia-del-bombero-voluntario\/\",\"url\":\"https:\/\/www.noticiasradioreflejos.com.ar\/2021\/bordoni-participo-de-los-actos-por-el-dia-del-bombero-voluntario\/\",\"name\":\"Bordoni particip\u00f3 de los actos por el D\u00eda del Bombero Voluntario - Noticias Radio Reflejos\",\"isPartOf\":{\"@id\":\"https:\/\/www.noticiasradioreflejos.com.ar\/2021\/#website\"},\"primaryImageOfPage\":{\"@id\":\"https:\/\/www.noticiasradioreflejos.com.ar\/2021\/bordoni-participo-de-los-actos-por-el-dia-del-bombero-voluntario\/#primaryimage\"},\"image\":{\"@id\":\"https:\/\/www.noticiasradioreflejos.com.ar\/2021\/bordoni-participo-de-los-actos-por-el-dia-del-bombero-voluntario\/#primaryimage\"},\"thumbnailUrl\":\"http:\/\/live.staticflickr.com\/65535\/49964570016_2d93ba7dca_z.jpg\",\"datePublished\":\"2020-06-02T20:23:30+00:00\",\"author\":{\"@id\":\"https:\/\/www.noticiasradioreflejos.com.ar\/2021\/#\/schema\/person\/ad82545263dcc5ec0996818884fd5fb1\"},\"breadcrumb\":{\"@id\":\"https:\/\/www.noticiasradioreflejos.com.ar\/2021\/bordoni-participo-de-los-actos-por-el-dia-del-bombero-voluntario\/#breadcrumb\"},\"inLanguage\":\"es\",\"potentialAction\":[{\"@type\":\"ReadAction\",\"target\":[\"https:\/\/www.noticiasradioreflejos.com.ar\/2021\/bordoni-participo-de-los-actos-por-el-dia-del-bombero-voluntario\/\"]}]},{\"@type\":\"ImageObject\",\"inLanguage\":\"es\",\"@id\":\"https:\/\/www.noticiasradioreflejos.com.ar\/2021\/bordoni-participo-de-los-actos-por-el-dia-del-bombero-voluntario\/#primaryimage\",\"url\":\"http:\/\/live.staticflickr.com\/65535\/49964570016_2d93ba7dca_z.jpg\",\"contentUrl\":\"http:\/\/live.staticflickr.com\/65535\/49964570016_2d93ba7dca_z.jpg\"},{\"@type\":\"BreadcrumbList\",\"@id\":\"https:\/\/www.noticiasradioreflejos.com.ar\/2021\/bordoni-participo-de-los-actos-por-el-dia-del-bombero-voluntario\/#breadcrumb\",\"itemListElement\":[{\"@type\":\"ListItem\",\"position\":1,\"name\":\"Portada\",\"item\":\"https:\/\/www.noticiasradioreflejos.com.ar\/2021\/\"},{\"@type\":\"ListItem\",\"position\":2,\"name\":\"Bordoni particip\u00f3 de los actos por el D\u00eda del Bombero Voluntario\"}]},{\"@type\":\"WebSite\",\"@id\":\"https:\/\/www.noticiasradioreflejos.com.ar\/2021\/#website\",\"url\":\"https:\/\/www.noticiasradioreflejos.com.ar\/2021\/\",\"name\":\"Noticias Radio Reflejos\",\"description\":\"Las noticias de mi comarca\",\"potentialAction\":[{\"@type\":\"SearchAction\",\"target\":{\"@type\":\"EntryPoint\",\"urlTemplate\":\"https:\/\/www.noticiasradioreflejos.com.ar\/2021\/?s={search_term_string}\"},\"query-input\":{\"@type\":\"PropertyValueSpecification\",\"valueRequired\":true,\"valueName\":\"search_term_string\"}}],\"inLanguage\":\"es\"},{\"@type\":\"Person\",\"@id\":\"https:\/\/www.noticiasradioreflejos.com.ar\/2021\/#\/schema\/person\/ad82545263dcc5ec0996818884fd5fb1\",\"name\":\"Arnaldo Botto\",\"image\":{\"@type\":\"ImageObject\",\"inLanguage\":\"es\",\"@id\":\"https:\/\/www.noticiasradioreflejos.com.ar\/2021\/#\/schema\/person\/image\/\",\"url\":\"https:\/\/secure.gravatar.com\/avatar\/55cb5e37c1efa326397366e6974cb338056df65cb50e7d64d1cf314e87504837?s=96&d=mm&r=g\",\"contentUrl\":\"https:\/\/secure.gravatar.com\/avatar\/55cb5e37c1efa326397366e6974cb338056df65cb50e7d64d1cf314e87504837?s=96&d=mm&r=g\",\"caption\":\"Arnaldo Botto\"},\"url\":\"https:\/\/www.noticiasradioreflejos.com.ar\/2021\/author\/arnaldo\/\"}]}<\/script>\n<!-- \/ Yoast SEO plugin. -->","yoast_head_json":{"title":"Bordoni particip\u00f3 de los actos por el D\u00eda del Bombero Voluntario - Noticias Radio Reflejos","robots":{"index":"index","follow":"follow","max-snippet":"max-snippet:-1","max-image-preview":"max-image-preview:large","max-video-preview":"max-video-preview:-1"},"canonical":"https:\/\/www.noticiasradioreflejos.com.ar\/2021\/bordoni-participo-de-los-actos-por-el-dia-del-bombero-voluntario\/","og_locale":"es_ES","og_type":"article","og_title":"Bordoni particip\u00f3 de los actos por el D\u00eda del Bombero Voluntario - Noticias Radio Reflejos","og_description":"El 2 de junio de 1884, se conform\u00f3 el primer cuartel de Bomberos Voluntarios en nuestro pa\u00eds, por tal motivo esa fecha se convirti\u00f3 en el d\u00eda para conmemorar y celebrar a nuestros servidores.","og_url":"https:\/\/www.noticiasradioreflejos.com.ar\/2021\/bordoni-participo-de-los-actos-por-el-dia-del-bombero-voluntario\/","og_site_name":"Noticias Radio Reflejos","article_published_time":"2020-06-02T20:23:30+00:00","og_image":[{"url":"http:\/\/live.staticflickr.com\/65535\/49964570016_2d93ba7dca_z.jpg","type":"","width":"","height":""}],"author":"Arnaldo Botto","twitter_card":"summary_large_image","schema":{"@context":"https:\/\/schema.org","@graph":[{"@type":"WebPage","@id":"https:\/\/www.noticiasradioreflejos.com.ar\/2021\/bordoni-participo-de-los-actos-por-el-dia-del-bombero-voluntario\/","url":"https:\/\/www.noticiasradioreflejos.com.ar\/2021\/bordoni-participo-de-los-actos-por-el-dia-del-bombero-voluntario\/","name":"Bordoni particip\u00f3 de los actos por el D\u00eda del Bombero Voluntario - Noticias Radio Reflejos","isPartOf":{"@id":"https:\/\/www.noticiasradioreflejos.com.ar\/2021\/#website"},"primaryImageOfPage":{"@id":"https:\/\/www.noticiasradioreflejos.com.ar\/2021\/bordoni-participo-de-los-actos-por-el-dia-del-bombero-voluntario\/#primaryimage"},"image":{"@id":"https:\/\/www.noticiasradioreflejos.com.ar\/2021\/bordoni-participo-de-los-actos-por-el-dia-del-bombero-voluntario\/#primaryimage"},"thumbnailUrl":"http:\/\/live.staticflickr.com\/65535\/49964570016_2d93ba7dca_z.jpg","datePublished":"2020-06-02T20:23:30+00:00","author":{"@id":"https:\/\/www.noticiasradioreflejos.com.ar\/2021\/#\/schema\/person\/ad82545263dcc5ec0996818884fd5fb1"},"breadcrumb":{"@id":"https:\/\/www.noticiasradioreflejos.com.ar\/2021\/bordoni-participo-de-los-actos-por-el-dia-del-bombero-voluntario\/#breadcrumb"},"inLanguage":"es","potentialAction":[{"@type":"ReadAction","target":["https:\/\/www.noticiasradioreflejos.com.ar\/2021\/bordoni-participo-de-los-actos-por-el-dia-del-bombero-voluntario\/"]}]},{"@type":"ImageObject","inLanguage":"es","@id":"https:\/\/www.noticiasradioreflejos.com.ar\/2021\/bordoni-participo-de-los-actos-por-el-dia-del-bombero-voluntario\/#primaryimage","url":"http:\/\/live.staticflickr.com\/65535\/49964570016_2d93ba7dca_z.jpg","contentUrl":"http:\/\/live.staticflickr.com\/65535\/49964570016_2d93ba7dca_z.jpg"},{"@type":"BreadcrumbList","@id":"https:\/\/www.noticiasradioreflejos.com.ar\/2021\/bordoni-participo-de-los-actos-por-el-dia-del-bombero-voluntario\/#breadcrumb","itemListElement":[{"@type":"ListItem","position":1,"name":"Portada","item":"https:\/\/www.noticiasradioreflejos.com.ar\/2021\/"},{"@type":"ListItem","position":2,"name":"Bordoni particip\u00f3 de los actos por el D\u00eda del Bombero Voluntario"}]},{"@type":"WebSite","@id":"https:\/\/www.noticiasradioreflejos.com.ar\/2021\/#website","url":"https:\/\/www.noticiasradioreflejos.com.ar\/2021\/","name":"Noticias Radio Reflejos","description":"Las noticias de mi comarca","potentialAction":[{"@type":"SearchAction","target":{"@type":"EntryPoint","urlTemplate":"https:\/\/www.noticiasradioreflejos.com.ar\/2021\/?s={search_term_string}"},"query-input":{"@type":"PropertyValueSpecification","valueRequired":true,"valueName":"search_term_string"}}],"inLanguage":"es"},{"@type":"Person","@id":"https:\/\/www.noticiasradioreflejos.com.ar\/2021\/#\/schema\/person\/ad82545263dcc5ec0996818884fd5fb1","name":"Arnaldo Botto","image":{"@type":"ImageObject","inLanguage":"es","@id":"https:\/\/www.noticiasradioreflejos.com.ar\/2021\/#\/schema\/person\/image\/","url":"https:\/\/secure.gravatar.com\/avatar\/55cb5e37c1efa326397366e6974cb338056df65cb50e7d64d1cf314e87504837?s=96&d=mm&r=g","contentUrl":"https:\/\/secure.gravatar.com\/avatar\/55cb5e37c1efa326397366e6974cb338056df65cb50e7d64d1cf314e87504837?s=96&d=mm&r=g","caption":"Arnaldo Botto"},"url":"https:\/\/www.noticiasradioreflejos.com.ar\/2021\/author\/arnaldo\/"}]}},"_links":{"self":[{"href":"https:\/\/www.noticiasradioreflejos.com.ar\/2021\/wp-json\/wp\/v2\/posts\/42681","targetHints":{"allow":["GET"]}}],"collection":[{"href":"https:\/\/www.noticiasradioreflejos.com.ar\/2021\/wp-json\/wp\/v2\/posts"}],"about":[{"href":"https:\/\/www.noticiasradioreflejos.com.ar\/2021\/wp-json\/wp\/v2\/types\/post"}],"author":[{"embeddable":true,"href":"https:\/\/www.noticiasradioreflejos.com.ar\/2021\/wp-json\/wp\/v2\/users\/3"}],"replies":[{"embeddable":true,"href":"https:\/\/www.noticiasradioreflejos.com.ar\/2021\/wp-json\/wp\/v2\/comments?post=42681"}],"version-history":[{"count":0,"href":"https:\/\/www.noticiasradioreflejos.com.ar\/2021\/wp-json\/wp\/v2\/posts\/42681\/revisions"}],"wp:attachment":[{"href":"https:\/\/www.noticiasradioreflejos.com.ar\/2021\/wp-json\/wp\/v2\/media?parent=42681"}],"wp:term":[{"taxonomy":"category","embeddable":true,"href":"https:\/\/www.noticiasradioreflejos.com.ar\/2021\/wp-json\/wp\/v2\/categories?post=42681"},{"taxonomy":"post_tag","embeddable":true,"href":"https:\/\/www.noticiasradioreflejos.com.ar\/2021\/wp-json\/wp\/v2\/tags?post=42681"}],"curies":[{"name":"wp","href":"https:\/\/api.w.org\/{rel}","templated":true}]}}