{"id":42678,"date":"2020-06-02T17:18:08","date_gmt":"2020-06-02T20:18:08","guid":{"rendered":"http:\/\/www.noticiasradioreflejos.com.ar\/noticias\/?p=42678"},"modified":"2020-06-02T17:18:08","modified_gmt":"2020-06-02T20:18:08","slug":"30-anos-de-luchemos-por-la-vida","status":"publish","type":"post","link":"https:\/\/www.noticiasradioreflejos.com.ar\/2021\/30-anos-de-luchemos-por-la-vida\/","title":{"rendered":"30 a\u00f1os de Luchemos por la Vida"},"content":{"rendered":"<p>En 1990, los cinturones de seguridad eran obligatorios dentro del veh\u00edculo, pero no era obligatorio su uso. En esos tiempos casi nadie lo usaba. El primer estudio observacional que realiz\u00f3 Luchemos por la Vida revel\u00f3 que en la Ciudad de Buenos Aires solo 0,3% de los conductores lo usaba.<!--more--><\/p>\n<p>La gente se sent\u00eda confiada dentro del veh\u00edculo, sin comprender que en caso de choque la fuerza de la inercia los har\u00eda golpearse o los eyectar\u00eda afuera del veh\u00edculo con grave riesgo de muerte.<\/p>\n<p>Una de las primeras acciones de Luchemos por la Vida, fue promover su uso en todo el pa\u00eds para salvar vidas, por medio de campa\u00f1as de divulgaci\u00f3n, con afiches, publicaciones en medios gr\u00e1ficos, y spots publicitarios en TV y radios, para generar conciencia de su utilidad.<\/p>\n<p><iframe loading=\"lazy\" width=\"560\" height=\"315\" src=\"https:\/\/www.youtube.com\/embed\/w7qOvFOHRVs\" frameborder=\"0\" allow=\"accelerometer; autoplay; encrypted-media; gyroscope; picture-in-picture\" allowfullscreen><\/iframe><\/p>\n<p>Adem\u00e1s, Luchemos por la Vida promovi\u00f3 la aprobaci\u00f3n de una ley nacional que hiciera obligatorio su uso en Argentina que se concret\u00f3 en el decreto N\u00ba 692\/92 que as\u00ed lo dispuso. Y fue la antesala de su inclusi\u00f3n en la nueva Ley Nacional de Tr\u00e1nsito N\u00ba 24.449 aprobada en 1994, que confirm\u00f3 la obligatoriedad de su uso.<\/p>\n<p>El 20 de junio Luchemos por la Vida cumple 30 a\u00f1os. Mucho tiempo de intensa y fecunda tarea. De importantes logros. Y de frustraciones tambi\u00e9n.<\/p>\n<p>\u00a1Muchas gracias! a los que nos han acompa\u00f1ado en este camino y a los que se suman cada d\u00eda para que podamos hacer realidad la utop\u00eda de que no mueran m\u00e1s personas en el tr\u00e1nsito. A\u00fan queda much\u00edsimo por hacer y esta es una tarea de todos.<\/p>\n<p>\u00a1La lucha contin\u00faa!<\/p>\n","protected":false},"excerpt":{"rendered":"<p>En 1990, los cinturones de seguridad eran obligatorios dentro del veh\u00edculo, pero no era obligatorio su uso. En esos tiempos casi nadie lo usaba. El primer estudio observacional que realiz\u00f3 Luchemos por la Vida revel\u00f3 que en la Ciudad de Buenos Aires solo 0,3% de los conductores lo usaba.<\/p>\n","protected":false},"author":3,"featured_media":0,"comment_status":"closed","ping_status":"open","sticky":false,"template":"","format":"standard","meta":{"footnotes":""},"categories":[26],"tags":[],"class_list":["post-42678","post","type-post","status-publish","format-standard","hentry","category-sociedad"],"yoast_head":"<!-- This site is optimized with the Yoast SEO plugin v25.9 - https:\/\/yoast.com\/wordpress\/plugins\/seo\/ -->\n<title>30 a\u00f1os de Luchemos por la Vida - Noticias Radio Reflejos<\/title>\n<meta name=\"robots\" content=\"index, follow, max-snippet:-1, max-image-preview:large, max-video-preview:-1\" \/>\n<link rel=\"canonical\" href=\"https:\/\/www.noticiasradioreflejos.com.ar\/2021\/30-anos-de-luchemos-por-la-vida\/\" \/>\n<meta property=\"og:locale\" content=\"es_ES\" \/>\n<meta property=\"og:type\" content=\"article\" \/>\n<meta property=\"og:title\" content=\"30 a\u00f1os de Luchemos por la Vida - Noticias Radio Reflejos\" \/>\n<meta property=\"og:description\" content=\"En 1990, los cinturones de seguridad eran obligatorios dentro del veh\u00edculo, pero no era obligatorio su uso. En esos tiempos casi nadie lo usaba. El primer estudio observacional que realiz\u00f3 Luchemos por la Vida revel\u00f3 que en la Ciudad de Buenos Aires solo 0,3% de los conductores lo usaba.\" \/>\n<meta property=\"og:url\" content=\"https:\/\/www.noticiasradioreflejos.com.ar\/2021\/30-anos-de-luchemos-por-la-vida\/\" \/>\n<meta property=\"og:site_name\" content=\"Noticias Radio Reflejos\" \/>\n<meta property=\"article:published_time\" content=\"2020-06-02T20:18:08+00:00\" \/>\n<meta property=\"og:image\" content=\"https:\/\/www.noticiasradioreflejos.com.ar\/2021\/wp-content\/uploads\/2021\/07\/logosol300x200.png\" \/>\n\t<meta property=\"og:image:width\" content=\"300\" \/>\n\t<meta property=\"og:image:height\" content=\"200\" \/>\n\t<meta property=\"og:image:type\" content=\"image\/png\" \/>\n<meta name=\"author\" content=\"Arnaldo Botto\" \/>\n<meta name=\"twitter:card\" content=\"summary_large_image\" \/>\n<script type=\"application\/ld+json\" class=\"yoast-schema-graph\">{\"@context\":\"https:\/\/schema.org\",\"@graph\":[{\"@type\":\"WebPage\",\"@id\":\"https:\/\/www.noticiasradioreflejos.com.ar\/2021\/30-anos-de-luchemos-por-la-vida\/\",\"url\":\"https:\/\/www.noticiasradioreflejos.com.ar\/2021\/30-anos-de-luchemos-por-la-vida\/\",\"name\":\"30 a\u00f1os de Luchemos por la Vida - Noticias Radio Reflejos\",\"isPartOf\":{\"@id\":\"https:\/\/www.noticiasradioreflejos.com.ar\/2021\/#website\"},\"datePublished\":\"2020-06-02T20:18:08+00:00\",\"author\":{\"@id\":\"https:\/\/www.noticiasradioreflejos.com.ar\/2021\/#\/schema\/person\/ad82545263dcc5ec0996818884fd5fb1\"},\"breadcrumb\":{\"@id\":\"https:\/\/www.noticiasradioreflejos.com.ar\/2021\/30-anos-de-luchemos-por-la-vida\/#breadcrumb\"},\"inLanguage\":\"es\",\"potentialAction\":[{\"@type\":\"ReadAction\",\"target\":[\"https:\/\/www.noticiasradioreflejos.com.ar\/2021\/30-anos-de-luchemos-por-la-vida\/\"]}]},{\"@type\":\"BreadcrumbList\",\"@id\":\"https:\/\/www.noticiasradioreflejos.com.ar\/2021\/30-anos-de-luchemos-por-la-vida\/#breadcrumb\",\"itemListElement\":[{\"@type\":\"ListItem\",\"position\":1,\"name\":\"Portada\",\"item\":\"https:\/\/www.noticiasradioreflejos.com.ar\/2021\/\"},{\"@type\":\"ListItem\",\"position\":2,\"name\":\"30 a\u00f1os de Luchemos por la Vida\"}]},{\"@type\":\"WebSite\",\"@id\":\"https:\/\/www.noticiasradioreflejos.com.ar\/2021\/#website\",\"url\":\"https:\/\/www.noticiasradioreflejos.com.ar\/2021\/\",\"name\":\"Noticias Radio Reflejos\",\"description\":\"Las noticias de mi comarca\",\"potentialAction\":[{\"@type\":\"SearchAction\",\"target\":{\"@type\":\"EntryPoint\",\"urlTemplate\":\"https:\/\/www.noticiasradioreflejos.com.ar\/2021\/?s={search_term_string}\"},\"query-input\":{\"@type\":\"PropertyValueSpecification\",\"valueRequired\":true,\"valueName\":\"search_term_string\"}}],\"inLanguage\":\"es\"},{\"@type\":\"Person\",\"@id\":\"https:\/\/www.noticiasradioreflejos.com.ar\/2021\/#\/schema\/person\/ad82545263dcc5ec0996818884fd5fb1\",\"name\":\"Arnaldo Botto\",\"image\":{\"@type\":\"ImageObject\",\"inLanguage\":\"es\",\"@id\":\"https:\/\/www.noticiasradioreflejos.com.ar\/2021\/#\/schema\/person\/image\/\",\"url\":\"https:\/\/secure.gravatar.com\/avatar\/55cb5e37c1efa326397366e6974cb338056df65cb50e7d64d1cf314e87504837?s=96&d=mm&r=g\",\"contentUrl\":\"https:\/\/secure.gravatar.com\/avatar\/55cb5e37c1efa326397366e6974cb338056df65cb50e7d64d1cf314e87504837?s=96&d=mm&r=g\",\"caption\":\"Arnaldo Botto\"},\"url\":\"https:\/\/www.noticiasradioreflejos.com.ar\/2021\/author\/arnaldo\/\"}]}<\/script>\n<!-- \/ Yoast SEO plugin. -->","yoast_head_json":{"title":"30 a\u00f1os de Luchemos por la Vida - Noticias Radio Reflejos","robots":{"index":"index","follow":"follow","max-snippet":"max-snippet:-1","max-image-preview":"max-image-preview:large","max-video-preview":"max-video-preview:-1"},"canonical":"https:\/\/www.noticiasradioreflejos.com.ar\/2021\/30-anos-de-luchemos-por-la-vida\/","og_locale":"es_ES","og_type":"article","og_title":"30 a\u00f1os de Luchemos por la Vida - Noticias Radio Reflejos","og_description":"En 1990, los cinturones de seguridad eran obligatorios dentro del veh\u00edculo, pero no era obligatorio su uso. En esos tiempos casi nadie lo usaba. El primer estudio observacional que realiz\u00f3 Luchemos por la Vida revel\u00f3 que en la Ciudad de Buenos Aires solo 0,3% de los conductores lo usaba.","og_url":"https:\/\/www.noticiasradioreflejos.com.ar\/2021\/30-anos-de-luchemos-por-la-vida\/","og_site_name":"Noticias Radio Reflejos","article_published_time":"2020-06-02T20:18:08+00:00","og_image":[{"width":300,"height":200,"url":"https:\/\/www.noticiasradioreflejos.com.ar\/2021\/wp-content\/uploads\/2021\/07\/logosol300x200.png","type":"image\/png"}],"author":"Arnaldo Botto","twitter_card":"summary_large_image","schema":{"@context":"https:\/\/schema.org","@graph":[{"@type":"WebPage","@id":"https:\/\/www.noticiasradioreflejos.com.ar\/2021\/30-anos-de-luchemos-por-la-vida\/","url":"https:\/\/www.noticiasradioreflejos.com.ar\/2021\/30-anos-de-luchemos-por-la-vida\/","name":"30 a\u00f1os de Luchemos por la Vida - Noticias Radio Reflejos","isPartOf":{"@id":"https:\/\/www.noticiasradioreflejos.com.ar\/2021\/#website"},"datePublished":"2020-06-02T20:18:08+00:00","author":{"@id":"https:\/\/www.noticiasradioreflejos.com.ar\/2021\/#\/schema\/person\/ad82545263dcc5ec0996818884fd5fb1"},"breadcrumb":{"@id":"https:\/\/www.noticiasradioreflejos.com.ar\/2021\/30-anos-de-luchemos-por-la-vida\/#breadcrumb"},"inLanguage":"es","potentialAction":[{"@type":"ReadAction","target":["https:\/\/www.noticiasradioreflejos.com.ar\/2021\/30-anos-de-luchemos-por-la-vida\/"]}]},{"@type":"BreadcrumbList","@id":"https:\/\/www.noticiasradioreflejos.com.ar\/2021\/30-anos-de-luchemos-por-la-vida\/#breadcrumb","itemListElement":[{"@type":"ListItem","position":1,"name":"Portada","item":"https:\/\/www.noticiasradioreflejos.com.ar\/2021\/"},{"@type":"ListItem","position":2,"name":"30 a\u00f1os de Luchemos por la Vida"}]},{"@type":"WebSite","@id":"https:\/\/www.noticiasradioreflejos.com.ar\/2021\/#website","url":"https:\/\/www.noticiasradioreflejos.com.ar\/2021\/","name":"Noticias Radio Reflejos","description":"Las noticias de mi comarca","potentialAction":[{"@type":"SearchAction","target":{"@type":"EntryPoint","urlTemplate":"https:\/\/www.noticiasradioreflejos.com.ar\/2021\/?s={search_term_string}"},"query-input":{"@type":"PropertyValueSpecification","valueRequired":true,"valueName":"search_term_string"}}],"inLanguage":"es"},{"@type":"Person","@id":"https:\/\/www.noticiasradioreflejos.com.ar\/2021\/#\/schema\/person\/ad82545263dcc5ec0996818884fd5fb1","name":"Arnaldo Botto","image":{"@type":"ImageObject","inLanguage":"es","@id":"https:\/\/www.noticiasradioreflejos.com.ar\/2021\/#\/schema\/person\/image\/","url":"https:\/\/secure.gravatar.com\/avatar\/55cb5e37c1efa326397366e6974cb338056df65cb50e7d64d1cf314e87504837?s=96&d=mm&r=g","contentUrl":"https:\/\/secure.gravatar.com\/avatar\/55cb5e37c1efa326397366e6974cb338056df65cb50e7d64d1cf314e87504837?s=96&d=mm&r=g","caption":"Arnaldo Botto"},"url":"https:\/\/www.noticiasradioreflejos.com.ar\/2021\/author\/arnaldo\/"}]}},"_links":{"self":[{"href":"https:\/\/www.noticiasradioreflejos.com.ar\/2021\/wp-json\/wp\/v2\/posts\/42678","targetHints":{"allow":["GET"]}}],"collection":[{"href":"https:\/\/www.noticiasradioreflejos.com.ar\/2021\/wp-json\/wp\/v2\/posts"}],"about":[{"href":"https:\/\/www.noticiasradioreflejos.com.ar\/2021\/wp-json\/wp\/v2\/types\/post"}],"author":[{"embeddable":true,"href":"https:\/\/www.noticiasradioreflejos.com.ar\/2021\/wp-json\/wp\/v2\/users\/3"}],"replies":[{"embeddable":true,"href":"https:\/\/www.noticiasradioreflejos.com.ar\/2021\/wp-json\/wp\/v2\/comments?post=42678"}],"version-history":[{"count":0,"href":"https:\/\/www.noticiasradioreflejos.com.ar\/2021\/wp-json\/wp\/v2\/posts\/42678\/revisions"}],"wp:attachment":[{"href":"https:\/\/www.noticiasradioreflejos.com.ar\/2021\/wp-json\/wp\/v2\/media?parent=42678"}],"wp:term":[{"taxonomy":"category","embeddable":true,"href":"https:\/\/www.noticiasradioreflejos.com.ar\/2021\/wp-json\/wp\/v2\/categories?post=42678"},{"taxonomy":"post_tag","embeddable":true,"href":"https:\/\/www.noticiasradioreflejos.com.ar\/2021\/wp-json\/wp\/v2\/tags?post=42678"}],"curies":[{"name":"wp","href":"https:\/\/api.w.org\/{rel}","templated":true}]}}