{"id":42675,"date":"2020-06-02T17:13:16","date_gmt":"2020-06-02T20:13:16","guid":{"rendered":"http:\/\/www.noticiasradioreflejos.com.ar\/noticias\/?p=42675"},"modified":"2020-06-02T17:13:16","modified_gmt":"2020-06-02T20:13:16","slug":"segundo-llamado-a-inscripcion-2020-upso-tornquist","status":"publish","type":"post","link":"https:\/\/www.noticiasradioreflejos.com.ar\/2021\/segundo-llamado-a-inscripcion-2020-upso-tornquist\/","title":{"rendered":"Segundo Llamado a Inscripci\u00f3n 2020 UPSO . Tornquist"},"content":{"rendered":"<p>La Universidad Provincial del Sudoeste informa que se encuentran abiertos los SEGUNDOS LLAMADOS a inscripci\u00f3n para cubrir cargos docentes de Profesor y de Auxiliar, de manera temporaria, para el dictado de asignaturas durante el segundo cuatrimestre del ciclo lectivo 2020. La inscripci\u00f3n totalmente virtual se encontrar\u00e1 abierta desde el d\u00eda MARTES 2 y hasta el MI\u00c9RCOLES 10 DE JUNIO, inclusive.<!--more--><br \/>\nLas asignaturas a cubrir en TORNQUIST corresponden a las \u00e1reas de ENERG\u00cdAS RENOVABLES Y SISTEMAS DE REPRESENTACI\u00d3N .<br \/>\nCabe destacar que en el marco de la cuarentena obligatoria como medida primordial para la mitigaci\u00f3n de la propagaci\u00f3n del coronavirus COVID-19, la inscripci\u00f3n a cargos de Docentes Invitados se har\u00e1 de manera virtual, de acuerdo a lo oportunamente aprobado por el ANEXO TEMPORARIO DEL REGIMEN PARA LA DESIGNACION DE DOCENTES INVITADOS (RESO-2020-144-GDEBA-RECUNVPSO).<\/p>\n<p>Los interesados deber\u00e1n, dentro del per\u00edodo antes mencionado, inscribirse en la p\u00e1gina de la Universidad Provincial del Sudoeste, www.upso.edu.ar, accediendo al siguiente link: https:\/\/www.upso.edu.ar\/inscripciones-upso\/, adjuntando la documentaci\u00f3n que se detalla a continuaci\u00f3n en formato PDF:<\/p>\n<p>&#8211; Curr\u00edculum Vitae Actualizado y firmado en la \u00faltima hoja (Obligatorio)<br \/>\n&#8211; Copia de anverso y reverso del Diploma-T\u00edtulo habilitante (Obligatorio).<br \/>\n&#8211; Copia de anverso y reverso de DNI (Obligatorio).<br \/>\n&#8211; Declaraci\u00f3n Jurada completa y firmada. (Obligatorio)<br \/>\n&#8211; Certificaci\u00f3n de servicios docentes.<\/p>\n<p>* La documentaci\u00f3n en soporte papel (junto con sus originales) S\u00d3LO DEBER\u00c1 SER PRESENTADA EN CASO DE QUE SEA SOLICITADA, una vez que se retomen las actividades normales.<\/p>\n<p>Asimismo se recuerda que los requisitos para la cobertura de cargos, tanto de Profesor como de Auxiliar Invitados, se encuentran publicados de manera permanente en la p\u00e1gina de la Universidad y pueden ser visualizados a trav\u00e9s del link antes mencionado.<\/p>\n<p><a href=\"http:\/\/www.noticiasradioreflejos.com.ar\/noticias\/wp-content\/uploads\/2020\/06\/TORNQUIST-Afiche-2\u00ba-Llamado-Profesor-EX-2020-05304530-GDEBA-FMPYMEUNVPSO-1.pdf\">TORNQUIST &#8211; Afiche 2\u00ba Llamado &#8211; Profesor &#8211; EX-2020-05304530-GDEBA-FMPYMEUNVPSO (1)<\/a><\/p>\n<p>Direcci\u00f3n de Comunicaci\u00f3n<br \/>\nAgencia de Desarrollo<br \/>\nTornquist Municipio<br \/>\ncomunicacion.tornquist@gmail.com<br \/>\nwww.tornquist.gob.ar<\/p>\n","protected":false},"excerpt":{"rendered":"<p>La Universidad Provincial del Sudoeste informa que se encuentran abiertos los SEGUNDOS LLAMADOS a inscripci\u00f3n para cubrir cargos docentes de Profesor y de Auxiliar, de manera temporaria, para el dictado de asignaturas durante el segundo cuatrimestre del ciclo lectivo 2020. La inscripci\u00f3n totalmente virtual se encontrar\u00e1 abierta desde el d\u00eda MARTES 2 y hasta el [&hellip;]<\/p>\n","protected":false},"author":3,"featured_media":39548,"comment_status":"closed","ping_status":"open","sticky":false,"template":"","format":"standard","meta":{"footnotes":""},"categories":[34],"tags":[],"class_list":["post-42675","post","type-post","status-publish","format-standard","has-post-thumbnail","hentry","category-educacion"],"yoast_head":"<!-- This site is optimized with the Yoast SEO plugin v25.9 - https:\/\/yoast.com\/wordpress\/plugins\/seo\/ -->\n<title>Segundo Llamado a Inscripci\u00f3n 2020 UPSO . Tornquist - Noticias Radio Reflejos<\/title>\n<meta name=\"robots\" content=\"index, follow, max-snippet:-1, max-image-preview:large, max-video-preview:-1\" \/>\n<link rel=\"canonical\" href=\"https:\/\/www.noticiasradioreflejos.com.ar\/2021\/segundo-llamado-a-inscripcion-2020-upso-tornquist\/\" \/>\n<meta property=\"og:locale\" content=\"es_ES\" \/>\n<meta property=\"og:type\" content=\"article\" \/>\n<meta property=\"og:title\" content=\"Segundo Llamado a Inscripci\u00f3n 2020 UPSO . Tornquist - Noticias Radio Reflejos\" \/>\n<meta property=\"og:description\" content=\"La Universidad Provincial del Sudoeste informa que se encuentran abiertos los SEGUNDOS LLAMADOS a inscripci\u00f3n para cubrir cargos docentes de Profesor y de Auxiliar, de manera temporaria, para el dictado de asignaturas durante el segundo cuatrimestre del ciclo lectivo 2020. La inscripci\u00f3n totalmente virtual se encontrar\u00e1 abierta desde el d\u00eda MARTES 2 y hasta el [&hellip;]\" \/>\n<meta property=\"og:url\" content=\"https:\/\/www.noticiasradioreflejos.com.ar\/2021\/segundo-llamado-a-inscripcion-2020-upso-tornquist\/\" \/>\n<meta property=\"og:site_name\" content=\"Noticias Radio Reflejos\" \/>\n<meta property=\"article:published_time\" content=\"2020-06-02T20:13:16+00:00\" \/>\n<meta property=\"og:image\" content=\"https:\/\/www.noticiasradioreflejos.com.ar\/2021\/wp-content\/uploads\/2020\/03\/upso1122.jpg\" \/>\n\t<meta property=\"og:image:width\" content=\"861\" \/>\n\t<meta property=\"og:image:height\" content=\"546\" \/>\n\t<meta property=\"og:image:type\" content=\"image\/jpeg\" \/>\n<meta name=\"author\" content=\"Arnaldo Botto\" \/>\n<meta name=\"twitter:card\" content=\"summary_large_image\" \/>\n<script type=\"application\/ld+json\" class=\"yoast-schema-graph\">{\"@context\":\"https:\/\/schema.org\",\"@graph\":[{\"@type\":\"WebPage\",\"@id\":\"https:\/\/www.noticiasradioreflejos.com.ar\/2021\/segundo-llamado-a-inscripcion-2020-upso-tornquist\/\",\"url\":\"https:\/\/www.noticiasradioreflejos.com.ar\/2021\/segundo-llamado-a-inscripcion-2020-upso-tornquist\/\",\"name\":\"Segundo Llamado a Inscripci\u00f3n 2020 UPSO . Tornquist - Noticias Radio Reflejos\",\"isPartOf\":{\"@id\":\"https:\/\/www.noticiasradioreflejos.com.ar\/2021\/#website\"},\"primaryImageOfPage\":{\"@id\":\"https:\/\/www.noticiasradioreflejos.com.ar\/2021\/segundo-llamado-a-inscripcion-2020-upso-tornquist\/#primaryimage\"},\"image\":{\"@id\":\"https:\/\/www.noticiasradioreflejos.com.ar\/2021\/segundo-llamado-a-inscripcion-2020-upso-tornquist\/#primaryimage\"},\"thumbnailUrl\":\"https:\/\/www.noticiasradioreflejos.com.ar\/2021\/wp-content\/uploads\/2020\/03\/upso1122.jpg\",\"datePublished\":\"2020-06-02T20:13:16+00:00\",\"author\":{\"@id\":\"https:\/\/www.noticiasradioreflejos.com.ar\/2021\/#\/schema\/person\/ad82545263dcc5ec0996818884fd5fb1\"},\"breadcrumb\":{\"@id\":\"https:\/\/www.noticiasradioreflejos.com.ar\/2021\/segundo-llamado-a-inscripcion-2020-upso-tornquist\/#breadcrumb\"},\"inLanguage\":\"es\",\"potentialAction\":[{\"@type\":\"ReadAction\",\"target\":[\"https:\/\/www.noticiasradioreflejos.com.ar\/2021\/segundo-llamado-a-inscripcion-2020-upso-tornquist\/\"]}]},{\"@type\":\"ImageObject\",\"inLanguage\":\"es\",\"@id\":\"https:\/\/www.noticiasradioreflejos.com.ar\/2021\/segundo-llamado-a-inscripcion-2020-upso-tornquist\/#primaryimage\",\"url\":\"https:\/\/www.noticiasradioreflejos.com.ar\/2021\/wp-content\/uploads\/2020\/03\/upso1122.jpg\",\"contentUrl\":\"https:\/\/www.noticiasradioreflejos.com.ar\/2021\/wp-content\/uploads\/2020\/03\/upso1122.jpg\",\"width\":861,\"height\":546},{\"@type\":\"BreadcrumbList\",\"@id\":\"https:\/\/www.noticiasradioreflejos.com.ar\/2021\/segundo-llamado-a-inscripcion-2020-upso-tornquist\/#breadcrumb\",\"itemListElement\":[{\"@type\":\"ListItem\",\"position\":1,\"name\":\"Portada\",\"item\":\"https:\/\/www.noticiasradioreflejos.com.ar\/2021\/\"},{\"@type\":\"ListItem\",\"position\":2,\"name\":\"Segundo Llamado a Inscripci\u00f3n 2020 UPSO . Tornquist\"}]},{\"@type\":\"WebSite\",\"@id\":\"https:\/\/www.noticiasradioreflejos.com.ar\/2021\/#website\",\"url\":\"https:\/\/www.noticiasradioreflejos.com.ar\/2021\/\",\"name\":\"Noticias Radio Reflejos\",\"description\":\"Las noticias de mi comarca\",\"potentialAction\":[{\"@type\":\"SearchAction\",\"target\":{\"@type\":\"EntryPoint\",\"urlTemplate\":\"https:\/\/www.noticiasradioreflejos.com.ar\/2021\/?s={search_term_string}\"},\"query-input\":{\"@type\":\"PropertyValueSpecification\",\"valueRequired\":true,\"valueName\":\"search_term_string\"}}],\"inLanguage\":\"es\"},{\"@type\":\"Person\",\"@id\":\"https:\/\/www.noticiasradioreflejos.com.ar\/2021\/#\/schema\/person\/ad82545263dcc5ec0996818884fd5fb1\",\"name\":\"Arnaldo Botto\",\"image\":{\"@type\":\"ImageObject\",\"inLanguage\":\"es\",\"@id\":\"https:\/\/www.noticiasradioreflejos.com.ar\/2021\/#\/schema\/person\/image\/\",\"url\":\"https:\/\/secure.gravatar.com\/avatar\/55cb5e37c1efa326397366e6974cb338056df65cb50e7d64d1cf314e87504837?s=96&d=mm&r=g\",\"contentUrl\":\"https:\/\/secure.gravatar.com\/avatar\/55cb5e37c1efa326397366e6974cb338056df65cb50e7d64d1cf314e87504837?s=96&d=mm&r=g\",\"caption\":\"Arnaldo Botto\"},\"url\":\"https:\/\/www.noticiasradioreflejos.com.ar\/2021\/author\/arnaldo\/\"}]}<\/script>\n<!-- \/ Yoast SEO plugin. -->","yoast_head_json":{"title":"Segundo Llamado a Inscripci\u00f3n 2020 UPSO . Tornquist - Noticias Radio Reflejos","robots":{"index":"index","follow":"follow","max-snippet":"max-snippet:-1","max-image-preview":"max-image-preview:large","max-video-preview":"max-video-preview:-1"},"canonical":"https:\/\/www.noticiasradioreflejos.com.ar\/2021\/segundo-llamado-a-inscripcion-2020-upso-tornquist\/","og_locale":"es_ES","og_type":"article","og_title":"Segundo Llamado a Inscripci\u00f3n 2020 UPSO . Tornquist - Noticias Radio Reflejos","og_description":"La Universidad Provincial del Sudoeste informa que se encuentran abiertos los SEGUNDOS LLAMADOS a inscripci\u00f3n para cubrir cargos docentes de Profesor y de Auxiliar, de manera temporaria, para el dictado de asignaturas durante el segundo cuatrimestre del ciclo lectivo 2020. La inscripci\u00f3n totalmente virtual se encontrar\u00e1 abierta desde el d\u00eda MARTES 2 y hasta el [&hellip;]","og_url":"https:\/\/www.noticiasradioreflejos.com.ar\/2021\/segundo-llamado-a-inscripcion-2020-upso-tornquist\/","og_site_name":"Noticias Radio Reflejos","article_published_time":"2020-06-02T20:13:16+00:00","og_image":[{"width":861,"height":546,"url":"https:\/\/www.noticiasradioreflejos.com.ar\/2021\/wp-content\/uploads\/2020\/03\/upso1122.jpg","type":"image\/jpeg"}],"author":"Arnaldo Botto","twitter_card":"summary_large_image","schema":{"@context":"https:\/\/schema.org","@graph":[{"@type":"WebPage","@id":"https:\/\/www.noticiasradioreflejos.com.ar\/2021\/segundo-llamado-a-inscripcion-2020-upso-tornquist\/","url":"https:\/\/www.noticiasradioreflejos.com.ar\/2021\/segundo-llamado-a-inscripcion-2020-upso-tornquist\/","name":"Segundo Llamado a Inscripci\u00f3n 2020 UPSO . Tornquist - Noticias Radio Reflejos","isPartOf":{"@id":"https:\/\/www.noticiasradioreflejos.com.ar\/2021\/#website"},"primaryImageOfPage":{"@id":"https:\/\/www.noticiasradioreflejos.com.ar\/2021\/segundo-llamado-a-inscripcion-2020-upso-tornquist\/#primaryimage"},"image":{"@id":"https:\/\/www.noticiasradioreflejos.com.ar\/2021\/segundo-llamado-a-inscripcion-2020-upso-tornquist\/#primaryimage"},"thumbnailUrl":"https:\/\/www.noticiasradioreflejos.com.ar\/2021\/wp-content\/uploads\/2020\/03\/upso1122.jpg","datePublished":"2020-06-02T20:13:16+00:00","author":{"@id":"https:\/\/www.noticiasradioreflejos.com.ar\/2021\/#\/schema\/person\/ad82545263dcc5ec0996818884fd5fb1"},"breadcrumb":{"@id":"https:\/\/www.noticiasradioreflejos.com.ar\/2021\/segundo-llamado-a-inscripcion-2020-upso-tornquist\/#breadcrumb"},"inLanguage":"es","potentialAction":[{"@type":"ReadAction","target":["https:\/\/www.noticiasradioreflejos.com.ar\/2021\/segundo-llamado-a-inscripcion-2020-upso-tornquist\/"]}]},{"@type":"ImageObject","inLanguage":"es","@id":"https:\/\/www.noticiasradioreflejos.com.ar\/2021\/segundo-llamado-a-inscripcion-2020-upso-tornquist\/#primaryimage","url":"https:\/\/www.noticiasradioreflejos.com.ar\/2021\/wp-content\/uploads\/2020\/03\/upso1122.jpg","contentUrl":"https:\/\/www.noticiasradioreflejos.com.ar\/2021\/wp-content\/uploads\/2020\/03\/upso1122.jpg","width":861,"height":546},{"@type":"BreadcrumbList","@id":"https:\/\/www.noticiasradioreflejos.com.ar\/2021\/segundo-llamado-a-inscripcion-2020-upso-tornquist\/#breadcrumb","itemListElement":[{"@type":"ListItem","position":1,"name":"Portada","item":"https:\/\/www.noticiasradioreflejos.com.ar\/2021\/"},{"@type":"ListItem","position":2,"name":"Segundo Llamado a Inscripci\u00f3n 2020 UPSO . Tornquist"}]},{"@type":"WebSite","@id":"https:\/\/www.noticiasradioreflejos.com.ar\/2021\/#website","url":"https:\/\/www.noticiasradioreflejos.com.ar\/2021\/","name":"Noticias Radio Reflejos","description":"Las noticias de mi comarca","potentialAction":[{"@type":"SearchAction","target":{"@type":"EntryPoint","urlTemplate":"https:\/\/www.noticiasradioreflejos.com.ar\/2021\/?s={search_term_string}"},"query-input":{"@type":"PropertyValueSpecification","valueRequired":true,"valueName":"search_term_string"}}],"inLanguage":"es"},{"@type":"Person","@id":"https:\/\/www.noticiasradioreflejos.com.ar\/2021\/#\/schema\/person\/ad82545263dcc5ec0996818884fd5fb1","name":"Arnaldo Botto","image":{"@type":"ImageObject","inLanguage":"es","@id":"https:\/\/www.noticiasradioreflejos.com.ar\/2021\/#\/schema\/person\/image\/","url":"https:\/\/secure.gravatar.com\/avatar\/55cb5e37c1efa326397366e6974cb338056df65cb50e7d64d1cf314e87504837?s=96&d=mm&r=g","contentUrl":"https:\/\/secure.gravatar.com\/avatar\/55cb5e37c1efa326397366e6974cb338056df65cb50e7d64d1cf314e87504837?s=96&d=mm&r=g","caption":"Arnaldo Botto"},"url":"https:\/\/www.noticiasradioreflejos.com.ar\/2021\/author\/arnaldo\/"}]}},"_links":{"self":[{"href":"https:\/\/www.noticiasradioreflejos.com.ar\/2021\/wp-json\/wp\/v2\/posts\/42675","targetHints":{"allow":["GET"]}}],"collection":[{"href":"https:\/\/www.noticiasradioreflejos.com.ar\/2021\/wp-json\/wp\/v2\/posts"}],"about":[{"href":"https:\/\/www.noticiasradioreflejos.com.ar\/2021\/wp-json\/wp\/v2\/types\/post"}],"author":[{"embeddable":true,"href":"https:\/\/www.noticiasradioreflejos.com.ar\/2021\/wp-json\/wp\/v2\/users\/3"}],"replies":[{"embeddable":true,"href":"https:\/\/www.noticiasradioreflejos.com.ar\/2021\/wp-json\/wp\/v2\/comments?post=42675"}],"version-history":[{"count":0,"href":"https:\/\/www.noticiasradioreflejos.com.ar\/2021\/wp-json\/wp\/v2\/posts\/42675\/revisions"}],"wp:featuredmedia":[{"embeddable":true,"href":"https:\/\/www.noticiasradioreflejos.com.ar\/2021\/wp-json\/wp\/v2\/media\/39548"}],"wp:attachment":[{"href":"https:\/\/www.noticiasradioreflejos.com.ar\/2021\/wp-json\/wp\/v2\/media?parent=42675"}],"wp:term":[{"taxonomy":"category","embeddable":true,"href":"https:\/\/www.noticiasradioreflejos.com.ar\/2021\/wp-json\/wp\/v2\/categories?post=42675"},{"taxonomy":"post_tag","embeddable":true,"href":"https:\/\/www.noticiasradioreflejos.com.ar\/2021\/wp-json\/wp\/v2\/tags?post=42675"}],"curies":[{"name":"wp","href":"https:\/\/api.w.org\/{rel}","templated":true}]}}