{"id":42673,"date":"2020-06-02T18:05:48","date_gmt":"2020-06-02T21:05:48","guid":{"rendered":"http:\/\/www.noticiasradioreflejos.com.ar\/noticias\/?p=42673"},"modified":"2020-06-02T18:05:48","modified_gmt":"2020-06-02T21:05:48","slug":"a-partir-de-un-cierto-protocolo-pudimos-reunir-a-todo-el-personal-y-tener-nuestro-merecido-acto-gustavo-de-vizia","status":"publish","type":"post","link":"https:\/\/www.noticiasradioreflejos.com.ar\/2021\/a-partir-de-un-cierto-protocolo-pudimos-reunir-a-todo-el-personal-y-tener-nuestro-merecido-acto-gustavo-de-vizia\/","title":{"rendered":"\u00abA partir de un cierto protocolo, pudimos reunir a todo el personal y tener nuestro merecido acto\u00bb &#8211; Gustavo De Vizia"},"content":{"rendered":"<p>En un d\u00eda de conmemoraci\u00f3n muy especial, charlamos con el Jefe del Cuartel de bomberos de Sierra de la Ventana Gustavo De Vizia, quien comenz\u00f3 expresando : \u00abEs una celebraci\u00f3n un poco particular debido a las circunstancias que estamos viviendo, pero por suerte pudimos tener el acto que nos merec\u00edamos\u00bb refiri\u00e9ndose al acto en celebraci\u00f3n del D\u00eda del Bombero Voluntario.<!--more--><\/p>\n<p>El bombero nos explic\u00f3 que todos los a\u00f1os el 2 de Junio aprovechan a reconocer a sus colegas. Dan los ascensos, destacan a los compa\u00f1eros con m\u00e1s antig\u00fcedad, los aspirantes obtienen su ingreso oficial al cuartel y se entregan las banderas. \u00abA partir de un cierto protocolo, pudimos reunir a todo el personal y tener nuestro merecido acto\u00bb comunic\u00f3.<\/p>\n<p>Gustavo nos cont\u00f3 que, de acuerdo a la demanda de personal que se solicite, ellos abren inscripciones y reciben a todos los aspirantes a bomberos que quieren sumarse. \u00abTomamos la cantidad de personas que necesitemos de acuerdo a la demanda que haya en el momento\u00bb explic\u00f3. La escuela de cadetes no es algo que se mantiene en el tiempo, sino que se abre cuando se necesita incluir m\u00e1s voluntarios al cuartel. Las capacitaciones que est\u00e1n brindando se dan de manera virtual y, adem\u00e1s, se hacen pr\u00e1cticas de 2 o 3 bomberos por vez.<\/p>\n<p>Charlamos tambi\u00e9n un poco acerca de los controles que est\u00e1n funcionando en los accesos de las localidades del distrito, controles de los que son part\u00edcipes los bomberos voluntarios. \u00abYa tenemos todos los protocolos asentados y los chicos saben bien qu\u00e9 hacer. Adem\u00e1s, ellos tienen ya las capacitaciones anteriores a la pandemia. Siempre tratamos de adelantarnos a lo que pueda llegar a pasar, as\u00ed que tenemos las medidas para ahora pero tambi\u00e9n cuando se flexibilicen un poco m\u00e1s las actividades\u00bb.<\/p>\n<p>Finalmente, Gustavo agradeci\u00f3 todos los saludos de la comunidad mediante los distintos medios de comunicaci\u00f3n. \u00abTratamos de hacer el esfuerzo de que la gente pueda ver la labor que hacemos d\u00eda a d\u00eda\u00bb.<\/p>\n<p>Nota completa a continuaci\u00f3n:<br \/>\n<iframe loading=\"lazy\" src=\"https:\/\/w.soundcloud.com\/player\/?url=https%3A\/\/api.soundcloud.com\/tracks\/832854460&amp;color=%23ff5500&amp;auto_play=false&amp;hide_related=false&amp;show_comments=true&amp;show_user=true&amp;show_reposts=false&amp;show_teaser=true\" width=\"100%\" height=\"166\" frameborder=\"no\" scrolling=\"no\"><\/iframe><\/p>\n<div style=\"font-size: 10px; color: #cccccc; line-break: anywhere; word-break: normal; overflow: hidden; white-space: nowrap; text-overflow: ellipsis; font-family: Interstate,Lucida Grande,Lucida Sans Unicode,Lucida Sans,Garuda,Verdana,Tahoma,sans-serif; font-weight: 100;\"><a style=\"color: #cccccc; text-decoration: none;\" title=\"fmreflejos 103.7\" href=\"https:\/\/soundcloud.com\/fmreflejos-103-7\" target=\"_blank\" rel=\"noopener\">fmreflejos 103.7<\/a> \u00b7 <a style=\"color: #cccccc; text-decoration: none;\" title=\"Gustavo De Vizia - D\u00eda del Bombero Voluntario\" href=\"https:\/\/soundcloud.com\/fmreflejos-103-7\/gustavo-de-vizia-2\" target=\"_blank\" rel=\"noopener\">Gustavo De Vizia &#8211; D\u00eda del Bombero Voluntario<\/a><\/div>\n","protected":false},"excerpt":{"rendered":"<p>En un d\u00eda de conmemoraci\u00f3n muy especial, charlamos con el Jefe del Cuartel de bomberos de Sierra de la Ventana Gustavo De Vizia, quien comenz\u00f3 expresando : \u00abEs una celebraci\u00f3n un poco particular debido a las circunstancias que estamos viviendo, pero por suerte pudimos tener el acto que nos merec\u00edamos\u00bb refiri\u00e9ndose al acto en celebraci\u00f3n [&hellip;]<\/p>\n","protected":false},"author":3,"featured_media":0,"comment_status":"closed","ping_status":"open","sticky":false,"template":"","format":"standard","meta":{"footnotes":""},"categories":[26],"tags":[],"class_list":["post-42673","post","type-post","status-publish","format-standard","hentry","category-sociedad"],"yoast_head":"<!-- This site is optimized with the Yoast SEO plugin v25.9 - https:\/\/yoast.com\/wordpress\/plugins\/seo\/ -->\n<title>&quot;A partir de un cierto protocolo, pudimos reunir a todo el personal y tener nuestro merecido acto&quot; - Gustavo De Vizia - Noticias Radio Reflejos<\/title>\n<meta name=\"robots\" content=\"index, follow, max-snippet:-1, max-image-preview:large, max-video-preview:-1\" \/>\n<link rel=\"canonical\" href=\"https:\/\/www.noticiasradioreflejos.com.ar\/2021\/a-partir-de-un-cierto-protocolo-pudimos-reunir-a-todo-el-personal-y-tener-nuestro-merecido-acto-gustavo-de-vizia\/\" \/>\n<meta property=\"og:locale\" content=\"es_ES\" \/>\n<meta property=\"og:type\" content=\"article\" \/>\n<meta property=\"og:title\" content=\"&quot;A partir de un cierto protocolo, pudimos reunir a todo el personal y tener nuestro merecido acto&quot; - Gustavo De Vizia - Noticias Radio Reflejos\" \/>\n<meta property=\"og:description\" content=\"En un d\u00eda de conmemoraci\u00f3n muy especial, charlamos con el Jefe del Cuartel de bomberos de Sierra de la Ventana Gustavo De Vizia, quien comenz\u00f3 expresando : \u00abEs una celebraci\u00f3n un poco particular debido a las circunstancias que estamos viviendo, pero por suerte pudimos tener el acto que nos merec\u00edamos\u00bb refiri\u00e9ndose al acto en celebraci\u00f3n [&hellip;]\" \/>\n<meta property=\"og:url\" content=\"https:\/\/www.noticiasradioreflejos.com.ar\/2021\/a-partir-de-un-cierto-protocolo-pudimos-reunir-a-todo-el-personal-y-tener-nuestro-merecido-acto-gustavo-de-vizia\/\" \/>\n<meta property=\"og:site_name\" content=\"Noticias Radio Reflejos\" \/>\n<meta property=\"article:published_time\" content=\"2020-06-02T21:05:48+00:00\" \/>\n<meta property=\"og:image\" content=\"https:\/\/www.noticiasradioreflejos.com.ar\/2021\/wp-content\/uploads\/2021\/07\/logosol300x200.png\" \/>\n\t<meta property=\"og:image:width\" content=\"300\" \/>\n\t<meta property=\"og:image:height\" content=\"200\" \/>\n\t<meta property=\"og:image:type\" content=\"image\/png\" \/>\n<meta name=\"author\" content=\"Arnaldo Botto\" \/>\n<meta name=\"twitter:card\" content=\"summary_large_image\" \/>\n<script type=\"application\/ld+json\" class=\"yoast-schema-graph\">{\"@context\":\"https:\/\/schema.org\",\"@graph\":[{\"@type\":\"WebPage\",\"@id\":\"https:\/\/www.noticiasradioreflejos.com.ar\/2021\/a-partir-de-un-cierto-protocolo-pudimos-reunir-a-todo-el-personal-y-tener-nuestro-merecido-acto-gustavo-de-vizia\/\",\"url\":\"https:\/\/www.noticiasradioreflejos.com.ar\/2021\/a-partir-de-un-cierto-protocolo-pudimos-reunir-a-todo-el-personal-y-tener-nuestro-merecido-acto-gustavo-de-vizia\/\",\"name\":\"\\\"A partir de un cierto protocolo, pudimos reunir a todo el personal y tener nuestro merecido acto\\\" - Gustavo De Vizia - Noticias Radio Reflejos\",\"isPartOf\":{\"@id\":\"https:\/\/www.noticiasradioreflejos.com.ar\/2021\/#website\"},\"datePublished\":\"2020-06-02T21:05:48+00:00\",\"author\":{\"@id\":\"https:\/\/www.noticiasradioreflejos.com.ar\/2021\/#\/schema\/person\/ad82545263dcc5ec0996818884fd5fb1\"},\"breadcrumb\":{\"@id\":\"https:\/\/www.noticiasradioreflejos.com.ar\/2021\/a-partir-de-un-cierto-protocolo-pudimos-reunir-a-todo-el-personal-y-tener-nuestro-merecido-acto-gustavo-de-vizia\/#breadcrumb\"},\"inLanguage\":\"es\",\"potentialAction\":[{\"@type\":\"ReadAction\",\"target\":[\"https:\/\/www.noticiasradioreflejos.com.ar\/2021\/a-partir-de-un-cierto-protocolo-pudimos-reunir-a-todo-el-personal-y-tener-nuestro-merecido-acto-gustavo-de-vizia\/\"]}]},{\"@type\":\"BreadcrumbList\",\"@id\":\"https:\/\/www.noticiasradioreflejos.com.ar\/2021\/a-partir-de-un-cierto-protocolo-pudimos-reunir-a-todo-el-personal-y-tener-nuestro-merecido-acto-gustavo-de-vizia\/#breadcrumb\",\"itemListElement\":[{\"@type\":\"ListItem\",\"position\":1,\"name\":\"Portada\",\"item\":\"https:\/\/www.noticiasradioreflejos.com.ar\/2021\/\"},{\"@type\":\"ListItem\",\"position\":2,\"name\":\"\u00abA partir de un cierto protocolo, pudimos reunir a todo el personal y tener nuestro merecido acto\u00bb &#8211; Gustavo De Vizia\"}]},{\"@type\":\"WebSite\",\"@id\":\"https:\/\/www.noticiasradioreflejos.com.ar\/2021\/#website\",\"url\":\"https:\/\/www.noticiasradioreflejos.com.ar\/2021\/\",\"name\":\"Noticias Radio Reflejos\",\"description\":\"Las noticias de mi comarca\",\"potentialAction\":[{\"@type\":\"SearchAction\",\"target\":{\"@type\":\"EntryPoint\",\"urlTemplate\":\"https:\/\/www.noticiasradioreflejos.com.ar\/2021\/?s={search_term_string}\"},\"query-input\":{\"@type\":\"PropertyValueSpecification\",\"valueRequired\":true,\"valueName\":\"search_term_string\"}}],\"inLanguage\":\"es\"},{\"@type\":\"Person\",\"@id\":\"https:\/\/www.noticiasradioreflejos.com.ar\/2021\/#\/schema\/person\/ad82545263dcc5ec0996818884fd5fb1\",\"name\":\"Arnaldo Botto\",\"image\":{\"@type\":\"ImageObject\",\"inLanguage\":\"es\",\"@id\":\"https:\/\/www.noticiasradioreflejos.com.ar\/2021\/#\/schema\/person\/image\/\",\"url\":\"https:\/\/secure.gravatar.com\/avatar\/55cb5e37c1efa326397366e6974cb338056df65cb50e7d64d1cf314e87504837?s=96&d=mm&r=g\",\"contentUrl\":\"https:\/\/secure.gravatar.com\/avatar\/55cb5e37c1efa326397366e6974cb338056df65cb50e7d64d1cf314e87504837?s=96&d=mm&r=g\",\"caption\":\"Arnaldo Botto\"},\"url\":\"https:\/\/www.noticiasradioreflejos.com.ar\/2021\/author\/arnaldo\/\"}]}<\/script>\n<!-- \/ Yoast SEO plugin. -->","yoast_head_json":{"title":"\"A partir de un cierto protocolo, pudimos reunir a todo el personal y tener nuestro merecido acto\" - Gustavo De Vizia - Noticias Radio Reflejos","robots":{"index":"index","follow":"follow","max-snippet":"max-snippet:-1","max-image-preview":"max-image-preview:large","max-video-preview":"max-video-preview:-1"},"canonical":"https:\/\/www.noticiasradioreflejos.com.ar\/2021\/a-partir-de-un-cierto-protocolo-pudimos-reunir-a-todo-el-personal-y-tener-nuestro-merecido-acto-gustavo-de-vizia\/","og_locale":"es_ES","og_type":"article","og_title":"\"A partir de un cierto protocolo, pudimos reunir a todo el personal y tener nuestro merecido acto\" - Gustavo De Vizia - Noticias Radio Reflejos","og_description":"En un d\u00eda de conmemoraci\u00f3n muy especial, charlamos con el Jefe del Cuartel de bomberos de Sierra de la Ventana Gustavo De Vizia, quien comenz\u00f3 expresando : \u00abEs una celebraci\u00f3n un poco particular debido a las circunstancias que estamos viviendo, pero por suerte pudimos tener el acto que nos merec\u00edamos\u00bb refiri\u00e9ndose al acto en celebraci\u00f3n [&hellip;]","og_url":"https:\/\/www.noticiasradioreflejos.com.ar\/2021\/a-partir-de-un-cierto-protocolo-pudimos-reunir-a-todo-el-personal-y-tener-nuestro-merecido-acto-gustavo-de-vizia\/","og_site_name":"Noticias Radio Reflejos","article_published_time":"2020-06-02T21:05:48+00:00","og_image":[{"width":300,"height":200,"url":"https:\/\/www.noticiasradioreflejos.com.ar\/2021\/wp-content\/uploads\/2021\/07\/logosol300x200.png","type":"image\/png"}],"author":"Arnaldo Botto","twitter_card":"summary_large_image","schema":{"@context":"https:\/\/schema.org","@graph":[{"@type":"WebPage","@id":"https:\/\/www.noticiasradioreflejos.com.ar\/2021\/a-partir-de-un-cierto-protocolo-pudimos-reunir-a-todo-el-personal-y-tener-nuestro-merecido-acto-gustavo-de-vizia\/","url":"https:\/\/www.noticiasradioreflejos.com.ar\/2021\/a-partir-de-un-cierto-protocolo-pudimos-reunir-a-todo-el-personal-y-tener-nuestro-merecido-acto-gustavo-de-vizia\/","name":"\"A partir de un cierto protocolo, pudimos reunir a todo el personal y tener nuestro merecido acto\" - Gustavo De Vizia - Noticias Radio Reflejos","isPartOf":{"@id":"https:\/\/www.noticiasradioreflejos.com.ar\/2021\/#website"},"datePublished":"2020-06-02T21:05:48+00:00","author":{"@id":"https:\/\/www.noticiasradioreflejos.com.ar\/2021\/#\/schema\/person\/ad82545263dcc5ec0996818884fd5fb1"},"breadcrumb":{"@id":"https:\/\/www.noticiasradioreflejos.com.ar\/2021\/a-partir-de-un-cierto-protocolo-pudimos-reunir-a-todo-el-personal-y-tener-nuestro-merecido-acto-gustavo-de-vizia\/#breadcrumb"},"inLanguage":"es","potentialAction":[{"@type":"ReadAction","target":["https:\/\/www.noticiasradioreflejos.com.ar\/2021\/a-partir-de-un-cierto-protocolo-pudimos-reunir-a-todo-el-personal-y-tener-nuestro-merecido-acto-gustavo-de-vizia\/"]}]},{"@type":"BreadcrumbList","@id":"https:\/\/www.noticiasradioreflejos.com.ar\/2021\/a-partir-de-un-cierto-protocolo-pudimos-reunir-a-todo-el-personal-y-tener-nuestro-merecido-acto-gustavo-de-vizia\/#breadcrumb","itemListElement":[{"@type":"ListItem","position":1,"name":"Portada","item":"https:\/\/www.noticiasradioreflejos.com.ar\/2021\/"},{"@type":"ListItem","position":2,"name":"\u00abA partir de un cierto protocolo, pudimos reunir a todo el personal y tener nuestro merecido acto\u00bb &#8211; Gustavo De Vizia"}]},{"@type":"WebSite","@id":"https:\/\/www.noticiasradioreflejos.com.ar\/2021\/#website","url":"https:\/\/www.noticiasradioreflejos.com.ar\/2021\/","name":"Noticias Radio Reflejos","description":"Las noticias de mi comarca","potentialAction":[{"@type":"SearchAction","target":{"@type":"EntryPoint","urlTemplate":"https:\/\/www.noticiasradioreflejos.com.ar\/2021\/?s={search_term_string}"},"query-input":{"@type":"PropertyValueSpecification","valueRequired":true,"valueName":"search_term_string"}}],"inLanguage":"es"},{"@type":"Person","@id":"https:\/\/www.noticiasradioreflejos.com.ar\/2021\/#\/schema\/person\/ad82545263dcc5ec0996818884fd5fb1","name":"Arnaldo Botto","image":{"@type":"ImageObject","inLanguage":"es","@id":"https:\/\/www.noticiasradioreflejos.com.ar\/2021\/#\/schema\/person\/image\/","url":"https:\/\/secure.gravatar.com\/avatar\/55cb5e37c1efa326397366e6974cb338056df65cb50e7d64d1cf314e87504837?s=96&d=mm&r=g","contentUrl":"https:\/\/secure.gravatar.com\/avatar\/55cb5e37c1efa326397366e6974cb338056df65cb50e7d64d1cf314e87504837?s=96&d=mm&r=g","caption":"Arnaldo Botto"},"url":"https:\/\/www.noticiasradioreflejos.com.ar\/2021\/author\/arnaldo\/"}]}},"_links":{"self":[{"href":"https:\/\/www.noticiasradioreflejos.com.ar\/2021\/wp-json\/wp\/v2\/posts\/42673","targetHints":{"allow":["GET"]}}],"collection":[{"href":"https:\/\/www.noticiasradioreflejos.com.ar\/2021\/wp-json\/wp\/v2\/posts"}],"about":[{"href":"https:\/\/www.noticiasradioreflejos.com.ar\/2021\/wp-json\/wp\/v2\/types\/post"}],"author":[{"embeddable":true,"href":"https:\/\/www.noticiasradioreflejos.com.ar\/2021\/wp-json\/wp\/v2\/users\/3"}],"replies":[{"embeddable":true,"href":"https:\/\/www.noticiasradioreflejos.com.ar\/2021\/wp-json\/wp\/v2\/comments?post=42673"}],"version-history":[{"count":0,"href":"https:\/\/www.noticiasradioreflejos.com.ar\/2021\/wp-json\/wp\/v2\/posts\/42673\/revisions"}],"wp:attachment":[{"href":"https:\/\/www.noticiasradioreflejos.com.ar\/2021\/wp-json\/wp\/v2\/media?parent=42673"}],"wp:term":[{"taxonomy":"category","embeddable":true,"href":"https:\/\/www.noticiasradioreflejos.com.ar\/2021\/wp-json\/wp\/v2\/categories?post=42673"},{"taxonomy":"post_tag","embeddable":true,"href":"https:\/\/www.noticiasradioreflejos.com.ar\/2021\/wp-json\/wp\/v2\/tags?post=42673"}],"curies":[{"name":"wp","href":"https:\/\/api.w.org\/{rel}","templated":true}]}}