{"id":42671,"date":"2020-06-02T17:44:36","date_gmt":"2020-06-02T20:44:36","guid":{"rendered":"http:\/\/www.noticiasradioreflejos.com.ar\/noticias\/?p=42671"},"modified":"2020-06-02T17:44:36","modified_gmt":"2020-06-02T20:44:36","slug":"estamos-haciendo-fuerza-con-muchos-intendentes-que-sus-distritos-no-tienen-casos-para-enviarle-una-carta-al-gobernador-kicillof-para-que-nos-permitan-en-esta-zona-tener-algun-tipo-de-beneficio-s","status":"publish","type":"post","link":"https:\/\/www.noticiasradioreflejos.com.ar\/2021\/estamos-haciendo-fuerza-con-muchos-intendentes-que-sus-distritos-no-tienen-casos-para-enviarle-una-carta-al-gobernador-kicillof-para-que-nos-permitan-en-esta-zona-tener-algun-tipo-de-beneficio-s\/","title":{"rendered":"\u00abEstamos haciendo fuerza con muchos intendentes que en sus distritos no tienen casos, para enviarle una carta al Gobernador Kicillof para que nos permitan en esta zona, tener alg\u00fan tipo de beneficio.\u00bb Sergio Bordoni"},"content":{"rendered":"<p>Finalizado el Acto del D\u00eda del Bombero Voluntario en Sierra de la Ventana, entrevistamos al Intendente Municipal de Tornquist para conocer los alcances de los estrictos operativos de seguridad que se realizan en el distrito y los pasos siguientes en la flexibilizaci\u00f3n de las actividades impuestas por el gobierno nacional y provincial frente a la pandemia del Covid 19. <!--more-->Comenzamos conversando con el Intendente acerca del fuerte operativo policial que estuvo en funcionamiento por el d\u00eda de ayer y de los permisos de circulaci\u00f3n dentro del distrito, a lo que explic\u00f3: \u00abEl operativo fue lanzado por el Ministerio de Justicia y fue llevado a cabo de igual manera en toda la provincia. La gente que circula dentro del distrito no necesita presentar el permiso, s\u00f3lo si tienen que viajar a otro partido, como Bah\u00eda Blanca, por ejemplo. Acreditando el domicilio con el documento es suficiente\u00bb.<\/p>\n<p>Bordoni nos cuenta cu\u00e1les fueron los resultados que arroj\u00f3 la nueva distribuci\u00f3n de los controles policiales propuestos al Ministro de Seguridad, Sergio Berni: \u00abSe ha rechazado el ingreso a mucha gente. Lamentablemente, hay personas que no entienden que el turismo todav\u00eda no est\u00e1 abierto. Lo que s\u00ed hemos abierto es la circulaci\u00f3n de ciudadanos entre pueblos vecinos dentro del distrito. Hemos rechazado a muchas personas de Bah\u00eda Blanca que quieren ingresar a ver sus viviendas vacacionales\u00bb.<\/p>\n<p>Sergio le transmiti\u00f3 un mensaje a la comunidad: \u00abQu\u00e9dense tranquilos que las personas que est\u00e1n trabajando en los controles lo est\u00e1n haciendo muy bien. Lo est\u00e1n haciendo con vocaci\u00f3n y honestidad. En forma conjunta desde la municipalidad, polic\u00edas y bomberos estamos trabajando todos juntos para brindarle seguridad al distrito. El trabajo de controles que estamos haciendo nos va a permitir estar m\u00e1s tranquilos y seguros\u00bb.<\/p>\n<p>El intendente opin\u00f3 sobre lo ocurrido en Necochea: \u00abCreo que es el claro ejemplo de lo que no hay que hacer. Que una localidad sin casos pase a tener semejante magnitud de sospechosos y confirmados es muy triste y refleja la poca comprensi\u00f3n y responsabilidad de los habitantes. Me causa impotencia por la gente que trabaja en salud. En el distrito podemos llegar a tener alg\u00fan caso, pero tenemos que ser responsables frente a la situaci\u00f3n. Entiendo que el aislamiento es prolongado, pero hay que aguantar\u00bb.<\/p>\n<p>Para finalizar, el intendente Sergio Bordoni se refiri\u00f3 a las actividades que se est\u00e1n evaluando para ser flexibilizadas: \u00abEstamos haciendo fuerza con muchos intendentes que en sus distritos no tienen casos, para enviarle una carta al Gobernador Kicillof para que nos permitan en esta zona tener alg\u00fan tipo de beneficio. Pedimos que podamos trasladarnos e interactuar entre estos municipios desde un marco legal. Estamos muy lejos del foco de contagios, tiene que haber una diferenciaci\u00f3n, yo lo vengo diciendo hace rato. Le estamos pidiendo que entiendan que el interior es distinto\u00bb.<\/p>\n<p>Nota completa a continuaci\u00f3n:<br \/>\n<iframe loading=\"lazy\" src=\"https:\/\/w.soundcloud.com\/player\/?url=https%3A\/\/api.soundcloud.com\/tracks\/832822336&amp;color=%23ff5500&amp;auto_play=false&amp;hide_related=false&amp;show_comments=true&amp;show_user=true&amp;show_reposts=false&amp;show_teaser=true\" width=\"100%\" height=\"166\" frameborder=\"no\" scrolling=\"no\"><\/iframe><\/p>\n<div style=\"font-size: 10px; color: #cccccc; line-break: anywhere; word-break: normal; overflow: hidden; white-space: nowrap; text-overflow: ellipsis; font-family: Interstate,Lucida Grande,Lucida Sans Unicode,Lucida Sans,Garuda,Verdana,Tahoma,sans-serif; font-weight: 100;\"><a style=\"color: #cccccc; text-decoration: none;\" title=\"fmreflejos 103.7\" href=\"https:\/\/soundcloud.com\/fmreflejos-103-7\" target=\"_blank\" rel=\"noopener\">fmreflejos 103.7<\/a> \u00b7 <a style=\"color: #cccccc; text-decoration: none;\" title=\"Sergio Bordoni -\" href=\"https:\/\/soundcloud.com\/fmreflejos-103-7\/sergio-bordoni-195709281\" target=\"_blank\" rel=\"noopener\">Sergio Bordoni &#8211;<\/a><\/div>\n","protected":false},"excerpt":{"rendered":"<p>Finalizado el Acto del D\u00eda del Bombero Voluntario en Sierra de la Ventana, entrevistamos al Intendente Municipal de Tornquist para conocer los alcances de los estrictos operativos de seguridad que se realizan en el distrito y los pasos siguientes en la flexibilizaci\u00f3n de las actividades impuestas por el gobierno nacional y provincial frente a la [&hellip;]<\/p>\n","protected":false},"author":3,"featured_media":0,"comment_status":"closed","ping_status":"open","sticky":false,"template":"","format":"standard","meta":{"footnotes":""},"categories":[24],"tags":[],"class_list":["post-42671","post","type-post","status-publish","format-standard","hentry","category-politica"],"yoast_head":"<!-- This site is optimized with the Yoast SEO plugin v25.9 - https:\/\/yoast.com\/wordpress\/plugins\/seo\/ -->\n<title>&quot;Estamos haciendo fuerza con muchos intendentes que en sus distritos no tienen casos, para enviarle una carta al Gobernador Kicillof para que nos permitan en esta zona, tener alg\u00fan tipo de beneficio.&quot; Sergio Bordoni - Noticias Radio Reflejos<\/title>\n<meta name=\"robots\" content=\"index, follow, max-snippet:-1, max-image-preview:large, max-video-preview:-1\" \/>\n<link rel=\"canonical\" href=\"https:\/\/www.noticiasradioreflejos.com.ar\/2021\/estamos-haciendo-fuerza-con-muchos-intendentes-que-sus-distritos-no-tienen-casos-para-enviarle-una-carta-al-gobernador-kicillof-para-que-nos-permitan-en-esta-zona-tener-algun-tipo-de-beneficio-s\/\" \/>\n<meta property=\"og:locale\" content=\"es_ES\" \/>\n<meta property=\"og:type\" content=\"article\" \/>\n<meta property=\"og:title\" content=\"&quot;Estamos haciendo fuerza con muchos intendentes que en sus distritos no tienen casos, para enviarle una carta al Gobernador Kicillof para que nos permitan en esta zona, tener alg\u00fan tipo de beneficio.&quot; Sergio Bordoni - Noticias Radio Reflejos\" \/>\n<meta property=\"og:description\" content=\"Finalizado el Acto del D\u00eda del Bombero Voluntario en Sierra de la Ventana, entrevistamos al Intendente Municipal de Tornquist para conocer los alcances de los estrictos operativos de seguridad que se realizan en el distrito y los pasos siguientes en la flexibilizaci\u00f3n de las actividades impuestas por el gobierno nacional y provincial frente a la [&hellip;]\" \/>\n<meta property=\"og:url\" content=\"https:\/\/www.noticiasradioreflejos.com.ar\/2021\/estamos-haciendo-fuerza-con-muchos-intendentes-que-sus-distritos-no-tienen-casos-para-enviarle-una-carta-al-gobernador-kicillof-para-que-nos-permitan-en-esta-zona-tener-algun-tipo-de-beneficio-s\/\" \/>\n<meta property=\"og:site_name\" content=\"Noticias Radio Reflejos\" \/>\n<meta property=\"article:published_time\" content=\"2020-06-02T20:44:36+00:00\" \/>\n<meta property=\"og:image\" content=\"https:\/\/www.noticiasradioreflejos.com.ar\/2021\/wp-content\/uploads\/2021\/07\/logosol300x200.png\" \/>\n\t<meta property=\"og:image:width\" content=\"300\" \/>\n\t<meta property=\"og:image:height\" content=\"200\" \/>\n\t<meta property=\"og:image:type\" content=\"image\/png\" \/>\n<meta name=\"author\" content=\"Arnaldo Botto\" \/>\n<meta name=\"twitter:card\" content=\"summary_large_image\" \/>\n<script type=\"application\/ld+json\" class=\"yoast-schema-graph\">{\"@context\":\"https:\/\/schema.org\",\"@graph\":[{\"@type\":\"WebPage\",\"@id\":\"https:\/\/www.noticiasradioreflejos.com.ar\/2021\/estamos-haciendo-fuerza-con-muchos-intendentes-que-sus-distritos-no-tienen-casos-para-enviarle-una-carta-al-gobernador-kicillof-para-que-nos-permitan-en-esta-zona-tener-algun-tipo-de-beneficio-s\/\",\"url\":\"https:\/\/www.noticiasradioreflejos.com.ar\/2021\/estamos-haciendo-fuerza-con-muchos-intendentes-que-sus-distritos-no-tienen-casos-para-enviarle-una-carta-al-gobernador-kicillof-para-que-nos-permitan-en-esta-zona-tener-algun-tipo-de-beneficio-s\/\",\"name\":\"\\\"Estamos haciendo fuerza con muchos intendentes que en sus distritos no tienen casos, para enviarle una carta al Gobernador Kicillof para que nos permitan en esta zona, tener alg\u00fan tipo de beneficio.\\\" Sergio Bordoni - Noticias Radio Reflejos\",\"isPartOf\":{\"@id\":\"https:\/\/www.noticiasradioreflejos.com.ar\/2021\/#website\"},\"datePublished\":\"2020-06-02T20:44:36+00:00\",\"author\":{\"@id\":\"https:\/\/www.noticiasradioreflejos.com.ar\/2021\/#\/schema\/person\/ad82545263dcc5ec0996818884fd5fb1\"},\"breadcrumb\":{\"@id\":\"https:\/\/www.noticiasradioreflejos.com.ar\/2021\/estamos-haciendo-fuerza-con-muchos-intendentes-que-sus-distritos-no-tienen-casos-para-enviarle-una-carta-al-gobernador-kicillof-para-que-nos-permitan-en-esta-zona-tener-algun-tipo-de-beneficio-s\/#breadcrumb\"},\"inLanguage\":\"es\",\"potentialAction\":[{\"@type\":\"ReadAction\",\"target\":[\"https:\/\/www.noticiasradioreflejos.com.ar\/2021\/estamos-haciendo-fuerza-con-muchos-intendentes-que-sus-distritos-no-tienen-casos-para-enviarle-una-carta-al-gobernador-kicillof-para-que-nos-permitan-en-esta-zona-tener-algun-tipo-de-beneficio-s\/\"]}]},{\"@type\":\"BreadcrumbList\",\"@id\":\"https:\/\/www.noticiasradioreflejos.com.ar\/2021\/estamos-haciendo-fuerza-con-muchos-intendentes-que-sus-distritos-no-tienen-casos-para-enviarle-una-carta-al-gobernador-kicillof-para-que-nos-permitan-en-esta-zona-tener-algun-tipo-de-beneficio-s\/#breadcrumb\",\"itemListElement\":[{\"@type\":\"ListItem\",\"position\":1,\"name\":\"Portada\",\"item\":\"https:\/\/www.noticiasradioreflejos.com.ar\/2021\/\"},{\"@type\":\"ListItem\",\"position\":2,\"name\":\"\u00abEstamos haciendo fuerza con muchos intendentes que en sus distritos no tienen casos, para enviarle una carta al Gobernador Kicillof para que nos permitan en esta zona, tener alg\u00fan tipo de beneficio.\u00bb Sergio Bordoni\"}]},{\"@type\":\"WebSite\",\"@id\":\"https:\/\/www.noticiasradioreflejos.com.ar\/2021\/#website\",\"url\":\"https:\/\/www.noticiasradioreflejos.com.ar\/2021\/\",\"name\":\"Noticias Radio Reflejos\",\"description\":\"Las noticias de mi comarca\",\"potentialAction\":[{\"@type\":\"SearchAction\",\"target\":{\"@type\":\"EntryPoint\",\"urlTemplate\":\"https:\/\/www.noticiasradioreflejos.com.ar\/2021\/?s={search_term_string}\"},\"query-input\":{\"@type\":\"PropertyValueSpecification\",\"valueRequired\":true,\"valueName\":\"search_term_string\"}}],\"inLanguage\":\"es\"},{\"@type\":\"Person\",\"@id\":\"https:\/\/www.noticiasradioreflejos.com.ar\/2021\/#\/schema\/person\/ad82545263dcc5ec0996818884fd5fb1\",\"name\":\"Arnaldo Botto\",\"image\":{\"@type\":\"ImageObject\",\"inLanguage\":\"es\",\"@id\":\"https:\/\/www.noticiasradioreflejos.com.ar\/2021\/#\/schema\/person\/image\/\",\"url\":\"https:\/\/secure.gravatar.com\/avatar\/55cb5e37c1efa326397366e6974cb338056df65cb50e7d64d1cf314e87504837?s=96&d=mm&r=g\",\"contentUrl\":\"https:\/\/secure.gravatar.com\/avatar\/55cb5e37c1efa326397366e6974cb338056df65cb50e7d64d1cf314e87504837?s=96&d=mm&r=g\",\"caption\":\"Arnaldo Botto\"},\"url\":\"https:\/\/www.noticiasradioreflejos.com.ar\/2021\/author\/arnaldo\/\"}]}<\/script>\n<!-- \/ Yoast SEO plugin. -->","yoast_head_json":{"title":"\"Estamos haciendo fuerza con muchos intendentes que en sus distritos no tienen casos, para enviarle una carta al Gobernador Kicillof para que nos permitan en esta zona, tener alg\u00fan tipo de beneficio.\" Sergio Bordoni - Noticias Radio Reflejos","robots":{"index":"index","follow":"follow","max-snippet":"max-snippet:-1","max-image-preview":"max-image-preview:large","max-video-preview":"max-video-preview:-1"},"canonical":"https:\/\/www.noticiasradioreflejos.com.ar\/2021\/estamos-haciendo-fuerza-con-muchos-intendentes-que-sus-distritos-no-tienen-casos-para-enviarle-una-carta-al-gobernador-kicillof-para-que-nos-permitan-en-esta-zona-tener-algun-tipo-de-beneficio-s\/","og_locale":"es_ES","og_type":"article","og_title":"\"Estamos haciendo fuerza con muchos intendentes que en sus distritos no tienen casos, para enviarle una carta al Gobernador Kicillof para que nos permitan en esta zona, tener alg\u00fan tipo de beneficio.\" Sergio Bordoni - Noticias Radio Reflejos","og_description":"Finalizado el Acto del D\u00eda del Bombero Voluntario en Sierra de la Ventana, entrevistamos al Intendente Municipal de Tornquist para conocer los alcances de los estrictos operativos de seguridad que se realizan en el distrito y los pasos siguientes en la flexibilizaci\u00f3n de las actividades impuestas por el gobierno nacional y provincial frente a la [&hellip;]","og_url":"https:\/\/www.noticiasradioreflejos.com.ar\/2021\/estamos-haciendo-fuerza-con-muchos-intendentes-que-sus-distritos-no-tienen-casos-para-enviarle-una-carta-al-gobernador-kicillof-para-que-nos-permitan-en-esta-zona-tener-algun-tipo-de-beneficio-s\/","og_site_name":"Noticias Radio Reflejos","article_published_time":"2020-06-02T20:44:36+00:00","og_image":[{"width":300,"height":200,"url":"https:\/\/www.noticiasradioreflejos.com.ar\/2021\/wp-content\/uploads\/2021\/07\/logosol300x200.png","type":"image\/png"}],"author":"Arnaldo Botto","twitter_card":"summary_large_image","schema":{"@context":"https:\/\/schema.org","@graph":[{"@type":"WebPage","@id":"https:\/\/www.noticiasradioreflejos.com.ar\/2021\/estamos-haciendo-fuerza-con-muchos-intendentes-que-sus-distritos-no-tienen-casos-para-enviarle-una-carta-al-gobernador-kicillof-para-que-nos-permitan-en-esta-zona-tener-algun-tipo-de-beneficio-s\/","url":"https:\/\/www.noticiasradioreflejos.com.ar\/2021\/estamos-haciendo-fuerza-con-muchos-intendentes-que-sus-distritos-no-tienen-casos-para-enviarle-una-carta-al-gobernador-kicillof-para-que-nos-permitan-en-esta-zona-tener-algun-tipo-de-beneficio-s\/","name":"\"Estamos haciendo fuerza con muchos intendentes que en sus distritos no tienen casos, para enviarle una carta al Gobernador Kicillof para que nos permitan en esta zona, tener alg\u00fan tipo de beneficio.\" Sergio Bordoni - Noticias Radio Reflejos","isPartOf":{"@id":"https:\/\/www.noticiasradioreflejos.com.ar\/2021\/#website"},"datePublished":"2020-06-02T20:44:36+00:00","author":{"@id":"https:\/\/www.noticiasradioreflejos.com.ar\/2021\/#\/schema\/person\/ad82545263dcc5ec0996818884fd5fb1"},"breadcrumb":{"@id":"https:\/\/www.noticiasradioreflejos.com.ar\/2021\/estamos-haciendo-fuerza-con-muchos-intendentes-que-sus-distritos-no-tienen-casos-para-enviarle-una-carta-al-gobernador-kicillof-para-que-nos-permitan-en-esta-zona-tener-algun-tipo-de-beneficio-s\/#breadcrumb"},"inLanguage":"es","potentialAction":[{"@type":"ReadAction","target":["https:\/\/www.noticiasradioreflejos.com.ar\/2021\/estamos-haciendo-fuerza-con-muchos-intendentes-que-sus-distritos-no-tienen-casos-para-enviarle-una-carta-al-gobernador-kicillof-para-que-nos-permitan-en-esta-zona-tener-algun-tipo-de-beneficio-s\/"]}]},{"@type":"BreadcrumbList","@id":"https:\/\/www.noticiasradioreflejos.com.ar\/2021\/estamos-haciendo-fuerza-con-muchos-intendentes-que-sus-distritos-no-tienen-casos-para-enviarle-una-carta-al-gobernador-kicillof-para-que-nos-permitan-en-esta-zona-tener-algun-tipo-de-beneficio-s\/#breadcrumb","itemListElement":[{"@type":"ListItem","position":1,"name":"Portada","item":"https:\/\/www.noticiasradioreflejos.com.ar\/2021\/"},{"@type":"ListItem","position":2,"name":"\u00abEstamos haciendo fuerza con muchos intendentes que en sus distritos no tienen casos, para enviarle una carta al Gobernador Kicillof para que nos permitan en esta zona, tener alg\u00fan tipo de beneficio.\u00bb Sergio Bordoni"}]},{"@type":"WebSite","@id":"https:\/\/www.noticiasradioreflejos.com.ar\/2021\/#website","url":"https:\/\/www.noticiasradioreflejos.com.ar\/2021\/","name":"Noticias Radio Reflejos","description":"Las noticias de mi comarca","potentialAction":[{"@type":"SearchAction","target":{"@type":"EntryPoint","urlTemplate":"https:\/\/www.noticiasradioreflejos.com.ar\/2021\/?s={search_term_string}"},"query-input":{"@type":"PropertyValueSpecification","valueRequired":true,"valueName":"search_term_string"}}],"inLanguage":"es"},{"@type":"Person","@id":"https:\/\/www.noticiasradioreflejos.com.ar\/2021\/#\/schema\/person\/ad82545263dcc5ec0996818884fd5fb1","name":"Arnaldo Botto","image":{"@type":"ImageObject","inLanguage":"es","@id":"https:\/\/www.noticiasradioreflejos.com.ar\/2021\/#\/schema\/person\/image\/","url":"https:\/\/secure.gravatar.com\/avatar\/55cb5e37c1efa326397366e6974cb338056df65cb50e7d64d1cf314e87504837?s=96&d=mm&r=g","contentUrl":"https:\/\/secure.gravatar.com\/avatar\/55cb5e37c1efa326397366e6974cb338056df65cb50e7d64d1cf314e87504837?s=96&d=mm&r=g","caption":"Arnaldo Botto"},"url":"https:\/\/www.noticiasradioreflejos.com.ar\/2021\/author\/arnaldo\/"}]}},"_links":{"self":[{"href":"https:\/\/www.noticiasradioreflejos.com.ar\/2021\/wp-json\/wp\/v2\/posts\/42671","targetHints":{"allow":["GET"]}}],"collection":[{"href":"https:\/\/www.noticiasradioreflejos.com.ar\/2021\/wp-json\/wp\/v2\/posts"}],"about":[{"href":"https:\/\/www.noticiasradioreflejos.com.ar\/2021\/wp-json\/wp\/v2\/types\/post"}],"author":[{"embeddable":true,"href":"https:\/\/www.noticiasradioreflejos.com.ar\/2021\/wp-json\/wp\/v2\/users\/3"}],"replies":[{"embeddable":true,"href":"https:\/\/www.noticiasradioreflejos.com.ar\/2021\/wp-json\/wp\/v2\/comments?post=42671"}],"version-history":[{"count":0,"href":"https:\/\/www.noticiasradioreflejos.com.ar\/2021\/wp-json\/wp\/v2\/posts\/42671\/revisions"}],"wp:attachment":[{"href":"https:\/\/www.noticiasradioreflejos.com.ar\/2021\/wp-json\/wp\/v2\/media?parent=42671"}],"wp:term":[{"taxonomy":"category","embeddable":true,"href":"https:\/\/www.noticiasradioreflejos.com.ar\/2021\/wp-json\/wp\/v2\/categories?post=42671"},{"taxonomy":"post_tag","embeddable":true,"href":"https:\/\/www.noticiasradioreflejos.com.ar\/2021\/wp-json\/wp\/v2\/tags?post=42671"}],"curies":[{"name":"wp","href":"https:\/\/api.w.org\/{rel}","templated":true}]}}