{"id":42655,"date":"2020-06-02T17:34:34","date_gmt":"2020-06-02T20:34:34","guid":{"rendered":"http:\/\/www.noticiasradioreflejos.com.ar\/noticias\/?p=42655"},"modified":"2020-06-02T17:34:34","modified_gmt":"2020-06-02T20:34:34","slug":"villa-ventana-es-realmente-la-localidad-mas-perjudicada-porque-vive-principalmente-del-turismo-la-economia-esta-muy-cortada-daniel-devila","status":"publish","type":"post","link":"https:\/\/www.noticiasradioreflejos.com.ar\/2021\/villa-ventana-es-realmente-la-localidad-mas-perjudicada-porque-vive-principalmente-del-turismo-la-economia-esta-muy-cortada-daniel-devila\/","title":{"rendered":"\u00abVilla Ventana es realmente la localidad m\u00e1s perjudicada porque vive principalmente del turismo, la econom\u00eda est\u00e1 muy cortada\u00bb &#8211; Daniel Devila"},"content":{"rendered":"<p>La pandemia del coronavirus pega muy fuerte en las econom\u00edas regionales donde el turismo es su principal fuente de ingresos, pero uno de los lugares que peor la pasa dentro de nuestra comarca es Villa Ventana. Para conocer desde adentro la situaci\u00f3n, entrevistamos a uno de los prestadores de alojamiento de la localidad, Daniel Devila, propietario de \u00abLa Gran Caba\u00f1a\u00bb, quien participa activamente en la C\u00e1mara de Comercio de la localidad . <!--more-->A partir de la reuni\u00f3n de distintos prestadores de servicios tur\u00edsticos y comerciantes de la comarca con el Intendente y su Gabinete, Daniel nos cuenta cu\u00e1les son las conclusiones que saca: \u00abNos dimos cuenta que la situaci\u00f3n de todos es dis\u00edmil. Algunas personas est\u00e1n muy complicadas y todav\u00eda no se ve alg\u00fan tipo de salida de la pandemia. Tornquist y Sierra tienen otras salidas laborales, pero Villa es realmente la localidad m\u00e1s perjudicada porque vive principalmente del turismo, la econom\u00eda est\u00e1 muy cortada\u00bb.<\/p>\n<p>Le preguntamos a Daniel si muchos de los que asistieron a la reuni\u00f3n pose\u00edan alg\u00fan tipo de ayuda del estado, como cr\u00e9ditos o pr\u00e9stamos a comerciantes y prestadores de servicios. \u00abEl cr\u00e9dito que yo solicit\u00e9 fue rechazado por la AFIP sin ninguna raz\u00f3n con par\u00e1metros. Dec\u00edan que yo le vend\u00eda al Estado y eso no es cierto. Lo que s\u00ed recibimos fue el pago de la mitad del salario del personal por un mes. Esperemos que este mes se repita, es una peque\u00f1a ayuda porque los gastos siguen corriendo\u00bb explic\u00f3. A lo largo de la nota, Daniel expone su postura con respecto a la asistencia de algunas instituciones, como la CELT, por ejemplo. \u00abEs totalmente cuestionable lo que est\u00e1n haciendo con nosotros, no pueden pretender que paguemos altas tarifas cuando tenemos los locales y hoteles cerrados\u00bb habl\u00f3, refiri\u00e9ndose a que no se tienen en cuenta las situaciones de los negocios y el mal momento econ\u00f3mico que est\u00e1n pasando.<\/p>\n<p><a title=\"LGC\" href=\"http:\/\/live.staticflickr.com\/65535\/49964545136_8ddf1cd230_s.jpg\" rel=\"\"><img loading=\"lazy\" decoding=\"async\" class=\"alignleft\" style=\"float: left;\" title=\"LGC\" src=\"http:\/\/live.staticflickr.com\/65535\/49964545136_8ddf1cd230_z.jpg\" alt=\"LGC\" width=\"583\" height=\"206\" \/><\/a>Se plantea que lugares como nuestra comarca podr\u00edan ser uno de los m\u00e1s buscados al momento de reabrir el turismo. Daniel nos comparte su visi\u00f3n acerca de esto: \u00abTenemos que pensar que primero tenemos que pasar el invierno. Tenemos que cuidar la entrada al distrito, no tiene que haber infiltrados. Calculo que nuestro turismo va a empezar a funcionar a partir del verano a nivel provincial, y quiz\u00e1s luego recibamos visitantes de La Pampa, por ejemplo. Para m\u00ed, vamos a pasar estos pr\u00f3ximos tres meses dur\u00edsimos y vamos a retomar en el verano\u00bb.<\/p>\n<p>Daniel nos comunic\u00f3 que luego de la reuni\u00f3n con el Intendente, se pusieron a analizar c\u00f3mo se va a operar al momento de volver a trabajar: \u00abLo que nos bajaron es que nos est\u00e1n armando. Est\u00e1n evaluando un protocolo que nos cuide a todos en general, un protocolo estandarizado. Despu\u00e9s cada negocio va a manejarse de manera diferente de acuerdo al caso\u00bb.<\/p>\n<p>En su complejo hotelero, Daniel tiene personal de temporada y personal estable. Este \u00faltimo no puede ir a trabajar pero tienen muchas ganas y est\u00e1n en funcionamiento, est\u00e1n desesperados por poder hacer algo. Y el anterior, alcanz\u00f3 a hacer su trabajo en el verano. \u00abCuando terminaron mis empleados temporales, alcanc\u00e9 a cerrar todo antes de que llegue el virus ac\u00e1. Ten\u00eda colegas que me ven\u00edan avisando de la situaci\u00f3n y pude actuar con tiempo\u00bb, afirm\u00f3 Daniel.<\/p>\n<p>Adem\u00e1s, nos cont\u00f3 que se mantienen en contacto permanente las 24 hs de manera online con la CAMCOTISAS. \u00abAyer nos comunicaron que hay un proyecto para no pagar la tasa por seguridad e higiene a partir de marzo, es muy bueno porque ya bajamos los costos operativos en medio de la cuarentena. Nos est\u00e1n dando una mano incre\u00edble\u00bb expres\u00f3 Daniel.<\/p>\n<p>Sobre el final de la nota, cerr\u00f3 diciendo: \u00abMe pone mal que haya mucha gente pas\u00e1ndola mal. Esa gente no accede a cr\u00e9ditos y no reciben ayuda\u00bb<\/p>\n<p>Nota completa a continuaci\u00f3n:<br \/>\n<iframe loading=\"lazy\" src=\"https:\/\/w.soundcloud.com\/player\/?url=https%3A\/\/api.soundcloud.com\/tracks\/832822078&amp;color=%23ff5500&amp;auto_play=false&amp;hide_related=false&amp;show_comments=true&amp;show_user=true&amp;show_reposts=false&amp;show_teaser=true\" width=\"100%\" height=\"166\" frameborder=\"no\" scrolling=\"no\"><\/iframe><\/p>\n<div style=\"font-size: 10px; color: #cccccc; line-break: anywhere; word-break: normal; overflow: hidden; white-space: nowrap; text-overflow: ellipsis; font-family: Interstate,Lucida Grande,Lucida Sans Unicode,Lucida Sans,Garuda,Verdana,Tahoma,sans-serif; font-weight: 100;\"><a style=\"color: #cccccc; text-decoration: none;\" title=\"fmreflejos 103.7\" href=\"https:\/\/soundcloud.com\/fmreflejos-103-7\" target=\"_blank\" rel=\"noopener\">fmreflejos 103.7<\/a> \u00b7 <a style=\"color: #cccccc; text-decoration: none;\" title=\"DANIEL DEVILA\" href=\"https:\/\/soundcloud.com\/fmreflejos-103-7\/daniel-devila-1\" target=\"_blank\" rel=\"noopener\">DANIEL DEVILA<\/a><\/div>\n","protected":false},"excerpt":{"rendered":"<p>La pandemia del coronavirus pega muy fuerte en las econom\u00edas regionales donde el turismo es su principal fuente de ingresos, pero uno de los lugares que peor la pasa dentro de nuestra comarca es Villa Ventana. Para conocer desde adentro la situaci\u00f3n, entrevistamos a uno de los prestadores de alojamiento de la localidad, Daniel Devila, [&hellip;]<\/p>\n","protected":false},"author":3,"featured_media":0,"comment_status":"closed","ping_status":"open","sticky":false,"template":"","format":"standard","meta":{"footnotes":""},"categories":[33],"tags":[],"class_list":["post-42655","post","type-post","status-publish","format-standard","hentry","category-turismo"],"yoast_head":"<!-- This site is optimized with the Yoast SEO plugin v25.9 - https:\/\/yoast.com\/wordpress\/plugins\/seo\/ -->\n<title>&quot;Villa Ventana es realmente la localidad m\u00e1s perjudicada porque vive principalmente del turismo, la econom\u00eda est\u00e1 muy cortada&quot; - Daniel Devila - Noticias Radio Reflejos<\/title>\n<meta name=\"robots\" content=\"index, follow, max-snippet:-1, max-image-preview:large, max-video-preview:-1\" \/>\n<link rel=\"canonical\" href=\"https:\/\/www.noticiasradioreflejos.com.ar\/2021\/villa-ventana-es-realmente-la-localidad-mas-perjudicada-porque-vive-principalmente-del-turismo-la-economia-esta-muy-cortada-daniel-devila\/\" \/>\n<meta property=\"og:locale\" content=\"es_ES\" \/>\n<meta property=\"og:type\" content=\"article\" \/>\n<meta property=\"og:title\" content=\"&quot;Villa Ventana es realmente la localidad m\u00e1s perjudicada porque vive principalmente del turismo, la econom\u00eda est\u00e1 muy cortada&quot; - Daniel Devila - Noticias Radio Reflejos\" \/>\n<meta property=\"og:description\" content=\"La pandemia del coronavirus pega muy fuerte en las econom\u00edas regionales donde el turismo es su principal fuente de ingresos, pero uno de los lugares que peor la pasa dentro de nuestra comarca es Villa Ventana. Para conocer desde adentro la situaci\u00f3n, entrevistamos a uno de los prestadores de alojamiento de la localidad, Daniel Devila, [&hellip;]\" \/>\n<meta property=\"og:url\" content=\"https:\/\/www.noticiasradioreflejos.com.ar\/2021\/villa-ventana-es-realmente-la-localidad-mas-perjudicada-porque-vive-principalmente-del-turismo-la-economia-esta-muy-cortada-daniel-devila\/\" \/>\n<meta property=\"og:site_name\" content=\"Noticias Radio Reflejos\" \/>\n<meta property=\"article:published_time\" content=\"2020-06-02T20:34:34+00:00\" \/>\n<meta property=\"og:image\" content=\"http:\/\/live.staticflickr.com\/65535\/49964545136_8ddf1cd230_z.jpg\" \/>\n<meta name=\"author\" content=\"Arnaldo Botto\" \/>\n<meta name=\"twitter:card\" content=\"summary_large_image\" \/>\n<script type=\"application\/ld+json\" class=\"yoast-schema-graph\">{\"@context\":\"https:\/\/schema.org\",\"@graph\":[{\"@type\":\"WebPage\",\"@id\":\"https:\/\/www.noticiasradioreflejos.com.ar\/2021\/villa-ventana-es-realmente-la-localidad-mas-perjudicada-porque-vive-principalmente-del-turismo-la-economia-esta-muy-cortada-daniel-devila\/\",\"url\":\"https:\/\/www.noticiasradioreflejos.com.ar\/2021\/villa-ventana-es-realmente-la-localidad-mas-perjudicada-porque-vive-principalmente-del-turismo-la-economia-esta-muy-cortada-daniel-devila\/\",\"name\":\"\\\"Villa Ventana es realmente la localidad m\u00e1s perjudicada porque vive principalmente del turismo, la econom\u00eda est\u00e1 muy cortada\\\" - Daniel Devila - Noticias Radio Reflejos\",\"isPartOf\":{\"@id\":\"https:\/\/www.noticiasradioreflejos.com.ar\/2021\/#website\"},\"primaryImageOfPage\":{\"@id\":\"https:\/\/www.noticiasradioreflejos.com.ar\/2021\/villa-ventana-es-realmente-la-localidad-mas-perjudicada-porque-vive-principalmente-del-turismo-la-economia-esta-muy-cortada-daniel-devila\/#primaryimage\"},\"image\":{\"@id\":\"https:\/\/www.noticiasradioreflejos.com.ar\/2021\/villa-ventana-es-realmente-la-localidad-mas-perjudicada-porque-vive-principalmente-del-turismo-la-economia-esta-muy-cortada-daniel-devila\/#primaryimage\"},\"thumbnailUrl\":\"http:\/\/live.staticflickr.com\/65535\/49964545136_8ddf1cd230_z.jpg\",\"datePublished\":\"2020-06-02T20:34:34+00:00\",\"author\":{\"@id\":\"https:\/\/www.noticiasradioreflejos.com.ar\/2021\/#\/schema\/person\/ad82545263dcc5ec0996818884fd5fb1\"},\"breadcrumb\":{\"@id\":\"https:\/\/www.noticiasradioreflejos.com.ar\/2021\/villa-ventana-es-realmente-la-localidad-mas-perjudicada-porque-vive-principalmente-del-turismo-la-economia-esta-muy-cortada-daniel-devila\/#breadcrumb\"},\"inLanguage\":\"es\",\"potentialAction\":[{\"@type\":\"ReadAction\",\"target\":[\"https:\/\/www.noticiasradioreflejos.com.ar\/2021\/villa-ventana-es-realmente-la-localidad-mas-perjudicada-porque-vive-principalmente-del-turismo-la-economia-esta-muy-cortada-daniel-devila\/\"]}]},{\"@type\":\"ImageObject\",\"inLanguage\":\"es\",\"@id\":\"https:\/\/www.noticiasradioreflejos.com.ar\/2021\/villa-ventana-es-realmente-la-localidad-mas-perjudicada-porque-vive-principalmente-del-turismo-la-economia-esta-muy-cortada-daniel-devila\/#primaryimage\",\"url\":\"http:\/\/live.staticflickr.com\/65535\/49964545136_8ddf1cd230_z.jpg\",\"contentUrl\":\"http:\/\/live.staticflickr.com\/65535\/49964545136_8ddf1cd230_z.jpg\"},{\"@type\":\"BreadcrumbList\",\"@id\":\"https:\/\/www.noticiasradioreflejos.com.ar\/2021\/villa-ventana-es-realmente-la-localidad-mas-perjudicada-porque-vive-principalmente-del-turismo-la-economia-esta-muy-cortada-daniel-devila\/#breadcrumb\",\"itemListElement\":[{\"@type\":\"ListItem\",\"position\":1,\"name\":\"Portada\",\"item\":\"https:\/\/www.noticiasradioreflejos.com.ar\/2021\/\"},{\"@type\":\"ListItem\",\"position\":2,\"name\":\"\u00abVilla Ventana es realmente la localidad m\u00e1s perjudicada porque vive principalmente del turismo, la econom\u00eda est\u00e1 muy cortada\u00bb &#8211; Daniel Devila\"}]},{\"@type\":\"WebSite\",\"@id\":\"https:\/\/www.noticiasradioreflejos.com.ar\/2021\/#website\",\"url\":\"https:\/\/www.noticiasradioreflejos.com.ar\/2021\/\",\"name\":\"Noticias Radio Reflejos\",\"description\":\"Las noticias de mi comarca\",\"potentialAction\":[{\"@type\":\"SearchAction\",\"target\":{\"@type\":\"EntryPoint\",\"urlTemplate\":\"https:\/\/www.noticiasradioreflejos.com.ar\/2021\/?s={search_term_string}\"},\"query-input\":{\"@type\":\"PropertyValueSpecification\",\"valueRequired\":true,\"valueName\":\"search_term_string\"}}],\"inLanguage\":\"es\"},{\"@type\":\"Person\",\"@id\":\"https:\/\/www.noticiasradioreflejos.com.ar\/2021\/#\/schema\/person\/ad82545263dcc5ec0996818884fd5fb1\",\"name\":\"Arnaldo Botto\",\"image\":{\"@type\":\"ImageObject\",\"inLanguage\":\"es\",\"@id\":\"https:\/\/www.noticiasradioreflejos.com.ar\/2021\/#\/schema\/person\/image\/\",\"url\":\"https:\/\/secure.gravatar.com\/avatar\/55cb5e37c1efa326397366e6974cb338056df65cb50e7d64d1cf314e87504837?s=96&d=mm&r=g\",\"contentUrl\":\"https:\/\/secure.gravatar.com\/avatar\/55cb5e37c1efa326397366e6974cb338056df65cb50e7d64d1cf314e87504837?s=96&d=mm&r=g\",\"caption\":\"Arnaldo Botto\"},\"url\":\"https:\/\/www.noticiasradioreflejos.com.ar\/2021\/author\/arnaldo\/\"}]}<\/script>\n<!-- \/ Yoast SEO plugin. -->","yoast_head_json":{"title":"\"Villa Ventana es realmente la localidad m\u00e1s perjudicada porque vive principalmente del turismo, la econom\u00eda est\u00e1 muy cortada\" - Daniel Devila - Noticias Radio Reflejos","robots":{"index":"index","follow":"follow","max-snippet":"max-snippet:-1","max-image-preview":"max-image-preview:large","max-video-preview":"max-video-preview:-1"},"canonical":"https:\/\/www.noticiasradioreflejos.com.ar\/2021\/villa-ventana-es-realmente-la-localidad-mas-perjudicada-porque-vive-principalmente-del-turismo-la-economia-esta-muy-cortada-daniel-devila\/","og_locale":"es_ES","og_type":"article","og_title":"\"Villa Ventana es realmente la localidad m\u00e1s perjudicada porque vive principalmente del turismo, la econom\u00eda est\u00e1 muy cortada\" - Daniel Devila - Noticias Radio Reflejos","og_description":"La pandemia del coronavirus pega muy fuerte en las econom\u00edas regionales donde el turismo es su principal fuente de ingresos, pero uno de los lugares que peor la pasa dentro de nuestra comarca es Villa Ventana. Para conocer desde adentro la situaci\u00f3n, entrevistamos a uno de los prestadores de alojamiento de la localidad, Daniel Devila, [&hellip;]","og_url":"https:\/\/www.noticiasradioreflejos.com.ar\/2021\/villa-ventana-es-realmente-la-localidad-mas-perjudicada-porque-vive-principalmente-del-turismo-la-economia-esta-muy-cortada-daniel-devila\/","og_site_name":"Noticias Radio Reflejos","article_published_time":"2020-06-02T20:34:34+00:00","og_image":[{"url":"http:\/\/live.staticflickr.com\/65535\/49964545136_8ddf1cd230_z.jpg","type":"","width":"","height":""}],"author":"Arnaldo Botto","twitter_card":"summary_large_image","schema":{"@context":"https:\/\/schema.org","@graph":[{"@type":"WebPage","@id":"https:\/\/www.noticiasradioreflejos.com.ar\/2021\/villa-ventana-es-realmente-la-localidad-mas-perjudicada-porque-vive-principalmente-del-turismo-la-economia-esta-muy-cortada-daniel-devila\/","url":"https:\/\/www.noticiasradioreflejos.com.ar\/2021\/villa-ventana-es-realmente-la-localidad-mas-perjudicada-porque-vive-principalmente-del-turismo-la-economia-esta-muy-cortada-daniel-devila\/","name":"\"Villa Ventana es realmente la localidad m\u00e1s perjudicada porque vive principalmente del turismo, la econom\u00eda est\u00e1 muy cortada\" - Daniel Devila - Noticias Radio Reflejos","isPartOf":{"@id":"https:\/\/www.noticiasradioreflejos.com.ar\/2021\/#website"},"primaryImageOfPage":{"@id":"https:\/\/www.noticiasradioreflejos.com.ar\/2021\/villa-ventana-es-realmente-la-localidad-mas-perjudicada-porque-vive-principalmente-del-turismo-la-economia-esta-muy-cortada-daniel-devila\/#primaryimage"},"image":{"@id":"https:\/\/www.noticiasradioreflejos.com.ar\/2021\/villa-ventana-es-realmente-la-localidad-mas-perjudicada-porque-vive-principalmente-del-turismo-la-economia-esta-muy-cortada-daniel-devila\/#primaryimage"},"thumbnailUrl":"http:\/\/live.staticflickr.com\/65535\/49964545136_8ddf1cd230_z.jpg","datePublished":"2020-06-02T20:34:34+00:00","author":{"@id":"https:\/\/www.noticiasradioreflejos.com.ar\/2021\/#\/schema\/person\/ad82545263dcc5ec0996818884fd5fb1"},"breadcrumb":{"@id":"https:\/\/www.noticiasradioreflejos.com.ar\/2021\/villa-ventana-es-realmente-la-localidad-mas-perjudicada-porque-vive-principalmente-del-turismo-la-economia-esta-muy-cortada-daniel-devila\/#breadcrumb"},"inLanguage":"es","potentialAction":[{"@type":"ReadAction","target":["https:\/\/www.noticiasradioreflejos.com.ar\/2021\/villa-ventana-es-realmente-la-localidad-mas-perjudicada-porque-vive-principalmente-del-turismo-la-economia-esta-muy-cortada-daniel-devila\/"]}]},{"@type":"ImageObject","inLanguage":"es","@id":"https:\/\/www.noticiasradioreflejos.com.ar\/2021\/villa-ventana-es-realmente-la-localidad-mas-perjudicada-porque-vive-principalmente-del-turismo-la-economia-esta-muy-cortada-daniel-devila\/#primaryimage","url":"http:\/\/live.staticflickr.com\/65535\/49964545136_8ddf1cd230_z.jpg","contentUrl":"http:\/\/live.staticflickr.com\/65535\/49964545136_8ddf1cd230_z.jpg"},{"@type":"BreadcrumbList","@id":"https:\/\/www.noticiasradioreflejos.com.ar\/2021\/villa-ventana-es-realmente-la-localidad-mas-perjudicada-porque-vive-principalmente-del-turismo-la-economia-esta-muy-cortada-daniel-devila\/#breadcrumb","itemListElement":[{"@type":"ListItem","position":1,"name":"Portada","item":"https:\/\/www.noticiasradioreflejos.com.ar\/2021\/"},{"@type":"ListItem","position":2,"name":"\u00abVilla Ventana es realmente la localidad m\u00e1s perjudicada porque vive principalmente del turismo, la econom\u00eda est\u00e1 muy cortada\u00bb &#8211; Daniel Devila"}]},{"@type":"WebSite","@id":"https:\/\/www.noticiasradioreflejos.com.ar\/2021\/#website","url":"https:\/\/www.noticiasradioreflejos.com.ar\/2021\/","name":"Noticias Radio Reflejos","description":"Las noticias de mi comarca","potentialAction":[{"@type":"SearchAction","target":{"@type":"EntryPoint","urlTemplate":"https:\/\/www.noticiasradioreflejos.com.ar\/2021\/?s={search_term_string}"},"query-input":{"@type":"PropertyValueSpecification","valueRequired":true,"valueName":"search_term_string"}}],"inLanguage":"es"},{"@type":"Person","@id":"https:\/\/www.noticiasradioreflejos.com.ar\/2021\/#\/schema\/person\/ad82545263dcc5ec0996818884fd5fb1","name":"Arnaldo Botto","image":{"@type":"ImageObject","inLanguage":"es","@id":"https:\/\/www.noticiasradioreflejos.com.ar\/2021\/#\/schema\/person\/image\/","url":"https:\/\/secure.gravatar.com\/avatar\/55cb5e37c1efa326397366e6974cb338056df65cb50e7d64d1cf314e87504837?s=96&d=mm&r=g","contentUrl":"https:\/\/secure.gravatar.com\/avatar\/55cb5e37c1efa326397366e6974cb338056df65cb50e7d64d1cf314e87504837?s=96&d=mm&r=g","caption":"Arnaldo Botto"},"url":"https:\/\/www.noticiasradioreflejos.com.ar\/2021\/author\/arnaldo\/"}]}},"_links":{"self":[{"href":"https:\/\/www.noticiasradioreflejos.com.ar\/2021\/wp-json\/wp\/v2\/posts\/42655","targetHints":{"allow":["GET"]}}],"collection":[{"href":"https:\/\/www.noticiasradioreflejos.com.ar\/2021\/wp-json\/wp\/v2\/posts"}],"about":[{"href":"https:\/\/www.noticiasradioreflejos.com.ar\/2021\/wp-json\/wp\/v2\/types\/post"}],"author":[{"embeddable":true,"href":"https:\/\/www.noticiasradioreflejos.com.ar\/2021\/wp-json\/wp\/v2\/users\/3"}],"replies":[{"embeddable":true,"href":"https:\/\/www.noticiasradioreflejos.com.ar\/2021\/wp-json\/wp\/v2\/comments?post=42655"}],"version-history":[{"count":0,"href":"https:\/\/www.noticiasradioreflejos.com.ar\/2021\/wp-json\/wp\/v2\/posts\/42655\/revisions"}],"wp:attachment":[{"href":"https:\/\/www.noticiasradioreflejos.com.ar\/2021\/wp-json\/wp\/v2\/media?parent=42655"}],"wp:term":[{"taxonomy":"category","embeddable":true,"href":"https:\/\/www.noticiasradioreflejos.com.ar\/2021\/wp-json\/wp\/v2\/categories?post=42655"},{"taxonomy":"post_tag","embeddable":true,"href":"https:\/\/www.noticiasradioreflejos.com.ar\/2021\/wp-json\/wp\/v2\/tags?post=42655"}],"curies":[{"name":"wp","href":"https:\/\/api.w.org\/{rel}","templated":true}]}}