{"id":42588,"date":"2020-06-01T09:12:00","date_gmt":"2020-06-01T12:12:00","guid":{"rendered":"http:\/\/www.noticiasradioreflejos.com.ar\/noticias\/?p=42588"},"modified":"2020-06-01T09:12:00","modified_gmt":"2020-06-01T12:12:00","slug":"para-el-ministro-de-salud-bonaerense-hay-que-retroceder-de-fase-por-la-suba-de-contagios-en-amba","status":"publish","type":"post","link":"https:\/\/www.noticiasradioreflejos.com.ar\/2021\/para-el-ministro-de-salud-bonaerense-hay-que-retroceder-de-fase-por-la-suba-de-contagios-en-amba\/","title":{"rendered":"Para el ministro de Salud bonaerense, hay que \u00abretroceder de fase\u00bb por la suba de contagios en AMBA"},"content":{"rendered":"<p>El viceministro de Salud bonaerense, Nicol\u00e1s Kreplak, consider\u00f3 hoy que habr\u00eda que \u00abretroceder de fase\u00bb de cuarentena con el objetivo de reducir el ascenso de la curva de contagios de coronavirus en el AMBA y evitar que se sature el sistema sanitario. \u00abPienso que hay que retroceder de fase (de cuarentena) porque estamos en un ascenso de la curva. Cuando empiezan a duplicarse los casos, hay que producir las medidas de contenci\u00f3n que reduzcan la cantidad de casos\u00bb, expres\u00f3 el funcionario en declaraciones a radio El Destape.<!--more--><\/p>\n<p>Para Kreplak, es momento de \u00abfrenar\u00bb, y analiz\u00f3 que s\u00f3lo deber\u00edan circular \u00ablos trabajadores de empleos considerados esenciales as\u00ed la gente se queda en sus casas para achatar la curva en el AMBA\u00bb.<\/p>\n<p>Consider\u00f3 que en el resto de la provincia, donde hay pocos casos, se debe establecer una vigilancia activa y apunt\u00f3 que \u00abes una epidemia en la que hay que avanzar o retroceder en funci\u00f3n de lo que pasa\u00bb.<\/p>\n<p>En esa l\u00ednea, el viceministro expuso que todos los d\u00edas se advierte \u00abc\u00f3mo se achica el tiempo de duplicaci\u00f3n y se va saturando lentamente el sistema de salud\u00bb, por lo que opin\u00f3 que si no se adoptan definiciones \u00abque reduzcan la cantidad de casos dr\u00e1sticamente, en semanas va a colapsar el sistema de salud\u00bb.<\/p>\n<p>Por otro lado, advirti\u00f3 que las bajas temperaturas del invierno \u00abson un problema\u00bb y, en ese sentido, anticip\u00f3 que \u00abhasta septiembre no habr\u00e1 buenas noticias de la epidemia respecto de los contagios\u00bb.<\/p>\n<p>Luego, cuestion\u00f3 a quienes proponen terminar con la cuarentena y evalu\u00f3 que se trata de personas que \u00abno tienen posibilidad de pensar colectivamente\u00bb.<\/p>\n<p>\u00abEs peligroso porque este es el momento m\u00e1s duro en el que hay que bancar la cuarentena\u00bb, continu\u00f3 Krepak y plante\u00f3 que \u00abel pico de la curva es fabricado por decisiones del Estado\u00bb.<\/p>\n<p>Por otra parte, asegur\u00f3 que \u00abla situaci\u00f3n en Villa Azul est\u00e1 bastante contenida\u00bb, cont\u00f3 que se trabaja \u00abpara garantizar el aislamiento domiciliario\u00bb y dijo que se realiza una \u00abb\u00fasqueda activa\u00bb de casos todos los d\u00edas.<\/p>\n<p>\u00abTodos los d\u00edas buscamos a personas que puedan tener s\u00edntomas y las hisopamos. En general, el mismo d\u00eda tenemos los resultados. La mayor\u00eda est\u00e1 muy bien de salud y la idea es contener el brote\u00bb, dijo.<\/p>\n<p>Sostuvo que \u00abgracias a las medidas adoptadas en Villa Azul estaremos por debajo del 10% del barrio contagiado\u00bb y a\u00f1adi\u00f3 que \u00absino, se hubiera contagiado la enorme mayor\u00eda de la gente\u00bb.<\/p>\n<p>\u00abLa estrategia en la pandemia es general: intentar reducir la circulaci\u00f3n de gente y controlar los focos con diagn\u00f3stico precoz. Si en cualquier barrio se descontrolan los contagios, se puede generar un foco que ataque al AMBA o a todo el pa\u00eds\u00bb, alert\u00f3.<\/p>\n<p>Kreplak agreg\u00f3 que \u00abel nivel de contagiosidad es tan grande que hay que ir apagando cada brote\u00bb y afirm\u00f3 que en la actualidad \u00abhay peque\u00f1os brotes, pero ninguno como en las villas 31 o Azul\u00bb.<\/p>\n","protected":false},"excerpt":{"rendered":"<p>El viceministro de Salud bonaerense, Nicol\u00e1s Kreplak, consider\u00f3 hoy que habr\u00eda que \u00abretroceder de fase\u00bb de cuarentena con el objetivo de reducir el ascenso de la curva de contagios de coronavirus en el AMBA y evitar que se sature el sistema sanitario. \u00abPienso que hay que retroceder de fase (de cuarentena) porque estamos en un [&hellip;]<\/p>\n","protected":false},"author":3,"featured_media":0,"comment_status":"closed","ping_status":"open","sticky":false,"template":"","format":"standard","meta":{"footnotes":""},"categories":[30],"tags":[],"class_list":["post-42588","post","type-post","status-publish","format-standard","hentry","category-salud"],"yoast_head":"<!-- This site is optimized with the Yoast SEO plugin v25.9 - https:\/\/yoast.com\/wordpress\/plugins\/seo\/ -->\n<title>Para el ministro de Salud bonaerense, hay que &quot;retroceder de fase&quot; por la suba de contagios en AMBA - Noticias Radio Reflejos<\/title>\n<meta name=\"robots\" content=\"index, follow, max-snippet:-1, max-image-preview:large, max-video-preview:-1\" \/>\n<link rel=\"canonical\" href=\"https:\/\/www.noticiasradioreflejos.com.ar\/2021\/para-el-ministro-de-salud-bonaerense-hay-que-retroceder-de-fase-por-la-suba-de-contagios-en-amba\/\" \/>\n<meta property=\"og:locale\" content=\"es_ES\" \/>\n<meta property=\"og:type\" content=\"article\" \/>\n<meta property=\"og:title\" content=\"Para el ministro de Salud bonaerense, hay que &quot;retroceder de fase&quot; por la suba de contagios en AMBA - Noticias Radio Reflejos\" \/>\n<meta property=\"og:description\" content=\"El viceministro de Salud bonaerense, Nicol\u00e1s Kreplak, consider\u00f3 hoy que habr\u00eda que \u00abretroceder de fase\u00bb de cuarentena con el objetivo de reducir el ascenso de la curva de contagios de coronavirus en el AMBA y evitar que se sature el sistema sanitario. \u00abPienso que hay que retroceder de fase (de cuarentena) porque estamos en un [&hellip;]\" \/>\n<meta property=\"og:url\" content=\"https:\/\/www.noticiasradioreflejos.com.ar\/2021\/para-el-ministro-de-salud-bonaerense-hay-que-retroceder-de-fase-por-la-suba-de-contagios-en-amba\/\" \/>\n<meta property=\"og:site_name\" content=\"Noticias Radio Reflejos\" \/>\n<meta property=\"article:published_time\" content=\"2020-06-01T12:12:00+00:00\" \/>\n<meta property=\"og:image\" content=\"https:\/\/www.noticiasradioreflejos.com.ar\/2021\/wp-content\/uploads\/2021\/07\/logosol300x200.png\" \/>\n\t<meta property=\"og:image:width\" content=\"300\" \/>\n\t<meta property=\"og:image:height\" content=\"200\" \/>\n\t<meta property=\"og:image:type\" content=\"image\/png\" \/>\n<meta name=\"author\" content=\"Arnaldo Botto\" \/>\n<meta name=\"twitter:card\" content=\"summary_large_image\" \/>\n<script type=\"application\/ld+json\" class=\"yoast-schema-graph\">{\"@context\":\"https:\/\/schema.org\",\"@graph\":[{\"@type\":\"WebPage\",\"@id\":\"https:\/\/www.noticiasradioreflejos.com.ar\/2021\/para-el-ministro-de-salud-bonaerense-hay-que-retroceder-de-fase-por-la-suba-de-contagios-en-amba\/\",\"url\":\"https:\/\/www.noticiasradioreflejos.com.ar\/2021\/para-el-ministro-de-salud-bonaerense-hay-que-retroceder-de-fase-por-la-suba-de-contagios-en-amba\/\",\"name\":\"Para el ministro de Salud bonaerense, hay que \\\"retroceder de fase\\\" por la suba de contagios en AMBA - Noticias Radio Reflejos\",\"isPartOf\":{\"@id\":\"https:\/\/www.noticiasradioreflejos.com.ar\/2021\/#website\"},\"datePublished\":\"2020-06-01T12:12:00+00:00\",\"author\":{\"@id\":\"https:\/\/www.noticiasradioreflejos.com.ar\/2021\/#\/schema\/person\/ad82545263dcc5ec0996818884fd5fb1\"},\"breadcrumb\":{\"@id\":\"https:\/\/www.noticiasradioreflejos.com.ar\/2021\/para-el-ministro-de-salud-bonaerense-hay-que-retroceder-de-fase-por-la-suba-de-contagios-en-amba\/#breadcrumb\"},\"inLanguage\":\"es\",\"potentialAction\":[{\"@type\":\"ReadAction\",\"target\":[\"https:\/\/www.noticiasradioreflejos.com.ar\/2021\/para-el-ministro-de-salud-bonaerense-hay-que-retroceder-de-fase-por-la-suba-de-contagios-en-amba\/\"]}]},{\"@type\":\"BreadcrumbList\",\"@id\":\"https:\/\/www.noticiasradioreflejos.com.ar\/2021\/para-el-ministro-de-salud-bonaerense-hay-que-retroceder-de-fase-por-la-suba-de-contagios-en-amba\/#breadcrumb\",\"itemListElement\":[{\"@type\":\"ListItem\",\"position\":1,\"name\":\"Portada\",\"item\":\"https:\/\/www.noticiasradioreflejos.com.ar\/2021\/\"},{\"@type\":\"ListItem\",\"position\":2,\"name\":\"Para el ministro de Salud bonaerense, hay que \u00abretroceder de fase\u00bb por la suba de contagios en AMBA\"}]},{\"@type\":\"WebSite\",\"@id\":\"https:\/\/www.noticiasradioreflejos.com.ar\/2021\/#website\",\"url\":\"https:\/\/www.noticiasradioreflejos.com.ar\/2021\/\",\"name\":\"Noticias Radio Reflejos\",\"description\":\"Las noticias de mi comarca\",\"potentialAction\":[{\"@type\":\"SearchAction\",\"target\":{\"@type\":\"EntryPoint\",\"urlTemplate\":\"https:\/\/www.noticiasradioreflejos.com.ar\/2021\/?s={search_term_string}\"},\"query-input\":{\"@type\":\"PropertyValueSpecification\",\"valueRequired\":true,\"valueName\":\"search_term_string\"}}],\"inLanguage\":\"es\"},{\"@type\":\"Person\",\"@id\":\"https:\/\/www.noticiasradioreflejos.com.ar\/2021\/#\/schema\/person\/ad82545263dcc5ec0996818884fd5fb1\",\"name\":\"Arnaldo Botto\",\"image\":{\"@type\":\"ImageObject\",\"inLanguage\":\"es\",\"@id\":\"https:\/\/www.noticiasradioreflejos.com.ar\/2021\/#\/schema\/person\/image\/\",\"url\":\"https:\/\/secure.gravatar.com\/avatar\/55cb5e37c1efa326397366e6974cb338056df65cb50e7d64d1cf314e87504837?s=96&d=mm&r=g\",\"contentUrl\":\"https:\/\/secure.gravatar.com\/avatar\/55cb5e37c1efa326397366e6974cb338056df65cb50e7d64d1cf314e87504837?s=96&d=mm&r=g\",\"caption\":\"Arnaldo Botto\"},\"url\":\"https:\/\/www.noticiasradioreflejos.com.ar\/2021\/author\/arnaldo\/\"}]}<\/script>\n<!-- \/ Yoast SEO plugin. -->","yoast_head_json":{"title":"Para el ministro de Salud bonaerense, hay que \"retroceder de fase\" por la suba de contagios en AMBA - Noticias Radio Reflejos","robots":{"index":"index","follow":"follow","max-snippet":"max-snippet:-1","max-image-preview":"max-image-preview:large","max-video-preview":"max-video-preview:-1"},"canonical":"https:\/\/www.noticiasradioreflejos.com.ar\/2021\/para-el-ministro-de-salud-bonaerense-hay-que-retroceder-de-fase-por-la-suba-de-contagios-en-amba\/","og_locale":"es_ES","og_type":"article","og_title":"Para el ministro de Salud bonaerense, hay que \"retroceder de fase\" por la suba de contagios en AMBA - Noticias Radio Reflejos","og_description":"El viceministro de Salud bonaerense, Nicol\u00e1s Kreplak, consider\u00f3 hoy que habr\u00eda que \u00abretroceder de fase\u00bb de cuarentena con el objetivo de reducir el ascenso de la curva de contagios de coronavirus en el AMBA y evitar que se sature el sistema sanitario. \u00abPienso que hay que retroceder de fase (de cuarentena) porque estamos en un [&hellip;]","og_url":"https:\/\/www.noticiasradioreflejos.com.ar\/2021\/para-el-ministro-de-salud-bonaerense-hay-que-retroceder-de-fase-por-la-suba-de-contagios-en-amba\/","og_site_name":"Noticias Radio Reflejos","article_published_time":"2020-06-01T12:12:00+00:00","og_image":[{"width":300,"height":200,"url":"https:\/\/www.noticiasradioreflejos.com.ar\/2021\/wp-content\/uploads\/2021\/07\/logosol300x200.png","type":"image\/png"}],"author":"Arnaldo Botto","twitter_card":"summary_large_image","schema":{"@context":"https:\/\/schema.org","@graph":[{"@type":"WebPage","@id":"https:\/\/www.noticiasradioreflejos.com.ar\/2021\/para-el-ministro-de-salud-bonaerense-hay-que-retroceder-de-fase-por-la-suba-de-contagios-en-amba\/","url":"https:\/\/www.noticiasradioreflejos.com.ar\/2021\/para-el-ministro-de-salud-bonaerense-hay-que-retroceder-de-fase-por-la-suba-de-contagios-en-amba\/","name":"Para el ministro de Salud bonaerense, hay que \"retroceder de fase\" por la suba de contagios en AMBA - Noticias Radio Reflejos","isPartOf":{"@id":"https:\/\/www.noticiasradioreflejos.com.ar\/2021\/#website"},"datePublished":"2020-06-01T12:12:00+00:00","author":{"@id":"https:\/\/www.noticiasradioreflejos.com.ar\/2021\/#\/schema\/person\/ad82545263dcc5ec0996818884fd5fb1"},"breadcrumb":{"@id":"https:\/\/www.noticiasradioreflejos.com.ar\/2021\/para-el-ministro-de-salud-bonaerense-hay-que-retroceder-de-fase-por-la-suba-de-contagios-en-amba\/#breadcrumb"},"inLanguage":"es","potentialAction":[{"@type":"ReadAction","target":["https:\/\/www.noticiasradioreflejos.com.ar\/2021\/para-el-ministro-de-salud-bonaerense-hay-que-retroceder-de-fase-por-la-suba-de-contagios-en-amba\/"]}]},{"@type":"BreadcrumbList","@id":"https:\/\/www.noticiasradioreflejos.com.ar\/2021\/para-el-ministro-de-salud-bonaerense-hay-que-retroceder-de-fase-por-la-suba-de-contagios-en-amba\/#breadcrumb","itemListElement":[{"@type":"ListItem","position":1,"name":"Portada","item":"https:\/\/www.noticiasradioreflejos.com.ar\/2021\/"},{"@type":"ListItem","position":2,"name":"Para el ministro de Salud bonaerense, hay que \u00abretroceder de fase\u00bb por la suba de contagios en AMBA"}]},{"@type":"WebSite","@id":"https:\/\/www.noticiasradioreflejos.com.ar\/2021\/#website","url":"https:\/\/www.noticiasradioreflejos.com.ar\/2021\/","name":"Noticias Radio Reflejos","description":"Las noticias de mi comarca","potentialAction":[{"@type":"SearchAction","target":{"@type":"EntryPoint","urlTemplate":"https:\/\/www.noticiasradioreflejos.com.ar\/2021\/?s={search_term_string}"},"query-input":{"@type":"PropertyValueSpecification","valueRequired":true,"valueName":"search_term_string"}}],"inLanguage":"es"},{"@type":"Person","@id":"https:\/\/www.noticiasradioreflejos.com.ar\/2021\/#\/schema\/person\/ad82545263dcc5ec0996818884fd5fb1","name":"Arnaldo Botto","image":{"@type":"ImageObject","inLanguage":"es","@id":"https:\/\/www.noticiasradioreflejos.com.ar\/2021\/#\/schema\/person\/image\/","url":"https:\/\/secure.gravatar.com\/avatar\/55cb5e37c1efa326397366e6974cb338056df65cb50e7d64d1cf314e87504837?s=96&d=mm&r=g","contentUrl":"https:\/\/secure.gravatar.com\/avatar\/55cb5e37c1efa326397366e6974cb338056df65cb50e7d64d1cf314e87504837?s=96&d=mm&r=g","caption":"Arnaldo Botto"},"url":"https:\/\/www.noticiasradioreflejos.com.ar\/2021\/author\/arnaldo\/"}]}},"_links":{"self":[{"href":"https:\/\/www.noticiasradioreflejos.com.ar\/2021\/wp-json\/wp\/v2\/posts\/42588","targetHints":{"allow":["GET"]}}],"collection":[{"href":"https:\/\/www.noticiasradioreflejos.com.ar\/2021\/wp-json\/wp\/v2\/posts"}],"about":[{"href":"https:\/\/www.noticiasradioreflejos.com.ar\/2021\/wp-json\/wp\/v2\/types\/post"}],"author":[{"embeddable":true,"href":"https:\/\/www.noticiasradioreflejos.com.ar\/2021\/wp-json\/wp\/v2\/users\/3"}],"replies":[{"embeddable":true,"href":"https:\/\/www.noticiasradioreflejos.com.ar\/2021\/wp-json\/wp\/v2\/comments?post=42588"}],"version-history":[{"count":0,"href":"https:\/\/www.noticiasradioreflejos.com.ar\/2021\/wp-json\/wp\/v2\/posts\/42588\/revisions"}],"wp:attachment":[{"href":"https:\/\/www.noticiasradioreflejos.com.ar\/2021\/wp-json\/wp\/v2\/media?parent=42588"}],"wp:term":[{"taxonomy":"category","embeddable":true,"href":"https:\/\/www.noticiasradioreflejos.com.ar\/2021\/wp-json\/wp\/v2\/categories?post=42588"},{"taxonomy":"post_tag","embeddable":true,"href":"https:\/\/www.noticiasradioreflejos.com.ar\/2021\/wp-json\/wp\/v2\/tags?post=42588"}],"curies":[{"name":"wp","href":"https:\/\/api.w.org\/{rel}","templated":true}]}}