{"id":42566,"date":"2020-05-31T12:27:10","date_gmt":"2020-05-31T15:27:10","guid":{"rendered":"http:\/\/www.noticiasradioreflejos.com.ar\/noticias\/?p=42566"},"modified":"2020-05-31T12:27:10","modified_gmt":"2020-05-31T15:27:10","slug":"consecuencias-temporal-del-30-de-mayo","status":"publish","type":"post","link":"https:\/\/www.noticiasradioreflejos.com.ar\/2021\/consecuencias-temporal-del-30-de-mayo\/","title":{"rendered":"Consecuencias temporal del 30 de mayo."},"content":{"rendered":"<p><a title=\"WhatsApp Image 2020-05-31 at 13.00.00\" href=\"http:\/\/live.staticflickr.com\/65535\/49956323401_203f694065_s.jpg\" rel=\"\"><img loading=\"lazy\" decoding=\"async\" class=\"alignleft\" style=\"float: left;\" title=\"WhatsApp Image 2020-05-31 at 13.00.00\" src=\"http:\/\/live.staticflickr.com\/65535\/49956323401_203f694065.jpg\" alt=\"WhatsApp Image 2020-05-31 at 13.00.00\" width=\"500\" height=\"281\" \/><\/a>Coopersive Ltda informa a sus asociados que, como consecuencia del temporal desatado en nuestra localidad en el d\u00eda de ayer, se produjeron los siguientes inconvenientes en nuestra red de distribuci\u00f3n de energ\u00eda el\u00e9ctrica:<!--more--><\/p>\n<p>\uf0b7 En Coronel Su\u00e1rez y Avda. Circunvalaci\u00f3n (Villa La Arcadia), parte de un \u00e1rbol de gran porte cay\u00f3 sobre la red<br \/>\nde baja tensi\u00f3n preensamblada, provocando quebradura de un poste, pero sin mediar interrupci\u00f3n del servicio.<br \/>\nA los efectos de prevenir la situaci\u00f3n hasta su reparaci\u00f3n (que comenzar\u00e1 en el d\u00eda de ma\u00f1ana), se procedi\u00f3 a<br \/>\nla se\u00f1alizaci\u00f3n del \u00e1rea y cierre de las calles, conjuntamente con custodia por parte del destacamento de Villa<br \/>\nLa Arcadia.<\/p>\n<p>\uf0b7 En Girondo y Costanera (Valle Hermoso), la ca\u00edda de un \u00e1rbol cort\u00f3 un cable de suministro a un asociado,<br \/>\nsiendo el mismo reparado durante el temporal.<\/p>\n<p>\uf0b7 En el sector rural, no se registraron da\u00f1os.<br \/>\nEs decir que, salvo los casos mencionados, y a pesar de la intensidad de la tormenta, nuestra red de distribuci\u00f3n<br \/>\nrespondi\u00f3 adecuadamente a las circunstancias.<\/p>\n<p><a title=\"WhatsApp Image 2020-05-31 at 13.00.00 (1)\" href=\"http:\/\/live.staticflickr.com\/65535\/49956323436_69c579590b_s.jpg\" rel=\"\"><img loading=\"lazy\" decoding=\"async\" class=\"aligncenter\" title=\"WhatsApp Image 2020-05-31 at 13.00.00 (1)\" src=\"http:\/\/live.staticflickr.com\/65535\/49956323436_69c579590b_z.jpg\" alt=\"WhatsApp Image 2020-05-31 at 13.00.00 (1)\" width=\"640\" height=\"360\" \/><\/a><\/p>\n<p><a title=\"WhatsApp Image 2020-05-31 at 12.59.59\" href=\"http:\/\/live.staticflickr.com\/65535\/49956323491_c36a4e1e68_s.jpg\" rel=\"\"><img loading=\"lazy\" decoding=\"async\" class=\"aligncenter\" title=\"WhatsApp Image 2020-05-31 at 12.59.59\" src=\"http:\/\/live.staticflickr.com\/65535\/49956323491_c36a4e1e68_z.jpg\" alt=\"WhatsApp Image 2020-05-31 at 12.59.59\" width=\"640\" height=\"360\" \/><\/a><\/p>\n<p><a title=\"WhatsApp Image 2020-05-31 at 13.00.01\" href=\"http:\/\/live.staticflickr.com\/65535\/49956612237_b5d20f966a_s.jpg\" rel=\"\"><img loading=\"lazy\" decoding=\"async\" class=\"aligncenter\" title=\"WhatsApp Image 2020-05-31 at 13.00.01\" src=\"http:\/\/live.staticflickr.com\/65535\/49956612237_b5d20f966a_z.jpg\" alt=\"WhatsApp Image 2020-05-31 at 13.00.01\" width=\"640\" height=\"360\" \/><\/a><\/p>\n<p>Consejo de Administraci\u00f3n<br \/>\n31-may-2020<\/p>\n","protected":false},"excerpt":{"rendered":"<p>Coopersive Ltda informa a sus asociados que, como consecuencia del temporal desatado en nuestra localidad en el d\u00eda de ayer, se produjeron los siguientes inconvenientes en nuestra red de distribuci\u00f3n de energ\u00eda el\u00e9ctrica:<\/p>\n","protected":false},"author":3,"featured_media":0,"comment_status":"closed","ping_status":"open","sticky":false,"template":"","format":"standard","meta":{"footnotes":""},"categories":[26],"tags":[],"class_list":["post-42566","post","type-post","status-publish","format-standard","hentry","category-sociedad"],"yoast_head":"<!-- This site is optimized with the Yoast SEO plugin v25.9 - https:\/\/yoast.com\/wordpress\/plugins\/seo\/ -->\n<title>Consecuencias temporal del 30 de mayo. - Noticias Radio Reflejos<\/title>\n<meta name=\"robots\" content=\"index, follow, max-snippet:-1, max-image-preview:large, max-video-preview:-1\" \/>\n<link rel=\"canonical\" href=\"https:\/\/www.noticiasradioreflejos.com.ar\/2021\/consecuencias-temporal-del-30-de-mayo\/\" \/>\n<meta property=\"og:locale\" content=\"es_ES\" \/>\n<meta property=\"og:type\" content=\"article\" \/>\n<meta property=\"og:title\" content=\"Consecuencias temporal del 30 de mayo. - Noticias Radio Reflejos\" \/>\n<meta property=\"og:description\" content=\"Coopersive Ltda informa a sus asociados que, como consecuencia del temporal desatado en nuestra localidad en el d\u00eda de ayer, se produjeron los siguientes inconvenientes en nuestra red de distribuci\u00f3n de energ\u00eda el\u00e9ctrica:\" \/>\n<meta property=\"og:url\" content=\"https:\/\/www.noticiasradioreflejos.com.ar\/2021\/consecuencias-temporal-del-30-de-mayo\/\" \/>\n<meta property=\"og:site_name\" content=\"Noticias Radio Reflejos\" \/>\n<meta property=\"article:published_time\" content=\"2020-05-31T15:27:10+00:00\" \/>\n<meta property=\"og:image\" content=\"http:\/\/live.staticflickr.com\/65535\/49956323401_203f694065.jpg\" \/>\n<meta name=\"author\" content=\"Arnaldo Botto\" \/>\n<meta name=\"twitter:card\" content=\"summary_large_image\" \/>\n<script type=\"application\/ld+json\" class=\"yoast-schema-graph\">{\"@context\":\"https:\/\/schema.org\",\"@graph\":[{\"@type\":\"WebPage\",\"@id\":\"https:\/\/www.noticiasradioreflejos.com.ar\/2021\/consecuencias-temporal-del-30-de-mayo\/\",\"url\":\"https:\/\/www.noticiasradioreflejos.com.ar\/2021\/consecuencias-temporal-del-30-de-mayo\/\",\"name\":\"Consecuencias temporal del 30 de mayo. - Noticias Radio Reflejos\",\"isPartOf\":{\"@id\":\"https:\/\/www.noticiasradioreflejos.com.ar\/2021\/#website\"},\"primaryImageOfPage\":{\"@id\":\"https:\/\/www.noticiasradioreflejos.com.ar\/2021\/consecuencias-temporal-del-30-de-mayo\/#primaryimage\"},\"image\":{\"@id\":\"https:\/\/www.noticiasradioreflejos.com.ar\/2021\/consecuencias-temporal-del-30-de-mayo\/#primaryimage\"},\"thumbnailUrl\":\"http:\/\/live.staticflickr.com\/65535\/49956323401_203f694065.jpg\",\"datePublished\":\"2020-05-31T15:27:10+00:00\",\"author\":{\"@id\":\"https:\/\/www.noticiasradioreflejos.com.ar\/2021\/#\/schema\/person\/ad82545263dcc5ec0996818884fd5fb1\"},\"breadcrumb\":{\"@id\":\"https:\/\/www.noticiasradioreflejos.com.ar\/2021\/consecuencias-temporal-del-30-de-mayo\/#breadcrumb\"},\"inLanguage\":\"es\",\"potentialAction\":[{\"@type\":\"ReadAction\",\"target\":[\"https:\/\/www.noticiasradioreflejos.com.ar\/2021\/consecuencias-temporal-del-30-de-mayo\/\"]}]},{\"@type\":\"ImageObject\",\"inLanguage\":\"es\",\"@id\":\"https:\/\/www.noticiasradioreflejos.com.ar\/2021\/consecuencias-temporal-del-30-de-mayo\/#primaryimage\",\"url\":\"http:\/\/live.staticflickr.com\/65535\/49956323401_203f694065.jpg\",\"contentUrl\":\"http:\/\/live.staticflickr.com\/65535\/49956323401_203f694065.jpg\"},{\"@type\":\"BreadcrumbList\",\"@id\":\"https:\/\/www.noticiasradioreflejos.com.ar\/2021\/consecuencias-temporal-del-30-de-mayo\/#breadcrumb\",\"itemListElement\":[{\"@type\":\"ListItem\",\"position\":1,\"name\":\"Portada\",\"item\":\"https:\/\/www.noticiasradioreflejos.com.ar\/2021\/\"},{\"@type\":\"ListItem\",\"position\":2,\"name\":\"Consecuencias temporal del 30 de mayo.\"}]},{\"@type\":\"WebSite\",\"@id\":\"https:\/\/www.noticiasradioreflejos.com.ar\/2021\/#website\",\"url\":\"https:\/\/www.noticiasradioreflejos.com.ar\/2021\/\",\"name\":\"Noticias Radio Reflejos\",\"description\":\"Las noticias de mi comarca\",\"potentialAction\":[{\"@type\":\"SearchAction\",\"target\":{\"@type\":\"EntryPoint\",\"urlTemplate\":\"https:\/\/www.noticiasradioreflejos.com.ar\/2021\/?s={search_term_string}\"},\"query-input\":{\"@type\":\"PropertyValueSpecification\",\"valueRequired\":true,\"valueName\":\"search_term_string\"}}],\"inLanguage\":\"es\"},{\"@type\":\"Person\",\"@id\":\"https:\/\/www.noticiasradioreflejos.com.ar\/2021\/#\/schema\/person\/ad82545263dcc5ec0996818884fd5fb1\",\"name\":\"Arnaldo Botto\",\"image\":{\"@type\":\"ImageObject\",\"inLanguage\":\"es\",\"@id\":\"https:\/\/www.noticiasradioreflejos.com.ar\/2021\/#\/schema\/person\/image\/\",\"url\":\"https:\/\/secure.gravatar.com\/avatar\/55cb5e37c1efa326397366e6974cb338056df65cb50e7d64d1cf314e87504837?s=96&d=mm&r=g\",\"contentUrl\":\"https:\/\/secure.gravatar.com\/avatar\/55cb5e37c1efa326397366e6974cb338056df65cb50e7d64d1cf314e87504837?s=96&d=mm&r=g\",\"caption\":\"Arnaldo Botto\"},\"url\":\"https:\/\/www.noticiasradioreflejos.com.ar\/2021\/author\/arnaldo\/\"}]}<\/script>\n<!-- \/ Yoast SEO plugin. -->","yoast_head_json":{"title":"Consecuencias temporal del 30 de mayo. - Noticias Radio Reflejos","robots":{"index":"index","follow":"follow","max-snippet":"max-snippet:-1","max-image-preview":"max-image-preview:large","max-video-preview":"max-video-preview:-1"},"canonical":"https:\/\/www.noticiasradioreflejos.com.ar\/2021\/consecuencias-temporal-del-30-de-mayo\/","og_locale":"es_ES","og_type":"article","og_title":"Consecuencias temporal del 30 de mayo. - Noticias Radio Reflejos","og_description":"Coopersive Ltda informa a sus asociados que, como consecuencia del temporal desatado en nuestra localidad en el d\u00eda de ayer, se produjeron los siguientes inconvenientes en nuestra red de distribuci\u00f3n de energ\u00eda el\u00e9ctrica:","og_url":"https:\/\/www.noticiasradioreflejos.com.ar\/2021\/consecuencias-temporal-del-30-de-mayo\/","og_site_name":"Noticias Radio Reflejos","article_published_time":"2020-05-31T15:27:10+00:00","og_image":[{"url":"http:\/\/live.staticflickr.com\/65535\/49956323401_203f694065.jpg","type":"","width":"","height":""}],"author":"Arnaldo Botto","twitter_card":"summary_large_image","schema":{"@context":"https:\/\/schema.org","@graph":[{"@type":"WebPage","@id":"https:\/\/www.noticiasradioreflejos.com.ar\/2021\/consecuencias-temporal-del-30-de-mayo\/","url":"https:\/\/www.noticiasradioreflejos.com.ar\/2021\/consecuencias-temporal-del-30-de-mayo\/","name":"Consecuencias temporal del 30 de mayo. - Noticias Radio Reflejos","isPartOf":{"@id":"https:\/\/www.noticiasradioreflejos.com.ar\/2021\/#website"},"primaryImageOfPage":{"@id":"https:\/\/www.noticiasradioreflejos.com.ar\/2021\/consecuencias-temporal-del-30-de-mayo\/#primaryimage"},"image":{"@id":"https:\/\/www.noticiasradioreflejos.com.ar\/2021\/consecuencias-temporal-del-30-de-mayo\/#primaryimage"},"thumbnailUrl":"http:\/\/live.staticflickr.com\/65535\/49956323401_203f694065.jpg","datePublished":"2020-05-31T15:27:10+00:00","author":{"@id":"https:\/\/www.noticiasradioreflejos.com.ar\/2021\/#\/schema\/person\/ad82545263dcc5ec0996818884fd5fb1"},"breadcrumb":{"@id":"https:\/\/www.noticiasradioreflejos.com.ar\/2021\/consecuencias-temporal-del-30-de-mayo\/#breadcrumb"},"inLanguage":"es","potentialAction":[{"@type":"ReadAction","target":["https:\/\/www.noticiasradioreflejos.com.ar\/2021\/consecuencias-temporal-del-30-de-mayo\/"]}]},{"@type":"ImageObject","inLanguage":"es","@id":"https:\/\/www.noticiasradioreflejos.com.ar\/2021\/consecuencias-temporal-del-30-de-mayo\/#primaryimage","url":"http:\/\/live.staticflickr.com\/65535\/49956323401_203f694065.jpg","contentUrl":"http:\/\/live.staticflickr.com\/65535\/49956323401_203f694065.jpg"},{"@type":"BreadcrumbList","@id":"https:\/\/www.noticiasradioreflejos.com.ar\/2021\/consecuencias-temporal-del-30-de-mayo\/#breadcrumb","itemListElement":[{"@type":"ListItem","position":1,"name":"Portada","item":"https:\/\/www.noticiasradioreflejos.com.ar\/2021\/"},{"@type":"ListItem","position":2,"name":"Consecuencias temporal del 30 de mayo."}]},{"@type":"WebSite","@id":"https:\/\/www.noticiasradioreflejos.com.ar\/2021\/#website","url":"https:\/\/www.noticiasradioreflejos.com.ar\/2021\/","name":"Noticias Radio Reflejos","description":"Las noticias de mi comarca","potentialAction":[{"@type":"SearchAction","target":{"@type":"EntryPoint","urlTemplate":"https:\/\/www.noticiasradioreflejos.com.ar\/2021\/?s={search_term_string}"},"query-input":{"@type":"PropertyValueSpecification","valueRequired":true,"valueName":"search_term_string"}}],"inLanguage":"es"},{"@type":"Person","@id":"https:\/\/www.noticiasradioreflejos.com.ar\/2021\/#\/schema\/person\/ad82545263dcc5ec0996818884fd5fb1","name":"Arnaldo Botto","image":{"@type":"ImageObject","inLanguage":"es","@id":"https:\/\/www.noticiasradioreflejos.com.ar\/2021\/#\/schema\/person\/image\/","url":"https:\/\/secure.gravatar.com\/avatar\/55cb5e37c1efa326397366e6974cb338056df65cb50e7d64d1cf314e87504837?s=96&d=mm&r=g","contentUrl":"https:\/\/secure.gravatar.com\/avatar\/55cb5e37c1efa326397366e6974cb338056df65cb50e7d64d1cf314e87504837?s=96&d=mm&r=g","caption":"Arnaldo Botto"},"url":"https:\/\/www.noticiasradioreflejos.com.ar\/2021\/author\/arnaldo\/"}]}},"_links":{"self":[{"href":"https:\/\/www.noticiasradioreflejos.com.ar\/2021\/wp-json\/wp\/v2\/posts\/42566","targetHints":{"allow":["GET"]}}],"collection":[{"href":"https:\/\/www.noticiasradioreflejos.com.ar\/2021\/wp-json\/wp\/v2\/posts"}],"about":[{"href":"https:\/\/www.noticiasradioreflejos.com.ar\/2021\/wp-json\/wp\/v2\/types\/post"}],"author":[{"embeddable":true,"href":"https:\/\/www.noticiasradioreflejos.com.ar\/2021\/wp-json\/wp\/v2\/users\/3"}],"replies":[{"embeddable":true,"href":"https:\/\/www.noticiasradioreflejos.com.ar\/2021\/wp-json\/wp\/v2\/comments?post=42566"}],"version-history":[{"count":0,"href":"https:\/\/www.noticiasradioreflejos.com.ar\/2021\/wp-json\/wp\/v2\/posts\/42566\/revisions"}],"wp:attachment":[{"href":"https:\/\/www.noticiasradioreflejos.com.ar\/2021\/wp-json\/wp\/v2\/media?parent=42566"}],"wp:term":[{"taxonomy":"category","embeddable":true,"href":"https:\/\/www.noticiasradioreflejos.com.ar\/2021\/wp-json\/wp\/v2\/categories?post=42566"},{"taxonomy":"post_tag","embeddable":true,"href":"https:\/\/www.noticiasradioreflejos.com.ar\/2021\/wp-json\/wp\/v2\/tags?post=42566"}],"curies":[{"name":"wp","href":"https:\/\/api.w.org\/{rel}","templated":true}]}}