{"id":42561,"date":"2020-05-31T12:16:03","date_gmt":"2020-05-31T15:16:03","guid":{"rendered":"http:\/\/www.noticiasradioreflejos.com.ar\/noticias\/?p=42561"},"modified":"2020-05-31T12:16:03","modified_gmt":"2020-05-31T15:16:03","slug":"desde-manana-ya-no-se-utilizara-mas-la-vacuna-oral-sabin-contra-la-poliomielitis","status":"publish","type":"post","link":"https:\/\/www.noticiasradioreflejos.com.ar\/2021\/desde-manana-ya-no-se-utilizara-mas-la-vacuna-oral-sabin-contra-la-poliomielitis\/","title":{"rendered":"Desde ma\u00f1ana ya no se utilizar\u00e1 m\u00e1s la vacuna oral Sabin contra la poliomielitis"},"content":{"rendered":"<p>A partir de ma\u00f1ana, lunes de 1 de junio, se dejar\u00e1 de aplicar en todo el pa\u00eds la vacuna oral Sabin contra la poliomielitis y s\u00f3lo se utilizar\u00e1 la inyectable tipo Salk, anunci\u00f3 hoy la titular de la Comisi\u00f3n Nacional de Inmunizaciones.<!--more--><\/p>\n<p>\u00abHoy estamos todos muy emocionados al darle la despedida a las gotitas que nos ayudaron terminar con la polio y que usamos en el pa\u00eds en operativos masivos desde el a\u00f1o 1971\u00bb, dijo Roses, quien particip\u00f3 del habitual reporte matutino del Ministerio de Salud sobre la situaci\u00f3n del coronavirus en el pa\u00eds.<\/p>\n<p>La especialista, quien tambi\u00e9n es Directora Em\u00e9rita de la Organizaci\u00f3n Panamericana de la Salud (OPS), explic\u00f3 que de ahora en m\u00e1s se utilizar\u00e1 s\u00f3lo la vacuna inyectable tipo Salk, m\u00e1s completa que la Sabin y con menos posibilidades de generar complicaciones derivadas del propio virus.<\/p>\n<p>De acuerdo a la resoluci\u00f3n del Ministerio de Salud, el nuevo calendario de vacunaci\u00f3n incorpora la vacuna antipoliomiel\u00edtica \u00abinactivada\u00bb al calendario nacional de inmunizaciones con un esquema de aplicaci\u00f3n a los dos, cuatro y seis meses de vida y con un \u00fanico refuerzo al ingreso escolar. El ministerio aclar\u00f3 que en ning\u00fan caso ser\u00e1 necesaria una receta m\u00e9dica para su aplicaci\u00f3n.<\/p>\n<p>En el pa\u00eds, el \u00faltimo caso registrado de poliomielitis fue en 1984, mientras que diez a\u00f1os despu\u00e9s, en 1994, la regi\u00f3n de las Am\u00e9ricas fue primera en ser declarada libre de la enfermedad.<\/p>\n<p>El a\u00f1o pasado, seg\u00fan datos de la Organizaci\u00f3n Mundial de la Salud, en todo el mundo se notificaron 156 casos de polio y se estima que la vacuna pudo evitar m\u00e1s de 16 millones de casos de par\u00e1lisis por el virus.<\/p>\n<p>\u00abEs un hecho hist\u00f3rico\u00bb, destac\u00f3 Carla Vizzotti, viceministra de Salud y quien todas las ma\u00f1ana est\u00e1 a cargo del reporte sobre Covid-19.<\/p>\n<p>\u00abEstamos a un pasito de erradicar la segunda enfermedad del mundo despu\u00e9s de la viruela gracias a las vacunas, las vacunas nos igualan y son una prioridad, una pol\u00edtica de Estado en este pa\u00eds\u00bb, remarc\u00f3 Vizzotti.<\/p>\n<p>Roses, por su parte, reconoci\u00f3 que la aplicaci\u00f3n de la vacuna inyectable \u00abno ser\u00e1 tan f\u00e1cil como las gotitas\u00bb, y sobre la Sabin agreg\u00f3: \u00abTenemos que hacerle un reconocimiento especial, logr\u00f3 permitir la erradicaci\u00f3n de la polio de las Am\u00e9ricas, y lo est\u00e1 logrando casi en el mundo entero ya que est\u00e1 acorralada solo en dos pa\u00edses\u00bb.<\/p>\n","protected":false},"excerpt":{"rendered":"<p>A partir de ma\u00f1ana, lunes de 1 de junio, se dejar\u00e1 de aplicar en todo el pa\u00eds la vacuna oral Sabin contra la poliomielitis y s\u00f3lo se utilizar\u00e1 la inyectable tipo Salk, anunci\u00f3 hoy la titular de la Comisi\u00f3n Nacional de Inmunizaciones.<\/p>\n","protected":false},"author":3,"featured_media":0,"comment_status":"closed","ping_status":"open","sticky":false,"template":"","format":"standard","meta":{"footnotes":""},"categories":[30],"tags":[],"class_list":["post-42561","post","type-post","status-publish","format-standard","hentry","category-salud"],"yoast_head":"<!-- This site is optimized with the Yoast SEO plugin v25.9 - https:\/\/yoast.com\/wordpress\/plugins\/seo\/ -->\n<title>Desde ma\u00f1ana ya no se utilizar\u00e1 m\u00e1s la vacuna oral Sabin contra la poliomielitis - Noticias Radio Reflejos<\/title>\n<meta name=\"robots\" content=\"index, follow, max-snippet:-1, max-image-preview:large, max-video-preview:-1\" \/>\n<link rel=\"canonical\" href=\"https:\/\/www.noticiasradioreflejos.com.ar\/2021\/desde-manana-ya-no-se-utilizara-mas-la-vacuna-oral-sabin-contra-la-poliomielitis\/\" \/>\n<meta property=\"og:locale\" content=\"es_ES\" \/>\n<meta property=\"og:type\" content=\"article\" \/>\n<meta property=\"og:title\" content=\"Desde ma\u00f1ana ya no se utilizar\u00e1 m\u00e1s la vacuna oral Sabin contra la poliomielitis - Noticias Radio Reflejos\" \/>\n<meta property=\"og:description\" content=\"A partir de ma\u00f1ana, lunes de 1 de junio, se dejar\u00e1 de aplicar en todo el pa\u00eds la vacuna oral Sabin contra la poliomielitis y s\u00f3lo se utilizar\u00e1 la inyectable tipo Salk, anunci\u00f3 hoy la titular de la Comisi\u00f3n Nacional de Inmunizaciones.\" \/>\n<meta property=\"og:url\" content=\"https:\/\/www.noticiasradioreflejos.com.ar\/2021\/desde-manana-ya-no-se-utilizara-mas-la-vacuna-oral-sabin-contra-la-poliomielitis\/\" \/>\n<meta property=\"og:site_name\" content=\"Noticias Radio Reflejos\" \/>\n<meta property=\"article:published_time\" content=\"2020-05-31T15:16:03+00:00\" \/>\n<meta property=\"og:image\" content=\"https:\/\/www.noticiasradioreflejos.com.ar\/2021\/wp-content\/uploads\/2021\/07\/logosol300x200.png\" \/>\n\t<meta property=\"og:image:width\" content=\"300\" \/>\n\t<meta property=\"og:image:height\" content=\"200\" \/>\n\t<meta property=\"og:image:type\" content=\"image\/png\" \/>\n<meta name=\"author\" content=\"Arnaldo Botto\" \/>\n<meta name=\"twitter:card\" content=\"summary_large_image\" \/>\n<script type=\"application\/ld+json\" class=\"yoast-schema-graph\">{\"@context\":\"https:\/\/schema.org\",\"@graph\":[{\"@type\":\"WebPage\",\"@id\":\"https:\/\/www.noticiasradioreflejos.com.ar\/2021\/desde-manana-ya-no-se-utilizara-mas-la-vacuna-oral-sabin-contra-la-poliomielitis\/\",\"url\":\"https:\/\/www.noticiasradioreflejos.com.ar\/2021\/desde-manana-ya-no-se-utilizara-mas-la-vacuna-oral-sabin-contra-la-poliomielitis\/\",\"name\":\"Desde ma\u00f1ana ya no se utilizar\u00e1 m\u00e1s la vacuna oral Sabin contra la poliomielitis - Noticias Radio Reflejos\",\"isPartOf\":{\"@id\":\"https:\/\/www.noticiasradioreflejos.com.ar\/2021\/#website\"},\"datePublished\":\"2020-05-31T15:16:03+00:00\",\"author\":{\"@id\":\"https:\/\/www.noticiasradioreflejos.com.ar\/2021\/#\/schema\/person\/ad82545263dcc5ec0996818884fd5fb1\"},\"breadcrumb\":{\"@id\":\"https:\/\/www.noticiasradioreflejos.com.ar\/2021\/desde-manana-ya-no-se-utilizara-mas-la-vacuna-oral-sabin-contra-la-poliomielitis\/#breadcrumb\"},\"inLanguage\":\"es\",\"potentialAction\":[{\"@type\":\"ReadAction\",\"target\":[\"https:\/\/www.noticiasradioreflejos.com.ar\/2021\/desde-manana-ya-no-se-utilizara-mas-la-vacuna-oral-sabin-contra-la-poliomielitis\/\"]}]},{\"@type\":\"BreadcrumbList\",\"@id\":\"https:\/\/www.noticiasradioreflejos.com.ar\/2021\/desde-manana-ya-no-se-utilizara-mas-la-vacuna-oral-sabin-contra-la-poliomielitis\/#breadcrumb\",\"itemListElement\":[{\"@type\":\"ListItem\",\"position\":1,\"name\":\"Portada\",\"item\":\"https:\/\/www.noticiasradioreflejos.com.ar\/2021\/\"},{\"@type\":\"ListItem\",\"position\":2,\"name\":\"Desde ma\u00f1ana ya no se utilizar\u00e1 m\u00e1s la vacuna oral Sabin contra la poliomielitis\"}]},{\"@type\":\"WebSite\",\"@id\":\"https:\/\/www.noticiasradioreflejos.com.ar\/2021\/#website\",\"url\":\"https:\/\/www.noticiasradioreflejos.com.ar\/2021\/\",\"name\":\"Noticias Radio Reflejos\",\"description\":\"Las noticias de mi comarca\",\"potentialAction\":[{\"@type\":\"SearchAction\",\"target\":{\"@type\":\"EntryPoint\",\"urlTemplate\":\"https:\/\/www.noticiasradioreflejos.com.ar\/2021\/?s={search_term_string}\"},\"query-input\":{\"@type\":\"PropertyValueSpecification\",\"valueRequired\":true,\"valueName\":\"search_term_string\"}}],\"inLanguage\":\"es\"},{\"@type\":\"Person\",\"@id\":\"https:\/\/www.noticiasradioreflejos.com.ar\/2021\/#\/schema\/person\/ad82545263dcc5ec0996818884fd5fb1\",\"name\":\"Arnaldo Botto\",\"image\":{\"@type\":\"ImageObject\",\"inLanguage\":\"es\",\"@id\":\"https:\/\/www.noticiasradioreflejos.com.ar\/2021\/#\/schema\/person\/image\/\",\"url\":\"https:\/\/secure.gravatar.com\/avatar\/55cb5e37c1efa326397366e6974cb338056df65cb50e7d64d1cf314e87504837?s=96&d=mm&r=g\",\"contentUrl\":\"https:\/\/secure.gravatar.com\/avatar\/55cb5e37c1efa326397366e6974cb338056df65cb50e7d64d1cf314e87504837?s=96&d=mm&r=g\",\"caption\":\"Arnaldo Botto\"},\"url\":\"https:\/\/www.noticiasradioreflejos.com.ar\/2021\/author\/arnaldo\/\"}]}<\/script>\n<!-- \/ Yoast SEO plugin. -->","yoast_head_json":{"title":"Desde ma\u00f1ana ya no se utilizar\u00e1 m\u00e1s la vacuna oral Sabin contra la poliomielitis - Noticias Radio Reflejos","robots":{"index":"index","follow":"follow","max-snippet":"max-snippet:-1","max-image-preview":"max-image-preview:large","max-video-preview":"max-video-preview:-1"},"canonical":"https:\/\/www.noticiasradioreflejos.com.ar\/2021\/desde-manana-ya-no-se-utilizara-mas-la-vacuna-oral-sabin-contra-la-poliomielitis\/","og_locale":"es_ES","og_type":"article","og_title":"Desde ma\u00f1ana ya no se utilizar\u00e1 m\u00e1s la vacuna oral Sabin contra la poliomielitis - Noticias Radio Reflejos","og_description":"A partir de ma\u00f1ana, lunes de 1 de junio, se dejar\u00e1 de aplicar en todo el pa\u00eds la vacuna oral Sabin contra la poliomielitis y s\u00f3lo se utilizar\u00e1 la inyectable tipo Salk, anunci\u00f3 hoy la titular de la Comisi\u00f3n Nacional de Inmunizaciones.","og_url":"https:\/\/www.noticiasradioreflejos.com.ar\/2021\/desde-manana-ya-no-se-utilizara-mas-la-vacuna-oral-sabin-contra-la-poliomielitis\/","og_site_name":"Noticias Radio Reflejos","article_published_time":"2020-05-31T15:16:03+00:00","og_image":[{"width":300,"height":200,"url":"https:\/\/www.noticiasradioreflejos.com.ar\/2021\/wp-content\/uploads\/2021\/07\/logosol300x200.png","type":"image\/png"}],"author":"Arnaldo Botto","twitter_card":"summary_large_image","schema":{"@context":"https:\/\/schema.org","@graph":[{"@type":"WebPage","@id":"https:\/\/www.noticiasradioreflejos.com.ar\/2021\/desde-manana-ya-no-se-utilizara-mas-la-vacuna-oral-sabin-contra-la-poliomielitis\/","url":"https:\/\/www.noticiasradioreflejos.com.ar\/2021\/desde-manana-ya-no-se-utilizara-mas-la-vacuna-oral-sabin-contra-la-poliomielitis\/","name":"Desde ma\u00f1ana ya no se utilizar\u00e1 m\u00e1s la vacuna oral Sabin contra la poliomielitis - Noticias Radio Reflejos","isPartOf":{"@id":"https:\/\/www.noticiasradioreflejos.com.ar\/2021\/#website"},"datePublished":"2020-05-31T15:16:03+00:00","author":{"@id":"https:\/\/www.noticiasradioreflejos.com.ar\/2021\/#\/schema\/person\/ad82545263dcc5ec0996818884fd5fb1"},"breadcrumb":{"@id":"https:\/\/www.noticiasradioreflejos.com.ar\/2021\/desde-manana-ya-no-se-utilizara-mas-la-vacuna-oral-sabin-contra-la-poliomielitis\/#breadcrumb"},"inLanguage":"es","potentialAction":[{"@type":"ReadAction","target":["https:\/\/www.noticiasradioreflejos.com.ar\/2021\/desde-manana-ya-no-se-utilizara-mas-la-vacuna-oral-sabin-contra-la-poliomielitis\/"]}]},{"@type":"BreadcrumbList","@id":"https:\/\/www.noticiasradioreflejos.com.ar\/2021\/desde-manana-ya-no-se-utilizara-mas-la-vacuna-oral-sabin-contra-la-poliomielitis\/#breadcrumb","itemListElement":[{"@type":"ListItem","position":1,"name":"Portada","item":"https:\/\/www.noticiasradioreflejos.com.ar\/2021\/"},{"@type":"ListItem","position":2,"name":"Desde ma\u00f1ana ya no se utilizar\u00e1 m\u00e1s la vacuna oral Sabin contra la poliomielitis"}]},{"@type":"WebSite","@id":"https:\/\/www.noticiasradioreflejos.com.ar\/2021\/#website","url":"https:\/\/www.noticiasradioreflejos.com.ar\/2021\/","name":"Noticias Radio Reflejos","description":"Las noticias de mi comarca","potentialAction":[{"@type":"SearchAction","target":{"@type":"EntryPoint","urlTemplate":"https:\/\/www.noticiasradioreflejos.com.ar\/2021\/?s={search_term_string}"},"query-input":{"@type":"PropertyValueSpecification","valueRequired":true,"valueName":"search_term_string"}}],"inLanguage":"es"},{"@type":"Person","@id":"https:\/\/www.noticiasradioreflejos.com.ar\/2021\/#\/schema\/person\/ad82545263dcc5ec0996818884fd5fb1","name":"Arnaldo Botto","image":{"@type":"ImageObject","inLanguage":"es","@id":"https:\/\/www.noticiasradioreflejos.com.ar\/2021\/#\/schema\/person\/image\/","url":"https:\/\/secure.gravatar.com\/avatar\/55cb5e37c1efa326397366e6974cb338056df65cb50e7d64d1cf314e87504837?s=96&d=mm&r=g","contentUrl":"https:\/\/secure.gravatar.com\/avatar\/55cb5e37c1efa326397366e6974cb338056df65cb50e7d64d1cf314e87504837?s=96&d=mm&r=g","caption":"Arnaldo Botto"},"url":"https:\/\/www.noticiasradioreflejos.com.ar\/2021\/author\/arnaldo\/"}]}},"_links":{"self":[{"href":"https:\/\/www.noticiasradioreflejos.com.ar\/2021\/wp-json\/wp\/v2\/posts\/42561","targetHints":{"allow":["GET"]}}],"collection":[{"href":"https:\/\/www.noticiasradioreflejos.com.ar\/2021\/wp-json\/wp\/v2\/posts"}],"about":[{"href":"https:\/\/www.noticiasradioreflejos.com.ar\/2021\/wp-json\/wp\/v2\/types\/post"}],"author":[{"embeddable":true,"href":"https:\/\/www.noticiasradioreflejos.com.ar\/2021\/wp-json\/wp\/v2\/users\/3"}],"replies":[{"embeddable":true,"href":"https:\/\/www.noticiasradioreflejos.com.ar\/2021\/wp-json\/wp\/v2\/comments?post=42561"}],"version-history":[{"count":0,"href":"https:\/\/www.noticiasradioreflejos.com.ar\/2021\/wp-json\/wp\/v2\/posts\/42561\/revisions"}],"wp:attachment":[{"href":"https:\/\/www.noticiasradioreflejos.com.ar\/2021\/wp-json\/wp\/v2\/media?parent=42561"}],"wp:term":[{"taxonomy":"category","embeddable":true,"href":"https:\/\/www.noticiasradioreflejos.com.ar\/2021\/wp-json\/wp\/v2\/categories?post=42561"},{"taxonomy":"post_tag","embeddable":true,"href":"https:\/\/www.noticiasradioreflejos.com.ar\/2021\/wp-json\/wp\/v2\/tags?post=42561"}],"curies":[{"name":"wp","href":"https:\/\/api.w.org\/{rel}","templated":true}]}}