{"id":42544,"date":"2020-05-30T22:23:17","date_gmt":"2020-05-31T01:23:17","guid":{"rendered":"http:\/\/www.noticiasradioreflejos.com.ar\/noticias\/?p=42544"},"modified":"2020-05-30T22:23:17","modified_gmt":"2020-05-31T01:23:17","slug":"los-fuertes-vientos-provocaron-caidas-de-arboles-y-voladuras-de-techos-en-el-distrito","status":"publish","type":"post","link":"https:\/\/www.noticiasradioreflejos.com.ar\/2021\/los-fuertes-vientos-provocaron-caidas-de-arboles-y-voladuras-de-techos-en-el-distrito\/","title":{"rendered":"Los fuertes vientos provocaron ca\u00eddas de \u00e1rboles y voladuras de techos en el distrito ."},"content":{"rendered":"<p>El \u00e1rea de Defensa Civil de la Secretar\u00eda de Seguridad Municipal, comunica que hasta las 20.30hs se registraron voladuras de techos y ramas, como consecuencia de los fuertes vientos y lluvias de la tarde de hoy. <!--more--><\/p>\n<p>Tanto en Saldungaray como en Sierra de la Ventana se registraron voladuras de techos en viviendas, as\u00ed como tambi\u00e9n la ca\u00edda de ramas en distintos puntos de las localidades. En el caso de Saldungaray se trata de una vivienda en construcci\u00f3n. En Sierra de la Ventana, el techo de un garage precario fu\u00e9 destruido por las fuertes r\u00e1fagas de viento; el hecho ocurri\u00f3 en el Barrio Cerro Ceferino y hubo que lamentar da\u00f1os mayores.<br \/>\nVilla Ventana \u00fanicamente registr\u00f3 ca\u00edda de \u00e1rboles y ramas en varios sectores, y adem\u00e1s se alert\u00f3 sobre ramas ca\u00eddas sobre la Ruta Provincial N\u00b076, altura Estancia Las Vertientes.<br \/>\nEn Tres Picos los fuertes vientos provocaron ca\u00eddas de ramas.<br \/>\nTornquist y Chasic\u00f3 no sufrieron inconvenientes.<br \/>\nEs importante destacar que en ninguna de las localidades del distrito, se registraron heridos.<\/p>\n","protected":false},"excerpt":{"rendered":"<p>El \u00e1rea de Defensa Civil de la Secretar\u00eda de Seguridad Municipal, comunica que hasta las 20.30hs se registraron voladuras de techos y ramas, como consecuencia de los fuertes vientos y lluvias de la tarde de hoy.<\/p>\n","protected":false},"author":3,"featured_media":0,"comment_status":"closed","ping_status":"open","sticky":false,"template":"","format":"standard","meta":{"footnotes":""},"categories":[29],"tags":[],"class_list":["post-42544","post","type-post","status-publish","format-standard","hentry","category-policiales"],"yoast_head":"<!-- This site is optimized with the Yoast SEO plugin v25.9 - https:\/\/yoast.com\/wordpress\/plugins\/seo\/ -->\n<title>Los fuertes vientos provocaron ca\u00eddas de \u00e1rboles y voladuras de techos en el distrito . - Noticias Radio Reflejos<\/title>\n<meta name=\"robots\" content=\"index, follow, max-snippet:-1, max-image-preview:large, max-video-preview:-1\" \/>\n<link rel=\"canonical\" href=\"https:\/\/www.noticiasradioreflejos.com.ar\/2021\/los-fuertes-vientos-provocaron-caidas-de-arboles-y-voladuras-de-techos-en-el-distrito\/\" \/>\n<meta property=\"og:locale\" content=\"es_ES\" \/>\n<meta property=\"og:type\" content=\"article\" \/>\n<meta property=\"og:title\" content=\"Los fuertes vientos provocaron ca\u00eddas de \u00e1rboles y voladuras de techos en el distrito . - Noticias Radio Reflejos\" \/>\n<meta property=\"og:description\" content=\"El \u00e1rea de Defensa Civil de la Secretar\u00eda de Seguridad Municipal, comunica que hasta las 20.30hs se registraron voladuras de techos y ramas, como consecuencia de los fuertes vientos y lluvias de la tarde de hoy.\" \/>\n<meta property=\"og:url\" content=\"https:\/\/www.noticiasradioreflejos.com.ar\/2021\/los-fuertes-vientos-provocaron-caidas-de-arboles-y-voladuras-de-techos-en-el-distrito\/\" \/>\n<meta property=\"og:site_name\" content=\"Noticias Radio Reflejos\" \/>\n<meta property=\"article:published_time\" content=\"2020-05-31T01:23:17+00:00\" \/>\n<meta property=\"og:image\" content=\"https:\/\/www.noticiasradioreflejos.com.ar\/2021\/wp-content\/uploads\/2021\/07\/logosol300x200.png\" \/>\n\t<meta property=\"og:image:width\" content=\"300\" \/>\n\t<meta property=\"og:image:height\" content=\"200\" \/>\n\t<meta property=\"og:image:type\" content=\"image\/png\" \/>\n<meta name=\"author\" content=\"Arnaldo Botto\" \/>\n<meta name=\"twitter:card\" content=\"summary_large_image\" \/>\n<script type=\"application\/ld+json\" class=\"yoast-schema-graph\">{\"@context\":\"https:\/\/schema.org\",\"@graph\":[{\"@type\":\"WebPage\",\"@id\":\"https:\/\/www.noticiasradioreflejos.com.ar\/2021\/los-fuertes-vientos-provocaron-caidas-de-arboles-y-voladuras-de-techos-en-el-distrito\/\",\"url\":\"https:\/\/www.noticiasradioreflejos.com.ar\/2021\/los-fuertes-vientos-provocaron-caidas-de-arboles-y-voladuras-de-techos-en-el-distrito\/\",\"name\":\"Los fuertes vientos provocaron ca\u00eddas de \u00e1rboles y voladuras de techos en el distrito . - Noticias Radio Reflejos\",\"isPartOf\":{\"@id\":\"https:\/\/www.noticiasradioreflejos.com.ar\/2021\/#website\"},\"datePublished\":\"2020-05-31T01:23:17+00:00\",\"author\":{\"@id\":\"https:\/\/www.noticiasradioreflejos.com.ar\/2021\/#\/schema\/person\/ad82545263dcc5ec0996818884fd5fb1\"},\"breadcrumb\":{\"@id\":\"https:\/\/www.noticiasradioreflejos.com.ar\/2021\/los-fuertes-vientos-provocaron-caidas-de-arboles-y-voladuras-de-techos-en-el-distrito\/#breadcrumb\"},\"inLanguage\":\"es\",\"potentialAction\":[{\"@type\":\"ReadAction\",\"target\":[\"https:\/\/www.noticiasradioreflejos.com.ar\/2021\/los-fuertes-vientos-provocaron-caidas-de-arboles-y-voladuras-de-techos-en-el-distrito\/\"]}]},{\"@type\":\"BreadcrumbList\",\"@id\":\"https:\/\/www.noticiasradioreflejos.com.ar\/2021\/los-fuertes-vientos-provocaron-caidas-de-arboles-y-voladuras-de-techos-en-el-distrito\/#breadcrumb\",\"itemListElement\":[{\"@type\":\"ListItem\",\"position\":1,\"name\":\"Portada\",\"item\":\"https:\/\/www.noticiasradioreflejos.com.ar\/2021\/\"},{\"@type\":\"ListItem\",\"position\":2,\"name\":\"Los fuertes vientos provocaron ca\u00eddas de \u00e1rboles y voladuras de techos en el distrito .\"}]},{\"@type\":\"WebSite\",\"@id\":\"https:\/\/www.noticiasradioreflejos.com.ar\/2021\/#website\",\"url\":\"https:\/\/www.noticiasradioreflejos.com.ar\/2021\/\",\"name\":\"Noticias Radio Reflejos\",\"description\":\"Las noticias de mi comarca\",\"potentialAction\":[{\"@type\":\"SearchAction\",\"target\":{\"@type\":\"EntryPoint\",\"urlTemplate\":\"https:\/\/www.noticiasradioreflejos.com.ar\/2021\/?s={search_term_string}\"},\"query-input\":{\"@type\":\"PropertyValueSpecification\",\"valueRequired\":true,\"valueName\":\"search_term_string\"}}],\"inLanguage\":\"es\"},{\"@type\":\"Person\",\"@id\":\"https:\/\/www.noticiasradioreflejos.com.ar\/2021\/#\/schema\/person\/ad82545263dcc5ec0996818884fd5fb1\",\"name\":\"Arnaldo Botto\",\"image\":{\"@type\":\"ImageObject\",\"inLanguage\":\"es\",\"@id\":\"https:\/\/www.noticiasradioreflejos.com.ar\/2021\/#\/schema\/person\/image\/\",\"url\":\"https:\/\/secure.gravatar.com\/avatar\/55cb5e37c1efa326397366e6974cb338056df65cb50e7d64d1cf314e87504837?s=96&d=mm&r=g\",\"contentUrl\":\"https:\/\/secure.gravatar.com\/avatar\/55cb5e37c1efa326397366e6974cb338056df65cb50e7d64d1cf314e87504837?s=96&d=mm&r=g\",\"caption\":\"Arnaldo Botto\"},\"url\":\"https:\/\/www.noticiasradioreflejos.com.ar\/2021\/author\/arnaldo\/\"}]}<\/script>\n<!-- \/ Yoast SEO plugin. -->","yoast_head_json":{"title":"Los fuertes vientos provocaron ca\u00eddas de \u00e1rboles y voladuras de techos en el distrito . - Noticias Radio Reflejos","robots":{"index":"index","follow":"follow","max-snippet":"max-snippet:-1","max-image-preview":"max-image-preview:large","max-video-preview":"max-video-preview:-1"},"canonical":"https:\/\/www.noticiasradioreflejos.com.ar\/2021\/los-fuertes-vientos-provocaron-caidas-de-arboles-y-voladuras-de-techos-en-el-distrito\/","og_locale":"es_ES","og_type":"article","og_title":"Los fuertes vientos provocaron ca\u00eddas de \u00e1rboles y voladuras de techos en el distrito . - Noticias Radio Reflejos","og_description":"El \u00e1rea de Defensa Civil de la Secretar\u00eda de Seguridad Municipal, comunica que hasta las 20.30hs se registraron voladuras de techos y ramas, como consecuencia de los fuertes vientos y lluvias de la tarde de hoy.","og_url":"https:\/\/www.noticiasradioreflejos.com.ar\/2021\/los-fuertes-vientos-provocaron-caidas-de-arboles-y-voladuras-de-techos-en-el-distrito\/","og_site_name":"Noticias Radio Reflejos","article_published_time":"2020-05-31T01:23:17+00:00","og_image":[{"width":300,"height":200,"url":"https:\/\/www.noticiasradioreflejos.com.ar\/2021\/wp-content\/uploads\/2021\/07\/logosol300x200.png","type":"image\/png"}],"author":"Arnaldo Botto","twitter_card":"summary_large_image","schema":{"@context":"https:\/\/schema.org","@graph":[{"@type":"WebPage","@id":"https:\/\/www.noticiasradioreflejos.com.ar\/2021\/los-fuertes-vientos-provocaron-caidas-de-arboles-y-voladuras-de-techos-en-el-distrito\/","url":"https:\/\/www.noticiasradioreflejos.com.ar\/2021\/los-fuertes-vientos-provocaron-caidas-de-arboles-y-voladuras-de-techos-en-el-distrito\/","name":"Los fuertes vientos provocaron ca\u00eddas de \u00e1rboles y voladuras de techos en el distrito . - Noticias Radio Reflejos","isPartOf":{"@id":"https:\/\/www.noticiasradioreflejos.com.ar\/2021\/#website"},"datePublished":"2020-05-31T01:23:17+00:00","author":{"@id":"https:\/\/www.noticiasradioreflejos.com.ar\/2021\/#\/schema\/person\/ad82545263dcc5ec0996818884fd5fb1"},"breadcrumb":{"@id":"https:\/\/www.noticiasradioreflejos.com.ar\/2021\/los-fuertes-vientos-provocaron-caidas-de-arboles-y-voladuras-de-techos-en-el-distrito\/#breadcrumb"},"inLanguage":"es","potentialAction":[{"@type":"ReadAction","target":["https:\/\/www.noticiasradioreflejos.com.ar\/2021\/los-fuertes-vientos-provocaron-caidas-de-arboles-y-voladuras-de-techos-en-el-distrito\/"]}]},{"@type":"BreadcrumbList","@id":"https:\/\/www.noticiasradioreflejos.com.ar\/2021\/los-fuertes-vientos-provocaron-caidas-de-arboles-y-voladuras-de-techos-en-el-distrito\/#breadcrumb","itemListElement":[{"@type":"ListItem","position":1,"name":"Portada","item":"https:\/\/www.noticiasradioreflejos.com.ar\/2021\/"},{"@type":"ListItem","position":2,"name":"Los fuertes vientos provocaron ca\u00eddas de \u00e1rboles y voladuras de techos en el distrito ."}]},{"@type":"WebSite","@id":"https:\/\/www.noticiasradioreflejos.com.ar\/2021\/#website","url":"https:\/\/www.noticiasradioreflejos.com.ar\/2021\/","name":"Noticias Radio Reflejos","description":"Las noticias de mi comarca","potentialAction":[{"@type":"SearchAction","target":{"@type":"EntryPoint","urlTemplate":"https:\/\/www.noticiasradioreflejos.com.ar\/2021\/?s={search_term_string}"},"query-input":{"@type":"PropertyValueSpecification","valueRequired":true,"valueName":"search_term_string"}}],"inLanguage":"es"},{"@type":"Person","@id":"https:\/\/www.noticiasradioreflejos.com.ar\/2021\/#\/schema\/person\/ad82545263dcc5ec0996818884fd5fb1","name":"Arnaldo Botto","image":{"@type":"ImageObject","inLanguage":"es","@id":"https:\/\/www.noticiasradioreflejos.com.ar\/2021\/#\/schema\/person\/image\/","url":"https:\/\/secure.gravatar.com\/avatar\/55cb5e37c1efa326397366e6974cb338056df65cb50e7d64d1cf314e87504837?s=96&d=mm&r=g","contentUrl":"https:\/\/secure.gravatar.com\/avatar\/55cb5e37c1efa326397366e6974cb338056df65cb50e7d64d1cf314e87504837?s=96&d=mm&r=g","caption":"Arnaldo Botto"},"url":"https:\/\/www.noticiasradioreflejos.com.ar\/2021\/author\/arnaldo\/"}]}},"_links":{"self":[{"href":"https:\/\/www.noticiasradioreflejos.com.ar\/2021\/wp-json\/wp\/v2\/posts\/42544","targetHints":{"allow":["GET"]}}],"collection":[{"href":"https:\/\/www.noticiasradioreflejos.com.ar\/2021\/wp-json\/wp\/v2\/posts"}],"about":[{"href":"https:\/\/www.noticiasradioreflejos.com.ar\/2021\/wp-json\/wp\/v2\/types\/post"}],"author":[{"embeddable":true,"href":"https:\/\/www.noticiasradioreflejos.com.ar\/2021\/wp-json\/wp\/v2\/users\/3"}],"replies":[{"embeddable":true,"href":"https:\/\/www.noticiasradioreflejos.com.ar\/2021\/wp-json\/wp\/v2\/comments?post=42544"}],"version-history":[{"count":0,"href":"https:\/\/www.noticiasradioreflejos.com.ar\/2021\/wp-json\/wp\/v2\/posts\/42544\/revisions"}],"wp:attachment":[{"href":"https:\/\/www.noticiasradioreflejos.com.ar\/2021\/wp-json\/wp\/v2\/media?parent=42544"}],"wp:term":[{"taxonomy":"category","embeddable":true,"href":"https:\/\/www.noticiasradioreflejos.com.ar\/2021\/wp-json\/wp\/v2\/categories?post=42544"},{"taxonomy":"post_tag","embeddable":true,"href":"https:\/\/www.noticiasradioreflejos.com.ar\/2021\/wp-json\/wp\/v2\/tags?post=42544"}],"curies":[{"name":"wp","href":"https:\/\/api.w.org\/{rel}","templated":true}]}}