{"id":42527,"date":"2020-05-30T12:06:47","date_gmt":"2020-05-30T15:06:47","guid":{"rendered":"http:\/\/www.noticiasradioreflejos.com.ar\/noticias\/?p=42527"},"modified":"2020-05-30T12:06:47","modified_gmt":"2020-05-30T15:06:47","slug":"para-este-sabado-se-esperan-vientos-intensos-precipitaciones-y-nieve-en-la-cumbres-de-las-sierras-bonaerenses","status":"publish","type":"post","link":"https:\/\/www.noticiasradioreflejos.com.ar\/2021\/para-este-sabado-se-esperan-vientos-intensos-precipitaciones-y-nieve-en-la-cumbres-de-las-sierras-bonaerenses\/","title":{"rendered":"Para este s\u00e1bado se esperan vientos intensos, precipitaciones y nieve en la cumbres de las sierras bonaerenses."},"content":{"rendered":"<p>El Servicio Meteorol\u00f3gico Nacional mantiene en vigencia varios alertas por fuertes r\u00e1fagas de vientos con lluvias abundantes en el  Sur de la provincia de Buenos Aires, Noreste de R\u00edo Negro. Las condiciones no descartan la probabilidad de nevadas en las cumbres de las Sierras del sistema de Ventania durante la noche de este s\u00e1bado 30 de mayo.<!--more--><\/p>\n<p>El alerta del SMN indica: La formaci\u00f3n de un sistema de baja presi\u00f3n en las inmediaciones del sur bonaerense afectar\u00e1 el este de R\u00edo Negro y extremo sur y sudoeste de la provincia de Buenos Aires entre la ma\u00f1ana y la tarde de este s\u00e1bado, dejando un gradual cambio de viento al sector sur alcanzando velocidades entre 40 y 60 km\/h con r\u00e1fagas de hasta 90 km\/h. Particularmente para el sudeste de la provincia de Buenos Aires, las mayores intensidades se esperan entre la noche de hoy y la ma\u00f1ana del domingo 31, con r\u00e1fagas de 40 a 60km\/h del sector oeste, rotando luego al sur con intensidades de 70 a 90km\/h. Los pron\u00f3sticos para las costas adyacentes a la provincia de Buenos Aires y a la provincia de R\u00edo Negro fueron emitidos en el bolet\u00edn para la navegaci\u00f3n mar\u00edtima de rutina.<br \/>\nA esto debemos sumarle que la cota de nieve se estabiliza durante la tarde de este s\u00e1bado entre los 780 y 900 Mts\/\u201cs.n.m.\u201d, lo que transformarla las precipitaciones en aguanieve o copos de nieve manchando el cord\u00f3n serrano en gran parte de sus cerros altos, como el Ventana, Tres Picos, Destierro y otros.  <\/p>\n<p>Foto de archivo 2019<\/p>\n","protected":false},"excerpt":{"rendered":"<p>El Servicio Meteorol\u00f3gico Nacional mantiene en vigencia varios alertas por fuertes r\u00e1fagas de vientos con lluvias abundantes en el Sur de la provincia de Buenos Aires, Noreste de R\u00edo Negro. Las condiciones no descartan la probabilidad de nevadas en las cumbres de las Sierras del sistema de Ventania durante la noche de este s\u00e1bado 30 [&hellip;]<\/p>\n","protected":false},"author":3,"featured_media":0,"comment_status":"closed","ping_status":"open","sticky":false,"template":"","format":"standard","meta":{"footnotes":""},"categories":[26],"tags":[],"class_list":["post-42527","post","type-post","status-publish","format-standard","hentry","category-sociedad"],"yoast_head":"<!-- This site is optimized with the Yoast SEO plugin v25.9 - https:\/\/yoast.com\/wordpress\/plugins\/seo\/ -->\n<title>Para este s\u00e1bado se esperan vientos intensos, precipitaciones y nieve en la cumbres de las sierras bonaerenses. - Noticias Radio Reflejos<\/title>\n<meta name=\"robots\" content=\"index, follow, max-snippet:-1, max-image-preview:large, max-video-preview:-1\" \/>\n<link rel=\"canonical\" href=\"https:\/\/www.noticiasradioreflejos.com.ar\/2021\/para-este-sabado-se-esperan-vientos-intensos-precipitaciones-y-nieve-en-la-cumbres-de-las-sierras-bonaerenses\/\" \/>\n<meta property=\"og:locale\" content=\"es_ES\" \/>\n<meta property=\"og:type\" content=\"article\" \/>\n<meta property=\"og:title\" content=\"Para este s\u00e1bado se esperan vientos intensos, precipitaciones y nieve en la cumbres de las sierras bonaerenses. - Noticias Radio Reflejos\" \/>\n<meta property=\"og:description\" content=\"El Servicio Meteorol\u00f3gico Nacional mantiene en vigencia varios alertas por fuertes r\u00e1fagas de vientos con lluvias abundantes en el Sur de la provincia de Buenos Aires, Noreste de R\u00edo Negro. Las condiciones no descartan la probabilidad de nevadas en las cumbres de las Sierras del sistema de Ventania durante la noche de este s\u00e1bado 30 [&hellip;]\" \/>\n<meta property=\"og:url\" content=\"https:\/\/www.noticiasradioreflejos.com.ar\/2021\/para-este-sabado-se-esperan-vientos-intensos-precipitaciones-y-nieve-en-la-cumbres-de-las-sierras-bonaerenses\/\" \/>\n<meta property=\"og:site_name\" content=\"Noticias Radio Reflejos\" \/>\n<meta property=\"article:published_time\" content=\"2020-05-30T15:06:47+00:00\" \/>\n<meta property=\"og:image\" content=\"https:\/\/www.noticiasradioreflejos.com.ar\/2021\/wp-content\/uploads\/2021\/07\/logosol300x200.png\" \/>\n\t<meta property=\"og:image:width\" content=\"300\" \/>\n\t<meta property=\"og:image:height\" content=\"200\" \/>\n\t<meta property=\"og:image:type\" content=\"image\/png\" \/>\n<meta name=\"author\" content=\"Arnaldo Botto\" \/>\n<meta name=\"twitter:card\" content=\"summary_large_image\" \/>\n<script type=\"application\/ld+json\" class=\"yoast-schema-graph\">{\"@context\":\"https:\/\/schema.org\",\"@graph\":[{\"@type\":\"WebPage\",\"@id\":\"https:\/\/www.noticiasradioreflejos.com.ar\/2021\/para-este-sabado-se-esperan-vientos-intensos-precipitaciones-y-nieve-en-la-cumbres-de-las-sierras-bonaerenses\/\",\"url\":\"https:\/\/www.noticiasradioreflejos.com.ar\/2021\/para-este-sabado-se-esperan-vientos-intensos-precipitaciones-y-nieve-en-la-cumbres-de-las-sierras-bonaerenses\/\",\"name\":\"Para este s\u00e1bado se esperan vientos intensos, precipitaciones y nieve en la cumbres de las sierras bonaerenses. - Noticias Radio Reflejos\",\"isPartOf\":{\"@id\":\"https:\/\/www.noticiasradioreflejos.com.ar\/2021\/#website\"},\"datePublished\":\"2020-05-30T15:06:47+00:00\",\"author\":{\"@id\":\"https:\/\/www.noticiasradioreflejos.com.ar\/2021\/#\/schema\/person\/ad82545263dcc5ec0996818884fd5fb1\"},\"breadcrumb\":{\"@id\":\"https:\/\/www.noticiasradioreflejos.com.ar\/2021\/para-este-sabado-se-esperan-vientos-intensos-precipitaciones-y-nieve-en-la-cumbres-de-las-sierras-bonaerenses\/#breadcrumb\"},\"inLanguage\":\"es\",\"potentialAction\":[{\"@type\":\"ReadAction\",\"target\":[\"https:\/\/www.noticiasradioreflejos.com.ar\/2021\/para-este-sabado-se-esperan-vientos-intensos-precipitaciones-y-nieve-en-la-cumbres-de-las-sierras-bonaerenses\/\"]}]},{\"@type\":\"BreadcrumbList\",\"@id\":\"https:\/\/www.noticiasradioreflejos.com.ar\/2021\/para-este-sabado-se-esperan-vientos-intensos-precipitaciones-y-nieve-en-la-cumbres-de-las-sierras-bonaerenses\/#breadcrumb\",\"itemListElement\":[{\"@type\":\"ListItem\",\"position\":1,\"name\":\"Portada\",\"item\":\"https:\/\/www.noticiasradioreflejos.com.ar\/2021\/\"},{\"@type\":\"ListItem\",\"position\":2,\"name\":\"Para este s\u00e1bado se esperan vientos intensos, precipitaciones y nieve en la cumbres de las sierras bonaerenses.\"}]},{\"@type\":\"WebSite\",\"@id\":\"https:\/\/www.noticiasradioreflejos.com.ar\/2021\/#website\",\"url\":\"https:\/\/www.noticiasradioreflejos.com.ar\/2021\/\",\"name\":\"Noticias Radio Reflejos\",\"description\":\"Las noticias de mi comarca\",\"potentialAction\":[{\"@type\":\"SearchAction\",\"target\":{\"@type\":\"EntryPoint\",\"urlTemplate\":\"https:\/\/www.noticiasradioreflejos.com.ar\/2021\/?s={search_term_string}\"},\"query-input\":{\"@type\":\"PropertyValueSpecification\",\"valueRequired\":true,\"valueName\":\"search_term_string\"}}],\"inLanguage\":\"es\"},{\"@type\":\"Person\",\"@id\":\"https:\/\/www.noticiasradioreflejos.com.ar\/2021\/#\/schema\/person\/ad82545263dcc5ec0996818884fd5fb1\",\"name\":\"Arnaldo Botto\",\"image\":{\"@type\":\"ImageObject\",\"inLanguage\":\"es\",\"@id\":\"https:\/\/www.noticiasradioreflejos.com.ar\/2021\/#\/schema\/person\/image\/\",\"url\":\"https:\/\/secure.gravatar.com\/avatar\/55cb5e37c1efa326397366e6974cb338056df65cb50e7d64d1cf314e87504837?s=96&d=mm&r=g\",\"contentUrl\":\"https:\/\/secure.gravatar.com\/avatar\/55cb5e37c1efa326397366e6974cb338056df65cb50e7d64d1cf314e87504837?s=96&d=mm&r=g\",\"caption\":\"Arnaldo Botto\"},\"url\":\"https:\/\/www.noticiasradioreflejos.com.ar\/2021\/author\/arnaldo\/\"}]}<\/script>\n<!-- \/ Yoast SEO plugin. -->","yoast_head_json":{"title":"Para este s\u00e1bado se esperan vientos intensos, precipitaciones y nieve en la cumbres de las sierras bonaerenses. - Noticias Radio Reflejos","robots":{"index":"index","follow":"follow","max-snippet":"max-snippet:-1","max-image-preview":"max-image-preview:large","max-video-preview":"max-video-preview:-1"},"canonical":"https:\/\/www.noticiasradioreflejos.com.ar\/2021\/para-este-sabado-se-esperan-vientos-intensos-precipitaciones-y-nieve-en-la-cumbres-de-las-sierras-bonaerenses\/","og_locale":"es_ES","og_type":"article","og_title":"Para este s\u00e1bado se esperan vientos intensos, precipitaciones y nieve en la cumbres de las sierras bonaerenses. - Noticias Radio Reflejos","og_description":"El Servicio Meteorol\u00f3gico Nacional mantiene en vigencia varios alertas por fuertes r\u00e1fagas de vientos con lluvias abundantes en el Sur de la provincia de Buenos Aires, Noreste de R\u00edo Negro. Las condiciones no descartan la probabilidad de nevadas en las cumbres de las Sierras del sistema de Ventania durante la noche de este s\u00e1bado 30 [&hellip;]","og_url":"https:\/\/www.noticiasradioreflejos.com.ar\/2021\/para-este-sabado-se-esperan-vientos-intensos-precipitaciones-y-nieve-en-la-cumbres-de-las-sierras-bonaerenses\/","og_site_name":"Noticias Radio Reflejos","article_published_time":"2020-05-30T15:06:47+00:00","og_image":[{"width":300,"height":200,"url":"https:\/\/www.noticiasradioreflejos.com.ar\/2021\/wp-content\/uploads\/2021\/07\/logosol300x200.png","type":"image\/png"}],"author":"Arnaldo Botto","twitter_card":"summary_large_image","schema":{"@context":"https:\/\/schema.org","@graph":[{"@type":"WebPage","@id":"https:\/\/www.noticiasradioreflejos.com.ar\/2021\/para-este-sabado-se-esperan-vientos-intensos-precipitaciones-y-nieve-en-la-cumbres-de-las-sierras-bonaerenses\/","url":"https:\/\/www.noticiasradioreflejos.com.ar\/2021\/para-este-sabado-se-esperan-vientos-intensos-precipitaciones-y-nieve-en-la-cumbres-de-las-sierras-bonaerenses\/","name":"Para este s\u00e1bado se esperan vientos intensos, precipitaciones y nieve en la cumbres de las sierras bonaerenses. - Noticias Radio Reflejos","isPartOf":{"@id":"https:\/\/www.noticiasradioreflejos.com.ar\/2021\/#website"},"datePublished":"2020-05-30T15:06:47+00:00","author":{"@id":"https:\/\/www.noticiasradioreflejos.com.ar\/2021\/#\/schema\/person\/ad82545263dcc5ec0996818884fd5fb1"},"breadcrumb":{"@id":"https:\/\/www.noticiasradioreflejos.com.ar\/2021\/para-este-sabado-se-esperan-vientos-intensos-precipitaciones-y-nieve-en-la-cumbres-de-las-sierras-bonaerenses\/#breadcrumb"},"inLanguage":"es","potentialAction":[{"@type":"ReadAction","target":["https:\/\/www.noticiasradioreflejos.com.ar\/2021\/para-este-sabado-se-esperan-vientos-intensos-precipitaciones-y-nieve-en-la-cumbres-de-las-sierras-bonaerenses\/"]}]},{"@type":"BreadcrumbList","@id":"https:\/\/www.noticiasradioreflejos.com.ar\/2021\/para-este-sabado-se-esperan-vientos-intensos-precipitaciones-y-nieve-en-la-cumbres-de-las-sierras-bonaerenses\/#breadcrumb","itemListElement":[{"@type":"ListItem","position":1,"name":"Portada","item":"https:\/\/www.noticiasradioreflejos.com.ar\/2021\/"},{"@type":"ListItem","position":2,"name":"Para este s\u00e1bado se esperan vientos intensos, precipitaciones y nieve en la cumbres de las sierras bonaerenses."}]},{"@type":"WebSite","@id":"https:\/\/www.noticiasradioreflejos.com.ar\/2021\/#website","url":"https:\/\/www.noticiasradioreflejos.com.ar\/2021\/","name":"Noticias Radio Reflejos","description":"Las noticias de mi comarca","potentialAction":[{"@type":"SearchAction","target":{"@type":"EntryPoint","urlTemplate":"https:\/\/www.noticiasradioreflejos.com.ar\/2021\/?s={search_term_string}"},"query-input":{"@type":"PropertyValueSpecification","valueRequired":true,"valueName":"search_term_string"}}],"inLanguage":"es"},{"@type":"Person","@id":"https:\/\/www.noticiasradioreflejos.com.ar\/2021\/#\/schema\/person\/ad82545263dcc5ec0996818884fd5fb1","name":"Arnaldo Botto","image":{"@type":"ImageObject","inLanguage":"es","@id":"https:\/\/www.noticiasradioreflejos.com.ar\/2021\/#\/schema\/person\/image\/","url":"https:\/\/secure.gravatar.com\/avatar\/55cb5e37c1efa326397366e6974cb338056df65cb50e7d64d1cf314e87504837?s=96&d=mm&r=g","contentUrl":"https:\/\/secure.gravatar.com\/avatar\/55cb5e37c1efa326397366e6974cb338056df65cb50e7d64d1cf314e87504837?s=96&d=mm&r=g","caption":"Arnaldo Botto"},"url":"https:\/\/www.noticiasradioreflejos.com.ar\/2021\/author\/arnaldo\/"}]}},"_links":{"self":[{"href":"https:\/\/www.noticiasradioreflejos.com.ar\/2021\/wp-json\/wp\/v2\/posts\/42527","targetHints":{"allow":["GET"]}}],"collection":[{"href":"https:\/\/www.noticiasradioreflejos.com.ar\/2021\/wp-json\/wp\/v2\/posts"}],"about":[{"href":"https:\/\/www.noticiasradioreflejos.com.ar\/2021\/wp-json\/wp\/v2\/types\/post"}],"author":[{"embeddable":true,"href":"https:\/\/www.noticiasradioreflejos.com.ar\/2021\/wp-json\/wp\/v2\/users\/3"}],"replies":[{"embeddable":true,"href":"https:\/\/www.noticiasradioreflejos.com.ar\/2021\/wp-json\/wp\/v2\/comments?post=42527"}],"version-history":[{"count":0,"href":"https:\/\/www.noticiasradioreflejos.com.ar\/2021\/wp-json\/wp\/v2\/posts\/42527\/revisions"}],"wp:attachment":[{"href":"https:\/\/www.noticiasradioreflejos.com.ar\/2021\/wp-json\/wp\/v2\/media?parent=42527"}],"wp:term":[{"taxonomy":"category","embeddable":true,"href":"https:\/\/www.noticiasradioreflejos.com.ar\/2021\/wp-json\/wp\/v2\/categories?post=42527"},{"taxonomy":"post_tag","embeddable":true,"href":"https:\/\/www.noticiasradioreflejos.com.ar\/2021\/wp-json\/wp\/v2\/tags?post=42527"}],"curies":[{"name":"wp","href":"https:\/\/api.w.org\/{rel}","templated":true}]}}