{"id":42520,"date":"2020-05-29T23:57:35","date_gmt":"2020-05-30T02:57:35","guid":{"rendered":"http:\/\/www.noticiasradioreflejos.com.ar\/noticias\/?p=42520"},"modified":"2020-05-29T23:57:35","modified_gmt":"2020-05-30T02:57:35","slug":"queda-sin-efecto-el-horario-de-comercio-establecido-para-grupos-de-riesgo","status":"publish","type":"post","link":"https:\/\/www.noticiasradioreflejos.com.ar\/2021\/queda-sin-efecto-el-horario-de-comercio-establecido-para-grupos-de-riesgo\/","title":{"rendered":"Queda sin efecto el horario de comercio establecido para grupos de riesgo."},"content":{"rendered":"<p style=\"text-align: left;\">Dado que nos encontramos ingresando a la temporada invernal, Tornquist Municipio decidi\u00f3, considerando un pedido de las distintas C\u00e1maras de Comercio del Distrito, que a partir del d\u00eda de la fecha quede sin efecto el horario establecido de 8 a 10hs, exclusivo para aquellas personas consideradas grupos de riesgo, como las personas mayores de 60 a\u00f1os o embarazas.<!--more--><br \/>\nReconociendo que en dicho horario, se suelen registrar las temperaturas m\u00e1s bajas, solicitamos flexibilizar dicho horario por parte de los comerciantes, y dar prioridad cuando llegue una persona de los mencionados grupos de riesgo a sus comercios.<br \/>\nRecordamos a la poblaci\u00f3n, respetar las medidas de seguridad e higiene dispuestas y los protocolos para llevar adelante cada una de las actividades aprobadas; y los instamos a respetar el distanciamiento social establecido y el uso obligatorio del tapaboca.<br \/>\nCon todas estas medidas, continuamos evitando la circulaci\u00f3n del virus dentro de nuestro distrito.<\/p>\n","protected":false},"excerpt":{"rendered":"<p>Dado que nos encontramos ingresando a la temporada invernal, Tornquist Municipio decidi\u00f3, considerando un pedido de las distintas C\u00e1maras de Comercio del Distrito, que a partir del d\u00eda de la fecha quede sin efecto el horario establecido de 8 a 10hs, exclusivo para aquellas personas consideradas grupos de riesgo, como las personas mayores de 60 [&hellip;]<\/p>\n","protected":false},"author":3,"featured_media":0,"comment_status":"closed","ping_status":"open","sticky":false,"template":"","format":"standard","meta":{"footnotes":""},"categories":[28],"tags":[],"class_list":["post-42520","post","type-post","status-publish","format-standard","hentry","category-municipales"],"yoast_head":"<!-- This site is optimized with the Yoast SEO plugin v25.9 - https:\/\/yoast.com\/wordpress\/plugins\/seo\/ -->\n<title>Queda sin efecto el horario de comercio establecido para grupos de riesgo. - Noticias Radio Reflejos<\/title>\n<meta name=\"robots\" content=\"index, follow, max-snippet:-1, max-image-preview:large, max-video-preview:-1\" \/>\n<link rel=\"canonical\" href=\"https:\/\/www.noticiasradioreflejos.com.ar\/2021\/queda-sin-efecto-el-horario-de-comercio-establecido-para-grupos-de-riesgo\/\" \/>\n<meta property=\"og:locale\" content=\"es_ES\" \/>\n<meta property=\"og:type\" content=\"article\" \/>\n<meta property=\"og:title\" content=\"Queda sin efecto el horario de comercio establecido para grupos de riesgo. - Noticias Radio Reflejos\" \/>\n<meta property=\"og:description\" content=\"Dado que nos encontramos ingresando a la temporada invernal, Tornquist Municipio decidi\u00f3, considerando un pedido de las distintas C\u00e1maras de Comercio del Distrito, que a partir del d\u00eda de la fecha quede sin efecto el horario establecido de 8 a 10hs, exclusivo para aquellas personas consideradas grupos de riesgo, como las personas mayores de 60 [&hellip;]\" \/>\n<meta property=\"og:url\" content=\"https:\/\/www.noticiasradioreflejos.com.ar\/2021\/queda-sin-efecto-el-horario-de-comercio-establecido-para-grupos-de-riesgo\/\" \/>\n<meta property=\"og:site_name\" content=\"Noticias Radio Reflejos\" \/>\n<meta property=\"article:published_time\" content=\"2020-05-30T02:57:35+00:00\" \/>\n<meta property=\"og:image\" content=\"https:\/\/www.noticiasradioreflejos.com.ar\/2021\/wp-content\/uploads\/2021\/07\/logosol300x200.png\" \/>\n\t<meta property=\"og:image:width\" content=\"300\" \/>\n\t<meta property=\"og:image:height\" content=\"200\" \/>\n\t<meta property=\"og:image:type\" content=\"image\/png\" \/>\n<meta name=\"author\" content=\"Arnaldo Botto\" \/>\n<meta name=\"twitter:card\" content=\"summary_large_image\" \/>\n<script type=\"application\/ld+json\" class=\"yoast-schema-graph\">{\"@context\":\"https:\/\/schema.org\",\"@graph\":[{\"@type\":\"WebPage\",\"@id\":\"https:\/\/www.noticiasradioreflejos.com.ar\/2021\/queda-sin-efecto-el-horario-de-comercio-establecido-para-grupos-de-riesgo\/\",\"url\":\"https:\/\/www.noticiasradioreflejos.com.ar\/2021\/queda-sin-efecto-el-horario-de-comercio-establecido-para-grupos-de-riesgo\/\",\"name\":\"Queda sin efecto el horario de comercio establecido para grupos de riesgo. - Noticias Radio Reflejos\",\"isPartOf\":{\"@id\":\"https:\/\/www.noticiasradioreflejos.com.ar\/2021\/#website\"},\"datePublished\":\"2020-05-30T02:57:35+00:00\",\"author\":{\"@id\":\"https:\/\/www.noticiasradioreflejos.com.ar\/2021\/#\/schema\/person\/ad82545263dcc5ec0996818884fd5fb1\"},\"breadcrumb\":{\"@id\":\"https:\/\/www.noticiasradioreflejos.com.ar\/2021\/queda-sin-efecto-el-horario-de-comercio-establecido-para-grupos-de-riesgo\/#breadcrumb\"},\"inLanguage\":\"es\",\"potentialAction\":[{\"@type\":\"ReadAction\",\"target\":[\"https:\/\/www.noticiasradioreflejos.com.ar\/2021\/queda-sin-efecto-el-horario-de-comercio-establecido-para-grupos-de-riesgo\/\"]}]},{\"@type\":\"BreadcrumbList\",\"@id\":\"https:\/\/www.noticiasradioreflejos.com.ar\/2021\/queda-sin-efecto-el-horario-de-comercio-establecido-para-grupos-de-riesgo\/#breadcrumb\",\"itemListElement\":[{\"@type\":\"ListItem\",\"position\":1,\"name\":\"Portada\",\"item\":\"https:\/\/www.noticiasradioreflejos.com.ar\/2021\/\"},{\"@type\":\"ListItem\",\"position\":2,\"name\":\"Queda sin efecto el horario de comercio establecido para grupos de riesgo.\"}]},{\"@type\":\"WebSite\",\"@id\":\"https:\/\/www.noticiasradioreflejos.com.ar\/2021\/#website\",\"url\":\"https:\/\/www.noticiasradioreflejos.com.ar\/2021\/\",\"name\":\"Noticias Radio Reflejos\",\"description\":\"Las noticias de mi comarca\",\"potentialAction\":[{\"@type\":\"SearchAction\",\"target\":{\"@type\":\"EntryPoint\",\"urlTemplate\":\"https:\/\/www.noticiasradioreflejos.com.ar\/2021\/?s={search_term_string}\"},\"query-input\":{\"@type\":\"PropertyValueSpecification\",\"valueRequired\":true,\"valueName\":\"search_term_string\"}}],\"inLanguage\":\"es\"},{\"@type\":\"Person\",\"@id\":\"https:\/\/www.noticiasradioreflejos.com.ar\/2021\/#\/schema\/person\/ad82545263dcc5ec0996818884fd5fb1\",\"name\":\"Arnaldo Botto\",\"image\":{\"@type\":\"ImageObject\",\"inLanguage\":\"es\",\"@id\":\"https:\/\/www.noticiasradioreflejos.com.ar\/2021\/#\/schema\/person\/image\/\",\"url\":\"https:\/\/secure.gravatar.com\/avatar\/55cb5e37c1efa326397366e6974cb338056df65cb50e7d64d1cf314e87504837?s=96&d=mm&r=g\",\"contentUrl\":\"https:\/\/secure.gravatar.com\/avatar\/55cb5e37c1efa326397366e6974cb338056df65cb50e7d64d1cf314e87504837?s=96&d=mm&r=g\",\"caption\":\"Arnaldo Botto\"},\"url\":\"https:\/\/www.noticiasradioreflejos.com.ar\/2021\/author\/arnaldo\/\"}]}<\/script>\n<!-- \/ Yoast SEO plugin. -->","yoast_head_json":{"title":"Queda sin efecto el horario de comercio establecido para grupos de riesgo. - Noticias Radio Reflejos","robots":{"index":"index","follow":"follow","max-snippet":"max-snippet:-1","max-image-preview":"max-image-preview:large","max-video-preview":"max-video-preview:-1"},"canonical":"https:\/\/www.noticiasradioreflejos.com.ar\/2021\/queda-sin-efecto-el-horario-de-comercio-establecido-para-grupos-de-riesgo\/","og_locale":"es_ES","og_type":"article","og_title":"Queda sin efecto el horario de comercio establecido para grupos de riesgo. - Noticias Radio Reflejos","og_description":"Dado que nos encontramos ingresando a la temporada invernal, Tornquist Municipio decidi\u00f3, considerando un pedido de las distintas C\u00e1maras de Comercio del Distrito, que a partir del d\u00eda de la fecha quede sin efecto el horario establecido de 8 a 10hs, exclusivo para aquellas personas consideradas grupos de riesgo, como las personas mayores de 60 [&hellip;]","og_url":"https:\/\/www.noticiasradioreflejos.com.ar\/2021\/queda-sin-efecto-el-horario-de-comercio-establecido-para-grupos-de-riesgo\/","og_site_name":"Noticias Radio Reflejos","article_published_time":"2020-05-30T02:57:35+00:00","og_image":[{"width":300,"height":200,"url":"https:\/\/www.noticiasradioreflejos.com.ar\/2021\/wp-content\/uploads\/2021\/07\/logosol300x200.png","type":"image\/png"}],"author":"Arnaldo Botto","twitter_card":"summary_large_image","schema":{"@context":"https:\/\/schema.org","@graph":[{"@type":"WebPage","@id":"https:\/\/www.noticiasradioreflejos.com.ar\/2021\/queda-sin-efecto-el-horario-de-comercio-establecido-para-grupos-de-riesgo\/","url":"https:\/\/www.noticiasradioreflejos.com.ar\/2021\/queda-sin-efecto-el-horario-de-comercio-establecido-para-grupos-de-riesgo\/","name":"Queda sin efecto el horario de comercio establecido para grupos de riesgo. - Noticias Radio Reflejos","isPartOf":{"@id":"https:\/\/www.noticiasradioreflejos.com.ar\/2021\/#website"},"datePublished":"2020-05-30T02:57:35+00:00","author":{"@id":"https:\/\/www.noticiasradioreflejos.com.ar\/2021\/#\/schema\/person\/ad82545263dcc5ec0996818884fd5fb1"},"breadcrumb":{"@id":"https:\/\/www.noticiasradioreflejos.com.ar\/2021\/queda-sin-efecto-el-horario-de-comercio-establecido-para-grupos-de-riesgo\/#breadcrumb"},"inLanguage":"es","potentialAction":[{"@type":"ReadAction","target":["https:\/\/www.noticiasradioreflejos.com.ar\/2021\/queda-sin-efecto-el-horario-de-comercio-establecido-para-grupos-de-riesgo\/"]}]},{"@type":"BreadcrumbList","@id":"https:\/\/www.noticiasradioreflejos.com.ar\/2021\/queda-sin-efecto-el-horario-de-comercio-establecido-para-grupos-de-riesgo\/#breadcrumb","itemListElement":[{"@type":"ListItem","position":1,"name":"Portada","item":"https:\/\/www.noticiasradioreflejos.com.ar\/2021\/"},{"@type":"ListItem","position":2,"name":"Queda sin efecto el horario de comercio establecido para grupos de riesgo."}]},{"@type":"WebSite","@id":"https:\/\/www.noticiasradioreflejos.com.ar\/2021\/#website","url":"https:\/\/www.noticiasradioreflejos.com.ar\/2021\/","name":"Noticias Radio Reflejos","description":"Las noticias de mi comarca","potentialAction":[{"@type":"SearchAction","target":{"@type":"EntryPoint","urlTemplate":"https:\/\/www.noticiasradioreflejos.com.ar\/2021\/?s={search_term_string}"},"query-input":{"@type":"PropertyValueSpecification","valueRequired":true,"valueName":"search_term_string"}}],"inLanguage":"es"},{"@type":"Person","@id":"https:\/\/www.noticiasradioreflejos.com.ar\/2021\/#\/schema\/person\/ad82545263dcc5ec0996818884fd5fb1","name":"Arnaldo Botto","image":{"@type":"ImageObject","inLanguage":"es","@id":"https:\/\/www.noticiasradioreflejos.com.ar\/2021\/#\/schema\/person\/image\/","url":"https:\/\/secure.gravatar.com\/avatar\/55cb5e37c1efa326397366e6974cb338056df65cb50e7d64d1cf314e87504837?s=96&d=mm&r=g","contentUrl":"https:\/\/secure.gravatar.com\/avatar\/55cb5e37c1efa326397366e6974cb338056df65cb50e7d64d1cf314e87504837?s=96&d=mm&r=g","caption":"Arnaldo Botto"},"url":"https:\/\/www.noticiasradioreflejos.com.ar\/2021\/author\/arnaldo\/"}]}},"_links":{"self":[{"href":"https:\/\/www.noticiasradioreflejos.com.ar\/2021\/wp-json\/wp\/v2\/posts\/42520","targetHints":{"allow":["GET"]}}],"collection":[{"href":"https:\/\/www.noticiasradioreflejos.com.ar\/2021\/wp-json\/wp\/v2\/posts"}],"about":[{"href":"https:\/\/www.noticiasradioreflejos.com.ar\/2021\/wp-json\/wp\/v2\/types\/post"}],"author":[{"embeddable":true,"href":"https:\/\/www.noticiasradioreflejos.com.ar\/2021\/wp-json\/wp\/v2\/users\/3"}],"replies":[{"embeddable":true,"href":"https:\/\/www.noticiasradioreflejos.com.ar\/2021\/wp-json\/wp\/v2\/comments?post=42520"}],"version-history":[{"count":0,"href":"https:\/\/www.noticiasradioreflejos.com.ar\/2021\/wp-json\/wp\/v2\/posts\/42520\/revisions"}],"wp:attachment":[{"href":"https:\/\/www.noticiasradioreflejos.com.ar\/2021\/wp-json\/wp\/v2\/media?parent=42520"}],"wp:term":[{"taxonomy":"category","embeddable":true,"href":"https:\/\/www.noticiasradioreflejos.com.ar\/2021\/wp-json\/wp\/v2\/categories?post=42520"},{"taxonomy":"post_tag","embeddable":true,"href":"https:\/\/www.noticiasradioreflejos.com.ar\/2021\/wp-json\/wp\/v2\/tags?post=42520"}],"curies":[{"name":"wp","href":"https:\/\/api.w.org\/{rel}","templated":true}]}}