{"id":42384,"date":"2020-05-27T08:39:41","date_gmt":"2020-05-27T11:39:41","guid":{"rendered":"http:\/\/www.noticiasradioreflejos.com.ar\/noticias\/?p=42384"},"modified":"2020-05-27T08:39:41","modified_gmt":"2020-05-27T11:39:41","slug":"abren-inscripcion-para-que-estudiantes-accedan-a-beca-tu-pc-para-estudiar-a-distancia","status":"publish","type":"post","link":"https:\/\/www.noticiasradioreflejos.com.ar\/2021\/abren-inscripcion-para-que-estudiantes-accedan-a-beca-tu-pc-para-estudiar-a-distancia\/","title":{"rendered":"Abren inscripci\u00f3n para que estudiantes accedan a beca \u00abTu Pc\u00bb para estudiar a distancia"},"content":{"rendered":"<p>La Universidad Nacional de La Plata abri\u00f3 hoy la inscripci\u00f3n para la beca \u00abTu PC para estudiar\u00bb, por la cual le otorgar\u00e1 a los estudiantes que lo requieran, en calidad de pr\u00e9stamo, una computadora, notebook o tablet para continuar con sus cursadas a distancia durante la pandemia, inform\u00f3 esa casa de estudios. Los estudiantes interesados podr\u00e1n inscribirse hasta el 9 de junio, completando el formulario disponible en el sitio web www.becas.unlp.edu.ar e ingresando con el usuario \u00fanico UNLP.<!--more--><\/p>\n<p>Un comunicado de la Universidad platense detall\u00f3 que los requisitos para acceder a la beca es ser estudiante de grado de alguna de las carreras de la UNLP, no poseer un t\u00edtulo universitario y\/o terciario previo, que los ingresos del grupo familiar no superen los montos establecidos en cada convocatoria y, en el caso de estudiantes avanzados: haber aprobado, con examen final o promoci\u00f3n, al menos dos materias durante el \u00faltimo ciclo lectivo (periodo comprendido durante el 1\u00b0 de abril de 2019 y el 31 de marzo de 2020).<\/p>\n<p>A partir de la selecci\u00f3n se establecer\u00e1 un orden de prioridades para la entrega de los dispositivos, que estar\u00e1 sujeto a la disponibilidad de los mismos.<\/p>\n<p>En la implementaci\u00f3n de esta iniciativa participa activamente el Programa \u00abE-basura\u00bb dependiente de la Presidencia de la UNLP, formado por un grupo de docentes, alumnos y graduados que se encarga de la reutilizaci\u00f3n y revalorizaci\u00f3n de aparatos el\u00e9ctricos y electr\u00f3nicos.<\/p>\n<p>Ante cualquier duda, los interesados pueden enviar un correo a direccion.becas@presi.unlp.edu.ar o escribir en las redes sociales en @BienestarUNLP.<\/p>\n","protected":false},"excerpt":{"rendered":"<p>La Universidad Nacional de La Plata abri\u00f3 hoy la inscripci\u00f3n para la beca \u00abTu PC para estudiar\u00bb, por la cual le otorgar\u00e1 a los estudiantes que lo requieran, en calidad de pr\u00e9stamo, una computadora, notebook o tablet para continuar con sus cursadas a distancia durante la pandemia, inform\u00f3 esa casa de estudios. Los estudiantes interesados [&hellip;]<\/p>\n","protected":false},"author":3,"featured_media":0,"comment_status":"closed","ping_status":"open","sticky":false,"template":"","format":"standard","meta":{"footnotes":""},"categories":[34],"tags":[],"class_list":["post-42384","post","type-post","status-publish","format-standard","hentry","category-educacion"],"yoast_head":"<!-- This site is optimized with the Yoast SEO plugin v25.9 - https:\/\/yoast.com\/wordpress\/plugins\/seo\/ -->\n<title>Abren inscripci\u00f3n para que estudiantes accedan a beca &quot;Tu Pc&quot; para estudiar a distancia - Noticias Radio Reflejos<\/title>\n<meta name=\"robots\" content=\"index, follow, max-snippet:-1, max-image-preview:large, max-video-preview:-1\" \/>\n<link rel=\"canonical\" href=\"https:\/\/www.noticiasradioreflejos.com.ar\/2021\/abren-inscripcion-para-que-estudiantes-accedan-a-beca-tu-pc-para-estudiar-a-distancia\/\" \/>\n<meta property=\"og:locale\" content=\"es_ES\" \/>\n<meta property=\"og:type\" content=\"article\" \/>\n<meta property=\"og:title\" content=\"Abren inscripci\u00f3n para que estudiantes accedan a beca &quot;Tu Pc&quot; para estudiar a distancia - Noticias Radio Reflejos\" \/>\n<meta property=\"og:description\" content=\"La Universidad Nacional de La Plata abri\u00f3 hoy la inscripci\u00f3n para la beca \u00abTu PC para estudiar\u00bb, por la cual le otorgar\u00e1 a los estudiantes que lo requieran, en calidad de pr\u00e9stamo, una computadora, notebook o tablet para continuar con sus cursadas a distancia durante la pandemia, inform\u00f3 esa casa de estudios. Los estudiantes interesados [&hellip;]\" \/>\n<meta property=\"og:url\" content=\"https:\/\/www.noticiasradioreflejos.com.ar\/2021\/abren-inscripcion-para-que-estudiantes-accedan-a-beca-tu-pc-para-estudiar-a-distancia\/\" \/>\n<meta property=\"og:site_name\" content=\"Noticias Radio Reflejos\" \/>\n<meta property=\"article:published_time\" content=\"2020-05-27T11:39:41+00:00\" \/>\n<meta property=\"og:image\" content=\"https:\/\/www.noticiasradioreflejos.com.ar\/2021\/wp-content\/uploads\/2021\/07\/logosol300x200.png\" \/>\n\t<meta property=\"og:image:width\" content=\"300\" \/>\n\t<meta property=\"og:image:height\" content=\"200\" \/>\n\t<meta property=\"og:image:type\" content=\"image\/png\" \/>\n<meta name=\"author\" content=\"Arnaldo Botto\" \/>\n<meta name=\"twitter:card\" content=\"summary_large_image\" \/>\n<script type=\"application\/ld+json\" class=\"yoast-schema-graph\">{\"@context\":\"https:\/\/schema.org\",\"@graph\":[{\"@type\":\"WebPage\",\"@id\":\"https:\/\/www.noticiasradioreflejos.com.ar\/2021\/abren-inscripcion-para-que-estudiantes-accedan-a-beca-tu-pc-para-estudiar-a-distancia\/\",\"url\":\"https:\/\/www.noticiasradioreflejos.com.ar\/2021\/abren-inscripcion-para-que-estudiantes-accedan-a-beca-tu-pc-para-estudiar-a-distancia\/\",\"name\":\"Abren inscripci\u00f3n para que estudiantes accedan a beca \\\"Tu Pc\\\" para estudiar a distancia - Noticias Radio Reflejos\",\"isPartOf\":{\"@id\":\"https:\/\/www.noticiasradioreflejos.com.ar\/2021\/#website\"},\"datePublished\":\"2020-05-27T11:39:41+00:00\",\"author\":{\"@id\":\"https:\/\/www.noticiasradioreflejos.com.ar\/2021\/#\/schema\/person\/ad82545263dcc5ec0996818884fd5fb1\"},\"breadcrumb\":{\"@id\":\"https:\/\/www.noticiasradioreflejos.com.ar\/2021\/abren-inscripcion-para-que-estudiantes-accedan-a-beca-tu-pc-para-estudiar-a-distancia\/#breadcrumb\"},\"inLanguage\":\"es\",\"potentialAction\":[{\"@type\":\"ReadAction\",\"target\":[\"https:\/\/www.noticiasradioreflejos.com.ar\/2021\/abren-inscripcion-para-que-estudiantes-accedan-a-beca-tu-pc-para-estudiar-a-distancia\/\"]}]},{\"@type\":\"BreadcrumbList\",\"@id\":\"https:\/\/www.noticiasradioreflejos.com.ar\/2021\/abren-inscripcion-para-que-estudiantes-accedan-a-beca-tu-pc-para-estudiar-a-distancia\/#breadcrumb\",\"itemListElement\":[{\"@type\":\"ListItem\",\"position\":1,\"name\":\"Portada\",\"item\":\"https:\/\/www.noticiasradioreflejos.com.ar\/2021\/\"},{\"@type\":\"ListItem\",\"position\":2,\"name\":\"Abren inscripci\u00f3n para que estudiantes accedan a beca \u00abTu Pc\u00bb para estudiar a distancia\"}]},{\"@type\":\"WebSite\",\"@id\":\"https:\/\/www.noticiasradioreflejos.com.ar\/2021\/#website\",\"url\":\"https:\/\/www.noticiasradioreflejos.com.ar\/2021\/\",\"name\":\"Noticias Radio Reflejos\",\"description\":\"Las noticias de mi comarca\",\"potentialAction\":[{\"@type\":\"SearchAction\",\"target\":{\"@type\":\"EntryPoint\",\"urlTemplate\":\"https:\/\/www.noticiasradioreflejos.com.ar\/2021\/?s={search_term_string}\"},\"query-input\":{\"@type\":\"PropertyValueSpecification\",\"valueRequired\":true,\"valueName\":\"search_term_string\"}}],\"inLanguage\":\"es\"},{\"@type\":\"Person\",\"@id\":\"https:\/\/www.noticiasradioreflejos.com.ar\/2021\/#\/schema\/person\/ad82545263dcc5ec0996818884fd5fb1\",\"name\":\"Arnaldo Botto\",\"image\":{\"@type\":\"ImageObject\",\"inLanguage\":\"es\",\"@id\":\"https:\/\/www.noticiasradioreflejos.com.ar\/2021\/#\/schema\/person\/image\/\",\"url\":\"https:\/\/secure.gravatar.com\/avatar\/55cb5e37c1efa326397366e6974cb338056df65cb50e7d64d1cf314e87504837?s=96&d=mm&r=g\",\"contentUrl\":\"https:\/\/secure.gravatar.com\/avatar\/55cb5e37c1efa326397366e6974cb338056df65cb50e7d64d1cf314e87504837?s=96&d=mm&r=g\",\"caption\":\"Arnaldo Botto\"},\"url\":\"https:\/\/www.noticiasradioreflejos.com.ar\/2021\/author\/arnaldo\/\"}]}<\/script>\n<!-- \/ Yoast SEO plugin. -->","yoast_head_json":{"title":"Abren inscripci\u00f3n para que estudiantes accedan a beca \"Tu Pc\" para estudiar a distancia - Noticias Radio Reflejos","robots":{"index":"index","follow":"follow","max-snippet":"max-snippet:-1","max-image-preview":"max-image-preview:large","max-video-preview":"max-video-preview:-1"},"canonical":"https:\/\/www.noticiasradioreflejos.com.ar\/2021\/abren-inscripcion-para-que-estudiantes-accedan-a-beca-tu-pc-para-estudiar-a-distancia\/","og_locale":"es_ES","og_type":"article","og_title":"Abren inscripci\u00f3n para que estudiantes accedan a beca \"Tu Pc\" para estudiar a distancia - Noticias Radio Reflejos","og_description":"La Universidad Nacional de La Plata abri\u00f3 hoy la inscripci\u00f3n para la beca \u00abTu PC para estudiar\u00bb, por la cual le otorgar\u00e1 a los estudiantes que lo requieran, en calidad de pr\u00e9stamo, una computadora, notebook o tablet para continuar con sus cursadas a distancia durante la pandemia, inform\u00f3 esa casa de estudios. Los estudiantes interesados [&hellip;]","og_url":"https:\/\/www.noticiasradioreflejos.com.ar\/2021\/abren-inscripcion-para-que-estudiantes-accedan-a-beca-tu-pc-para-estudiar-a-distancia\/","og_site_name":"Noticias Radio Reflejos","article_published_time":"2020-05-27T11:39:41+00:00","og_image":[{"width":300,"height":200,"url":"https:\/\/www.noticiasradioreflejos.com.ar\/2021\/wp-content\/uploads\/2021\/07\/logosol300x200.png","type":"image\/png"}],"author":"Arnaldo Botto","twitter_card":"summary_large_image","schema":{"@context":"https:\/\/schema.org","@graph":[{"@type":"WebPage","@id":"https:\/\/www.noticiasradioreflejos.com.ar\/2021\/abren-inscripcion-para-que-estudiantes-accedan-a-beca-tu-pc-para-estudiar-a-distancia\/","url":"https:\/\/www.noticiasradioreflejos.com.ar\/2021\/abren-inscripcion-para-que-estudiantes-accedan-a-beca-tu-pc-para-estudiar-a-distancia\/","name":"Abren inscripci\u00f3n para que estudiantes accedan a beca \"Tu Pc\" para estudiar a distancia - Noticias Radio Reflejos","isPartOf":{"@id":"https:\/\/www.noticiasradioreflejos.com.ar\/2021\/#website"},"datePublished":"2020-05-27T11:39:41+00:00","author":{"@id":"https:\/\/www.noticiasradioreflejos.com.ar\/2021\/#\/schema\/person\/ad82545263dcc5ec0996818884fd5fb1"},"breadcrumb":{"@id":"https:\/\/www.noticiasradioreflejos.com.ar\/2021\/abren-inscripcion-para-que-estudiantes-accedan-a-beca-tu-pc-para-estudiar-a-distancia\/#breadcrumb"},"inLanguage":"es","potentialAction":[{"@type":"ReadAction","target":["https:\/\/www.noticiasradioreflejos.com.ar\/2021\/abren-inscripcion-para-que-estudiantes-accedan-a-beca-tu-pc-para-estudiar-a-distancia\/"]}]},{"@type":"BreadcrumbList","@id":"https:\/\/www.noticiasradioreflejos.com.ar\/2021\/abren-inscripcion-para-que-estudiantes-accedan-a-beca-tu-pc-para-estudiar-a-distancia\/#breadcrumb","itemListElement":[{"@type":"ListItem","position":1,"name":"Portada","item":"https:\/\/www.noticiasradioreflejos.com.ar\/2021\/"},{"@type":"ListItem","position":2,"name":"Abren inscripci\u00f3n para que estudiantes accedan a beca \u00abTu Pc\u00bb para estudiar a distancia"}]},{"@type":"WebSite","@id":"https:\/\/www.noticiasradioreflejos.com.ar\/2021\/#website","url":"https:\/\/www.noticiasradioreflejos.com.ar\/2021\/","name":"Noticias Radio Reflejos","description":"Las noticias de mi comarca","potentialAction":[{"@type":"SearchAction","target":{"@type":"EntryPoint","urlTemplate":"https:\/\/www.noticiasradioreflejos.com.ar\/2021\/?s={search_term_string}"},"query-input":{"@type":"PropertyValueSpecification","valueRequired":true,"valueName":"search_term_string"}}],"inLanguage":"es"},{"@type":"Person","@id":"https:\/\/www.noticiasradioreflejos.com.ar\/2021\/#\/schema\/person\/ad82545263dcc5ec0996818884fd5fb1","name":"Arnaldo Botto","image":{"@type":"ImageObject","inLanguage":"es","@id":"https:\/\/www.noticiasradioreflejos.com.ar\/2021\/#\/schema\/person\/image\/","url":"https:\/\/secure.gravatar.com\/avatar\/55cb5e37c1efa326397366e6974cb338056df65cb50e7d64d1cf314e87504837?s=96&d=mm&r=g","contentUrl":"https:\/\/secure.gravatar.com\/avatar\/55cb5e37c1efa326397366e6974cb338056df65cb50e7d64d1cf314e87504837?s=96&d=mm&r=g","caption":"Arnaldo Botto"},"url":"https:\/\/www.noticiasradioreflejos.com.ar\/2021\/author\/arnaldo\/"}]}},"_links":{"self":[{"href":"https:\/\/www.noticiasradioreflejos.com.ar\/2021\/wp-json\/wp\/v2\/posts\/42384","targetHints":{"allow":["GET"]}}],"collection":[{"href":"https:\/\/www.noticiasradioreflejos.com.ar\/2021\/wp-json\/wp\/v2\/posts"}],"about":[{"href":"https:\/\/www.noticiasradioreflejos.com.ar\/2021\/wp-json\/wp\/v2\/types\/post"}],"author":[{"embeddable":true,"href":"https:\/\/www.noticiasradioreflejos.com.ar\/2021\/wp-json\/wp\/v2\/users\/3"}],"replies":[{"embeddable":true,"href":"https:\/\/www.noticiasradioreflejos.com.ar\/2021\/wp-json\/wp\/v2\/comments?post=42384"}],"version-history":[{"count":0,"href":"https:\/\/www.noticiasradioreflejos.com.ar\/2021\/wp-json\/wp\/v2\/posts\/42384\/revisions"}],"wp:attachment":[{"href":"https:\/\/www.noticiasradioreflejos.com.ar\/2021\/wp-json\/wp\/v2\/media?parent=42384"}],"wp:term":[{"taxonomy":"category","embeddable":true,"href":"https:\/\/www.noticiasradioreflejos.com.ar\/2021\/wp-json\/wp\/v2\/categories?post=42384"},{"taxonomy":"post_tag","embeddable":true,"href":"https:\/\/www.noticiasradioreflejos.com.ar\/2021\/wp-json\/wp\/v2\/tags?post=42384"}],"curies":[{"name":"wp","href":"https:\/\/api.w.org\/{rel}","templated":true}]}}