{"id":42366,"date":"2020-05-26T22:46:15","date_gmt":"2020-05-27T01:46:15","guid":{"rendered":"http:\/\/www.noticiasradioreflejos.com.ar\/noticias\/?p=42366"},"modified":"2020-05-26T22:46:15","modified_gmt":"2020-05-27T01:46:15","slug":"por-suerte-no-trabajo-del-turismo-pero-tengo-3-hijos-que-en-este-momento-estan-sin-trabajo-esto-no-me-causa-ninguna-gracia-dila-donofrio","status":"publish","type":"post","link":"https:\/\/www.noticiasradioreflejos.com.ar\/2021\/por-suerte-no-trabajo-del-turismo-pero-tengo-3-hijos-que-en-este-momento-estan-sin-trabajo-esto-no-me-causa-ninguna-gracia-dila-donofrio\/","title":{"rendered":"\u00abPor suerte no trabajo del turismo, pero tengo 3 hijos que en este momento est\u00e1n sin trabajo, esto no me causa ninguna gracia\u00bb. Dila D&#8217;Onofrio."},"content":{"rendered":"<p>Le concedimos el espacio de la radio a Dila, integrante de la Agrupaci\u00f3n Coral \u00abLas Sierras\u00bb, para que nos cuente c\u00f3mo se toma ella este nuevo pedido de alargamiento de la cuarentena que decret\u00f3 el Presidente de la Naci\u00f3n hace 3 d\u00edas atr\u00e1s. <!--more--><\/p>\n<p>\u00abNo me gusta, pero me la banco\u00bb comenz\u00f3 expres\u00e1ndose. Ella admite que le gusta salir, pero que aprovecha el tiempo del encierro para hacer tareas de la casa, cocinar, etc.<\/p>\n<p>Nos cont\u00f3 que durante la cuarentena, hacen una reuni\u00f3n de Zoom los lunes a la noche con sus compa\u00f1eros y el profesor de la Agrupaci\u00f3n Coral para poner en com\u00fan las dudas que tengan con respecto a las partituras que reciben de parte del docente. \u00abNo ensayamos por videollamada, pero ahora nos estamos grabando cantando sobre pistas de manera individual\u00bb coment\u00f3 Dila y agreg\u00f3 que probablemente comiencen a grabarse en formato video y luego ensamblarlos para poder verse todos juntos mientras cantan. \u00abExtra\u00f1o much\u00edsimo ensayar, adem\u00e1s la voz se va estropeando porque no se calienta\u00bb confes\u00f3, pero reconoce que reunirse en este momento ser\u00eda muy peligroso. Adem\u00e1s, nos cont\u00f3 que muchos participantes del coro quedan exclu\u00eddos de las reuniones porque muchos no saben c\u00f3mo manipular la plataforma digital.<\/p>\n<p>Cuando conversamos con ella c\u00f3mo afecta la cuarentena a su vida econ\u00f3mica, nos contest\u00f3 \u00abpor suerte no trabajo del turismo, pero tengo 3 hijos que en este momento est\u00e1n sin trabajo, esto no me causa ninguna gracia\u00bb. No s\u00f3lo la situaci\u00f3n econ\u00f3mica afecta a las familias, sino tambi\u00e9n la distancia, como en el caso de Dila. \u00abYo me muero de ganas por ir a Buenos Aires a visitar a mis hijos y a mis nietos, y me aterra pensar que ellos est\u00e1n all\u00e1 con el nivel de contagio que hay, pero no me queda otra que bancarmela\u00bb.<\/p>\n<p>Dila a lo largo de la nota expres\u00f3 su preocupaci\u00f3n con respecto a la gente que no se est\u00e1 cuidando como corresponde, piensa que no toma conciencia del peligro y de la situaci\u00f3n. \u00abQuiero hacer hincapi\u00e9 en esto: mucha gente que sale a caminar nota que casas que antes estaban cerradas, ahora est\u00e1n abiertas. En mi opini\u00f3n, tienen que denunciar, yo ya denunci\u00e9 3 veces\u00bb comunic\u00f3 firmemente.<\/p>\n<p>\u00abTodas estas medidas no van a ser eternas, van a terminar en alg\u00fan momento. Hay que aguantar mientras tanto\u00bb dijo Dila alentando a la gente a quedarse en sus casas. Adem\u00e1s, nos comenta que conoce lo peligroso de este virus y de c\u00f3mo afecta a la salud de las personas. \u00abSi todos estuviesen al tanto de lo mal que hace este virus, todos estar\u00edan encerrados en sus casas. Yo creo que la gente no toma conciencia\u00bb afirm\u00f3 finalmente.<\/p>\n<p>Nota completa a continuaci\u00f3n:<br \/>\n<iframe loading=\"lazy\" src=\"https:\/\/w.soundcloud.com\/player\/?url=https%3A\/\/api.soundcloud.com\/tracks\/828422857&amp;color=%23ff5500&amp;auto_play=false&amp;hide_related=false&amp;show_comments=true&amp;show_user=true&amp;show_reposts=false&amp;show_teaser=true\" width=\"100%\" height=\"166\" frameborder=\"no\" scrolling=\"no\"><\/iframe><\/p>\n<div style=\"font-size: 10px; color: #cccccc; line-break: anywhere; word-break: normal; overflow: hidden; white-space: nowrap; text-overflow: ellipsis; font-family: Interstate,Lucida Grande,Lucida Sans Unicode,Lucida Sans,Garuda,Verdana,Tahoma,sans-serif; font-weight: 100;\"><a style=\"color: #cccccc; text-decoration: none;\" title=\"fmreflejos 103.7\" href=\"https:\/\/soundcloud.com\/fmreflejos-103-7\" target=\"_blank\" rel=\"noopener\">fmreflejos 103.7<\/a> \u00b7 <a style=\"color: #cccccc; text-decoration: none;\" title=\"Dila D'Onofrio\" href=\"https:\/\/soundcloud.com\/fmreflejos-103-7\/dila\" target=\"_blank\" rel=\"noopener\">Dila D&#8217;Onofrio<\/a><\/div>\n","protected":false},"excerpt":{"rendered":"<p>Le concedimos el espacio de la radio a Dila, integrante de la Agrupaci\u00f3n Coral \u00abLas Sierras\u00bb, para que nos cuente c\u00f3mo se toma ella este nuevo pedido de alargamiento de la cuarentena que decret\u00f3 el Presidente de la Naci\u00f3n hace 3 d\u00edas atr\u00e1s.<\/p>\n","protected":false},"author":3,"featured_media":0,"comment_status":"closed","ping_status":"open","sticky":false,"template":"","format":"standard","meta":{"footnotes":""},"categories":[26],"tags":[],"class_list":["post-42366","post","type-post","status-publish","format-standard","hentry","category-sociedad"],"yoast_head":"<!-- This site is optimized with the Yoast SEO plugin v25.9 - https:\/\/yoast.com\/wordpress\/plugins\/seo\/ -->\n<title>&quot;Por suerte no trabajo del turismo, pero tengo 3 hijos que en este momento est\u00e1n sin trabajo, esto no me causa ninguna gracia&quot;. Dila D&#039;Onofrio. - Noticias Radio Reflejos<\/title>\n<meta name=\"robots\" content=\"index, follow, max-snippet:-1, max-image-preview:large, max-video-preview:-1\" \/>\n<link rel=\"canonical\" href=\"https:\/\/www.noticiasradioreflejos.com.ar\/2021\/por-suerte-no-trabajo-del-turismo-pero-tengo-3-hijos-que-en-este-momento-estan-sin-trabajo-esto-no-me-causa-ninguna-gracia-dila-donofrio\/\" \/>\n<meta property=\"og:locale\" content=\"es_ES\" \/>\n<meta property=\"og:type\" content=\"article\" \/>\n<meta property=\"og:title\" content=\"&quot;Por suerte no trabajo del turismo, pero tengo 3 hijos que en este momento est\u00e1n sin trabajo, esto no me causa ninguna gracia&quot;. Dila D&#039;Onofrio. - Noticias Radio Reflejos\" \/>\n<meta property=\"og:description\" content=\"Le concedimos el espacio de la radio a Dila, integrante de la Agrupaci\u00f3n Coral \u00abLas Sierras\u00bb, para que nos cuente c\u00f3mo se toma ella este nuevo pedido de alargamiento de la cuarentena que decret\u00f3 el Presidente de la Naci\u00f3n hace 3 d\u00edas atr\u00e1s.\" \/>\n<meta property=\"og:url\" content=\"https:\/\/www.noticiasradioreflejos.com.ar\/2021\/por-suerte-no-trabajo-del-turismo-pero-tengo-3-hijos-que-en-este-momento-estan-sin-trabajo-esto-no-me-causa-ninguna-gracia-dila-donofrio\/\" \/>\n<meta property=\"og:site_name\" content=\"Noticias Radio Reflejos\" \/>\n<meta property=\"article:published_time\" content=\"2020-05-27T01:46:15+00:00\" \/>\n<meta property=\"og:image\" content=\"https:\/\/www.noticiasradioreflejos.com.ar\/2021\/wp-content\/uploads\/2021\/07\/logosol300x200.png\" \/>\n\t<meta property=\"og:image:width\" content=\"300\" \/>\n\t<meta property=\"og:image:height\" content=\"200\" \/>\n\t<meta property=\"og:image:type\" content=\"image\/png\" \/>\n<meta name=\"author\" content=\"Arnaldo Botto\" \/>\n<meta name=\"twitter:card\" content=\"summary_large_image\" \/>\n<script type=\"application\/ld+json\" class=\"yoast-schema-graph\">{\"@context\":\"https:\/\/schema.org\",\"@graph\":[{\"@type\":\"WebPage\",\"@id\":\"https:\/\/www.noticiasradioreflejos.com.ar\/2021\/por-suerte-no-trabajo-del-turismo-pero-tengo-3-hijos-que-en-este-momento-estan-sin-trabajo-esto-no-me-causa-ninguna-gracia-dila-donofrio\/\",\"url\":\"https:\/\/www.noticiasradioreflejos.com.ar\/2021\/por-suerte-no-trabajo-del-turismo-pero-tengo-3-hijos-que-en-este-momento-estan-sin-trabajo-esto-no-me-causa-ninguna-gracia-dila-donofrio\/\",\"name\":\"\\\"Por suerte no trabajo del turismo, pero tengo 3 hijos que en este momento est\u00e1n sin trabajo, esto no me causa ninguna gracia\\\". Dila D'Onofrio. - Noticias Radio Reflejos\",\"isPartOf\":{\"@id\":\"https:\/\/www.noticiasradioreflejos.com.ar\/2021\/#website\"},\"datePublished\":\"2020-05-27T01:46:15+00:00\",\"author\":{\"@id\":\"https:\/\/www.noticiasradioreflejos.com.ar\/2021\/#\/schema\/person\/ad82545263dcc5ec0996818884fd5fb1\"},\"breadcrumb\":{\"@id\":\"https:\/\/www.noticiasradioreflejos.com.ar\/2021\/por-suerte-no-trabajo-del-turismo-pero-tengo-3-hijos-que-en-este-momento-estan-sin-trabajo-esto-no-me-causa-ninguna-gracia-dila-donofrio\/#breadcrumb\"},\"inLanguage\":\"es\",\"potentialAction\":[{\"@type\":\"ReadAction\",\"target\":[\"https:\/\/www.noticiasradioreflejos.com.ar\/2021\/por-suerte-no-trabajo-del-turismo-pero-tengo-3-hijos-que-en-este-momento-estan-sin-trabajo-esto-no-me-causa-ninguna-gracia-dila-donofrio\/\"]}]},{\"@type\":\"BreadcrumbList\",\"@id\":\"https:\/\/www.noticiasradioreflejos.com.ar\/2021\/por-suerte-no-trabajo-del-turismo-pero-tengo-3-hijos-que-en-este-momento-estan-sin-trabajo-esto-no-me-causa-ninguna-gracia-dila-donofrio\/#breadcrumb\",\"itemListElement\":[{\"@type\":\"ListItem\",\"position\":1,\"name\":\"Portada\",\"item\":\"https:\/\/www.noticiasradioreflejos.com.ar\/2021\/\"},{\"@type\":\"ListItem\",\"position\":2,\"name\":\"\u00abPor suerte no trabajo del turismo, pero tengo 3 hijos que en este momento est\u00e1n sin trabajo, esto no me causa ninguna gracia\u00bb. Dila D&#8217;Onofrio.\"}]},{\"@type\":\"WebSite\",\"@id\":\"https:\/\/www.noticiasradioreflejos.com.ar\/2021\/#website\",\"url\":\"https:\/\/www.noticiasradioreflejos.com.ar\/2021\/\",\"name\":\"Noticias Radio Reflejos\",\"description\":\"Las noticias de mi comarca\",\"potentialAction\":[{\"@type\":\"SearchAction\",\"target\":{\"@type\":\"EntryPoint\",\"urlTemplate\":\"https:\/\/www.noticiasradioreflejos.com.ar\/2021\/?s={search_term_string}\"},\"query-input\":{\"@type\":\"PropertyValueSpecification\",\"valueRequired\":true,\"valueName\":\"search_term_string\"}}],\"inLanguage\":\"es\"},{\"@type\":\"Person\",\"@id\":\"https:\/\/www.noticiasradioreflejos.com.ar\/2021\/#\/schema\/person\/ad82545263dcc5ec0996818884fd5fb1\",\"name\":\"Arnaldo Botto\",\"image\":{\"@type\":\"ImageObject\",\"inLanguage\":\"es\",\"@id\":\"https:\/\/www.noticiasradioreflejos.com.ar\/2021\/#\/schema\/person\/image\/\",\"url\":\"https:\/\/secure.gravatar.com\/avatar\/55cb5e37c1efa326397366e6974cb338056df65cb50e7d64d1cf314e87504837?s=96&d=mm&r=g\",\"contentUrl\":\"https:\/\/secure.gravatar.com\/avatar\/55cb5e37c1efa326397366e6974cb338056df65cb50e7d64d1cf314e87504837?s=96&d=mm&r=g\",\"caption\":\"Arnaldo Botto\"},\"url\":\"https:\/\/www.noticiasradioreflejos.com.ar\/2021\/author\/arnaldo\/\"}]}<\/script>\n<!-- \/ Yoast SEO plugin. -->","yoast_head_json":{"title":"\"Por suerte no trabajo del turismo, pero tengo 3 hijos que en este momento est\u00e1n sin trabajo, esto no me causa ninguna gracia\". Dila D'Onofrio. - Noticias Radio Reflejos","robots":{"index":"index","follow":"follow","max-snippet":"max-snippet:-1","max-image-preview":"max-image-preview:large","max-video-preview":"max-video-preview:-1"},"canonical":"https:\/\/www.noticiasradioreflejos.com.ar\/2021\/por-suerte-no-trabajo-del-turismo-pero-tengo-3-hijos-que-en-este-momento-estan-sin-trabajo-esto-no-me-causa-ninguna-gracia-dila-donofrio\/","og_locale":"es_ES","og_type":"article","og_title":"\"Por suerte no trabajo del turismo, pero tengo 3 hijos que en este momento est\u00e1n sin trabajo, esto no me causa ninguna gracia\". Dila D'Onofrio. - Noticias Radio Reflejos","og_description":"Le concedimos el espacio de la radio a Dila, integrante de la Agrupaci\u00f3n Coral \u00abLas Sierras\u00bb, para que nos cuente c\u00f3mo se toma ella este nuevo pedido de alargamiento de la cuarentena que decret\u00f3 el Presidente de la Naci\u00f3n hace 3 d\u00edas atr\u00e1s.","og_url":"https:\/\/www.noticiasradioreflejos.com.ar\/2021\/por-suerte-no-trabajo-del-turismo-pero-tengo-3-hijos-que-en-este-momento-estan-sin-trabajo-esto-no-me-causa-ninguna-gracia-dila-donofrio\/","og_site_name":"Noticias Radio Reflejos","article_published_time":"2020-05-27T01:46:15+00:00","og_image":[{"width":300,"height":200,"url":"https:\/\/www.noticiasradioreflejos.com.ar\/2021\/wp-content\/uploads\/2021\/07\/logosol300x200.png","type":"image\/png"}],"author":"Arnaldo Botto","twitter_card":"summary_large_image","schema":{"@context":"https:\/\/schema.org","@graph":[{"@type":"WebPage","@id":"https:\/\/www.noticiasradioreflejos.com.ar\/2021\/por-suerte-no-trabajo-del-turismo-pero-tengo-3-hijos-que-en-este-momento-estan-sin-trabajo-esto-no-me-causa-ninguna-gracia-dila-donofrio\/","url":"https:\/\/www.noticiasradioreflejos.com.ar\/2021\/por-suerte-no-trabajo-del-turismo-pero-tengo-3-hijos-que-en-este-momento-estan-sin-trabajo-esto-no-me-causa-ninguna-gracia-dila-donofrio\/","name":"\"Por suerte no trabajo del turismo, pero tengo 3 hijos que en este momento est\u00e1n sin trabajo, esto no me causa ninguna gracia\". Dila D'Onofrio. - Noticias Radio Reflejos","isPartOf":{"@id":"https:\/\/www.noticiasradioreflejos.com.ar\/2021\/#website"},"datePublished":"2020-05-27T01:46:15+00:00","author":{"@id":"https:\/\/www.noticiasradioreflejos.com.ar\/2021\/#\/schema\/person\/ad82545263dcc5ec0996818884fd5fb1"},"breadcrumb":{"@id":"https:\/\/www.noticiasradioreflejos.com.ar\/2021\/por-suerte-no-trabajo-del-turismo-pero-tengo-3-hijos-que-en-este-momento-estan-sin-trabajo-esto-no-me-causa-ninguna-gracia-dila-donofrio\/#breadcrumb"},"inLanguage":"es","potentialAction":[{"@type":"ReadAction","target":["https:\/\/www.noticiasradioreflejos.com.ar\/2021\/por-suerte-no-trabajo-del-turismo-pero-tengo-3-hijos-que-en-este-momento-estan-sin-trabajo-esto-no-me-causa-ninguna-gracia-dila-donofrio\/"]}]},{"@type":"BreadcrumbList","@id":"https:\/\/www.noticiasradioreflejos.com.ar\/2021\/por-suerte-no-trabajo-del-turismo-pero-tengo-3-hijos-que-en-este-momento-estan-sin-trabajo-esto-no-me-causa-ninguna-gracia-dila-donofrio\/#breadcrumb","itemListElement":[{"@type":"ListItem","position":1,"name":"Portada","item":"https:\/\/www.noticiasradioreflejos.com.ar\/2021\/"},{"@type":"ListItem","position":2,"name":"\u00abPor suerte no trabajo del turismo, pero tengo 3 hijos que en este momento est\u00e1n sin trabajo, esto no me causa ninguna gracia\u00bb. Dila D&#8217;Onofrio."}]},{"@type":"WebSite","@id":"https:\/\/www.noticiasradioreflejos.com.ar\/2021\/#website","url":"https:\/\/www.noticiasradioreflejos.com.ar\/2021\/","name":"Noticias Radio Reflejos","description":"Las noticias de mi comarca","potentialAction":[{"@type":"SearchAction","target":{"@type":"EntryPoint","urlTemplate":"https:\/\/www.noticiasradioreflejos.com.ar\/2021\/?s={search_term_string}"},"query-input":{"@type":"PropertyValueSpecification","valueRequired":true,"valueName":"search_term_string"}}],"inLanguage":"es"},{"@type":"Person","@id":"https:\/\/www.noticiasradioreflejos.com.ar\/2021\/#\/schema\/person\/ad82545263dcc5ec0996818884fd5fb1","name":"Arnaldo Botto","image":{"@type":"ImageObject","inLanguage":"es","@id":"https:\/\/www.noticiasradioreflejos.com.ar\/2021\/#\/schema\/person\/image\/","url":"https:\/\/secure.gravatar.com\/avatar\/55cb5e37c1efa326397366e6974cb338056df65cb50e7d64d1cf314e87504837?s=96&d=mm&r=g","contentUrl":"https:\/\/secure.gravatar.com\/avatar\/55cb5e37c1efa326397366e6974cb338056df65cb50e7d64d1cf314e87504837?s=96&d=mm&r=g","caption":"Arnaldo Botto"},"url":"https:\/\/www.noticiasradioreflejos.com.ar\/2021\/author\/arnaldo\/"}]}},"_links":{"self":[{"href":"https:\/\/www.noticiasradioreflejos.com.ar\/2021\/wp-json\/wp\/v2\/posts\/42366","targetHints":{"allow":["GET"]}}],"collection":[{"href":"https:\/\/www.noticiasradioreflejos.com.ar\/2021\/wp-json\/wp\/v2\/posts"}],"about":[{"href":"https:\/\/www.noticiasradioreflejos.com.ar\/2021\/wp-json\/wp\/v2\/types\/post"}],"author":[{"embeddable":true,"href":"https:\/\/www.noticiasradioreflejos.com.ar\/2021\/wp-json\/wp\/v2\/users\/3"}],"replies":[{"embeddable":true,"href":"https:\/\/www.noticiasradioreflejos.com.ar\/2021\/wp-json\/wp\/v2\/comments?post=42366"}],"version-history":[{"count":0,"href":"https:\/\/www.noticiasradioreflejos.com.ar\/2021\/wp-json\/wp\/v2\/posts\/42366\/revisions"}],"wp:attachment":[{"href":"https:\/\/www.noticiasradioreflejos.com.ar\/2021\/wp-json\/wp\/v2\/media?parent=42366"}],"wp:term":[{"taxonomy":"category","embeddable":true,"href":"https:\/\/www.noticiasradioreflejos.com.ar\/2021\/wp-json\/wp\/v2\/categories?post=42366"},{"taxonomy":"post_tag","embeddable":true,"href":"https:\/\/www.noticiasradioreflejos.com.ar\/2021\/wp-json\/wp\/v2\/tags?post=42366"}],"curies":[{"name":"wp","href":"https:\/\/api.w.org\/{rel}","templated":true}]}}